{"id":96701,"date":"2022-11-06T09:56:00","date_gmt":"2022-11-06T08:56:00","guid":{"rendered":"https:\/\/weisetech.dev\/fc-barcelona-noticias\/en\/influential-performance-milan-wants-to-steal-him-to-balde-to-the_286262_102\/"},"modified":"2022-11-06T09:56:00","modified_gmt":"2022-11-06T08:56:00","slug":"influential-performance-milan-wants-to-steal-him-to-balde-to-the_286262_102","status":"publish","type":"post","link":"https:\/\/www.fcbarcelonanoticias.com\/en\/transfers\/influential-performance-milan-wants-to-steal-him-to-balde-to-the_286262_102.html","title":{"rendered":"Influential performance: Milan wants to &#8216;steal&#8217; Balde from Bar\u00e7a"},"content":{"rendered":"<h2 class=\"wp-block-heading\">Alejandro Balde has been the great surprise of the first part of the season for FC Barcelona. The 19-year-old player has settled in the eleven, with outstanding performances in LaLiga that have aroused the interest of several clubs<\/h2>  \r\n<div class=\"article-addons\">\r\n    <a href=\"https:\/\/www.fcbarcelonanoticias.com\/en\/calendar-fc-barcelona.html\"\r\n       target=\"_self\"\r\n       title=\"Calendar of FC Barcelona\"\r\n       class=\"blue-gredient-btn\">\r\n       \r\n        Calendar of FC Barcelona    <\/a>\r\n<\/div>   <p>The directive of the <a data-external=\"0\" data-intl-links-en=\"https:\/\/www.fcbarcelonanoticias.com\/en\/transfers\/moukoko-follows-of-sweet-and-forces-to-the-barca-and-to-the-big_286241_102.html\" data-intl-links-es=\"https:\/\/www.fcbarcelonanoticias.com\/fichajes\/moukoko-sigue-dulce-obliga-barcelona-grandes-no-perderle-vista_286241_102.html\" href=\"https:\/\/www.fcbarcelonanoticias.com\/en\/transfers\/moukoko-follows-of-sweet-and-forces-to-the-barca-and-to-the-big_286241_102.html\" rel=\"follow\" target=\"_self\" title=\"Moukoko sigue de 'dulce' y obliga al Bar\u00e7a y a los grandes a no perderle de vista\">FC Barcelona<\/a> knows that it does not have to lose time to armour to Alejandro Balde. <strong>The beginning of season has been brilliant for the canterano and his value of market already reaches the 8 million euros in Transfermarkt<\/strong>, by which the plan aims to renew him by at least four years with an important readjustment in his index card, as it did with other &#8216;jewels&#8217; of the staff (Ansu, Pedri, Ara\u00fajo, Gavi).<\/p>  <p>To his time, while the Bar\u00e7a works in the renewal of the Catalan, in Italy follow suit to anticipate to the plans of the managerial cul\u00e9 and carry to the side by a mount low. <strong>As it advances the portal &#8216;Calciomercato.com&#8217;, the AC Milan and the Inter could star a new &#8216;Derby della Madonnina&#8217; by the defender blaugrana<\/strong>, since both clubs want him like reinforcement for the 2023\/24.<\/p>  <p>In this sense, what has finished to convince to the clubs milanistas in the polivalencia of Balde. The canterano began surrendering to a high level by the left, his natural profile, relegando to Jordi Alba to the bench in LaLiga. However, <strong>the drops by injury forced to Xavi Hern\u00e1ndez to change of band to the youngster<\/strong>, without that this mermara his performance. Balde Great 1.150 minutes of action in 15 parties in the season, with 3 assistances by League.<\/p>  <p>In principle, the directive contemplated the possibility to yield to \u00c1lex or, even, traspasarle, but <strong>Xavi asked to add him to turns it of pre-season and, since, has been a fixed in the eleven cul\u00e9<\/strong>. With exception of his toneless party in the Classical contested in Santiago Bernab\u00e9u (defeat 3-1), the canterano has answered of big way, evidenciando a character and quality little usual in players of his age.<\/p>  <h3>The clause of Balde that want to evade in Milan<\/h3>  <p>The side renewed his agreement by three seasons in 2021, with a clause of 500 million euros. <strong>So much Milan like Inter would look for to offer in summer by a near price to his value of market <\/strong>for then, which rondar\u00eda the 20 &#8216;kilos&#8217; if the defender keeps his projection. By his part, the Bar\u00e7a will look for to duplicate the mount of his clause after renewing him and trust that the youngster prioritise to remain in the club where formed like professional.<\/p> ","protected":false},"excerpt":{"rendered":"<p>Alejandro Balde has been the great surprise of the first part of the season for FC Barcelona. The 19-year-old player has settled in the eleven, with outstanding performances in LaLiga that have aroused the interest of several clubs The directive of the FC Barcelona knows that it does not have to lose time to armour [&hellip;]<\/p>\n","protected":false},"author":347,"featured_media":96713,"comment_status":"closed","ping_status":"open","sticky":false,"template":"","format":"standard","meta":{"_acf_changed":false,"inline_featured_image":false,"_nextfly_llmd_date_locked":false,"footnotes":""},"categories":[106,449],"tags":[100],"class_list":["post-96701","post","type-post","status-publish","format-standard","has-post-thumbnail","hentry","category-transfers","category-transfers-2","tag-inter-milan"],"acf":[],"yoast_head":"<!-- This site is optimized with the Yoast SEO plugin v27.3 - https:\/\/yoast.com\/product\/yoast-seo-wordpress\/ -->\n<title>Influential performance: Milan wants to &#039;steal&#039; Balde from Bar\u00e7a<\/title>\n<meta name=\"description\" content=\"Alejandro Balde has been the big surprise of the first stretch of the season for the FC Barcelona. The player of 19 years has settled in the eleven, with stand out...\" \/>\n<meta name=\"robots\" content=\"index, follow, max-snippet:-1, max-image-preview:large, max-video-preview:-1\" \/>\n<link rel=\"canonical\" href=\"https:\/\/www.fcbarcelonanoticias.com\/en\/transfers\/influential-performance-milan-wants-to-steal-him-to-balde-to-the_286262_102.html\" \/>\n<meta property=\"og:locale\" content=\"en_US\" \/>\n<meta property=\"og:type\" content=\"article\" \/>\n<meta property=\"og:title\" content=\"Influential performance: Milan wants to &#039;steal&#039; Balde from Bar\u00e7a\" \/>\n<meta property=\"og:description\" content=\"Alejandro Balde has been the big surprise of the first stretch of the season for the FC Barcelona. The player of 19 years has settled in the eleven, with stand out...\" \/>\n<meta property=\"og:url\" content=\"https:\/\/www.fcbarcelonanoticias.com\/en\/transfers\/influential-performance-milan-wants-to-steal-him-to-balde-to-the_286262_102.html\" \/>\n<meta property=\"og:site_name\" content=\"EN - FC Barcelona Noticias\" \/>\n<meta property=\"article:published_time\" content=\"2022-11-06T08:56:00+00:00\" \/>\n<meta property=\"og:image\" content=\"https:\/\/www.fcbarcelonanoticias.com\/en\/wp-content\/uploads\/sites\/2\/2022\/11\/alejandro-balde-fc-barcelona.jpeg\" \/>\n\t<meta property=\"og:image:width\" content=\"1300\" \/>\n\t<meta property=\"og:image:height\" content=\"732\" \/>\n\t<meta property=\"og:image:type\" content=\"image\/jpeg\" \/>\n<meta name=\"author\" content=\"Andr\u00e9s Quiroz\" \/>\n<meta name=\"twitter:card\" content=\"summary_large_image\" \/>\n<meta name=\"twitter:label1\" content=\"Written by\" \/>\n\t<meta name=\"twitter:data1\" content=\"Andr\u00e9s Quiroz\" \/>\n\t<meta name=\"twitter:label2\" content=\"Est. reading time\" \/>\n\t<meta name=\"twitter:data2\" content=\"2 minutes\" \/>\n<script type=\"application\/ld+json\" class=\"yoast-schema-graph\">{\"@context\":\"https:\\\/\\\/schema.org\",\"@graph\":[{\"@type\":\"Article\",\"@id\":\"https:\\\/\\\/www.fcbarcelonanoticias.com\\\/en\\\/transfers\\\/influential-performance-milan-wants-to-steal-him-to-balde-to-the_286262_102.html#article\",\"isPartOf\":{\"@id\":\"https:\\\/\\\/www.fcbarcelonanoticias.com\\\/en\\\/transfers\\\/influential-performance-milan-wants-to-steal-him-to-balde-to-the_286262_102.html\"},\"author\":{\"name\":\"Andr\u00e9s Quiroz\",\"@id\":\"https:\\\/\\\/www.fcbarcelonanoticias.com\\\/en\\\/#\\\/schema\\\/person\\\/c2cd9f6fa1af5c0d0eccd0fefa575c88\"},\"headline\":\"Influential performance: Milan wants to &#8216;steal&#8217; Balde from Bar\u00e7a\",\"datePublished\":\"2022-11-06T08:56:00+00:00\",\"mainEntityOfPage\":{\"@id\":\"https:\\\/\\\/www.fcbarcelonanoticias.com\\\/en\\\/transfers\\\/influential-performance-milan-wants-to-steal-him-to-balde-to-the_286262_102.html\"},\"wordCount\":434,\"image\":{\"@id\":\"https:\\\/\\\/www.fcbarcelonanoticias.com\\\/en\\\/transfers\\\/influential-performance-milan-wants-to-steal-him-to-balde-to-the_286262_102.html#primaryimage\"},\"thumbnailUrl\":\"https:\\\/\\\/www.fcbarcelonanoticias.com\\\/en\\\/wp-content\\\/uploads\\\/sites\\\/2\\\/2022\\\/11\\\/alejandro-balde-fc-barcelona.jpeg\",\"keywords\":[\"Inter Milan\"],\"articleSection\":[\"Transfers\",\"Transfers\"],\"inLanguage\":\"en-US\"},{\"@type\":\"WebPage\",\"@id\":\"https:\\\/\\\/www.fcbarcelonanoticias.com\\\/en\\\/transfers\\\/influential-performance-milan-wants-to-steal-him-to-balde-to-the_286262_102.html\",\"url\":\"https:\\\/\\\/www.fcbarcelonanoticias.com\\\/en\\\/transfers\\\/influential-performance-milan-wants-to-steal-him-to-balde-to-the_286262_102.html\",\"name\":\"Influential performance: Milan wants to 'steal' Balde from Bar\u00e7a\",\"isPartOf\":{\"@id\":\"https:\\\/\\\/www.fcbarcelonanoticias.com\\\/en\\\/#website\"},\"primaryImageOfPage\":{\"@id\":\"https:\\\/\\\/www.fcbarcelonanoticias.com\\\/en\\\/transfers\\\/influential-performance-milan-wants-to-steal-him-to-balde-to-the_286262_102.html#primaryimage\"},\"image\":{\"@id\":\"https:\\\/\\\/www.fcbarcelonanoticias.com\\\/en\\\/transfers\\\/influential-performance-milan-wants-to-steal-him-to-balde-to-the_286262_102.html#primaryimage\"},\"thumbnailUrl\":\"https:\\\/\\\/www.fcbarcelonanoticias.com\\\/en\\\/wp-content\\\/uploads\\\/sites\\\/2\\\/2022\\\/11\\\/alejandro-balde-fc-barcelona.jpeg\",\"datePublished\":\"2022-11-06T08:56:00+00:00\",\"author\":{\"@id\":\"https:\\\/\\\/www.fcbarcelonanoticias.com\\\/en\\\/#\\\/schema\\\/person\\\/c2cd9f6fa1af5c0d0eccd0fefa575c88\"},\"description\":\"Alejandro Balde has been the big surprise of the first stretch of the season for the FC Barcelona. The player of 19 years has settled in the eleven, with stand out...\",\"breadcrumb\":{\"@id\":\"https:\\\/\\\/www.fcbarcelonanoticias.com\\\/en\\\/transfers\\\/influential-performance-milan-wants-to-steal-him-to-balde-to-the_286262_102.html#breadcrumb\"},\"inLanguage\":\"en-US\",\"potentialAction\":[{\"@type\":\"ReadAction\",\"target\":[\"https:\\\/\\\/www.fcbarcelonanoticias.com\\\/en\\\/transfers\\\/influential-performance-milan-wants-to-steal-him-to-balde-to-the_286262_102.html\"]}]},{\"@type\":\"ImageObject\",\"inLanguage\":\"en-US\",\"@id\":\"https:\\\/\\\/www.fcbarcelonanoticias.com\\\/en\\\/transfers\\\/influential-performance-milan-wants-to-steal-him-to-balde-to-the_286262_102.html#primaryimage\",\"url\":\"https:\\\/\\\/www.fcbarcelonanoticias.com\\\/en\\\/wp-content\\\/uploads\\\/sites\\\/2\\\/2022\\\/11\\\/alejandro-balde-fc-barcelona.jpeg\",\"contentUrl\":\"https:\\\/\\\/www.fcbarcelonanoticias.com\\\/en\\\/wp-content\\\/uploads\\\/sites\\\/2\\\/2022\\\/11\\\/alejandro-balde-fc-barcelona.jpeg\",\"width\":1300,\"height\":732},{\"@type\":\"BreadcrumbList\",\"@id\":\"https:\\\/\\\/www.fcbarcelonanoticias.com\\\/en\\\/transfers\\\/influential-performance-milan-wants-to-steal-him-to-balde-to-the_286262_102.html#breadcrumb\",\"itemListElement\":[{\"@type\":\"ListItem\",\"position\":1,\"name\":\"Portada\",\"item\":\"https:\\\/\\\/www.fcbarcelonanoticias.com\\\/en\\\/\"},{\"@type\":\"ListItem\",\"position\":2,\"name\":\"Influential performance: Milan wants to &#8216;steal&#8217; Balde from Bar\u00e7a\"}]},{\"@type\":\"WebSite\",\"@id\":\"https:\\\/\\\/www.fcbarcelonanoticias.com\\\/en\\\/#website\",\"url\":\"https:\\\/\\\/www.fcbarcelonanoticias.com\\\/en\\\/\",\"name\":\"EN - FC Barcelona Noticias\",\"description\":\"\",\"potentialAction\":[{\"@type\":\"SearchAction\",\"target\":{\"@type\":\"EntryPoint\",\"urlTemplate\":\"https:\\\/\\\/www.fcbarcelonanoticias.com\\\/en\\\/?s={search_term_string}\"},\"query-input\":{\"@type\":\"PropertyValueSpecification\",\"valueRequired\":true,\"valueName\":\"search_term_string\"}}],\"inLanguage\":\"en-US\"},{\"@type\":\"Person\",\"@id\":\"https:\\\/\\\/www.fcbarcelonanoticias.com\\\/en\\\/#\\\/schema\\\/person\\\/c2cd9f6fa1af5c0d0eccd0fefa575c88\",\"name\":\"Andr\u00e9s Quiroz\",\"image\":{\"@type\":\"ImageObject\",\"inLanguage\":\"en-US\",\"@id\":\"https:\\\/\\\/secure.gravatar.com\\\/avatar\\\/?s=96&d=mm&r=g\",\"url\":\"https:\\\/\\\/secure.gravatar.com\\\/avatar\\\/?s=96&d=mm&r=g\",\"contentUrl\":\"https:\\\/\\\/secure.gravatar.com\\\/avatar\\\/?s=96&d=mm&r=g\",\"caption\":\"Andr\u00e9s Quiroz\"},\"description\":\"Licenciado en Periodismo por la Universidad de los Andes. Me encargo de analizar y compartir los contenidos m\u00e1s destacados de la\u00a0actualidad del F\u00fatbol Club Barcelona, Mercado de Fichajes y F\u00fatbol Internacional en FCBN. La informaci\u00f3n es poder, pero tambi\u00e9n conocimiento.\",\"url\":\"https:\\\/\\\/www.fcbarcelonanoticias.com\\\/en\\\/fc-barcelona\\\/andres-quiroz_17_115.html\"}]}<\/script>\n<!-- \/ Yoast SEO plugin. -->","yoast_head_json":{"title":"Influential performance: Milan wants to 'steal' Balde from Bar\u00e7a","description":"Alejandro Balde has been the big surprise of the first stretch of the season for the FC Barcelona. The player of 19 years has settled in the eleven, with stand out...","robots":{"index":"index","follow":"follow","max-snippet":"max-snippet:-1","max-image-preview":"max-image-preview:large","max-video-preview":"max-video-preview:-1"},"canonical":"https:\/\/www.fcbarcelonanoticias.com\/en\/transfers\/influential-performance-milan-wants-to-steal-him-to-balde-to-the_286262_102.html","og_locale":"en_US","og_type":"article","og_title":"Influential performance: Milan wants to 'steal' Balde from Bar\u00e7a","og_description":"Alejandro Balde has been the big surprise of the first stretch of the season for the FC Barcelona. The player of 19 years has settled in the eleven, with stand out...","og_url":"https:\/\/www.fcbarcelonanoticias.com\/en\/transfers\/influential-performance-milan-wants-to-steal-him-to-balde-to-the_286262_102.html","og_site_name":"EN - FC Barcelona Noticias","article_published_time":"2022-11-06T08:56:00+00:00","og_image":[{"width":1300,"height":732,"url":"https:\/\/www.fcbarcelonanoticias.com\/en\/wp-content\/uploads\/sites\/2\/2022\/11\/alejandro-balde-fc-barcelona.jpeg","type":"image\/jpeg"}],"author":"Andr\u00e9s Quiroz","twitter_card":"summary_large_image","twitter_misc":{"Written by":"Andr\u00e9s Quiroz","Est. reading time":"2 minutes"},"schema":{"@context":"https:\/\/schema.org","@graph":[{"@type":"Article","@id":"https:\/\/www.fcbarcelonanoticias.com\/en\/transfers\/influential-performance-milan-wants-to-steal-him-to-balde-to-the_286262_102.html#article","isPartOf":{"@id":"https:\/\/www.fcbarcelonanoticias.com\/en\/transfers\/influential-performance-milan-wants-to-steal-him-to-balde-to-the_286262_102.html"},"author":{"name":"Andr\u00e9s Quiroz","@id":"https:\/\/www.fcbarcelonanoticias.com\/en\/#\/schema\/person\/c2cd9f6fa1af5c0d0eccd0fefa575c88"},"headline":"Influential performance: Milan wants to &#8216;steal&#8217; Balde from Bar\u00e7a","datePublished":"2022-11-06T08:56:00+00:00","mainEntityOfPage":{"@id":"https:\/\/www.fcbarcelonanoticias.com\/en\/transfers\/influential-performance-milan-wants-to-steal-him-to-balde-to-the_286262_102.html"},"wordCount":434,"image":{"@id":"https:\/\/www.fcbarcelonanoticias.com\/en\/transfers\/influential-performance-milan-wants-to-steal-him-to-balde-to-the_286262_102.html#primaryimage"},"thumbnailUrl":"https:\/\/www.fcbarcelonanoticias.com\/en\/wp-content\/uploads\/sites\/2\/2022\/11\/alejandro-balde-fc-barcelona.jpeg","keywords":["Inter Milan"],"articleSection":["Transfers","Transfers"],"inLanguage":"en-US"},{"@type":"WebPage","@id":"https:\/\/www.fcbarcelonanoticias.com\/en\/transfers\/influential-performance-milan-wants-to-steal-him-to-balde-to-the_286262_102.html","url":"https:\/\/www.fcbarcelonanoticias.com\/en\/transfers\/influential-performance-milan-wants-to-steal-him-to-balde-to-the_286262_102.html","name":"Influential performance: Milan wants to 'steal' Balde from Bar\u00e7a","isPartOf":{"@id":"https:\/\/www.fcbarcelonanoticias.com\/en\/#website"},"primaryImageOfPage":{"@id":"https:\/\/www.fcbarcelonanoticias.com\/en\/transfers\/influential-performance-milan-wants-to-steal-him-to-balde-to-the_286262_102.html#primaryimage"},"image":{"@id":"https:\/\/www.fcbarcelonanoticias.com\/en\/transfers\/influential-performance-milan-wants-to-steal-him-to-balde-to-the_286262_102.html#primaryimage"},"thumbnailUrl":"https:\/\/www.fcbarcelonanoticias.com\/en\/wp-content\/uploads\/sites\/2\/2022\/11\/alejandro-balde-fc-barcelona.jpeg","datePublished":"2022-11-06T08:56:00+00:00","author":{"@id":"https:\/\/www.fcbarcelonanoticias.com\/en\/#\/schema\/person\/c2cd9f6fa1af5c0d0eccd0fefa575c88"},"description":"Alejandro Balde has been the big surprise of the first stretch of the season for the FC Barcelona. The player of 19 years has settled in the eleven, with stand out...","breadcrumb":{"@id":"https:\/\/www.fcbarcelonanoticias.com\/en\/transfers\/influential-performance-milan-wants-to-steal-him-to-balde-to-the_286262_102.html#breadcrumb"},"inLanguage":"en-US","potentialAction":[{"@type":"ReadAction","target":["https:\/\/www.fcbarcelonanoticias.com\/en\/transfers\/influential-performance-milan-wants-to-steal-him-to-balde-to-the_286262_102.html"]}]},{"@type":"ImageObject","inLanguage":"en-US","@id":"https:\/\/www.fcbarcelonanoticias.com\/en\/transfers\/influential-performance-milan-wants-to-steal-him-to-balde-to-the_286262_102.html#primaryimage","url":"https:\/\/www.fcbarcelonanoticias.com\/en\/wp-content\/uploads\/sites\/2\/2022\/11\/alejandro-balde-fc-barcelona.jpeg","contentUrl":"https:\/\/www.fcbarcelonanoticias.com\/en\/wp-content\/uploads\/sites\/2\/2022\/11\/alejandro-balde-fc-barcelona.jpeg","width":1300,"height":732},{"@type":"BreadcrumbList","@id":"https:\/\/www.fcbarcelonanoticias.com\/en\/transfers\/influential-performance-milan-wants-to-steal-him-to-balde-to-the_286262_102.html#breadcrumb","itemListElement":[{"@type":"ListItem","position":1,"name":"Portada","item":"https:\/\/www.fcbarcelonanoticias.com\/en\/"},{"@type":"ListItem","position":2,"name":"Influential performance: Milan wants to &#8216;steal&#8217; Balde from Bar\u00e7a"}]},{"@type":"WebSite","@id":"https:\/\/www.fcbarcelonanoticias.com\/en\/#website","url":"https:\/\/www.fcbarcelonanoticias.com\/en\/","name":"EN - FC Barcelona Noticias","description":"","potentialAction":[{"@type":"SearchAction","target":{"@type":"EntryPoint","urlTemplate":"https:\/\/www.fcbarcelonanoticias.com\/en\/?s={search_term_string}"},"query-input":{"@type":"PropertyValueSpecification","valueRequired":true,"valueName":"search_term_string"}}],"inLanguage":"en-US"},{"@type":"Person","@id":"https:\/\/www.fcbarcelonanoticias.com\/en\/#\/schema\/person\/c2cd9f6fa1af5c0d0eccd0fefa575c88","name":"Andr\u00e9s Quiroz","image":{"@type":"ImageObject","inLanguage":"en-US","@id":"https:\/\/secure.gravatar.com\/avatar\/?s=96&d=mm&r=g","url":"https:\/\/secure.gravatar.com\/avatar\/?s=96&d=mm&r=g","contentUrl":"https:\/\/secure.gravatar.com\/avatar\/?s=96&d=mm&r=g","caption":"Andr\u00e9s Quiroz"},"description":"Licenciado en Periodismo por la Universidad de los Andes. Me encargo de analizar y compartir los contenidos m\u00e1s destacados de la\u00a0actualidad del F\u00fatbol Club Barcelona, Mercado de Fichajes y F\u00fatbol Internacional en FCBN. La informaci\u00f3n es poder, pero tambi\u00e9n conocimiento.","url":"https:\/\/www.fcbarcelonanoticias.com\/en\/fc-barcelona\/andres-quiroz_17_115.html"}]}},"_links":{"self":[{"href":"https:\/\/www.fcbarcelonanoticias.com\/en\/wp-json\/wp\/v2\/posts\/96701","targetHints":{"allow":["GET"]}}],"collection":[{"href":"https:\/\/www.fcbarcelonanoticias.com\/en\/wp-json\/wp\/v2\/posts"}],"about":[{"href":"https:\/\/www.fcbarcelonanoticias.com\/en\/wp-json\/wp\/v2\/types\/post"}],"author":[{"embeddable":true,"href":"https:\/\/www.fcbarcelonanoticias.com\/en\/wp-json\/wp\/v2\/users\/347"}],"replies":[{"embeddable":true,"href":"https:\/\/www.fcbarcelonanoticias.com\/en\/wp-json\/wp\/v2\/comments?post=96701"}],"version-history":[{"count":1,"href":"https:\/\/www.fcbarcelonanoticias.com\/en\/wp-json\/wp\/v2\/posts\/96701\/revisions"}],"predecessor-version":[{"id":127234,"href":"https:\/\/www.fcbarcelonanoticias.com\/en\/wp-json\/wp\/v2\/posts\/96701\/revisions\/127234"}],"wp:featuredmedia":[{"embeddable":true,"href":"https:\/\/www.fcbarcelonanoticias.com\/en\/wp-json\/wp\/v2\/media\/96713"}],"wp:attachment":[{"href":"https:\/\/www.fcbarcelonanoticias.com\/en\/wp-json\/wp\/v2\/media?parent=96701"}],"wp:term":[{"taxonomy":"category","embeddable":true,"href":"https:\/\/www.fcbarcelonanoticias.com\/en\/wp-json\/wp\/v2\/categories?post=96701"},{"taxonomy":"post_tag","embeddable":true,"href":"https:\/\/www.fcbarcelonanoticias.com\/en\/wp-json\/wp\/v2\/tags?post=96701"}],"curies":[{"name":"wp","href":"https:\/\/api.w.org\/{rel}","templated":true}]}}