{"id":96708,"date":"2023-07-11T13:55:00","date_gmt":"2023-07-11T11:55:00","guid":{"rendered":"https:\/\/weisetech.dev\/fc-barcelona-noticias\/en\/fc-barcelona-would-not-see-clear-continuity-julian-araujo_293996_102\/"},"modified":"2023-07-11T13:55:00","modified_gmt":"2023-07-11T11:55:00","slug":"fc-barcelona-would-not-see-clear-continuity-julian-araujo_293996_102","status":"publish","type":"post","link":"https:\/\/www.fcbarcelonanoticias.com\/en\/transfers\/fc-barcelona-would-not-see-clear-continuity-julian-araujo_293996_102.html","title":{"rendered":"The Bar\u00e7a would not see clear the continuity of Juli\u00e1n Araujo"},"content":{"rendered":"<h2 class=\"wp-block-heading\">Despite the fact that Juli\u00e1n Araujo will start the preseason with Bar\u00e7a, the truth is that both the offices and the coaching staff consider that he needs to continue maturing in European football<\/h2>  \r\n<div class=\"article-addons\">\r\n    <a href=\"https:\/\/www.fcbarcelonanoticias.com\/en\/calendar-fc-barcelona.html\"\r\n       target=\"_self\"\r\n       title=\"Calendar of FC Barcelona\"\r\n       class=\"blue-gredient-btn\">\r\n       \r\n        Calendar of FC Barcelona    <\/a>\r\n<\/div>   <p>The FC Barcelona already is making the staff of footballers that <a data-external=\"0\" data-intl-links-en=\"https:\/\/www.fcbarcelonanoticias.com\/en\/preseason\/all-barca-players-who-have-joined-the-preseason_293967_102.html\" data-intl-links-es=\"https:\/\/www.fcbarcelonanoticias.com\/pretemporada\/todos-jugadores-barca-se-han-incorporado-la-pretemporada_293967_102.html\" href=\"https:\/\/www.fcbarcelonanoticias.com\/en\/preseason\/all-barca-players-who-have-joined-the-preseason_293967_102.html\" rel=\"follow\" target=\"_self\" title=\"Todos los jugadores del Bar\u00e7a que se han incorporado a la&nbsp;pretemporada\">will join to turns it of pre-season by the United States<\/a>. Between the selected by Xavi Hern\u00e1ndez stands out Juli\u00e1n Araujo, the one who nowadays has not incorporated to the concentration due to the fact that <strong>it finds contesting the Glass Gold with the Mexican selection.<\/strong><\/p>  <p>Although the posture of all the parts happens because<strong> the defender was beside Sergi\u00f1o Dest, Jules Kound\u00e9 and Sergi Roberto like the candidates for the right side this summer,<\/strong> the true is that his future is more was that inside. This because the club considers that <strong>it still needs foguearse more in the balompi\u00e9 European<\/strong> in front of to give the jump to the first team.<\/p>  <h2>Juli\u00e1n Araujo could go out yielded<\/h2>  <p>Araujo Formed in the Bar\u00e7a Academy of EE.UU and <strong>only has been able to contest friendly parties under the orders of Xavi<\/strong> for having arrived out of term during the market of winter. The sportive direction and the technical body see potential in him but understand that <strong>a player of his age needs minutes of quality that will not have in LaLiga.<\/strong><\/p>  <p>It is thus that<strong> the leaf of route would go through to send him yielded by a season<\/strong> and afterwards &#8216;repatriate him&#8217; in case that it give a jump of quality, <strong>as it did it &#8216;Ez&#8217; Abde in his go through the Osasuna.<\/strong> Nowadays it is clear that the Mexican will begin the pre-season with the Barcelona and<strong> will arrive with shooting after contesting several commitments with his selection.<\/strong><\/p>  <h2>The Bar\u00e7a wants to fichar a side<\/h2>  <p>His wish goes through to convince to the trainer that it is an option to take into account for the right-handed lane,<strong> although the main options would be fichar to Iv\u00e1n Fresneda or go back to situate to Kound\u00e9 like carrilero.<\/strong> It will be necessary to see what occurs in the following weeks once land in North America and<strong> begin to define the roles of each one of the members of the plantel.<\/strong><\/p> ","protected":false},"excerpt":{"rendered":"<p>Despite the fact that Juli\u00e1n Araujo will start the preseason with Bar\u00e7a, the truth is that both the offices and the coaching staff consider that he needs to continue maturing in European football The FC Barcelona already is making the staff of footballers that will join to turns it of pre-season by the United States. [&hellip;]<\/p>\n","protected":false},"author":0,"featured_media":96711,"comment_status":"closed","ping_status":"open","sticky":false,"template":"","format":"standard","meta":{"_acf_changed":false,"inline_featured_image":false,"_nextfly_llmd_date_locked":false,"footnotes":""},"categories":[106,449],"tags":[380],"class_list":["post-96708","post","type-post","status-publish","format-standard","has-post-thumbnail","hentry","category-transfers","category-transfers-2","tag-julian-araujo"],"acf":[],"yoast_head":"<!-- This site is optimized with the Yoast SEO plugin v27.3 - https:\/\/yoast.com\/product\/yoast-seo-wordpress\/ -->\n<title>The Bar\u00e7a would not see clear the continuity of Juli\u00e1n Araujo<\/title>\n<meta name=\"description\" content=\"Despite the fact that Juli\u00e1n Araujo will start the preseason with Bar\u00e7a, the truth is that both the offices and the coaching staff consider that he needs to continue maturing in European football\" \/>\n<meta name=\"robots\" content=\"index, follow, max-snippet:-1, max-image-preview:large, max-video-preview:-1\" \/>\n<link rel=\"canonical\" href=\"https:\/\/www.fcbarcelonanoticias.com\/en\/transfers\/fc-barcelona-would-not-see-clear-continuity-julian-araujo_293996_102.html\" \/>\n<meta property=\"og:locale\" content=\"en_US\" \/>\n<meta property=\"og:type\" content=\"article\" \/>\n<meta property=\"og:title\" content=\"The Bar\u00e7a would not see clear the continuity of Juli\u00e1n Araujo\" \/>\n<meta property=\"og:description\" content=\"Despite the fact that Juli\u00e1n Araujo will start the preseason with Bar\u00e7a, the truth is that both the offices and the coaching staff consider that he needs to continue maturing in European football\" \/>\n<meta property=\"og:url\" content=\"https:\/\/www.fcbarcelonanoticias.com\/en\/transfers\/fc-barcelona-would-not-see-clear-continuity-julian-araujo_293996_102.html\" \/>\n<meta property=\"og:site_name\" content=\"EN - FC Barcelona Noticias\" \/>\n<meta property=\"article:published_time\" content=\"2023-07-11T11:55:00+00:00\" \/>\n<meta property=\"og:image\" content=\"https:\/\/www.fcbarcelonanoticias.com\/en\/wp-content\/uploads\/sites\/2\/2023\/07\/julian-araujo-calentamiento.jpeg\" \/>\n\t<meta property=\"og:image:width\" content=\"1300\" \/>\n\t<meta property=\"og:image:height\" content=\"734\" \/>\n\t<meta property=\"og:image:type\" content=\"image\/jpeg\" \/>\n<meta name=\"twitter:card\" content=\"summary_large_image\" \/>\n<meta name=\"twitter:label1\" content=\"Est. reading time\" \/>\n\t<meta name=\"twitter:data1\" content=\"2 minutes\" \/>\n<script type=\"application\/ld+json\" class=\"yoast-schema-graph\">{\"@context\":\"https:\\\/\\\/schema.org\",\"@graph\":[{\"@type\":\"Article\",\"@id\":\"https:\\\/\\\/www.fcbarcelonanoticias.com\\\/en\\\/transfers\\\/fc-barcelona-would-not-see-clear-continuity-julian-araujo_293996_102.html#article\",\"isPartOf\":{\"@id\":\"https:\\\/\\\/www.fcbarcelonanoticias.com\\\/en\\\/transfers\\\/fc-barcelona-would-not-see-clear-continuity-julian-araujo_293996_102.html\"},\"author\":{\"name\":\"\",\"@id\":\"\"},\"headline\":\"The Bar\u00e7a would not see clear the continuity of Juli\u00e1n Araujo\",\"datePublished\":\"2023-07-11T11:55:00+00:00\",\"mainEntityOfPage\":{\"@id\":\"https:\\\/\\\/www.fcbarcelonanoticias.com\\\/en\\\/transfers\\\/fc-barcelona-would-not-see-clear-continuity-julian-araujo_293996_102.html\"},\"wordCount\":396,\"image\":{\"@id\":\"https:\\\/\\\/www.fcbarcelonanoticias.com\\\/en\\\/transfers\\\/fc-barcelona-would-not-see-clear-continuity-julian-araujo_293996_102.html#primaryimage\"},\"thumbnailUrl\":\"https:\\\/\\\/www.fcbarcelonanoticias.com\\\/en\\\/wp-content\\\/uploads\\\/sites\\\/2\\\/2023\\\/07\\\/julian-araujo-calentamiento.jpeg\",\"keywords\":[\"Juli\u00e1n Araujo\"],\"articleSection\":[\"Transfers\",\"Transfers\"],\"inLanguage\":\"en-US\"},{\"@type\":\"WebPage\",\"@id\":\"https:\\\/\\\/www.fcbarcelonanoticias.com\\\/en\\\/transfers\\\/fc-barcelona-would-not-see-clear-continuity-julian-araujo_293996_102.html\",\"url\":\"https:\\\/\\\/www.fcbarcelonanoticias.com\\\/en\\\/transfers\\\/fc-barcelona-would-not-see-clear-continuity-julian-araujo_293996_102.html\",\"name\":\"The Bar\u00e7a would not see clear the continuity of Juli\u00e1n Araujo\",\"isPartOf\":{\"@id\":\"https:\\\/\\\/www.fcbarcelonanoticias.com\\\/en\\\/#website\"},\"primaryImageOfPage\":{\"@id\":\"https:\\\/\\\/www.fcbarcelonanoticias.com\\\/en\\\/transfers\\\/fc-barcelona-would-not-see-clear-continuity-julian-araujo_293996_102.html#primaryimage\"},\"image\":{\"@id\":\"https:\\\/\\\/www.fcbarcelonanoticias.com\\\/en\\\/transfers\\\/fc-barcelona-would-not-see-clear-continuity-julian-araujo_293996_102.html#primaryimage\"},\"thumbnailUrl\":\"https:\\\/\\\/www.fcbarcelonanoticias.com\\\/en\\\/wp-content\\\/uploads\\\/sites\\\/2\\\/2023\\\/07\\\/julian-araujo-calentamiento.jpeg\",\"datePublished\":\"2023-07-11T11:55:00+00:00\",\"author\":{\"@id\":\"\"},\"description\":\"Despite the fact that Juli\u00e1n Araujo will start the preseason with Bar\u00e7a, the truth is that both the offices and the coaching staff consider that he needs to continue maturing in European football\",\"breadcrumb\":{\"@id\":\"https:\\\/\\\/www.fcbarcelonanoticias.com\\\/en\\\/transfers\\\/fc-barcelona-would-not-see-clear-continuity-julian-araujo_293996_102.html#breadcrumb\"},\"inLanguage\":\"en-US\",\"potentialAction\":[{\"@type\":\"ReadAction\",\"target\":[\"https:\\\/\\\/www.fcbarcelonanoticias.com\\\/en\\\/transfers\\\/fc-barcelona-would-not-see-clear-continuity-julian-araujo_293996_102.html\"]}]},{\"@type\":\"ImageObject\",\"inLanguage\":\"en-US\",\"@id\":\"https:\\\/\\\/www.fcbarcelonanoticias.com\\\/en\\\/transfers\\\/fc-barcelona-would-not-see-clear-continuity-julian-araujo_293996_102.html#primaryimage\",\"url\":\"https:\\\/\\\/www.fcbarcelonanoticias.com\\\/en\\\/wp-content\\\/uploads\\\/sites\\\/2\\\/2023\\\/07\\\/julian-araujo-calentamiento.jpeg\",\"contentUrl\":\"https:\\\/\\\/www.fcbarcelonanoticias.com\\\/en\\\/wp-content\\\/uploads\\\/sites\\\/2\\\/2023\\\/07\\\/julian-araujo-calentamiento.jpeg\",\"width\":1300,\"height\":734},{\"@type\":\"BreadcrumbList\",\"@id\":\"https:\\\/\\\/www.fcbarcelonanoticias.com\\\/en\\\/transfers\\\/fc-barcelona-would-not-see-clear-continuity-julian-araujo_293996_102.html#breadcrumb\",\"itemListElement\":[{\"@type\":\"ListItem\",\"position\":1,\"name\":\"Portada\",\"item\":\"https:\\\/\\\/www.fcbarcelonanoticias.com\\\/en\\\/\"},{\"@type\":\"ListItem\",\"position\":2,\"name\":\"The Bar\u00e7a would not see clear the continuity of Juli\u00e1n Araujo\"}]},{\"@type\":\"WebSite\",\"@id\":\"https:\\\/\\\/www.fcbarcelonanoticias.com\\\/en\\\/#website\",\"url\":\"https:\\\/\\\/www.fcbarcelonanoticias.com\\\/en\\\/\",\"name\":\"EN - FC Barcelona Noticias\",\"description\":\"\",\"potentialAction\":[{\"@type\":\"SearchAction\",\"target\":{\"@type\":\"EntryPoint\",\"urlTemplate\":\"https:\\\/\\\/www.fcbarcelonanoticias.com\\\/en\\\/?s={search_term_string}\"},\"query-input\":{\"@type\":\"PropertyValueSpecification\",\"valueRequired\":true,\"valueName\":\"search_term_string\"}}],\"inLanguage\":\"en-US\"}]}<\/script>\n<!-- \/ Yoast SEO plugin. -->","yoast_head_json":{"title":"The Bar\u00e7a would not see clear the continuity of Juli\u00e1n Araujo","description":"Despite the fact that Juli\u00e1n Araujo will start the preseason with Bar\u00e7a, the truth is that both the offices and the coaching staff consider that he needs to continue maturing in European football","robots":{"index":"index","follow":"follow","max-snippet":"max-snippet:-1","max-image-preview":"max-image-preview:large","max-video-preview":"max-video-preview:-1"},"canonical":"https:\/\/www.fcbarcelonanoticias.com\/en\/transfers\/fc-barcelona-would-not-see-clear-continuity-julian-araujo_293996_102.html","og_locale":"en_US","og_type":"article","og_title":"The Bar\u00e7a would not see clear the continuity of Juli\u00e1n Araujo","og_description":"Despite the fact that Juli\u00e1n Araujo will start the preseason with Bar\u00e7a, the truth is that both the offices and the coaching staff consider that he needs to continue maturing in European football","og_url":"https:\/\/www.fcbarcelonanoticias.com\/en\/transfers\/fc-barcelona-would-not-see-clear-continuity-julian-araujo_293996_102.html","og_site_name":"EN - FC Barcelona Noticias","article_published_time":"2023-07-11T11:55:00+00:00","og_image":[{"width":1300,"height":734,"url":"https:\/\/www.fcbarcelonanoticias.com\/en\/wp-content\/uploads\/sites\/2\/2023\/07\/julian-araujo-calentamiento.jpeg","type":"image\/jpeg"}],"twitter_card":"summary_large_image","twitter_misc":{"Est. reading time":"2 minutes"},"schema":{"@context":"https:\/\/schema.org","@graph":[{"@type":"Article","@id":"https:\/\/www.fcbarcelonanoticias.com\/en\/transfers\/fc-barcelona-would-not-see-clear-continuity-julian-araujo_293996_102.html#article","isPartOf":{"@id":"https:\/\/www.fcbarcelonanoticias.com\/en\/transfers\/fc-barcelona-would-not-see-clear-continuity-julian-araujo_293996_102.html"},"author":{"name":"","@id":""},"headline":"The Bar\u00e7a would not see clear the continuity of Juli\u00e1n Araujo","datePublished":"2023-07-11T11:55:00+00:00","mainEntityOfPage":{"@id":"https:\/\/www.fcbarcelonanoticias.com\/en\/transfers\/fc-barcelona-would-not-see-clear-continuity-julian-araujo_293996_102.html"},"wordCount":396,"image":{"@id":"https:\/\/www.fcbarcelonanoticias.com\/en\/transfers\/fc-barcelona-would-not-see-clear-continuity-julian-araujo_293996_102.html#primaryimage"},"thumbnailUrl":"https:\/\/www.fcbarcelonanoticias.com\/en\/wp-content\/uploads\/sites\/2\/2023\/07\/julian-araujo-calentamiento.jpeg","keywords":["Juli\u00e1n Araujo"],"articleSection":["Transfers","Transfers"],"inLanguage":"en-US"},{"@type":"WebPage","@id":"https:\/\/www.fcbarcelonanoticias.com\/en\/transfers\/fc-barcelona-would-not-see-clear-continuity-julian-araujo_293996_102.html","url":"https:\/\/www.fcbarcelonanoticias.com\/en\/transfers\/fc-barcelona-would-not-see-clear-continuity-julian-araujo_293996_102.html","name":"The Bar\u00e7a would not see clear the continuity of Juli\u00e1n Araujo","isPartOf":{"@id":"https:\/\/www.fcbarcelonanoticias.com\/en\/#website"},"primaryImageOfPage":{"@id":"https:\/\/www.fcbarcelonanoticias.com\/en\/transfers\/fc-barcelona-would-not-see-clear-continuity-julian-araujo_293996_102.html#primaryimage"},"image":{"@id":"https:\/\/www.fcbarcelonanoticias.com\/en\/transfers\/fc-barcelona-would-not-see-clear-continuity-julian-araujo_293996_102.html#primaryimage"},"thumbnailUrl":"https:\/\/www.fcbarcelonanoticias.com\/en\/wp-content\/uploads\/sites\/2\/2023\/07\/julian-araujo-calentamiento.jpeg","datePublished":"2023-07-11T11:55:00+00:00","author":{"@id":""},"description":"Despite the fact that Juli\u00e1n Araujo will start the preseason with Bar\u00e7a, the truth is that both the offices and the coaching staff consider that he needs to continue maturing in European football","breadcrumb":{"@id":"https:\/\/www.fcbarcelonanoticias.com\/en\/transfers\/fc-barcelona-would-not-see-clear-continuity-julian-araujo_293996_102.html#breadcrumb"},"inLanguage":"en-US","potentialAction":[{"@type":"ReadAction","target":["https:\/\/www.fcbarcelonanoticias.com\/en\/transfers\/fc-barcelona-would-not-see-clear-continuity-julian-araujo_293996_102.html"]}]},{"@type":"ImageObject","inLanguage":"en-US","@id":"https:\/\/www.fcbarcelonanoticias.com\/en\/transfers\/fc-barcelona-would-not-see-clear-continuity-julian-araujo_293996_102.html#primaryimage","url":"https:\/\/www.fcbarcelonanoticias.com\/en\/wp-content\/uploads\/sites\/2\/2023\/07\/julian-araujo-calentamiento.jpeg","contentUrl":"https:\/\/www.fcbarcelonanoticias.com\/en\/wp-content\/uploads\/sites\/2\/2023\/07\/julian-araujo-calentamiento.jpeg","width":1300,"height":734},{"@type":"BreadcrumbList","@id":"https:\/\/www.fcbarcelonanoticias.com\/en\/transfers\/fc-barcelona-would-not-see-clear-continuity-julian-araujo_293996_102.html#breadcrumb","itemListElement":[{"@type":"ListItem","position":1,"name":"Portada","item":"https:\/\/www.fcbarcelonanoticias.com\/en\/"},{"@type":"ListItem","position":2,"name":"The Bar\u00e7a would not see clear the continuity of Juli\u00e1n Araujo"}]},{"@type":"WebSite","@id":"https:\/\/www.fcbarcelonanoticias.com\/en\/#website","url":"https:\/\/www.fcbarcelonanoticias.com\/en\/","name":"EN - FC Barcelona Noticias","description":"","potentialAction":[{"@type":"SearchAction","target":{"@type":"EntryPoint","urlTemplate":"https:\/\/www.fcbarcelonanoticias.com\/en\/?s={search_term_string}"},"query-input":{"@type":"PropertyValueSpecification","valueRequired":true,"valueName":"search_term_string"}}],"inLanguage":"en-US"}]}},"_links":{"self":[{"href":"https:\/\/www.fcbarcelonanoticias.com\/en\/wp-json\/wp\/v2\/posts\/96708","targetHints":{"allow":["GET"]}}],"collection":[{"href":"https:\/\/www.fcbarcelonanoticias.com\/en\/wp-json\/wp\/v2\/posts"}],"about":[{"href":"https:\/\/www.fcbarcelonanoticias.com\/en\/wp-json\/wp\/v2\/types\/post"}],"replies":[{"embeddable":true,"href":"https:\/\/www.fcbarcelonanoticias.com\/en\/wp-json\/wp\/v2\/comments?post=96708"}],"version-history":[{"count":1,"href":"https:\/\/www.fcbarcelonanoticias.com\/en\/wp-json\/wp\/v2\/posts\/96708\/revisions"}],"predecessor-version":[{"id":127369,"href":"https:\/\/www.fcbarcelonanoticias.com\/en\/wp-json\/wp\/v2\/posts\/96708\/revisions\/127369"}],"wp:featuredmedia":[{"embeddable":true,"href":"https:\/\/www.fcbarcelonanoticias.com\/en\/wp-json\/wp\/v2\/media\/96711"}],"wp:attachment":[{"href":"https:\/\/www.fcbarcelonanoticias.com\/en\/wp-json\/wp\/v2\/media?parent=96708"}],"wp:term":[{"taxonomy":"category","embeddable":true,"href":"https:\/\/www.fcbarcelonanoticias.com\/en\/wp-json\/wp\/v2\/categories?post=96708"},{"taxonomy":"post_tag","embeddable":true,"href":"https:\/\/www.fcbarcelonanoticias.com\/en\/wp-json\/wp\/v2\/tags?post=96708"}],"curies":[{"name":"wp","href":"https:\/\/api.w.org\/{rel}","templated":true}]}}