{"id":96716,"date":"2024-09-29T20:17:00","date_gmt":"2024-09-29T18:17:00","guid":{"rendered":"https:\/\/weisetech.dev\/fc-barcelona-noticias\/en\/fc-barcelona-would-not-rule-out-the-sale-of-ronald-araujo-in-the-winter-transfer-market_307593_102\/"},"modified":"2026-04-16T09:30:48","modified_gmt":"2026-04-16T07:30:48","slug":"fc-barcelona-would-not-rule-out-the-sale-of-ronald-araujo-in-the-winter-transfer-market_307593_102","status":"publish","type":"post","link":"https:\/\/www.fcbarcelonanoticias.com\/en\/transfers\/fc-barcelona-would-not-rule-out-the-sale-of-ronald-araujo-in-the-winter-transfer-market_307593_102.html","title":{"rendered":"FC Barcelona would not rule out the sale of Ronald Ara\u00fajo in the winter transfer market!"},"content":{"rendered":"<h2 class=\"wp-block-heading\">Bar\u00e7a do not rule out the departure of Ronald Ara\u00fajo if a significant offer arrives. The player has not yet renewed his contract and his case will be resolved in January<\/h2>  \r\n<div class=\"article-addons\">\r\n    <a href=\"https:\/\/www.fcbarcelonanoticias.com\/en\/calendar-fc-barcelona.html\"\r\n       target=\"_self\"\r\n       title=\"Calendar of FC Barcelona\"\r\n       class=\"blue-gredient-btn\">\r\n       \r\n        Calendar of FC Barcelona    <\/a>\r\n<\/div>   <p><strong>FC Barcelona<\/strong> is eagerly awaiting the return of <strong>Ronald Ara\u00fajo<\/strong>. The Uruguayan centre-back returned to the <strong>Ciutat Esportiva Joan Gamper<\/strong> on 13 September to continue his recovery process, and although he still has a long way to go, his feelings are getting better and better. His return is expected between December and January, but in the meantime he will have to resolve several pending issues with the club in view of the winter transfer market.<\/p>  <p>The footballer hopes to be available to <strong>Hansi Flick <\/strong>at the end of this year or the beginning of next year, but there is still no specific date for his return at the highest level. The club is in no hurry and everything will depend on how he copes with the workloads that are imposed on him on a daily basis. However, at <strong>Can Bar\u00e7a<\/strong> they are clear that under no circumstances will they rush and force his return, which will occur when there is certainty that there is no risk of a relapse.<\/p>  <p>If the stipulated deadlines are maintained, his return will coincide with the pre-transfer market in January, or even with the winter window underway. And it is here where the cul\u00e9s would have a &#8216;hot potato&#8217;, since before his injury, <strong>Ara\u00fajo <\/strong>was one of the club&#8217;s main candidates for a possible million-dollar sale that would allow the Blaugrana to balance their coffers. He was not the only name, but he was one of those who solved the most problems with a single move.<\/p>  <h2>Bar\u00e7a does not rule out Ara\u00fajo&#8217;s departure<\/h2>  <p>According to &#8216;SPORT&#8217;, the relationship between the player and the club is at a tense moment, with both parties waiting for the other to take the necessary step to bring their positions closer together. Time is beginning to run against both sides and from the offices of <strong>Spotify Camp Nou<\/strong> they would maintain that, although he will not be put on the market in an obvious way, his departure would not be ruled out.<\/p>  <div class=\"cke-element cke-element--102\"><section class=\"c-related-article\"><figure class=\"c-image__fig\"><a href=\"https:\/\/www.fcbarcelonanoticias.com\/fc-barcelona\/fc-barcelona-comienza-extranar-araujo-christensen_307588_102.html\" title=\"Andreas Christensen and Ronald Ara\u00fajo during a League Classic\" class=\"c-image__imglink\"><picture><img decoding=\"async\" src=\"https:\/\/www.fcbarcelonanoticias.com\/wp-content\/uploads\/sites\/2\/2024\/09\/fcbn-4e9f4d0c7a12bf9cbe74b61d8ff29a0d.jpeg\" alt=\"Andreas Christensen and Ronald Ara\u00fajo during a League Classic\" title=\"Andreas Christensen and Ronald Ara\u00fajo during a League Classic\" class=\"c-image__img\" width=\"1250\" height=\"730\" loading=\"lazy\"><\/picture><\/a>     <\/figure><div class=\"c-related-article__wrapper\">         <p class=\"c-related-article__avantitle\">Related<\/p>         <h4 class=\"c-related-article__title\">             <a href=\"https:\/\/www.fcbarcelonanoticias.com\/fc-barcelona\/fc-barcelona-comienza-extranar-araujo-christensen_307588_102.html\" title=\"FC Barcelona begins to miss Ara\u00fajo and Christensen\" class=\"c-related-article__link\">                 FC Barcelona begins to miss Ara\u00fajo and Christensen             <\/a>         <\/h4>     <\/div> <\/section><\/div>  <p>In fact, if a significant offer arrives, <strong>Ronald would be asked to sell him<\/strong>. In the meantime, the footballer&#8217;s efforts are aimed at recovering optimally and, from there, analyzing his options. The Uruguayan is aware of the club&#8217;s financial needs, but he would have been upset if they did not register him and used the salary released to finish putting together the squad, a formula used with all the injured this season.<\/p>  <p>Thus, it is clear that <strong>Bar\u00e7a <\/strong>and <strong>Ara\u00fajo <\/strong>would be on different pages. <strong>The defender&#8217;s contract expires in June 2026<\/strong> and, although Ronald is open to extending his contract, he will not do so at any price. The &#8216;soap opera&#8217; was &#8216;stalled&#8217; by the injury suffered by the player in the Copa Am\u00e9rica, but it is expected that in January his case will find a solution.<\/p> ","protected":false},"excerpt":{"rendered":"<p>Bar\u00e7a do not rule out the departure of Ronald Ara\u00fajo if a significant offer arrives. The player has not yet renewed his contract and his case will be resolved in January FC Barcelona is eagerly awaiting the return of Ronald Ara\u00fajo. The Uruguayan centre-back returned to the Ciutat Esportiva Joan Gamper on 13 September to [&hellip;]<\/p>\n","protected":false},"author":358,"featured_media":96725,"comment_status":"closed","ping_status":"open","sticky":false,"template":"","format":"standard","meta":{"_acf_changed":false,"inline_featured_image":false,"_nextfly_llmd_date_locked":false,"footnotes":""},"categories":[106,449],"tags":[],"class_list":["post-96716","post","type-post","status-publish","format-standard","has-post-thumbnail","hentry","category-transfers","category-transfers-2"],"acf":[],"yoast_head":"<!-- This site is optimized with the Yoast SEO plugin v27.3 - https:\/\/yoast.com\/product\/yoast-seo-wordpress\/ -->\n<title>FC Barcelona would not rule out the sale of Ronald Ara\u00fajo in the winter transfer market!<\/title>\n<meta name=\"description\" content=\"Bar\u00e7a do not rule out the departure of Ronald Ara\u00fajo if a significant offer arrives. The player has not yet renewed his contract and his case will be resolved in January\" \/>\n<meta name=\"robots\" content=\"index, follow, max-snippet:-1, max-image-preview:large, max-video-preview:-1\" \/>\n<link rel=\"canonical\" href=\"https:\/\/www.fcbarcelonanoticias.com\/en\/transfers\/fc-barcelona-would-not-rule-out-the-sale-of-ronald-araujo-in-the-winter-transfer-market_307593_102.html\" \/>\n<meta property=\"og:locale\" content=\"en_US\" \/>\n<meta property=\"og:type\" content=\"article\" \/>\n<meta property=\"og:title\" content=\"FC Barcelona would not rule out the sale of Ronald Ara\u00fajo in the winter transfer market!\" \/>\n<meta property=\"og:description\" content=\"Bar\u00e7a do not rule out the departure of Ronald Ara\u00fajo if a significant offer arrives. The player has not yet renewed his contract and his case will be resolved in January\" \/>\n<meta property=\"og:url\" content=\"https:\/\/www.fcbarcelonanoticias.com\/en\/transfers\/fc-barcelona-would-not-rule-out-the-sale-of-ronald-araujo-in-the-winter-transfer-market_307593_102.html\" \/>\n<meta property=\"og:site_name\" content=\"EN - FC Barcelona Noticias\" \/>\n<meta property=\"article:published_time\" content=\"2024-09-29T18:17:00+00:00\" \/>\n<meta property=\"article:modified_time\" content=\"2026-04-16T07:30:48+00:00\" \/>\n<meta property=\"og:image\" content=\"https:\/\/www.fcbarcelonanoticias.com\/en\/wp-content\/uploads\/sites\/2\/2024\/09\/araujo-barcelona-venta.jpeg\" \/>\n\t<meta property=\"og:image:width\" content=\"1250\" \/>\n\t<meta property=\"og:image:height\" content=\"730\" \/>\n\t<meta property=\"og:image:type\" content=\"image\/jpeg\" \/>\n<meta name=\"author\" content=\"Juan Pablo Berdugo\" \/>\n<meta name=\"twitter:card\" content=\"summary_large_image\" \/>\n<meta name=\"twitter:label1\" content=\"Written by\" \/>\n\t<meta name=\"twitter:data1\" content=\"Juan Pablo Berdugo\" \/>\n\t<meta name=\"twitter:label2\" content=\"Est. reading time\" \/>\n\t<meta name=\"twitter:data2\" content=\"3 minutes\" \/>\n<script type=\"application\/ld+json\" class=\"yoast-schema-graph\">{\"@context\":\"https:\\\/\\\/schema.org\",\"@graph\":[{\"@type\":\"Article\",\"@id\":\"https:\\\/\\\/www.fcbarcelonanoticias.com\\\/en\\\/transfers\\\/fc-barcelona-would-not-rule-out-the-sale-of-ronald-araujo-in-the-winter-transfer-market_307593_102.html#article\",\"isPartOf\":{\"@id\":\"https:\\\/\\\/www.fcbarcelonanoticias.com\\\/en\\\/transfers\\\/fc-barcelona-would-not-rule-out-the-sale-of-ronald-araujo-in-the-winter-transfer-market_307593_102.html\"},\"author\":{\"name\":\"Juan Pablo Berdugo\",\"@id\":\"https:\\\/\\\/www.fcbarcelonanoticias.com\\\/en\\\/#\\\/schema\\\/person\\\/88d756918a0a1ae9fa593b5edddd1815\"},\"headline\":\"FC Barcelona would not rule out the sale of Ronald Ara\u00fajo in the winter transfer market!\",\"datePublished\":\"2024-09-29T18:17:00+00:00\",\"dateModified\":\"2026-04-16T07:30:48+00:00\",\"mainEntityOfPage\":{\"@id\":\"https:\\\/\\\/www.fcbarcelonanoticias.com\\\/en\\\/transfers\\\/fc-barcelona-would-not-rule-out-the-sale-of-ronald-araujo-in-the-winter-transfer-market_307593_102.html\"},\"wordCount\":542,\"image\":{\"@id\":\"https:\\\/\\\/www.fcbarcelonanoticias.com\\\/en\\\/transfers\\\/fc-barcelona-would-not-rule-out-the-sale-of-ronald-araujo-in-the-winter-transfer-market_307593_102.html#primaryimage\"},\"thumbnailUrl\":\"https:\\\/\\\/www.fcbarcelonanoticias.com\\\/en\\\/wp-content\\\/uploads\\\/sites\\\/2\\\/2024\\\/09\\\/araujo-barcelona-venta.jpeg\",\"articleSection\":[\"Transfers\",\"Transfers\"],\"inLanguage\":\"en-US\"},{\"@type\":\"WebPage\",\"@id\":\"https:\\\/\\\/www.fcbarcelonanoticias.com\\\/en\\\/transfers\\\/fc-barcelona-would-not-rule-out-the-sale-of-ronald-araujo-in-the-winter-transfer-market_307593_102.html\",\"url\":\"https:\\\/\\\/www.fcbarcelonanoticias.com\\\/en\\\/transfers\\\/fc-barcelona-would-not-rule-out-the-sale-of-ronald-araujo-in-the-winter-transfer-market_307593_102.html\",\"name\":\"FC Barcelona would not rule out the sale of Ronald Ara\u00fajo in the winter transfer market!\",\"isPartOf\":{\"@id\":\"https:\\\/\\\/www.fcbarcelonanoticias.com\\\/en\\\/#website\"},\"primaryImageOfPage\":{\"@id\":\"https:\\\/\\\/www.fcbarcelonanoticias.com\\\/en\\\/transfers\\\/fc-barcelona-would-not-rule-out-the-sale-of-ronald-araujo-in-the-winter-transfer-market_307593_102.html#primaryimage\"},\"image\":{\"@id\":\"https:\\\/\\\/www.fcbarcelonanoticias.com\\\/en\\\/transfers\\\/fc-barcelona-would-not-rule-out-the-sale-of-ronald-araujo-in-the-winter-transfer-market_307593_102.html#primaryimage\"},\"thumbnailUrl\":\"https:\\\/\\\/www.fcbarcelonanoticias.com\\\/en\\\/wp-content\\\/uploads\\\/sites\\\/2\\\/2024\\\/09\\\/araujo-barcelona-venta.jpeg\",\"datePublished\":\"2024-09-29T18:17:00+00:00\",\"dateModified\":\"2026-04-16T07:30:48+00:00\",\"author\":{\"@id\":\"https:\\\/\\\/www.fcbarcelonanoticias.com\\\/en\\\/#\\\/schema\\\/person\\\/88d756918a0a1ae9fa593b5edddd1815\"},\"description\":\"Bar\u00e7a do not rule out the departure of Ronald Ara\u00fajo if a significant offer arrives. The player has not yet renewed his contract and his case will be resolved in January\",\"breadcrumb\":{\"@id\":\"https:\\\/\\\/www.fcbarcelonanoticias.com\\\/en\\\/transfers\\\/fc-barcelona-would-not-rule-out-the-sale-of-ronald-araujo-in-the-winter-transfer-market_307593_102.html#breadcrumb\"},\"inLanguage\":\"en-US\",\"potentialAction\":[{\"@type\":\"ReadAction\",\"target\":[\"https:\\\/\\\/www.fcbarcelonanoticias.com\\\/en\\\/transfers\\\/fc-barcelona-would-not-rule-out-the-sale-of-ronald-araujo-in-the-winter-transfer-market_307593_102.html\"]}]},{\"@type\":\"ImageObject\",\"inLanguage\":\"en-US\",\"@id\":\"https:\\\/\\\/www.fcbarcelonanoticias.com\\\/en\\\/transfers\\\/fc-barcelona-would-not-rule-out-the-sale-of-ronald-araujo-in-the-winter-transfer-market_307593_102.html#primaryimage\",\"url\":\"https:\\\/\\\/www.fcbarcelonanoticias.com\\\/en\\\/wp-content\\\/uploads\\\/sites\\\/2\\\/2024\\\/09\\\/araujo-barcelona-venta.jpeg\",\"contentUrl\":\"https:\\\/\\\/www.fcbarcelonanoticias.com\\\/en\\\/wp-content\\\/uploads\\\/sites\\\/2\\\/2024\\\/09\\\/araujo-barcelona-venta.jpeg\",\"width\":1250,\"height\":730},{\"@type\":\"BreadcrumbList\",\"@id\":\"https:\\\/\\\/www.fcbarcelonanoticias.com\\\/en\\\/transfers\\\/fc-barcelona-would-not-rule-out-the-sale-of-ronald-araujo-in-the-winter-transfer-market_307593_102.html#breadcrumb\",\"itemListElement\":[{\"@type\":\"ListItem\",\"position\":1,\"name\":\"Portada\",\"item\":\"https:\\\/\\\/www.fcbarcelonanoticias.com\\\/en\\\/\"},{\"@type\":\"ListItem\",\"position\":2,\"name\":\"FC Barcelona would not rule out the sale of Ronald Ara\u00fajo in the winter transfer market!\"}]},{\"@type\":\"WebSite\",\"@id\":\"https:\\\/\\\/www.fcbarcelonanoticias.com\\\/en\\\/#website\",\"url\":\"https:\\\/\\\/www.fcbarcelonanoticias.com\\\/en\\\/\",\"name\":\"EN - FC Barcelona Noticias\",\"description\":\"\",\"potentialAction\":[{\"@type\":\"SearchAction\",\"target\":{\"@type\":\"EntryPoint\",\"urlTemplate\":\"https:\\\/\\\/www.fcbarcelonanoticias.com\\\/en\\\/?s={search_term_string}\"},\"query-input\":{\"@type\":\"PropertyValueSpecification\",\"valueRequired\":true,\"valueName\":\"search_term_string\"}}],\"inLanguage\":\"en-US\"},{\"@type\":\"Person\",\"@id\":\"https:\\\/\\\/www.fcbarcelonanoticias.com\\\/en\\\/#\\\/schema\\\/person\\\/88d756918a0a1ae9fa593b5edddd1815\",\"name\":\"Juan Pablo Berdugo\",\"image\":{\"@type\":\"ImageObject\",\"inLanguage\":\"en-US\",\"@id\":\"https:\\\/\\\/secure.gravatar.com\\\/avatar\\\/?s=96&d=mm&r=g\",\"url\":\"https:\\\/\\\/secure.gravatar.com\\\/avatar\\\/?s=96&d=mm&r=g\",\"contentUrl\":\"https:\\\/\\\/secure.gravatar.com\\\/avatar\\\/?s=96&d=mm&r=g\",\"caption\":\"Juan Pablo Berdugo\"},\"description\":\"Juan Pablo Berdugo es graduado en Periodismo. Colabora con FCBN como especialista en informaci\u00f3n del primer equipo del FC Barcelona, f\u00fatbol internacional y mercado de fichajes. Destaca por su enfoque anal\u00edtico, su rigor informativo y su capacidad para detectar tendencias emergentes en el f\u00fatbol global.\",\"url\":\"https:\\\/\\\/www.fcbarcelonanoticias.com\\\/en\\\/fc-barcelona\\\/juan-pablo-berdugo_18_115.html\"}]}<\/script>\n<!-- \/ Yoast SEO plugin. -->","yoast_head_json":{"title":"FC Barcelona would not rule out the sale of Ronald Ara\u00fajo in the winter transfer market!","description":"Bar\u00e7a do not rule out the departure of Ronald Ara\u00fajo if a significant offer arrives. The player has not yet renewed his contract and his case will be resolved in January","robots":{"index":"index","follow":"follow","max-snippet":"max-snippet:-1","max-image-preview":"max-image-preview:large","max-video-preview":"max-video-preview:-1"},"canonical":"https:\/\/www.fcbarcelonanoticias.com\/en\/transfers\/fc-barcelona-would-not-rule-out-the-sale-of-ronald-araujo-in-the-winter-transfer-market_307593_102.html","og_locale":"en_US","og_type":"article","og_title":"FC Barcelona would not rule out the sale of Ronald Ara\u00fajo in the winter transfer market!","og_description":"Bar\u00e7a do not rule out the departure of Ronald Ara\u00fajo if a significant offer arrives. The player has not yet renewed his contract and his case will be resolved in January","og_url":"https:\/\/www.fcbarcelonanoticias.com\/en\/transfers\/fc-barcelona-would-not-rule-out-the-sale-of-ronald-araujo-in-the-winter-transfer-market_307593_102.html","og_site_name":"EN - FC Barcelona Noticias","article_published_time":"2024-09-29T18:17:00+00:00","article_modified_time":"2026-04-16T07:30:48+00:00","og_image":[{"width":1250,"height":730,"url":"https:\/\/www.fcbarcelonanoticias.com\/en\/wp-content\/uploads\/sites\/2\/2024\/09\/araujo-barcelona-venta.jpeg","type":"image\/jpeg"}],"author":"Juan Pablo Berdugo","twitter_card":"summary_large_image","twitter_misc":{"Written by":"Juan Pablo Berdugo","Est. reading time":"3 minutes"},"schema":{"@context":"https:\/\/schema.org","@graph":[{"@type":"Article","@id":"https:\/\/www.fcbarcelonanoticias.com\/en\/transfers\/fc-barcelona-would-not-rule-out-the-sale-of-ronald-araujo-in-the-winter-transfer-market_307593_102.html#article","isPartOf":{"@id":"https:\/\/www.fcbarcelonanoticias.com\/en\/transfers\/fc-barcelona-would-not-rule-out-the-sale-of-ronald-araujo-in-the-winter-transfer-market_307593_102.html"},"author":{"name":"Juan Pablo Berdugo","@id":"https:\/\/www.fcbarcelonanoticias.com\/en\/#\/schema\/person\/88d756918a0a1ae9fa593b5edddd1815"},"headline":"FC Barcelona would not rule out the sale of Ronald Ara\u00fajo in the winter transfer market!","datePublished":"2024-09-29T18:17:00+00:00","dateModified":"2026-04-16T07:30:48+00:00","mainEntityOfPage":{"@id":"https:\/\/www.fcbarcelonanoticias.com\/en\/transfers\/fc-barcelona-would-not-rule-out-the-sale-of-ronald-araujo-in-the-winter-transfer-market_307593_102.html"},"wordCount":542,"image":{"@id":"https:\/\/www.fcbarcelonanoticias.com\/en\/transfers\/fc-barcelona-would-not-rule-out-the-sale-of-ronald-araujo-in-the-winter-transfer-market_307593_102.html#primaryimage"},"thumbnailUrl":"https:\/\/www.fcbarcelonanoticias.com\/en\/wp-content\/uploads\/sites\/2\/2024\/09\/araujo-barcelona-venta.jpeg","articleSection":["Transfers","Transfers"],"inLanguage":"en-US"},{"@type":"WebPage","@id":"https:\/\/www.fcbarcelonanoticias.com\/en\/transfers\/fc-barcelona-would-not-rule-out-the-sale-of-ronald-araujo-in-the-winter-transfer-market_307593_102.html","url":"https:\/\/www.fcbarcelonanoticias.com\/en\/transfers\/fc-barcelona-would-not-rule-out-the-sale-of-ronald-araujo-in-the-winter-transfer-market_307593_102.html","name":"FC Barcelona would not rule out the sale of Ronald Ara\u00fajo in the winter transfer market!","isPartOf":{"@id":"https:\/\/www.fcbarcelonanoticias.com\/en\/#website"},"primaryImageOfPage":{"@id":"https:\/\/www.fcbarcelonanoticias.com\/en\/transfers\/fc-barcelona-would-not-rule-out-the-sale-of-ronald-araujo-in-the-winter-transfer-market_307593_102.html#primaryimage"},"image":{"@id":"https:\/\/www.fcbarcelonanoticias.com\/en\/transfers\/fc-barcelona-would-not-rule-out-the-sale-of-ronald-araujo-in-the-winter-transfer-market_307593_102.html#primaryimage"},"thumbnailUrl":"https:\/\/www.fcbarcelonanoticias.com\/en\/wp-content\/uploads\/sites\/2\/2024\/09\/araujo-barcelona-venta.jpeg","datePublished":"2024-09-29T18:17:00+00:00","dateModified":"2026-04-16T07:30:48+00:00","author":{"@id":"https:\/\/www.fcbarcelonanoticias.com\/en\/#\/schema\/person\/88d756918a0a1ae9fa593b5edddd1815"},"description":"Bar\u00e7a do not rule out the departure of Ronald Ara\u00fajo if a significant offer arrives. The player has not yet renewed his contract and his case will be resolved in January","breadcrumb":{"@id":"https:\/\/www.fcbarcelonanoticias.com\/en\/transfers\/fc-barcelona-would-not-rule-out-the-sale-of-ronald-araujo-in-the-winter-transfer-market_307593_102.html#breadcrumb"},"inLanguage":"en-US","potentialAction":[{"@type":"ReadAction","target":["https:\/\/www.fcbarcelonanoticias.com\/en\/transfers\/fc-barcelona-would-not-rule-out-the-sale-of-ronald-araujo-in-the-winter-transfer-market_307593_102.html"]}]},{"@type":"ImageObject","inLanguage":"en-US","@id":"https:\/\/www.fcbarcelonanoticias.com\/en\/transfers\/fc-barcelona-would-not-rule-out-the-sale-of-ronald-araujo-in-the-winter-transfer-market_307593_102.html#primaryimage","url":"https:\/\/www.fcbarcelonanoticias.com\/en\/wp-content\/uploads\/sites\/2\/2024\/09\/araujo-barcelona-venta.jpeg","contentUrl":"https:\/\/www.fcbarcelonanoticias.com\/en\/wp-content\/uploads\/sites\/2\/2024\/09\/araujo-barcelona-venta.jpeg","width":1250,"height":730},{"@type":"BreadcrumbList","@id":"https:\/\/www.fcbarcelonanoticias.com\/en\/transfers\/fc-barcelona-would-not-rule-out-the-sale-of-ronald-araujo-in-the-winter-transfer-market_307593_102.html#breadcrumb","itemListElement":[{"@type":"ListItem","position":1,"name":"Portada","item":"https:\/\/www.fcbarcelonanoticias.com\/en\/"},{"@type":"ListItem","position":2,"name":"FC Barcelona would not rule out the sale of Ronald Ara\u00fajo in the winter transfer market!"}]},{"@type":"WebSite","@id":"https:\/\/www.fcbarcelonanoticias.com\/en\/#website","url":"https:\/\/www.fcbarcelonanoticias.com\/en\/","name":"EN - FC Barcelona Noticias","description":"","potentialAction":[{"@type":"SearchAction","target":{"@type":"EntryPoint","urlTemplate":"https:\/\/www.fcbarcelonanoticias.com\/en\/?s={search_term_string}"},"query-input":{"@type":"PropertyValueSpecification","valueRequired":true,"valueName":"search_term_string"}}],"inLanguage":"en-US"},{"@type":"Person","@id":"https:\/\/www.fcbarcelonanoticias.com\/en\/#\/schema\/person\/88d756918a0a1ae9fa593b5edddd1815","name":"Juan Pablo Berdugo","image":{"@type":"ImageObject","inLanguage":"en-US","@id":"https:\/\/secure.gravatar.com\/avatar\/?s=96&d=mm&r=g","url":"https:\/\/secure.gravatar.com\/avatar\/?s=96&d=mm&r=g","contentUrl":"https:\/\/secure.gravatar.com\/avatar\/?s=96&d=mm&r=g","caption":"Juan Pablo Berdugo"},"description":"Juan Pablo Berdugo es graduado en Periodismo. Colabora con FCBN como especialista en informaci\u00f3n del primer equipo del FC Barcelona, f\u00fatbol internacional y mercado de fichajes. Destaca por su enfoque anal\u00edtico, su rigor informativo y su capacidad para detectar tendencias emergentes en el f\u00fatbol global.","url":"https:\/\/www.fcbarcelonanoticias.com\/en\/fc-barcelona\/juan-pablo-berdugo_18_115.html"}]}},"_links":{"self":[{"href":"https:\/\/www.fcbarcelonanoticias.com\/en\/wp-json\/wp\/v2\/posts\/96716","targetHints":{"allow":["GET"]}}],"collection":[{"href":"https:\/\/www.fcbarcelonanoticias.com\/en\/wp-json\/wp\/v2\/posts"}],"about":[{"href":"https:\/\/www.fcbarcelonanoticias.com\/en\/wp-json\/wp\/v2\/types\/post"}],"author":[{"embeddable":true,"href":"https:\/\/www.fcbarcelonanoticias.com\/en\/wp-json\/wp\/v2\/users\/358"}],"replies":[{"embeddable":true,"href":"https:\/\/www.fcbarcelonanoticias.com\/en\/wp-json\/wp\/v2\/comments?post=96716"}],"version-history":[{"count":3,"href":"https:\/\/www.fcbarcelonanoticias.com\/en\/wp-json\/wp\/v2\/posts\/96716\/revisions"}],"predecessor-version":[{"id":175682,"href":"https:\/\/www.fcbarcelonanoticias.com\/en\/wp-json\/wp\/v2\/posts\/96716\/revisions\/175682"}],"wp:featuredmedia":[{"embeddable":true,"href":"https:\/\/www.fcbarcelonanoticias.com\/en\/wp-json\/wp\/v2\/media\/96725"}],"wp:attachment":[{"href":"https:\/\/www.fcbarcelonanoticias.com\/en\/wp-json\/wp\/v2\/media?parent=96716"}],"wp:term":[{"taxonomy":"category","embeddable":true,"href":"https:\/\/www.fcbarcelonanoticias.com\/en\/wp-json\/wp\/v2\/categories?post=96716"},{"taxonomy":"post_tag","embeddable":true,"href":"https:\/\/www.fcbarcelonanoticias.com\/en\/wp-json\/wp\/v2\/tags?post=96716"}],"curies":[{"name":"wp","href":"https:\/\/api.w.org\/{rel}","templated":true}]}}