{"id":96804,"date":"2024-04-23T12:16:00","date_gmt":"2024-04-23T10:16:00","guid":{"rendered":"https:\/\/weisetech.dev\/fc-barcelona-noticias\/en\/fcbarcelona-close-to-signing-abde-for-second-summer-in-row_302884_102\/"},"modified":"2024-04-24T05:10:00","modified_gmt":"2024-04-24T03:10:00","slug":"fcbarcelona-close-to-signing-abde-for-second-summer-in-row_302884_102","status":"publish","type":"post","link":"https:\/\/www.fcbarcelonanoticias.com\/en\/transfers\/fcbarcelona-close-to-signing-abde-for-second-summer-in-row_302884_102.html","title":{"rendered":"FC Barcelona, close to signing Abde for the second summer in a row"},"content":{"rendered":"<h2 class=\"wp-block-heading\">The months have passed and Abde has not been able to be an important player at Betis, something that has him with one foot out of the Benito Villamar\u00edn, being an important opportunity for Bar\u00e7a to return some millions for the winger<\/h2>  \r\n<div class=\"article-addons\">\r\n    <a href=\"https:\/\/www.fcbarcelonanoticias.com\/en\/calendar-fc-barcelona.html\"\r\n       target=\"_self\"\r\n       title=\"Calendar of FC Barcelona\"\r\n       class=\"blue-gredient-btn\">\r\n       \r\n        Calendar of FC Barcelona    <\/a>\r\n<\/div>   <p>Abde Arrived the past summer to the Real Betis after his good performance in Osasuna the previous season, and in spite of having begun <a data-external=\"0\" data-intl-links-en=\"https:\/\/www.fcbarcelonanoticias.com\/en\/laliga\/more-refereeing-favours-that-football-this-how-laliga-will-remember-laliga-that-madrid-will-win_302879_102.html\" data-intl-links-es=\"https:\/\/www.fcbarcelonanoticias.com\/laliga\/mas-favores-arbitrales-futbol-se-recordara-laliga-va-ganar-el-madrid_302879_102.html\" href=\"https:\/\/www.fcbarcelonanoticias.com\/en\/laliga\/more-refereeing-favours-that-football-this-how-laliga-will-remember-laliga-that-madrid-will-win_302879_102.html\" rel=\"follow\" target=\"_self\" title=\"M\u00e1s favores arbitrales que f\u00fatbol: As\u00ed se recordar\u00e1 LaLiga que va a ganar&nbsp;el&nbsp;Madrid\">the current edition of LaLiga<\/a> like footballer <a data-external=\"0\" data-intl-links-en=\"https:\/\/www.fcbarcelonanoticias.com\/en\/fc-barcelona\/ter-stegen-was-36-minutes-away-from-breaking-his-unbeaten-record-with-fc-barcelona_302864_102.html\" data-intl-links-es=\"https:\/\/www.fcbarcelonanoticias.com\/fc-barcelona\/ter-stegen-se-quedo-36-minutos-romper-su-record-imbatibilidad-con-fc-barcelona_302864_102.html\" href=\"https:\/\/www.fcbarcelonanoticias.com\/en\/fc-barcelona\/ter-stegen-was-36-minutes-away-from-breaking-his-unbeaten-record-with-fc-barcelona_302864_102.html\" rel=\"follow\" target=\"_self\" title=\"Ter Stegen se qued\u00f3 a 36 minutos de 'romper' su r\u00e9cord de imbatibilidad con el FC Barcelona\">of the FC Barcelona<\/a>. <strong>However, Xavi Hern\u00e1ndez left him clear to the extreme that could not ensure him minutes and from there began to work in his exit, <\/strong>finishing everything in an agreement with the group verdiblanco, which opted by a traspaso, paying 50% his rights.<\/p>  <p>However, his paper in the team b\u00e9tico has not been the expected, by what his name is in the market of face to the next summer. <strong>This stage, although it is not the best, himself that does that in the City Condal follow closely this movement,<\/strong> since a new traspaso of Abde would mean to the Barcelona club a new entry, in this case of 50% of this future sale.<\/p>  <h2>A lot of problems for Abde in the Betis and possible solutions for the Bar\u00e7a<\/h2>  <p>The Betis paid 7,5 million euros, advancing to teams like AC Milan or Athletic of Madrid, but with the season ready to finalise, the performance of the Moroccan has been far of the offered in The Sadar and all the stages are opened from 1 July, as it has informed &#8216;Sportive World&#8217;. <strong>In fact, Abde has not had minutes in the last three parties, chaining suplencias in front of Girona, Celtic and Valencia.<\/strong><\/p>  <p>In this way, the sportive direction of the Betis will listen offers this summer by Abde, allowing that the Bar\u00e7a can do box with him by second consecutive summer. <strong>In the case that all arrive to good port, the Barcelona group will add to those 7,5 millions, the half of what ingrese the Betis in the next market of summer, being able to be a similar quantity to the one of the 2023, <\/strong>if the Betis attains to give him gone out by some 12 or 15 &#8216;kilos&#8217;.<\/p>  <p>It is necessary to highlight that the own Milan follows keeping his name in the diary of face to the summer and expects that there is a movement of index card, <strong>especially once define who will be the new trainer of the team.<\/strong> It is clear that only a year afterwards, the Betis will want to, like minimum, recover the investment and try ensure a plusval\u00eda, by what the cul\u00e9s would finish ingresando some 14 or 15 millions by a footballer by which ficharon by some 3 &#8216;kilos&#8217;.<\/p> ","protected":false},"excerpt":{"rendered":"<p>The months have passed and Abde has not been able to be an important player at Betis, something that has him with one foot out of the Benito Villamar\u00edn, being an important opportunity for Bar\u00e7a to return some millions for the winger Abde Arrived the past summer to the Real Betis after his good performance [&hellip;]<\/p>\n","protected":false},"author":345,"featured_media":96817,"comment_status":"closed","ping_status":"open","sticky":false,"template":"","format":"standard","meta":{"_acf_changed":false,"inline_featured_image":false,"_nextfly_llmd_date_locked":false,"footnotes":""},"categories":[449,106],"tags":[342,335,158,63,48],"class_list":["post-96804","post","type-post","status-publish","format-standard","has-post-thumbnail","hentry","category-transfers-2","category-transfers","tag-abde","tag-deco","tag-joan-laporta","tag-real-betis","tag-xavi-hernandez"],"acf":[],"yoast_head":"<!-- This site is optimized with the Yoast SEO plugin v27.3 - https:\/\/yoast.com\/product\/yoast-seo-wordpress\/ -->\n<title>FC Barcelona, close to signing Abde for the second summer in a row<\/title>\n<meta name=\"description\" content=\"The months have passed and Abde has not been able to be an important player at Betis, something that has him with one foot out of the Benito Villamar\u00edn, being an important opportunity for Bar\u00e7a to return some millions for the winger\" \/>\n<meta name=\"robots\" content=\"index, follow, max-snippet:-1, max-image-preview:large, max-video-preview:-1\" \/>\n<link rel=\"canonical\" href=\"https:\/\/www.fcbarcelonanoticias.com\/en\/transfers\/fcbarcelona-close-to-signing-abde-for-second-summer-in-row_302884_102.html\" \/>\n<meta property=\"og:locale\" content=\"en_US\" \/>\n<meta property=\"og:type\" content=\"article\" \/>\n<meta property=\"og:title\" content=\"FC Barcelona, close to signing Abde for the second summer in a row\" \/>\n<meta property=\"og:description\" content=\"The months have passed and Abde has not been able to be an important player at Betis, something that has him with one foot out of the Benito Villamar\u00edn, being an important opportunity for Bar\u00e7a to return some millions for the winger\" \/>\n<meta property=\"og:url\" content=\"https:\/\/www.fcbarcelonanoticias.com\/en\/transfers\/fcbarcelona-close-to-signing-abde-for-second-summer-in-row_302884_102.html\" \/>\n<meta property=\"og:site_name\" content=\"EN - FC Barcelona Noticias\" \/>\n<meta property=\"article:published_time\" content=\"2024-04-23T10:16:00+00:00\" \/>\n<meta property=\"article:modified_time\" content=\"2024-04-24T03:10:00+00:00\" \/>\n<meta property=\"og:image\" content=\"https:\/\/www.fcbarcelonanoticias.com\/en\/wp-content\/uploads\/sites\/2\/2024\/04\/ez-abde-partido3.jpeg\" \/>\n\t<meta property=\"og:image:width\" content=\"1300\" \/>\n\t<meta property=\"og:image:height\" content=\"733\" \/>\n\t<meta property=\"og:image:type\" content=\"image\/jpeg\" \/>\n<meta name=\"author\" content=\"Carlos Montenegro\" \/>\n<meta name=\"twitter:card\" content=\"summary_large_image\" \/>\n<meta name=\"twitter:label1\" content=\"Written by\" \/>\n\t<meta name=\"twitter:data1\" content=\"Carlos Montenegro\" \/>\n\t<meta name=\"twitter:label2\" content=\"Est. reading time\" \/>\n\t<meta name=\"twitter:data2\" content=\"2 minutes\" \/>\n<script type=\"application\/ld+json\" class=\"yoast-schema-graph\">{\"@context\":\"https:\\\/\\\/schema.org\",\"@graph\":[{\"@type\":\"Article\",\"@id\":\"https:\\\/\\\/www.fcbarcelonanoticias.com\\\/en\\\/transfers\\\/fcbarcelona-close-to-signing-abde-for-second-summer-in-row_302884_102.html#article\",\"isPartOf\":{\"@id\":\"https:\\\/\\\/www.fcbarcelonanoticias.com\\\/en\\\/transfers\\\/fcbarcelona-close-to-signing-abde-for-second-summer-in-row_302884_102.html\"},\"author\":{\"name\":\"Carlos Montenegro\",\"@id\":\"https:\\\/\\\/www.fcbarcelonanoticias.com\\\/en\\\/#\\\/schema\\\/person\\\/aa1d038709c262cb247e240f6b39bbf5\"},\"headline\":\"FC Barcelona, close to signing Abde for the second summer in a row\",\"datePublished\":\"2024-04-23T10:16:00+00:00\",\"dateModified\":\"2024-04-24T03:10:00+00:00\",\"mainEntityOfPage\":{\"@id\":\"https:\\\/\\\/www.fcbarcelonanoticias.com\\\/en\\\/transfers\\\/fcbarcelona-close-to-signing-abde-for-second-summer-in-row_302884_102.html\"},\"wordCount\":463,\"image\":{\"@id\":\"https:\\\/\\\/www.fcbarcelonanoticias.com\\\/en\\\/transfers\\\/fcbarcelona-close-to-signing-abde-for-second-summer-in-row_302884_102.html#primaryimage\"},\"thumbnailUrl\":\"https:\\\/\\\/www.fcbarcelonanoticias.com\\\/en\\\/wp-content\\\/uploads\\\/sites\\\/2\\\/2024\\\/04\\\/ez-abde-partido3.jpeg\",\"keywords\":[\"Abde\",\"Deco\",\"Joan Laporta\",\"Real Betis\",\"Xavi Hern\u00e1ndez\"],\"articleSection\":[\"Transfers\",\"Transfers\"],\"inLanguage\":\"en-US\"},{\"@type\":\"WebPage\",\"@id\":\"https:\\\/\\\/www.fcbarcelonanoticias.com\\\/en\\\/transfers\\\/fcbarcelona-close-to-signing-abde-for-second-summer-in-row_302884_102.html\",\"url\":\"https:\\\/\\\/www.fcbarcelonanoticias.com\\\/en\\\/transfers\\\/fcbarcelona-close-to-signing-abde-for-second-summer-in-row_302884_102.html\",\"name\":\"FC Barcelona, close to signing Abde for the second summer in a row\",\"isPartOf\":{\"@id\":\"https:\\\/\\\/www.fcbarcelonanoticias.com\\\/en\\\/#website\"},\"primaryImageOfPage\":{\"@id\":\"https:\\\/\\\/www.fcbarcelonanoticias.com\\\/en\\\/transfers\\\/fcbarcelona-close-to-signing-abde-for-second-summer-in-row_302884_102.html#primaryimage\"},\"image\":{\"@id\":\"https:\\\/\\\/www.fcbarcelonanoticias.com\\\/en\\\/transfers\\\/fcbarcelona-close-to-signing-abde-for-second-summer-in-row_302884_102.html#primaryimage\"},\"thumbnailUrl\":\"https:\\\/\\\/www.fcbarcelonanoticias.com\\\/en\\\/wp-content\\\/uploads\\\/sites\\\/2\\\/2024\\\/04\\\/ez-abde-partido3.jpeg\",\"datePublished\":\"2024-04-23T10:16:00+00:00\",\"dateModified\":\"2024-04-24T03:10:00+00:00\",\"author\":{\"@id\":\"https:\\\/\\\/www.fcbarcelonanoticias.com\\\/en\\\/#\\\/schema\\\/person\\\/aa1d038709c262cb247e240f6b39bbf5\"},\"description\":\"The months have passed and Abde has not been able to be an important player at Betis, something that has him with one foot out of the Benito Villamar\u00edn, being an important opportunity for Bar\u00e7a to return some millions for the winger\",\"breadcrumb\":{\"@id\":\"https:\\\/\\\/www.fcbarcelonanoticias.com\\\/en\\\/transfers\\\/fcbarcelona-close-to-signing-abde-for-second-summer-in-row_302884_102.html#breadcrumb\"},\"inLanguage\":\"en-US\",\"potentialAction\":[{\"@type\":\"ReadAction\",\"target\":[\"https:\\\/\\\/www.fcbarcelonanoticias.com\\\/en\\\/transfers\\\/fcbarcelona-close-to-signing-abde-for-second-summer-in-row_302884_102.html\"]}]},{\"@type\":\"ImageObject\",\"inLanguage\":\"en-US\",\"@id\":\"https:\\\/\\\/www.fcbarcelonanoticias.com\\\/en\\\/transfers\\\/fcbarcelona-close-to-signing-abde-for-second-summer-in-row_302884_102.html#primaryimage\",\"url\":\"https:\\\/\\\/www.fcbarcelonanoticias.com\\\/en\\\/wp-content\\\/uploads\\\/sites\\\/2\\\/2024\\\/04\\\/ez-abde-partido3.jpeg\",\"contentUrl\":\"https:\\\/\\\/www.fcbarcelonanoticias.com\\\/en\\\/wp-content\\\/uploads\\\/sites\\\/2\\\/2024\\\/04\\\/ez-abde-partido3.jpeg\",\"width\":1300,\"height\":733},{\"@type\":\"BreadcrumbList\",\"@id\":\"https:\\\/\\\/www.fcbarcelonanoticias.com\\\/en\\\/transfers\\\/fcbarcelona-close-to-signing-abde-for-second-summer-in-row_302884_102.html#breadcrumb\",\"itemListElement\":[{\"@type\":\"ListItem\",\"position\":1,\"name\":\"Portada\",\"item\":\"https:\\\/\\\/www.fcbarcelonanoticias.com\\\/en\\\/\"},{\"@type\":\"ListItem\",\"position\":2,\"name\":\"FC Barcelona, close to signing Abde for the second summer in a row\"}]},{\"@type\":\"WebSite\",\"@id\":\"https:\\\/\\\/www.fcbarcelonanoticias.com\\\/en\\\/#website\",\"url\":\"https:\\\/\\\/www.fcbarcelonanoticias.com\\\/en\\\/\",\"name\":\"EN - FC Barcelona Noticias\",\"description\":\"\",\"potentialAction\":[{\"@type\":\"SearchAction\",\"target\":{\"@type\":\"EntryPoint\",\"urlTemplate\":\"https:\\\/\\\/www.fcbarcelonanoticias.com\\\/en\\\/?s={search_term_string}\"},\"query-input\":{\"@type\":\"PropertyValueSpecification\",\"valueRequired\":true,\"valueName\":\"search_term_string\"}}],\"inLanguage\":\"en-US\"},{\"@type\":\"Person\",\"@id\":\"https:\\\/\\\/www.fcbarcelonanoticias.com\\\/en\\\/#\\\/schema\\\/person\\\/aa1d038709c262cb247e240f6b39bbf5\",\"name\":\"Carlos Montenegro\",\"image\":{\"@type\":\"ImageObject\",\"inLanguage\":\"en-US\",\"@id\":\"https:\\\/\\\/secure.gravatar.com\\\/avatar\\\/?s=96&d=mm&r=g\",\"url\":\"https:\\\/\\\/secure.gravatar.com\\\/avatar\\\/?s=96&d=mm&r=g\",\"contentUrl\":\"https:\\\/\\\/secure.gravatar.com\\\/avatar\\\/?s=96&d=mm&r=g\",\"caption\":\"Carlos Montenegro\"},\"url\":\"https:\\\/\\\/www.fcbarcelonanoticias.com\\\/en\\\/carlos-montenegro_20_115.html\"}]}<\/script>\n<!-- \/ Yoast SEO plugin. -->","yoast_head_json":{"title":"FC Barcelona, close to signing Abde for the second summer in a row","description":"The months have passed and Abde has not been able to be an important player at Betis, something that has him with one foot out of the Benito Villamar\u00edn, being an important opportunity for Bar\u00e7a to return some millions for the winger","robots":{"index":"index","follow":"follow","max-snippet":"max-snippet:-1","max-image-preview":"max-image-preview:large","max-video-preview":"max-video-preview:-1"},"canonical":"https:\/\/www.fcbarcelonanoticias.com\/en\/transfers\/fcbarcelona-close-to-signing-abde-for-second-summer-in-row_302884_102.html","og_locale":"en_US","og_type":"article","og_title":"FC Barcelona, close to signing Abde for the second summer in a row","og_description":"The months have passed and Abde has not been able to be an important player at Betis, something that has him with one foot out of the Benito Villamar\u00edn, being an important opportunity for Bar\u00e7a to return some millions for the winger","og_url":"https:\/\/www.fcbarcelonanoticias.com\/en\/transfers\/fcbarcelona-close-to-signing-abde-for-second-summer-in-row_302884_102.html","og_site_name":"EN - FC Barcelona Noticias","article_published_time":"2024-04-23T10:16:00+00:00","article_modified_time":"2024-04-24T03:10:00+00:00","og_image":[{"width":1300,"height":733,"url":"https:\/\/www.fcbarcelonanoticias.com\/en\/wp-content\/uploads\/sites\/2\/2024\/04\/ez-abde-partido3.jpeg","type":"image\/jpeg"}],"author":"Carlos Montenegro","twitter_card":"summary_large_image","twitter_misc":{"Written by":"Carlos Montenegro","Est. reading time":"2 minutes"},"schema":{"@context":"https:\/\/schema.org","@graph":[{"@type":"Article","@id":"https:\/\/www.fcbarcelonanoticias.com\/en\/transfers\/fcbarcelona-close-to-signing-abde-for-second-summer-in-row_302884_102.html#article","isPartOf":{"@id":"https:\/\/www.fcbarcelonanoticias.com\/en\/transfers\/fcbarcelona-close-to-signing-abde-for-second-summer-in-row_302884_102.html"},"author":{"name":"Carlos Montenegro","@id":"https:\/\/www.fcbarcelonanoticias.com\/en\/#\/schema\/person\/aa1d038709c262cb247e240f6b39bbf5"},"headline":"FC Barcelona, close to signing Abde for the second summer in a row","datePublished":"2024-04-23T10:16:00+00:00","dateModified":"2024-04-24T03:10:00+00:00","mainEntityOfPage":{"@id":"https:\/\/www.fcbarcelonanoticias.com\/en\/transfers\/fcbarcelona-close-to-signing-abde-for-second-summer-in-row_302884_102.html"},"wordCount":463,"image":{"@id":"https:\/\/www.fcbarcelonanoticias.com\/en\/transfers\/fcbarcelona-close-to-signing-abde-for-second-summer-in-row_302884_102.html#primaryimage"},"thumbnailUrl":"https:\/\/www.fcbarcelonanoticias.com\/en\/wp-content\/uploads\/sites\/2\/2024\/04\/ez-abde-partido3.jpeg","keywords":["Abde","Deco","Joan Laporta","Real Betis","Xavi Hern\u00e1ndez"],"articleSection":["Transfers","Transfers"],"inLanguage":"en-US"},{"@type":"WebPage","@id":"https:\/\/www.fcbarcelonanoticias.com\/en\/transfers\/fcbarcelona-close-to-signing-abde-for-second-summer-in-row_302884_102.html","url":"https:\/\/www.fcbarcelonanoticias.com\/en\/transfers\/fcbarcelona-close-to-signing-abde-for-second-summer-in-row_302884_102.html","name":"FC Barcelona, close to signing Abde for the second summer in a row","isPartOf":{"@id":"https:\/\/www.fcbarcelonanoticias.com\/en\/#website"},"primaryImageOfPage":{"@id":"https:\/\/www.fcbarcelonanoticias.com\/en\/transfers\/fcbarcelona-close-to-signing-abde-for-second-summer-in-row_302884_102.html#primaryimage"},"image":{"@id":"https:\/\/www.fcbarcelonanoticias.com\/en\/transfers\/fcbarcelona-close-to-signing-abde-for-second-summer-in-row_302884_102.html#primaryimage"},"thumbnailUrl":"https:\/\/www.fcbarcelonanoticias.com\/en\/wp-content\/uploads\/sites\/2\/2024\/04\/ez-abde-partido3.jpeg","datePublished":"2024-04-23T10:16:00+00:00","dateModified":"2024-04-24T03:10:00+00:00","author":{"@id":"https:\/\/www.fcbarcelonanoticias.com\/en\/#\/schema\/person\/aa1d038709c262cb247e240f6b39bbf5"},"description":"The months have passed and Abde has not been able to be an important player at Betis, something that has him with one foot out of the Benito Villamar\u00edn, being an important opportunity for Bar\u00e7a to return some millions for the winger","breadcrumb":{"@id":"https:\/\/www.fcbarcelonanoticias.com\/en\/transfers\/fcbarcelona-close-to-signing-abde-for-second-summer-in-row_302884_102.html#breadcrumb"},"inLanguage":"en-US","potentialAction":[{"@type":"ReadAction","target":["https:\/\/www.fcbarcelonanoticias.com\/en\/transfers\/fcbarcelona-close-to-signing-abde-for-second-summer-in-row_302884_102.html"]}]},{"@type":"ImageObject","inLanguage":"en-US","@id":"https:\/\/www.fcbarcelonanoticias.com\/en\/transfers\/fcbarcelona-close-to-signing-abde-for-second-summer-in-row_302884_102.html#primaryimage","url":"https:\/\/www.fcbarcelonanoticias.com\/en\/wp-content\/uploads\/sites\/2\/2024\/04\/ez-abde-partido3.jpeg","contentUrl":"https:\/\/www.fcbarcelonanoticias.com\/en\/wp-content\/uploads\/sites\/2\/2024\/04\/ez-abde-partido3.jpeg","width":1300,"height":733},{"@type":"BreadcrumbList","@id":"https:\/\/www.fcbarcelonanoticias.com\/en\/transfers\/fcbarcelona-close-to-signing-abde-for-second-summer-in-row_302884_102.html#breadcrumb","itemListElement":[{"@type":"ListItem","position":1,"name":"Portada","item":"https:\/\/www.fcbarcelonanoticias.com\/en\/"},{"@type":"ListItem","position":2,"name":"FC Barcelona, close to signing Abde for the second summer in a row"}]},{"@type":"WebSite","@id":"https:\/\/www.fcbarcelonanoticias.com\/en\/#website","url":"https:\/\/www.fcbarcelonanoticias.com\/en\/","name":"EN - FC Barcelona Noticias","description":"","potentialAction":[{"@type":"SearchAction","target":{"@type":"EntryPoint","urlTemplate":"https:\/\/www.fcbarcelonanoticias.com\/en\/?s={search_term_string}"},"query-input":{"@type":"PropertyValueSpecification","valueRequired":true,"valueName":"search_term_string"}}],"inLanguage":"en-US"},{"@type":"Person","@id":"https:\/\/www.fcbarcelonanoticias.com\/en\/#\/schema\/person\/aa1d038709c262cb247e240f6b39bbf5","name":"Carlos Montenegro","image":{"@type":"ImageObject","inLanguage":"en-US","@id":"https:\/\/secure.gravatar.com\/avatar\/?s=96&d=mm&r=g","url":"https:\/\/secure.gravatar.com\/avatar\/?s=96&d=mm&r=g","contentUrl":"https:\/\/secure.gravatar.com\/avatar\/?s=96&d=mm&r=g","caption":"Carlos Montenegro"},"url":"https:\/\/www.fcbarcelonanoticias.com\/en\/carlos-montenegro_20_115.html"}]}},"_links":{"self":[{"href":"https:\/\/www.fcbarcelonanoticias.com\/en\/wp-json\/wp\/v2\/posts\/96804","targetHints":{"allow":["GET"]}}],"collection":[{"href":"https:\/\/www.fcbarcelonanoticias.com\/en\/wp-json\/wp\/v2\/posts"}],"about":[{"href":"https:\/\/www.fcbarcelonanoticias.com\/en\/wp-json\/wp\/v2\/types\/post"}],"author":[{"embeddable":true,"href":"https:\/\/www.fcbarcelonanoticias.com\/en\/wp-json\/wp\/v2\/users\/345"}],"replies":[{"embeddable":true,"href":"https:\/\/www.fcbarcelonanoticias.com\/en\/wp-json\/wp\/v2\/comments?post=96804"}],"version-history":[{"count":1,"href":"https:\/\/www.fcbarcelonanoticias.com\/en\/wp-json\/wp\/v2\/posts\/96804\/revisions"}],"predecessor-version":[{"id":127385,"href":"https:\/\/www.fcbarcelonanoticias.com\/en\/wp-json\/wp\/v2\/posts\/96804\/revisions\/127385"}],"wp:featuredmedia":[{"embeddable":true,"href":"https:\/\/www.fcbarcelonanoticias.com\/en\/wp-json\/wp\/v2\/media\/96817"}],"wp:attachment":[{"href":"https:\/\/www.fcbarcelonanoticias.com\/en\/wp-json\/wp\/v2\/media?parent=96804"}],"wp:term":[{"taxonomy":"category","embeddable":true,"href":"https:\/\/www.fcbarcelonanoticias.com\/en\/wp-json\/wp\/v2\/categories?post=96804"},{"taxonomy":"post_tag","embeddable":true,"href":"https:\/\/www.fcbarcelonanoticias.com\/en\/wp-json\/wp\/v2\/tags?post=96804"}],"curies":[{"name":"wp","href":"https:\/\/api.w.org\/{rel}","templated":true}]}}