{"id":97049,"date":"2022-03-22T17:09:00","date_gmt":"2022-03-22T16:09:00","guid":{"rendered":"https:\/\/weisetech.dev\/fc-barcelona-noticias\/en\/loaned-look-for-site-roster-barcelona-next-season_278767_102\/"},"modified":"2022-03-22T17:35:00","modified_gmt":"2022-03-22T16:35:00","slug":"loaned-look-for-site-roster-barcelona-next-season_278767_102","status":"publish","type":"post","link":"https:\/\/www.fcbarcelonanoticias.com\/en\/transfers\/loaned-look-for-site-roster-barcelona-next-season_278767_102.html","title":{"rendered":"Those on loan are looking for a place in the Bar\u00e7a squad next season"},"content":{"rendered":"<h2 class=\"wp-block-heading\">Bar\u00e7a decided to give up several players that Xavi did not have in both transfer windows, in order to free up wage bills. Now, these are showing a good performance in their clubs and a return to the cul\u00e9s ranks is not ruled out<\/h2>  \r\n<div class=\"article-addons\">\r\n    <a href=\"https:\/\/www.fcbarcelonanoticias.com\/en\/calendar-fc-barcelona.html\"\r\n       target=\"_self\"\r\n       title=\"Calendar of FC Barcelona\"\r\n       class=\"blue-gredient-btn\">\r\n       \r\n        Calendar of FC Barcelona    <\/a>\r\n<\/div>   <p>The <a data-external=\"0\" data-intl-links-en=\"https:\/\/www.fcbarcelonanoticias.com\/en\/fc-barcelona\" data-intl-links-es=\"https:\/\/www.fcbarcelonanoticias.com\/fc-barcelona\" href=\"https:\/\/www.fcbarcelonanoticias.com\/en\/football-soccer\/fc-barcelona.html\" rel=\"follow\" target=\"_self\" title=\"FC Barcelona\">FC Barcelona<\/a> lives his sweeter moment in long. Under the control of <a data-external=\"0\" data-intl-links-en=\"https:\/\/www.fcbarcelonanoticias.com\/en\/tags\/xavi-hernandez\" data-intl-links-es=\"https:\/\/www.fcbarcelonanoticias.com\/tags\/xavi-hernandez\" href=\"https:\/\/www.fcbarcelonanoticias.com\/en\/tags\/xavi-hernandez.html\" rel=\"follow\" target=\"_self\" title=\"Xavi Hern\u00e1ndez\">Xavi<\/a>, the Catalan group seem to have found the way that mixes a good game with good results and the hope has gone back in Can Bar\u00e7a. But this good series no only live it those that are inside the club. The players yielded by the entity are showing the why were considered to play in the rows blaugranas and have a good to walk in his teams. <strong>In &#8216;FCBN&#8217; analyse the individual performances of each one of them<\/strong>.<\/p>  <h4>Antoine Griezmann<\/h4>  <p>The French player arrived to the City Condal with the label of star and the intensi\u00f3n to form a new fearsome trident beside Luis Su\u00e1rez and Lionel Messi. However, his performance was far to be the expected, by what the club decided to give him gone out during the market of past summer and like this free mass salarial. The player returned to the Athletic of Madrid, team in the which dazzled to all Europe and grew exponencialmente like footballer.<\/p>  <p>Well, the player seems to recover of to little the good feelings in the &#8216;colchoneros&#8217;. <strong>It has been key for the &#8216;Cholo&#8217; Simeone, that has had the &#8216;principito&#8217; in 28 parties (1.811&#8242;)<\/strong>, in which it has annotated 8 goals and has delivered 5 assistances. All this, having been two months of drop by a muscular injury. From Wanda Metropolitan are more than happy and a turn to the Bar\u00e7a antoja little likely.<\/p>  <h4>Philippe Countinho<\/h4>  <p>Since it arrived of the Liverpool to the Bar\u00e7a, his state of form had been in a constant goes up and drop. Reason whereby the club has opted for yielding him in two occasions, the first to the Bayern and, the last, to the Aston Villa. Now, the Brazilian has fallen of foot in Villa Park, and his performances with the T-shirt of the group &#8216;peasant&#8217; are more than ilusionantes. <strong>It has contested 10 meetings (778&#8242;), leaving some statistics of 4 goals and 3 assistances<\/strong>, in addition to showing an alike game to the that some time dazzled to Anfield Road. The group of Birgmingham is happy with the footballer and could activate his option of purchase.<\/p>  <h4>Francisco Trincao<\/h4>  <p>The Portuguese extreme went out of the rows blaugranas to have the minutes with which did not go to explain in the Camp Nou. It put course to the Wolverhampton, and has been far to surpass the expectations. The player has played 24 parties (1.191&#8242;) in all the competitions, with some poor figures of 2 goals and, grieve, 1 assistance. <strong>Has an option of purchase no compulsory of 30 millions and is little likely that the &#8216;Wolves&#8217; go it to execute<\/strong>. However, from Barcelona expect that it recover the level in the last parties of the season, so that it wake up the interest of the clubs and concretise his sale in summer.<\/p>  <h4>Miralem Pjani\u0107<\/h4>  <p>The Bosnio arrived to the FC Barcelona like a reinforcement of first level for the midfield, but never explained for Ronald Koeman. In front of the fault of opportunities, the player put to Turkey to play in the Besiktas. In &#8216;the black eagles&#8217; the midfield player has been very punished by the injuries, <strong>having contested only 22 parties (1.720&#8242;) and has delivered 4 assistances<\/strong>. However, it finds very happy in his club and does not pose a return to the team cul\u00e9.<\/p>  <h4>I\u00f1aki Crag and \u00c1lex Hill<\/h4>  <p>Both canteranos are those that more &#8216;ballots&#8217; have to go back to the picture directed by Xavi from the next year. The guardameta has played 8 parties (720&#8242;), has attained to remove him the place in the goal to Fernando Muslera in the Galatasaray, and from the Turkish club are loved with him. His performances in front of the Catalans in the Europe League dazzled to all in Can <strong>Bar\u00e7a and already is the favourite to occupy the place that Net will leave free from this summer<\/strong>.<\/p>  <p>By the another side, \u00c1lex Hill went out in research to have more minutes in First Division, and, up to now, has achieved it. Since it arrived to the Granada has contested 9 meetings (442&#8242;) and has delivered 1 assistance. <strong>The footballer was key in the last victory of his team in front of the Alav\u00e9s<\/strong>, when giving the pass of goal that meant the definite triumph of his club. If it follows like this, it would handle like an option for the leading cul\u00e9 from the next season.<\/p> ","protected":false},"excerpt":{"rendered":"<p>Bar\u00e7a decided to give up several players that Xavi did not have in both transfer windows, in order to free up wage bills. Now, these are showing a good performance in their clubs and a return to the cul\u00e9s ranks is not ruled out The FC Barcelona lives his sweeter moment in long. Under the [&hellip;]<\/p>\n","protected":false},"author":358,"featured_media":97064,"comment_status":"closed","ping_status":"open","sticky":false,"template":"","format":"standard","meta":{"_acf_changed":false,"inline_featured_image":false,"_nextfly_llmd_date_locked":false,"footnotes":""},"categories":[106,449],"tags":[268,246,145,326],"class_list":["post-97049","post","type-post","status-publish","format-standard","has-post-thumbnail","hentry","category-transfers","category-transfers-2","tag-coutinho","tag-francisco-trincao","tag-griezmann","tag-miralem-pjanic"],"acf":[],"yoast_head":"<!-- This site is optimized with the Yoast SEO plugin v27.3 - https:\/\/yoast.com\/product\/yoast-seo-wordpress\/ -->\n<title>Those on loan are looking for a place in the Bar\u00e7a squad next season<\/title>\n<meta name=\"description\" content=\"The Bar\u00e7a decided to yield in both windows of signings to several players with which Xavi did not explain, with the end to free mass salarial. Now, these are...\" \/>\n<meta name=\"robots\" content=\"index, follow, max-snippet:-1, max-image-preview:large, max-video-preview:-1\" \/>\n<link rel=\"canonical\" href=\"https:\/\/www.fcbarcelonanoticias.com\/en\/transfers\/loaned-look-for-site-roster-barcelona-next-season_278767_102.html\" \/>\n<meta property=\"og:locale\" content=\"en_US\" \/>\n<meta property=\"og:type\" content=\"article\" \/>\n<meta property=\"og:title\" content=\"Those on loan are looking for a place in the Bar\u00e7a squad next season\" \/>\n<meta property=\"og:description\" content=\"The Bar\u00e7a decided to yield in both windows of signings to several players with which Xavi did not explain, with the end to free mass salarial. Now, these are...\" \/>\n<meta property=\"og:url\" content=\"https:\/\/www.fcbarcelonanoticias.com\/en\/transfers\/loaned-look-for-site-roster-barcelona-next-season_278767_102.html\" \/>\n<meta property=\"og:site_name\" content=\"EN - FC Barcelona Noticias\" \/>\n<meta property=\"article:published_time\" content=\"2022-03-22T16:09:00+00:00\" \/>\n<meta property=\"article:modified_time\" content=\"2022-03-22T16:35:00+00:00\" \/>\n<meta property=\"og:image\" content=\"https:\/\/www.fcbarcelonanoticias.com\/en\/wp-content\/uploads\/sites\/2\/2022\/03\/alex-collado-granada.jpeg\" \/>\n\t<meta property=\"og:image:width\" content=\"1300\" \/>\n\t<meta property=\"og:image:height\" content=\"732\" \/>\n\t<meta property=\"og:image:type\" content=\"image\/jpeg\" \/>\n<meta name=\"author\" content=\"Juan Pablo Berdugo\" \/>\n<meta name=\"twitter:card\" content=\"summary_large_image\" \/>\n<meta name=\"twitter:label1\" content=\"Written by\" \/>\n\t<meta name=\"twitter:data1\" content=\"Juan Pablo Berdugo\" \/>\n\t<meta name=\"twitter:label2\" content=\"Est. reading time\" \/>\n\t<meta name=\"twitter:data2\" content=\"4 minutes\" \/>\n<script type=\"application\/ld+json\" class=\"yoast-schema-graph\">{\"@context\":\"https:\\\/\\\/schema.org\",\"@graph\":[{\"@type\":\"Article\",\"@id\":\"https:\\\/\\\/www.fcbarcelonanoticias.com\\\/en\\\/transfers\\\/loaned-look-for-site-roster-barcelona-next-season_278767_102.html#article\",\"isPartOf\":{\"@id\":\"https:\\\/\\\/www.fcbarcelonanoticias.com\\\/en\\\/transfers\\\/loaned-look-for-site-roster-barcelona-next-season_278767_102.html\"},\"author\":{\"name\":\"Juan Pablo Berdugo\",\"@id\":\"https:\\\/\\\/www.fcbarcelonanoticias.com\\\/en\\\/#\\\/schema\\\/person\\\/88d756918a0a1ae9fa593b5edddd1815\"},\"headline\":\"Those on loan are looking for a place in the Bar\u00e7a squad next season\",\"datePublished\":\"2022-03-22T16:09:00+00:00\",\"dateModified\":\"2022-03-22T16:35:00+00:00\",\"mainEntityOfPage\":{\"@id\":\"https:\\\/\\\/www.fcbarcelonanoticias.com\\\/en\\\/transfers\\\/loaned-look-for-site-roster-barcelona-next-season_278767_102.html\"},\"wordCount\":793,\"image\":{\"@id\":\"https:\\\/\\\/www.fcbarcelonanoticias.com\\\/en\\\/transfers\\\/loaned-look-for-site-roster-barcelona-next-season_278767_102.html#primaryimage\"},\"thumbnailUrl\":\"https:\\\/\\\/www.fcbarcelonanoticias.com\\\/en\\\/wp-content\\\/uploads\\\/sites\\\/2\\\/2022\\\/03\\\/alex-collado-granada.jpeg\",\"keywords\":[\"Coutinho\",\"Francisco Trincao\",\"Griezmann\",\"Miralem Pjanic\"],\"articleSection\":[\"Transfers\",\"Transfers\"],\"inLanguage\":\"en-US\"},{\"@type\":\"WebPage\",\"@id\":\"https:\\\/\\\/www.fcbarcelonanoticias.com\\\/en\\\/transfers\\\/loaned-look-for-site-roster-barcelona-next-season_278767_102.html\",\"url\":\"https:\\\/\\\/www.fcbarcelonanoticias.com\\\/en\\\/transfers\\\/loaned-look-for-site-roster-barcelona-next-season_278767_102.html\",\"name\":\"Those on loan are looking for a place in the Bar\u00e7a squad next season\",\"isPartOf\":{\"@id\":\"https:\\\/\\\/www.fcbarcelonanoticias.com\\\/en\\\/#website\"},\"primaryImageOfPage\":{\"@id\":\"https:\\\/\\\/www.fcbarcelonanoticias.com\\\/en\\\/transfers\\\/loaned-look-for-site-roster-barcelona-next-season_278767_102.html#primaryimage\"},\"image\":{\"@id\":\"https:\\\/\\\/www.fcbarcelonanoticias.com\\\/en\\\/transfers\\\/loaned-look-for-site-roster-barcelona-next-season_278767_102.html#primaryimage\"},\"thumbnailUrl\":\"https:\\\/\\\/www.fcbarcelonanoticias.com\\\/en\\\/wp-content\\\/uploads\\\/sites\\\/2\\\/2022\\\/03\\\/alex-collado-granada.jpeg\",\"datePublished\":\"2022-03-22T16:09:00+00:00\",\"dateModified\":\"2022-03-22T16:35:00+00:00\",\"author\":{\"@id\":\"https:\\\/\\\/www.fcbarcelonanoticias.com\\\/en\\\/#\\\/schema\\\/person\\\/88d756918a0a1ae9fa593b5edddd1815\"},\"description\":\"The Bar\u00e7a decided to yield in both windows of signings to several players with which Xavi did not explain, with the end to free mass salarial. Now, these are...\",\"breadcrumb\":{\"@id\":\"https:\\\/\\\/www.fcbarcelonanoticias.com\\\/en\\\/transfers\\\/loaned-look-for-site-roster-barcelona-next-season_278767_102.html#breadcrumb\"},\"inLanguage\":\"en-US\",\"potentialAction\":[{\"@type\":\"ReadAction\",\"target\":[\"https:\\\/\\\/www.fcbarcelonanoticias.com\\\/en\\\/transfers\\\/loaned-look-for-site-roster-barcelona-next-season_278767_102.html\"]}]},{\"@type\":\"ImageObject\",\"inLanguage\":\"en-US\",\"@id\":\"https:\\\/\\\/www.fcbarcelonanoticias.com\\\/en\\\/transfers\\\/loaned-look-for-site-roster-barcelona-next-season_278767_102.html#primaryimage\",\"url\":\"https:\\\/\\\/www.fcbarcelonanoticias.com\\\/en\\\/wp-content\\\/uploads\\\/sites\\\/2\\\/2022\\\/03\\\/alex-collado-granada.jpeg\",\"contentUrl\":\"https:\\\/\\\/www.fcbarcelonanoticias.com\\\/en\\\/wp-content\\\/uploads\\\/sites\\\/2\\\/2022\\\/03\\\/alex-collado-granada.jpeg\",\"width\":1300,\"height\":732},{\"@type\":\"BreadcrumbList\",\"@id\":\"https:\\\/\\\/www.fcbarcelonanoticias.com\\\/en\\\/transfers\\\/loaned-look-for-site-roster-barcelona-next-season_278767_102.html#breadcrumb\",\"itemListElement\":[{\"@type\":\"ListItem\",\"position\":1,\"name\":\"Portada\",\"item\":\"https:\\\/\\\/www.fcbarcelonanoticias.com\\\/en\\\/\"},{\"@type\":\"ListItem\",\"position\":2,\"name\":\"Those on loan are looking for a place in the Bar\u00e7a squad next season\"}]},{\"@type\":\"WebSite\",\"@id\":\"https:\\\/\\\/www.fcbarcelonanoticias.com\\\/en\\\/#website\",\"url\":\"https:\\\/\\\/www.fcbarcelonanoticias.com\\\/en\\\/\",\"name\":\"EN - FC Barcelona Noticias\",\"description\":\"\",\"potentialAction\":[{\"@type\":\"SearchAction\",\"target\":{\"@type\":\"EntryPoint\",\"urlTemplate\":\"https:\\\/\\\/www.fcbarcelonanoticias.com\\\/en\\\/?s={search_term_string}\"},\"query-input\":{\"@type\":\"PropertyValueSpecification\",\"valueRequired\":true,\"valueName\":\"search_term_string\"}}],\"inLanguage\":\"en-US\"},{\"@type\":\"Person\",\"@id\":\"https:\\\/\\\/www.fcbarcelonanoticias.com\\\/en\\\/#\\\/schema\\\/person\\\/88d756918a0a1ae9fa593b5edddd1815\",\"name\":\"Juan Pablo Berdugo\",\"image\":{\"@type\":\"ImageObject\",\"inLanguage\":\"en-US\",\"@id\":\"https:\\\/\\\/secure.gravatar.com\\\/avatar\\\/?s=96&d=mm&r=g\",\"url\":\"https:\\\/\\\/secure.gravatar.com\\\/avatar\\\/?s=96&d=mm&r=g\",\"contentUrl\":\"https:\\\/\\\/secure.gravatar.com\\\/avatar\\\/?s=96&d=mm&r=g\",\"caption\":\"Juan Pablo Berdugo\"},\"description\":\"Juan Pablo Berdugo es graduado en Periodismo. Colabora con FCBN como especialista en informaci\u00f3n del primer equipo del FC Barcelona, f\u00fatbol internacional y mercado de fichajes. Destaca por su enfoque anal\u00edtico, su rigor informativo y su capacidad para detectar tendencias emergentes en el f\u00fatbol global.\",\"url\":\"https:\\\/\\\/www.fcbarcelonanoticias.com\\\/en\\\/fc-barcelona\\\/juan-pablo-berdugo_18_115.html\"}]}<\/script>\n<!-- \/ Yoast SEO plugin. -->","yoast_head_json":{"title":"Those on loan are looking for a place in the Bar\u00e7a squad next season","description":"The Bar\u00e7a decided to yield in both windows of signings to several players with which Xavi did not explain, with the end to free mass salarial. Now, these are...","robots":{"index":"index","follow":"follow","max-snippet":"max-snippet:-1","max-image-preview":"max-image-preview:large","max-video-preview":"max-video-preview:-1"},"canonical":"https:\/\/www.fcbarcelonanoticias.com\/en\/transfers\/loaned-look-for-site-roster-barcelona-next-season_278767_102.html","og_locale":"en_US","og_type":"article","og_title":"Those on loan are looking for a place in the Bar\u00e7a squad next season","og_description":"The Bar\u00e7a decided to yield in both windows of signings to several players with which Xavi did not explain, with the end to free mass salarial. Now, these are...","og_url":"https:\/\/www.fcbarcelonanoticias.com\/en\/transfers\/loaned-look-for-site-roster-barcelona-next-season_278767_102.html","og_site_name":"EN - FC Barcelona Noticias","article_published_time":"2022-03-22T16:09:00+00:00","article_modified_time":"2022-03-22T16:35:00+00:00","og_image":[{"width":1300,"height":732,"url":"https:\/\/www.fcbarcelonanoticias.com\/en\/wp-content\/uploads\/sites\/2\/2022\/03\/alex-collado-granada.jpeg","type":"image\/jpeg"}],"author":"Juan Pablo Berdugo","twitter_card":"summary_large_image","twitter_misc":{"Written by":"Juan Pablo Berdugo","Est. reading time":"4 minutes"},"schema":{"@context":"https:\/\/schema.org","@graph":[{"@type":"Article","@id":"https:\/\/www.fcbarcelonanoticias.com\/en\/transfers\/loaned-look-for-site-roster-barcelona-next-season_278767_102.html#article","isPartOf":{"@id":"https:\/\/www.fcbarcelonanoticias.com\/en\/transfers\/loaned-look-for-site-roster-barcelona-next-season_278767_102.html"},"author":{"name":"Juan Pablo Berdugo","@id":"https:\/\/www.fcbarcelonanoticias.com\/en\/#\/schema\/person\/88d756918a0a1ae9fa593b5edddd1815"},"headline":"Those on loan are looking for a place in the Bar\u00e7a squad next season","datePublished":"2022-03-22T16:09:00+00:00","dateModified":"2022-03-22T16:35:00+00:00","mainEntityOfPage":{"@id":"https:\/\/www.fcbarcelonanoticias.com\/en\/transfers\/loaned-look-for-site-roster-barcelona-next-season_278767_102.html"},"wordCount":793,"image":{"@id":"https:\/\/www.fcbarcelonanoticias.com\/en\/transfers\/loaned-look-for-site-roster-barcelona-next-season_278767_102.html#primaryimage"},"thumbnailUrl":"https:\/\/www.fcbarcelonanoticias.com\/en\/wp-content\/uploads\/sites\/2\/2022\/03\/alex-collado-granada.jpeg","keywords":["Coutinho","Francisco Trincao","Griezmann","Miralem Pjanic"],"articleSection":["Transfers","Transfers"],"inLanguage":"en-US"},{"@type":"WebPage","@id":"https:\/\/www.fcbarcelonanoticias.com\/en\/transfers\/loaned-look-for-site-roster-barcelona-next-season_278767_102.html","url":"https:\/\/www.fcbarcelonanoticias.com\/en\/transfers\/loaned-look-for-site-roster-barcelona-next-season_278767_102.html","name":"Those on loan are looking for a place in the Bar\u00e7a squad next season","isPartOf":{"@id":"https:\/\/www.fcbarcelonanoticias.com\/en\/#website"},"primaryImageOfPage":{"@id":"https:\/\/www.fcbarcelonanoticias.com\/en\/transfers\/loaned-look-for-site-roster-barcelona-next-season_278767_102.html#primaryimage"},"image":{"@id":"https:\/\/www.fcbarcelonanoticias.com\/en\/transfers\/loaned-look-for-site-roster-barcelona-next-season_278767_102.html#primaryimage"},"thumbnailUrl":"https:\/\/www.fcbarcelonanoticias.com\/en\/wp-content\/uploads\/sites\/2\/2022\/03\/alex-collado-granada.jpeg","datePublished":"2022-03-22T16:09:00+00:00","dateModified":"2022-03-22T16:35:00+00:00","author":{"@id":"https:\/\/www.fcbarcelonanoticias.com\/en\/#\/schema\/person\/88d756918a0a1ae9fa593b5edddd1815"},"description":"The Bar\u00e7a decided to yield in both windows of signings to several players with which Xavi did not explain, with the end to free mass salarial. Now, these are...","breadcrumb":{"@id":"https:\/\/www.fcbarcelonanoticias.com\/en\/transfers\/loaned-look-for-site-roster-barcelona-next-season_278767_102.html#breadcrumb"},"inLanguage":"en-US","potentialAction":[{"@type":"ReadAction","target":["https:\/\/www.fcbarcelonanoticias.com\/en\/transfers\/loaned-look-for-site-roster-barcelona-next-season_278767_102.html"]}]},{"@type":"ImageObject","inLanguage":"en-US","@id":"https:\/\/www.fcbarcelonanoticias.com\/en\/transfers\/loaned-look-for-site-roster-barcelona-next-season_278767_102.html#primaryimage","url":"https:\/\/www.fcbarcelonanoticias.com\/en\/wp-content\/uploads\/sites\/2\/2022\/03\/alex-collado-granada.jpeg","contentUrl":"https:\/\/www.fcbarcelonanoticias.com\/en\/wp-content\/uploads\/sites\/2\/2022\/03\/alex-collado-granada.jpeg","width":1300,"height":732},{"@type":"BreadcrumbList","@id":"https:\/\/www.fcbarcelonanoticias.com\/en\/transfers\/loaned-look-for-site-roster-barcelona-next-season_278767_102.html#breadcrumb","itemListElement":[{"@type":"ListItem","position":1,"name":"Portada","item":"https:\/\/www.fcbarcelonanoticias.com\/en\/"},{"@type":"ListItem","position":2,"name":"Those on loan are looking for a place in the Bar\u00e7a squad next season"}]},{"@type":"WebSite","@id":"https:\/\/www.fcbarcelonanoticias.com\/en\/#website","url":"https:\/\/www.fcbarcelonanoticias.com\/en\/","name":"EN - FC Barcelona Noticias","description":"","potentialAction":[{"@type":"SearchAction","target":{"@type":"EntryPoint","urlTemplate":"https:\/\/www.fcbarcelonanoticias.com\/en\/?s={search_term_string}"},"query-input":{"@type":"PropertyValueSpecification","valueRequired":true,"valueName":"search_term_string"}}],"inLanguage":"en-US"},{"@type":"Person","@id":"https:\/\/www.fcbarcelonanoticias.com\/en\/#\/schema\/person\/88d756918a0a1ae9fa593b5edddd1815","name":"Juan Pablo Berdugo","image":{"@type":"ImageObject","inLanguage":"en-US","@id":"https:\/\/secure.gravatar.com\/avatar\/?s=96&d=mm&r=g","url":"https:\/\/secure.gravatar.com\/avatar\/?s=96&d=mm&r=g","contentUrl":"https:\/\/secure.gravatar.com\/avatar\/?s=96&d=mm&r=g","caption":"Juan Pablo Berdugo"},"description":"Juan Pablo Berdugo es graduado en Periodismo. Colabora con FCBN como especialista en informaci\u00f3n del primer equipo del FC Barcelona, f\u00fatbol internacional y mercado de fichajes. Destaca por su enfoque anal\u00edtico, su rigor informativo y su capacidad para detectar tendencias emergentes en el f\u00fatbol global.","url":"https:\/\/www.fcbarcelonanoticias.com\/en\/fc-barcelona\/juan-pablo-berdugo_18_115.html"}]}},"_links":{"self":[{"href":"https:\/\/www.fcbarcelonanoticias.com\/en\/wp-json\/wp\/v2\/posts\/97049","targetHints":{"allow":["GET"]}}],"collection":[{"href":"https:\/\/www.fcbarcelonanoticias.com\/en\/wp-json\/wp\/v2\/posts"}],"about":[{"href":"https:\/\/www.fcbarcelonanoticias.com\/en\/wp-json\/wp\/v2\/types\/post"}],"author":[{"embeddable":true,"href":"https:\/\/www.fcbarcelonanoticias.com\/en\/wp-json\/wp\/v2\/users\/358"}],"replies":[{"embeddable":true,"href":"https:\/\/www.fcbarcelonanoticias.com\/en\/wp-json\/wp\/v2\/comments?post=97049"}],"version-history":[{"count":1,"href":"https:\/\/www.fcbarcelonanoticias.com\/en\/wp-json\/wp\/v2\/posts\/97049\/revisions"}],"predecessor-version":[{"id":131534,"href":"https:\/\/www.fcbarcelonanoticias.com\/en\/wp-json\/wp\/v2\/posts\/97049\/revisions\/131534"}],"wp:featuredmedia":[{"embeddable":true,"href":"https:\/\/www.fcbarcelonanoticias.com\/en\/wp-json\/wp\/v2\/media\/97064"}],"wp:attachment":[{"href":"https:\/\/www.fcbarcelonanoticias.com\/en\/wp-json\/wp\/v2\/media?parent=97049"}],"wp:term":[{"taxonomy":"category","embeddable":true,"href":"https:\/\/www.fcbarcelonanoticias.com\/en\/wp-json\/wp\/v2\/categories?post=97049"},{"taxonomy":"post_tag","embeddable":true,"href":"https:\/\/www.fcbarcelonanoticias.com\/en\/wp-json\/wp\/v2\/tags?post=97049"}],"curies":[{"name":"wp","href":"https:\/\/api.w.org\/{rel}","templated":true}]}}