{"id":97174,"date":"2025-03-22T23:28:00","date_gmt":"2025-03-22T22:28:00","guid":{"rendered":"https:\/\/weisetech.dev\/fc-barcelona-noticias\/en\/liverpool-interferes-in-the-signing-of-jonathan-tah-and-complicates-barca_311672_102\/"},"modified":"2025-03-22T23:28:00","modified_gmt":"2025-03-22T22:28:00","slug":"liverpool-interferes-in-the-signing-of-jonathan-tah-and-complicates-barca_311672_102","status":"publish","type":"post","link":"https:\/\/www.fcbarcelonanoticias.com\/en\/transfers\/liverpool-interferes-in-the-signing-of-jonathan-tah-and-complicates-barca_311672_102.html","title":{"rendered":"Liverpool Interferes in the Signing of Jonathan Tah and Complicates Bar\u00e7a"},"content":{"rendered":"<h2 class=\"wp-block-heading\">Liverpool has started to closely monitor Jonathan Tah. The &#8216;Reds&#8217; see him as a future replacement for Virgil van Dijk and jeopardize his arrival at Bar\u00e7a<\/h2>  \r\n<div class=\"article-addons\">\r\n    <a href=\"https:\/\/www.fcbarcelonanoticias.com\/en\/calendar-fc-barcelona.html\"\r\n       target=\"_self\"\r\n       title=\"Calendar of FC Barcelona\"\r\n       class=\"blue-gredient-btn\">\r\n       \r\n        Calendar of FC Barcelona    <\/a>\r\n<\/div>   <p>The name of&nbsp;<strong>Jonathan Tah<\/strong>&nbsp;is one of the most talked about in the halls of&nbsp;<strong>Spotify Camp Nou<\/strong>. The center-back has reportedly decided not to renew with&nbsp;<strong>Bayer Leverkusen<\/strong>&nbsp;and is set to leave as a free agent next summer, a situation that&nbsp;<strong>FC Barcelona<\/strong>&nbsp;wants to take advantage of to bring him into their ranks at no cost, considering him an unbeatable market opportunity.<\/p>  <p><strong>Hansi Flick<\/strong>&nbsp;considers him a key reinforcement for the defense, especially given the uncertainty surrounding&nbsp;<strong><a data-external=\"0\" data-intl-links-en=\"https:\/\/www.fcbarcelonanoticias.com\/en\/transfers\/what-will-happen-with-christensen-barcelona-plans-to-raise-funds_311643_102.html\" data-intl-links-es=\"https:\/\/www.fcbarcelonanoticias.com\/fichajes\/futuro-christensen-que-planes-tiene-barcelona-hacer-caja_311643_102.html\" href=\"https:\/\/www.fcbarcelonanoticias.com\/en\/transfers\/what-will-happen-with-christensen-barcelona-plans-to-raise-funds_311643_102.html\" rel=\"follow\" target=\"_self\" title=\"The Future of Christensen: What Plans Does Barcelona Have to Raise Funds?\">Andreas Christensen<\/a><\/strong>&nbsp;and&nbsp;<strong>Eric Garc\u00eda<\/strong>, whose contracts expire in 2026 and whose continuity at the club is far from guaranteed. The management plans to cash in on the Dane during the summer window to free up salary space, while the academy player has a reputation in <strong>LaLiga<\/strong> and will certainly receive tempting offers, which is why the German is at the top of the Catalans&#8217; list of future prospects.<\/p>  <p>However, being a top-level player, several of the best clubs in the continent are closely following him as his signing would represent a quality leap for any squad without the need to spend a euro on his transfer. Therefore, despite the fact that the azulgrana entity seemed to have won the race and had his signing on track, some teams continue to insist on his arrival and <strong>Liverpool would be the latest major threat to the Catalans<\/strong>.<\/p>  <h2>Liverpool Considers Him the Heir to Van Dijk<\/h2>  <p>Indeed, from the offices at Anfield Road, they are starting to prepare for the &#8216;post-Virgil van Dijk&#8217; future, and the 29-year-old German is one of the preferred options for the sports management. <strong>Nico&nbsp;Schlotterbeck<\/strong> was seen as the main candidate to take over from the Dutchman in the center of defense, but the difficulties the &#8216;Reds&#8217; will face in convincing&nbsp;<strong>Borussia Dortmund<\/strong> to transfer him have led them to look towards the <strong>BayArena<\/strong> to try to acquire one of the captains of the Aspirins.<\/p>  <p>Although <a data-external=\"0\" data-intl-links-en=\"https:\/\/www.fcbarcelonanoticias.com\/en\/transfers\/salah-and-his-renewal-with-liverpool-from-imminent-farewell-to-an-unexpected-surprise_311666_102.html\" data-intl-links-es=\"https:\/\/www.fcbarcelonanoticias.com\/fichajes\/salah-su-renovacion-con-liverpool-adios-inminente-sorpresa-inesperada_311666_102.html\" href=\"https:\/\/www.fcbarcelonanoticias.com\/en\/transfers\/salah-and-his-renewal-with-liverpool-from-imminent-farewell-to-an-unexpected-surprise_311666_102.html\" rel=\"follow\" target=\"_self\" title=\"Salah and His Renewal with Liverpool: From Imminent Farewell to an Unexpected Surprise\">the Merseyside team is close to extending Van Dijk&#8217;s contract<\/a>, the possibility of acquiring <strong>Tah<\/strong> at no cost at the end of the season is more than tempting for the club, which is why they are preparing an offensive to snatch him from <strong>Bar\u00e7a<\/strong> in the coming weeks, as reported by journalist&nbsp;Christian Falk.<\/p>  <p>So far, there have been no concrete movements regarding a <strong>Tah<\/strong> who has yet to make a definitive decision regarding his future. Meanwhile, at <strong>Spotify Camp Nou<\/strong>, they have prioritized signing a left winger, but in light of Liverpool&#8217;s growing interest in the center-back, they may accelerate discussions to avoid losing one of their major targets to the Premier League, meaning the operation could &#8216;heat up&#8217; soon.<\/p> ","protected":false},"excerpt":{"rendered":"<p>Liverpool has started to closely monitor Jonathan Tah. The &#8216;Reds&#8217; see him as a future replacement for Virgil van Dijk and jeopardize his arrival at Bar\u00e7a The name of&nbsp;Jonathan Tah&nbsp;is one of the most talked about in the halls of&nbsp;Spotify Camp Nou. The center-back has reportedly decided not to renew with&nbsp;Bayer Leverkusen&nbsp;and is set to [&hellip;]<\/p>\n","protected":false},"author":358,"featured_media":97189,"comment_status":"closed","ping_status":"open","sticky":false,"template":"","format":"standard","meta":{"_acf_changed":false,"inline_featured_image":false,"_nextfly_llmd_date_locked":false,"footnotes":""},"categories":[449,106],"tags":[413],"class_list":["post-97174","post","type-post","status-publish","format-standard","has-post-thumbnail","hentry","category-transfers-2","category-transfers","tag-jonathan-tah"],"acf":[],"yoast_head":"<!-- This site is optimized with the Yoast SEO plugin v27.3 - https:\/\/yoast.com\/product\/yoast-seo-wordpress\/ -->\n<title>Liverpool Interferes in the Signing of Jonathan Tah and Complicates Bar\u00e7a<\/title>\n<meta name=\"description\" content=\"Liverpool has started to closely monitor Jonathan Tah. The &#039;Reds&#039; see him as a future replacement for Virgil van Dijk and jeopardize his arrival at...\" \/>\n<meta name=\"robots\" content=\"index, follow, max-snippet:-1, max-image-preview:large, max-video-preview:-1\" \/>\n<link rel=\"canonical\" href=\"https:\/\/www.fcbarcelonanoticias.com\/en\/transfers\/liverpool-interferes-in-the-signing-of-jonathan-tah-and-complicates-barca_311672_102.html\" \/>\n<meta property=\"og:locale\" content=\"en_US\" \/>\n<meta property=\"og:type\" content=\"article\" \/>\n<meta property=\"og:title\" content=\"Liverpool Interferes in the Signing of Jonathan Tah and Complicates Bar\u00e7a\" \/>\n<meta property=\"og:description\" content=\"Liverpool has started to closely monitor Jonathan Tah. The &#039;Reds&#039; see him as a future replacement for Virgil van Dijk and jeopardize his arrival at...\" \/>\n<meta property=\"og:url\" content=\"https:\/\/www.fcbarcelonanoticias.com\/en\/transfers\/liverpool-interferes-in-the-signing-of-jonathan-tah-and-complicates-barca_311672_102.html\" \/>\n<meta property=\"og:site_name\" content=\"EN - FC Barcelona Noticias\" \/>\n<meta property=\"article:published_time\" content=\"2025-03-22T22:28:00+00:00\" \/>\n<meta property=\"og:image\" content=\"https:\/\/www.fcbarcelonanoticias.com\/en\/wp-content\/uploads\/sites\/2\/2025\/03\/italy-v-germany-uefa-nations-league-quarterfinal-leg-one-1.webp\" \/>\n\t<meta property=\"og:image:width\" content=\"1200\" \/>\n\t<meta property=\"og:image:height\" content=\"675\" \/>\n\t<meta property=\"og:image:type\" content=\"image\/webp\" \/>\n<meta name=\"author\" content=\"Juan Pablo Berdugo\" \/>\n<meta name=\"twitter:card\" content=\"summary_large_image\" \/>\n<meta name=\"twitter:label1\" content=\"Written by\" \/>\n\t<meta name=\"twitter:data1\" content=\"Juan Pablo Berdugo\" \/>\n\t<meta name=\"twitter:label2\" content=\"Est. reading time\" \/>\n\t<meta name=\"twitter:data2\" content=\"2 minutes\" \/>\n<script type=\"application\/ld+json\" class=\"yoast-schema-graph\">{\"@context\":\"https:\\\/\\\/schema.org\",\"@graph\":[{\"@type\":\"Article\",\"@id\":\"https:\\\/\\\/www.fcbarcelonanoticias.com\\\/en\\\/transfers\\\/liverpool-interferes-in-the-signing-of-jonathan-tah-and-complicates-barca_311672_102.html#article\",\"isPartOf\":{\"@id\":\"https:\\\/\\\/www.fcbarcelonanoticias.com\\\/en\\\/transfers\\\/liverpool-interferes-in-the-signing-of-jonathan-tah-and-complicates-barca_311672_102.html\"},\"author\":{\"name\":\"Juan Pablo Berdugo\",\"@id\":\"https:\\\/\\\/www.fcbarcelonanoticias.com\\\/en\\\/#\\\/schema\\\/person\\\/88d756918a0a1ae9fa593b5edddd1815\"},\"headline\":\"Liverpool Interferes in the Signing of Jonathan Tah and Complicates Bar\u00e7a\",\"datePublished\":\"2025-03-22T22:28:00+00:00\",\"mainEntityOfPage\":{\"@id\":\"https:\\\/\\\/www.fcbarcelonanoticias.com\\\/en\\\/transfers\\\/liverpool-interferes-in-the-signing-of-jonathan-tah-and-complicates-barca_311672_102.html\"},\"wordCount\":497,\"image\":{\"@id\":\"https:\\\/\\\/www.fcbarcelonanoticias.com\\\/en\\\/transfers\\\/liverpool-interferes-in-the-signing-of-jonathan-tah-and-complicates-barca_311672_102.html#primaryimage\"},\"thumbnailUrl\":\"https:\\\/\\\/www.fcbarcelonanoticias.com\\\/en\\\/wp-content\\\/uploads\\\/sites\\\/2\\\/2025\\\/03\\\/italy-v-germany-uefa-nations-league-quarterfinal-leg-one-1.webp\",\"keywords\":[\"Jonathan Tah\"],\"articleSection\":[\"Transfers\",\"Transfers\"],\"inLanguage\":\"en-US\"},{\"@type\":\"WebPage\",\"@id\":\"https:\\\/\\\/www.fcbarcelonanoticias.com\\\/en\\\/transfers\\\/liverpool-interferes-in-the-signing-of-jonathan-tah-and-complicates-barca_311672_102.html\",\"url\":\"https:\\\/\\\/www.fcbarcelonanoticias.com\\\/en\\\/transfers\\\/liverpool-interferes-in-the-signing-of-jonathan-tah-and-complicates-barca_311672_102.html\",\"name\":\"Liverpool Interferes in the Signing of Jonathan Tah and Complicates Bar\u00e7a\",\"isPartOf\":{\"@id\":\"https:\\\/\\\/www.fcbarcelonanoticias.com\\\/en\\\/#website\"},\"primaryImageOfPage\":{\"@id\":\"https:\\\/\\\/www.fcbarcelonanoticias.com\\\/en\\\/transfers\\\/liverpool-interferes-in-the-signing-of-jonathan-tah-and-complicates-barca_311672_102.html#primaryimage\"},\"image\":{\"@id\":\"https:\\\/\\\/www.fcbarcelonanoticias.com\\\/en\\\/transfers\\\/liverpool-interferes-in-the-signing-of-jonathan-tah-and-complicates-barca_311672_102.html#primaryimage\"},\"thumbnailUrl\":\"https:\\\/\\\/www.fcbarcelonanoticias.com\\\/en\\\/wp-content\\\/uploads\\\/sites\\\/2\\\/2025\\\/03\\\/italy-v-germany-uefa-nations-league-quarterfinal-leg-one-1.webp\",\"datePublished\":\"2025-03-22T22:28:00+00:00\",\"author\":{\"@id\":\"https:\\\/\\\/www.fcbarcelonanoticias.com\\\/en\\\/#\\\/schema\\\/person\\\/88d756918a0a1ae9fa593b5edddd1815\"},\"description\":\"Liverpool has started to closely monitor Jonathan Tah. The 'Reds' see him as a future replacement for Virgil van Dijk and jeopardize his arrival at...\",\"breadcrumb\":{\"@id\":\"https:\\\/\\\/www.fcbarcelonanoticias.com\\\/en\\\/transfers\\\/liverpool-interferes-in-the-signing-of-jonathan-tah-and-complicates-barca_311672_102.html#breadcrumb\"},\"inLanguage\":\"en-US\",\"potentialAction\":[{\"@type\":\"ReadAction\",\"target\":[\"https:\\\/\\\/www.fcbarcelonanoticias.com\\\/en\\\/transfers\\\/liverpool-interferes-in-the-signing-of-jonathan-tah-and-complicates-barca_311672_102.html\"]}]},{\"@type\":\"ImageObject\",\"inLanguage\":\"en-US\",\"@id\":\"https:\\\/\\\/www.fcbarcelonanoticias.com\\\/en\\\/transfers\\\/liverpool-interferes-in-the-signing-of-jonathan-tah-and-complicates-barca_311672_102.html#primaryimage\",\"url\":\"https:\\\/\\\/www.fcbarcelonanoticias.com\\\/en\\\/wp-content\\\/uploads\\\/sites\\\/2\\\/2025\\\/03\\\/italy-v-germany-uefa-nations-league-quarterfinal-leg-one-1.webp\",\"contentUrl\":\"https:\\\/\\\/www.fcbarcelonanoticias.com\\\/en\\\/wp-content\\\/uploads\\\/sites\\\/2\\\/2025\\\/03\\\/italy-v-germany-uefa-nations-league-quarterfinal-leg-one-1.webp\",\"width\":1200,\"height\":675},{\"@type\":\"BreadcrumbList\",\"@id\":\"https:\\\/\\\/www.fcbarcelonanoticias.com\\\/en\\\/transfers\\\/liverpool-interferes-in-the-signing-of-jonathan-tah-and-complicates-barca_311672_102.html#breadcrumb\",\"itemListElement\":[{\"@type\":\"ListItem\",\"position\":1,\"name\":\"Portada\",\"item\":\"https:\\\/\\\/www.fcbarcelonanoticias.com\\\/en\\\/\"},{\"@type\":\"ListItem\",\"position\":2,\"name\":\"Liverpool Interferes in the Signing of Jonathan Tah and Complicates Bar\u00e7a\"}]},{\"@type\":\"WebSite\",\"@id\":\"https:\\\/\\\/www.fcbarcelonanoticias.com\\\/en\\\/#website\",\"url\":\"https:\\\/\\\/www.fcbarcelonanoticias.com\\\/en\\\/\",\"name\":\"EN - FC Barcelona Noticias\",\"description\":\"\",\"potentialAction\":[{\"@type\":\"SearchAction\",\"target\":{\"@type\":\"EntryPoint\",\"urlTemplate\":\"https:\\\/\\\/www.fcbarcelonanoticias.com\\\/en\\\/?s={search_term_string}\"},\"query-input\":{\"@type\":\"PropertyValueSpecification\",\"valueRequired\":true,\"valueName\":\"search_term_string\"}}],\"inLanguage\":\"en-US\"},{\"@type\":\"Person\",\"@id\":\"https:\\\/\\\/www.fcbarcelonanoticias.com\\\/en\\\/#\\\/schema\\\/person\\\/88d756918a0a1ae9fa593b5edddd1815\",\"name\":\"Juan Pablo Berdugo\",\"image\":{\"@type\":\"ImageObject\",\"inLanguage\":\"en-US\",\"@id\":\"https:\\\/\\\/secure.gravatar.com\\\/avatar\\\/?s=96&d=mm&r=g\",\"url\":\"https:\\\/\\\/secure.gravatar.com\\\/avatar\\\/?s=96&d=mm&r=g\",\"contentUrl\":\"https:\\\/\\\/secure.gravatar.com\\\/avatar\\\/?s=96&d=mm&r=g\",\"caption\":\"Juan Pablo Berdugo\"},\"description\":\"Juan Pablo Berdugo es graduado en Periodismo. Colabora con FCBN como especialista en informaci\u00f3n del primer equipo del FC Barcelona, f\u00fatbol internacional y mercado de fichajes. Destaca por su enfoque anal\u00edtico, su rigor informativo y su capacidad para detectar tendencias emergentes en el f\u00fatbol global.\",\"url\":\"https:\\\/\\\/www.fcbarcelonanoticias.com\\\/en\\\/fc-barcelona\\\/juan-pablo-berdugo_18_115.html\"}]}<\/script>\n<!-- \/ Yoast SEO plugin. -->","yoast_head_json":{"title":"Liverpool Interferes in the Signing of Jonathan Tah and Complicates Bar\u00e7a","description":"Liverpool has started to closely monitor Jonathan Tah. The 'Reds' see him as a future replacement for Virgil van Dijk and jeopardize his arrival at...","robots":{"index":"index","follow":"follow","max-snippet":"max-snippet:-1","max-image-preview":"max-image-preview:large","max-video-preview":"max-video-preview:-1"},"canonical":"https:\/\/www.fcbarcelonanoticias.com\/en\/transfers\/liverpool-interferes-in-the-signing-of-jonathan-tah-and-complicates-barca_311672_102.html","og_locale":"en_US","og_type":"article","og_title":"Liverpool Interferes in the Signing of Jonathan Tah and Complicates Bar\u00e7a","og_description":"Liverpool has started to closely monitor Jonathan Tah. The 'Reds' see him as a future replacement for Virgil van Dijk and jeopardize his arrival at...","og_url":"https:\/\/www.fcbarcelonanoticias.com\/en\/transfers\/liverpool-interferes-in-the-signing-of-jonathan-tah-and-complicates-barca_311672_102.html","og_site_name":"EN - FC Barcelona Noticias","article_published_time":"2025-03-22T22:28:00+00:00","og_image":[{"width":1200,"height":675,"url":"https:\/\/www.fcbarcelonanoticias.com\/en\/wp-content\/uploads\/sites\/2\/2025\/03\/italy-v-germany-uefa-nations-league-quarterfinal-leg-one-1.webp","type":"image\/webp"}],"author":"Juan Pablo Berdugo","twitter_card":"summary_large_image","twitter_misc":{"Written by":"Juan Pablo Berdugo","Est. reading time":"2 minutes"},"schema":{"@context":"https:\/\/schema.org","@graph":[{"@type":"Article","@id":"https:\/\/www.fcbarcelonanoticias.com\/en\/transfers\/liverpool-interferes-in-the-signing-of-jonathan-tah-and-complicates-barca_311672_102.html#article","isPartOf":{"@id":"https:\/\/www.fcbarcelonanoticias.com\/en\/transfers\/liverpool-interferes-in-the-signing-of-jonathan-tah-and-complicates-barca_311672_102.html"},"author":{"name":"Juan Pablo Berdugo","@id":"https:\/\/www.fcbarcelonanoticias.com\/en\/#\/schema\/person\/88d756918a0a1ae9fa593b5edddd1815"},"headline":"Liverpool Interferes in the Signing of Jonathan Tah and Complicates Bar\u00e7a","datePublished":"2025-03-22T22:28:00+00:00","mainEntityOfPage":{"@id":"https:\/\/www.fcbarcelonanoticias.com\/en\/transfers\/liverpool-interferes-in-the-signing-of-jonathan-tah-and-complicates-barca_311672_102.html"},"wordCount":497,"image":{"@id":"https:\/\/www.fcbarcelonanoticias.com\/en\/transfers\/liverpool-interferes-in-the-signing-of-jonathan-tah-and-complicates-barca_311672_102.html#primaryimage"},"thumbnailUrl":"https:\/\/www.fcbarcelonanoticias.com\/en\/wp-content\/uploads\/sites\/2\/2025\/03\/italy-v-germany-uefa-nations-league-quarterfinal-leg-one-1.webp","keywords":["Jonathan Tah"],"articleSection":["Transfers","Transfers"],"inLanguage":"en-US"},{"@type":"WebPage","@id":"https:\/\/www.fcbarcelonanoticias.com\/en\/transfers\/liverpool-interferes-in-the-signing-of-jonathan-tah-and-complicates-barca_311672_102.html","url":"https:\/\/www.fcbarcelonanoticias.com\/en\/transfers\/liverpool-interferes-in-the-signing-of-jonathan-tah-and-complicates-barca_311672_102.html","name":"Liverpool Interferes in the Signing of Jonathan Tah and Complicates Bar\u00e7a","isPartOf":{"@id":"https:\/\/www.fcbarcelonanoticias.com\/en\/#website"},"primaryImageOfPage":{"@id":"https:\/\/www.fcbarcelonanoticias.com\/en\/transfers\/liverpool-interferes-in-the-signing-of-jonathan-tah-and-complicates-barca_311672_102.html#primaryimage"},"image":{"@id":"https:\/\/www.fcbarcelonanoticias.com\/en\/transfers\/liverpool-interferes-in-the-signing-of-jonathan-tah-and-complicates-barca_311672_102.html#primaryimage"},"thumbnailUrl":"https:\/\/www.fcbarcelonanoticias.com\/en\/wp-content\/uploads\/sites\/2\/2025\/03\/italy-v-germany-uefa-nations-league-quarterfinal-leg-one-1.webp","datePublished":"2025-03-22T22:28:00+00:00","author":{"@id":"https:\/\/www.fcbarcelonanoticias.com\/en\/#\/schema\/person\/88d756918a0a1ae9fa593b5edddd1815"},"description":"Liverpool has started to closely monitor Jonathan Tah. The 'Reds' see him as a future replacement for Virgil van Dijk and jeopardize his arrival at...","breadcrumb":{"@id":"https:\/\/www.fcbarcelonanoticias.com\/en\/transfers\/liverpool-interferes-in-the-signing-of-jonathan-tah-and-complicates-barca_311672_102.html#breadcrumb"},"inLanguage":"en-US","potentialAction":[{"@type":"ReadAction","target":["https:\/\/www.fcbarcelonanoticias.com\/en\/transfers\/liverpool-interferes-in-the-signing-of-jonathan-tah-and-complicates-barca_311672_102.html"]}]},{"@type":"ImageObject","inLanguage":"en-US","@id":"https:\/\/www.fcbarcelonanoticias.com\/en\/transfers\/liverpool-interferes-in-the-signing-of-jonathan-tah-and-complicates-barca_311672_102.html#primaryimage","url":"https:\/\/www.fcbarcelonanoticias.com\/en\/wp-content\/uploads\/sites\/2\/2025\/03\/italy-v-germany-uefa-nations-league-quarterfinal-leg-one-1.webp","contentUrl":"https:\/\/www.fcbarcelonanoticias.com\/en\/wp-content\/uploads\/sites\/2\/2025\/03\/italy-v-germany-uefa-nations-league-quarterfinal-leg-one-1.webp","width":1200,"height":675},{"@type":"BreadcrumbList","@id":"https:\/\/www.fcbarcelonanoticias.com\/en\/transfers\/liverpool-interferes-in-the-signing-of-jonathan-tah-and-complicates-barca_311672_102.html#breadcrumb","itemListElement":[{"@type":"ListItem","position":1,"name":"Portada","item":"https:\/\/www.fcbarcelonanoticias.com\/en\/"},{"@type":"ListItem","position":2,"name":"Liverpool Interferes in the Signing of Jonathan Tah and Complicates Bar\u00e7a"}]},{"@type":"WebSite","@id":"https:\/\/www.fcbarcelonanoticias.com\/en\/#website","url":"https:\/\/www.fcbarcelonanoticias.com\/en\/","name":"EN - FC Barcelona Noticias","description":"","potentialAction":[{"@type":"SearchAction","target":{"@type":"EntryPoint","urlTemplate":"https:\/\/www.fcbarcelonanoticias.com\/en\/?s={search_term_string}"},"query-input":{"@type":"PropertyValueSpecification","valueRequired":true,"valueName":"search_term_string"}}],"inLanguage":"en-US"},{"@type":"Person","@id":"https:\/\/www.fcbarcelonanoticias.com\/en\/#\/schema\/person\/88d756918a0a1ae9fa593b5edddd1815","name":"Juan Pablo Berdugo","image":{"@type":"ImageObject","inLanguage":"en-US","@id":"https:\/\/secure.gravatar.com\/avatar\/?s=96&d=mm&r=g","url":"https:\/\/secure.gravatar.com\/avatar\/?s=96&d=mm&r=g","contentUrl":"https:\/\/secure.gravatar.com\/avatar\/?s=96&d=mm&r=g","caption":"Juan Pablo Berdugo"},"description":"Juan Pablo Berdugo es graduado en Periodismo. Colabora con FCBN como especialista en informaci\u00f3n del primer equipo del FC Barcelona, f\u00fatbol internacional y mercado de fichajes. Destaca por su enfoque anal\u00edtico, su rigor informativo y su capacidad para detectar tendencias emergentes en el f\u00fatbol global.","url":"https:\/\/www.fcbarcelonanoticias.com\/en\/fc-barcelona\/juan-pablo-berdugo_18_115.html"}]}},"_links":{"self":[{"href":"https:\/\/www.fcbarcelonanoticias.com\/en\/wp-json\/wp\/v2\/posts\/97174","targetHints":{"allow":["GET"]}}],"collection":[{"href":"https:\/\/www.fcbarcelonanoticias.com\/en\/wp-json\/wp\/v2\/posts"}],"about":[{"href":"https:\/\/www.fcbarcelonanoticias.com\/en\/wp-json\/wp\/v2\/types\/post"}],"author":[{"embeddable":true,"href":"https:\/\/www.fcbarcelonanoticias.com\/en\/wp-json\/wp\/v2\/users\/358"}],"replies":[{"embeddable":true,"href":"https:\/\/www.fcbarcelonanoticias.com\/en\/wp-json\/wp\/v2\/comments?post=97174"}],"version-history":[{"count":1,"href":"https:\/\/www.fcbarcelonanoticias.com\/en\/wp-json\/wp\/v2\/posts\/97174\/revisions"}],"predecessor-version":[{"id":131498,"href":"https:\/\/www.fcbarcelonanoticias.com\/en\/wp-json\/wp\/v2\/posts\/97174\/revisions\/131498"}],"wp:featuredmedia":[{"embeddable":true,"href":"https:\/\/www.fcbarcelonanoticias.com\/en\/wp-json\/wp\/v2\/media\/97189"}],"wp:attachment":[{"href":"https:\/\/www.fcbarcelonanoticias.com\/en\/wp-json\/wp\/v2\/media?parent=97174"}],"wp:term":[{"taxonomy":"category","embeddable":true,"href":"https:\/\/www.fcbarcelonanoticias.com\/en\/wp-json\/wp\/v2\/categories?post=97174"},{"taxonomy":"post_tag","embeddable":true,"href":"https:\/\/www.fcbarcelonanoticias.com\/en\/wp-json\/wp\/v2\/tags?post=97174"}],"curies":[{"name":"wp","href":"https:\/\/api.w.org\/{rel}","templated":true}]}}