{"id":97374,"date":"2024-12-04T19:14:00","date_gmt":"2024-12-04T18:14:00","guid":{"rendered":"https:\/\/weisetech.dev\/fc-barcelona-noticias\/en\/bayer-leverkusen-set-the-bar-for-negotiations-for-florian-wirtz_309071_102\/"},"modified":"2024-12-05T02:41:00","modified_gmt":"2024-12-05T01:41:00","slug":"bayer-leverkusen-set-the-bar-for-negotiations-for-florian-wirtz_309071_102","status":"publish","type":"post","link":"https:\/\/www.fcbarcelonanoticias.com\/en\/transfers\/bayer-leverkusen-set-the-bar-for-negotiations-for-florian-wirtz_309071_102.html","title":{"rendered":"Bayer Leverkusen set the bar for negotiations for Florian Wirtz"},"content":{"rendered":"<h2 class=\"wp-block-heading\">Bayern Munich and Real Madrid are leading the bidding for Florian Wirtz. Bayer Leverkusen have reportedly valued his transfer at 120 million euros<\/h2>  \r\n<div class=\"article-addons\">\r\n    <a href=\"https:\/\/www.fcbarcelonanoticias.com\/en\/calendar-fc-barcelona.html\"\r\n       target=\"_self\"\r\n       title=\"Calendar of FC Barcelona\"\r\n       class=\"blue-gredient-btn\">\r\n       \r\n        Calendar of FC Barcelona    <\/a>\r\n<\/div>   <p>The bidding for <strong>Florian Wirtz<\/strong> continues to heat up. While <strong>Bayer Leverkusen<\/strong> refuse to lose him and plan to offer him a new contract extension (his current contract expires in 2027), <strong>Bayern Munich<\/strong> and <strong>Real Madrid<\/strong> are dueling for one of the great gems of today&#8217;s football.<\/p>  <p>At 21 years old, <a data-external=\"0\" data-intl-links-en=\"https:\/\/www.fcbarcelonanoticias.com\/en\/champions-league\/florian-wirtz-display-in-bayer-leverkusen-5-0-win_308900_102.html\" data-intl-links-es=\"https:\/\/www.fcbarcelonanoticias.com\/champions-league\/exhibicion-florian-wirtz-en-5-0-bayer-leverkusen_308900_102.html\" href=\"https:\/\/www.fcbarcelonanoticias.com\/en\/champions-league\/florian-wirtz-display-in-bayer-leverkusen-5-0-win_308900_102.html\" rel=\"follow\" target=\"_self\" title=\"Florian Wirtz's display in Bayer Leverkusen's 5-0 win\">the German midfielder has established himself as one of the best players in the world<\/a>, which is why the Bavarians and the Merengues, with clubs such as <strong>FC Barcelona<\/strong> and <strong>Manchester City<\/strong> also on the lookout, have marked his name as a priority for the next transfer market.<\/p>  <h3>The price that Leverkusen will ask for Wirtz<\/h3>  <p>However, and being one of the great talents of today, his operation will not be cheap. The attacking midfielder, valued at 130 million euros by &#8216;Transfermarkt&#8217;, is the main asset of the aspirins, <strong>who would demand a minimum amount of 120 million<\/strong> to begin negotiating his exit, as reported by &#8216;L&#8217;Equipe&#8217;.<\/p>  <p>A figure that would exceed the demands of <strong>Madrid<\/strong>, whose economy and list of objectives (<strong>Trent Alexander-Arnold, Alphonso Davies<\/strong>&#8230;) would not allow them to make an outlay of this magnitude. A scenario that favours Bayern, <a data-external=\"0\" data-intl-links-en=\"https:\/\/www.fcbarcelonanoticias.com\/en\/transfers\/bayern-munich-gain-ground-in-signing-real-madrid-dream-target_308741_102.html\" data-intl-links-es=\"https:\/\/www.fcbarcelonanoticias.com\/fichajes\/bayern-munich-gana-terreno-en-fichaje-objetivo-sonado-real-madrid_308741_102.html\" href=\"https:\/\/www.fcbarcelonanoticias.com\/en\/transfers\/bayern-munich-gain-ground-in-signing-real-madrid-dream-target_308741_102.html\" rel=\"follow\" target=\"_self\" title=\"Bayern Munich gain ground in signing Real Madrid's 'dream' target\">who are willing to put everything on the line to bring Wirtz together with his friend Jamal Musiala<\/a> and have in their ranks the duo of the future of German football. The race continues.<\/p> ","protected":false},"excerpt":{"rendered":"<p>Bayern Munich and Real Madrid are leading the bidding for Florian Wirtz. Bayer Leverkusen have reportedly valued his transfer at 120 million euros The bidding for Florian Wirtz continues to heat up. While Bayer Leverkusen refuse to lose him and plan to offer him a new contract extension (his current contract expires in 2027), Bayern [&hellip;]<\/p>\n","protected":false},"author":358,"featured_media":97385,"comment_status":"closed","ping_status":"open","sticky":false,"template":"","format":"standard","meta":{"_acf_changed":false,"inline_featured_image":false,"_nextfly_llmd_date_locked":false,"footnotes":""},"categories":[106,449],"tags":[103,283],"class_list":["post-97374","post","type-post","status-publish","format-standard","has-post-thumbnail","hentry","category-transfers","category-transfers-2","tag-bayer-leverkusen","tag-florian-wirtz"],"acf":[],"yoast_head":"<!-- This site is optimized with the Yoast SEO plugin v27.3 - https:\/\/yoast.com\/product\/yoast-seo-wordpress\/ -->\n<title>Bayer Leverkusen set the bar for negotiations for Florian Wirtz<\/title>\n<meta name=\"description\" content=\"Bayern Munich and Real Madrid are leading the bidding for Florian Wirtz. Bayer Leverkusen have reportedly valued his transfer at 120 million euros\" \/>\n<meta name=\"robots\" content=\"index, follow, max-snippet:-1, max-image-preview:large, max-video-preview:-1\" \/>\n<link rel=\"canonical\" href=\"https:\/\/www.fcbarcelonanoticias.com\/en\/transfers\/bayer-leverkusen-set-the-bar-for-negotiations-for-florian-wirtz_309071_102.html\" \/>\n<meta property=\"og:locale\" content=\"en_US\" \/>\n<meta property=\"og:type\" content=\"article\" \/>\n<meta property=\"og:title\" content=\"Bayer Leverkusen set the bar for negotiations for Florian Wirtz\" \/>\n<meta property=\"og:description\" content=\"Bayern Munich and Real Madrid are leading the bidding for Florian Wirtz. Bayer Leverkusen have reportedly valued his transfer at 120 million euros\" \/>\n<meta property=\"og:url\" content=\"https:\/\/www.fcbarcelonanoticias.com\/en\/transfers\/bayer-leverkusen-set-the-bar-for-negotiations-for-florian-wirtz_309071_102.html\" \/>\n<meta property=\"og:site_name\" content=\"EN - FC Barcelona Noticias\" \/>\n<meta property=\"article:published_time\" content=\"2024-12-04T18:14:00+00:00\" \/>\n<meta property=\"article:modified_time\" content=\"2024-12-05T01:41:00+00:00\" \/>\n<meta property=\"og:image\" content=\"https:\/\/www.fcbarcelonanoticias.com\/en\/wp-content\/uploads\/sites\/2\/2024\/12\/florian-wirtz-leverkusen-2-scaled.jpeg\" \/>\n\t<meta property=\"og:image:width\" content=\"2560\" \/>\n\t<meta property=\"og:image:height\" content=\"1707\" \/>\n\t<meta property=\"og:image:type\" content=\"image\/jpeg\" \/>\n<meta name=\"author\" content=\"Juan Pablo Berdugo\" \/>\n<meta name=\"twitter:card\" content=\"summary_large_image\" \/>\n<meta name=\"twitter:label1\" content=\"Written by\" \/>\n\t<meta name=\"twitter:data1\" content=\"Juan Pablo Berdugo\" \/>\n\t<meta name=\"twitter:label2\" content=\"Est. reading time\" \/>\n\t<meta name=\"twitter:data2\" content=\"1 minute\" \/>\n<script type=\"application\/ld+json\" class=\"yoast-schema-graph\">{\"@context\":\"https:\\\/\\\/schema.org\",\"@graph\":[{\"@type\":\"Article\",\"@id\":\"https:\\\/\\\/www.fcbarcelonanoticias.com\\\/en\\\/transfers\\\/bayer-leverkusen-set-the-bar-for-negotiations-for-florian-wirtz_309071_102.html#article\",\"isPartOf\":{\"@id\":\"https:\\\/\\\/www.fcbarcelonanoticias.com\\\/en\\\/transfers\\\/bayer-leverkusen-set-the-bar-for-negotiations-for-florian-wirtz_309071_102.html\"},\"author\":{\"name\":\"Juan Pablo Berdugo\",\"@id\":\"https:\\\/\\\/www.fcbarcelonanoticias.com\\\/en\\\/#\\\/schema\\\/person\\\/88d756918a0a1ae9fa593b5edddd1815\"},\"headline\":\"Bayer Leverkusen set the bar for negotiations for Florian Wirtz\",\"datePublished\":\"2024-12-04T18:14:00+00:00\",\"dateModified\":\"2024-12-05T01:41:00+00:00\",\"mainEntityOfPage\":{\"@id\":\"https:\\\/\\\/www.fcbarcelonanoticias.com\\\/en\\\/transfers\\\/bayer-leverkusen-set-the-bar-for-negotiations-for-florian-wirtz_309071_102.html\"},\"wordCount\":257,\"image\":{\"@id\":\"https:\\\/\\\/www.fcbarcelonanoticias.com\\\/en\\\/transfers\\\/bayer-leverkusen-set-the-bar-for-negotiations-for-florian-wirtz_309071_102.html#primaryimage\"},\"thumbnailUrl\":\"https:\\\/\\\/www.fcbarcelonanoticias.com\\\/en\\\/wp-content\\\/uploads\\\/sites\\\/2\\\/2024\\\/12\\\/florian-wirtz-leverkusen-2-scaled.jpeg\",\"keywords\":[\"Bayer Leverkusen\",\"Florian Wirtz\"],\"articleSection\":[\"Transfers\",\"Transfers\"],\"inLanguage\":\"en-US\"},{\"@type\":\"WebPage\",\"@id\":\"https:\\\/\\\/www.fcbarcelonanoticias.com\\\/en\\\/transfers\\\/bayer-leverkusen-set-the-bar-for-negotiations-for-florian-wirtz_309071_102.html\",\"url\":\"https:\\\/\\\/www.fcbarcelonanoticias.com\\\/en\\\/transfers\\\/bayer-leverkusen-set-the-bar-for-negotiations-for-florian-wirtz_309071_102.html\",\"name\":\"Bayer Leverkusen set the bar for negotiations for Florian Wirtz\",\"isPartOf\":{\"@id\":\"https:\\\/\\\/www.fcbarcelonanoticias.com\\\/en\\\/#website\"},\"primaryImageOfPage\":{\"@id\":\"https:\\\/\\\/www.fcbarcelonanoticias.com\\\/en\\\/transfers\\\/bayer-leverkusen-set-the-bar-for-negotiations-for-florian-wirtz_309071_102.html#primaryimage\"},\"image\":{\"@id\":\"https:\\\/\\\/www.fcbarcelonanoticias.com\\\/en\\\/transfers\\\/bayer-leverkusen-set-the-bar-for-negotiations-for-florian-wirtz_309071_102.html#primaryimage\"},\"thumbnailUrl\":\"https:\\\/\\\/www.fcbarcelonanoticias.com\\\/en\\\/wp-content\\\/uploads\\\/sites\\\/2\\\/2024\\\/12\\\/florian-wirtz-leverkusen-2-scaled.jpeg\",\"datePublished\":\"2024-12-04T18:14:00+00:00\",\"dateModified\":\"2024-12-05T01:41:00+00:00\",\"author\":{\"@id\":\"https:\\\/\\\/www.fcbarcelonanoticias.com\\\/en\\\/#\\\/schema\\\/person\\\/88d756918a0a1ae9fa593b5edddd1815\"},\"description\":\"Bayern Munich and Real Madrid are leading the bidding for Florian Wirtz. Bayer Leverkusen have reportedly valued his transfer at 120 million euros\",\"breadcrumb\":{\"@id\":\"https:\\\/\\\/www.fcbarcelonanoticias.com\\\/en\\\/transfers\\\/bayer-leverkusen-set-the-bar-for-negotiations-for-florian-wirtz_309071_102.html#breadcrumb\"},\"inLanguage\":\"en-US\",\"potentialAction\":[{\"@type\":\"ReadAction\",\"target\":[\"https:\\\/\\\/www.fcbarcelonanoticias.com\\\/en\\\/transfers\\\/bayer-leverkusen-set-the-bar-for-negotiations-for-florian-wirtz_309071_102.html\"]}]},{\"@type\":\"ImageObject\",\"inLanguage\":\"en-US\",\"@id\":\"https:\\\/\\\/www.fcbarcelonanoticias.com\\\/en\\\/transfers\\\/bayer-leverkusen-set-the-bar-for-negotiations-for-florian-wirtz_309071_102.html#primaryimage\",\"url\":\"https:\\\/\\\/www.fcbarcelonanoticias.com\\\/en\\\/wp-content\\\/uploads\\\/sites\\\/2\\\/2024\\\/12\\\/florian-wirtz-leverkusen-2-scaled.jpeg\",\"contentUrl\":\"https:\\\/\\\/www.fcbarcelonanoticias.com\\\/en\\\/wp-content\\\/uploads\\\/sites\\\/2\\\/2024\\\/12\\\/florian-wirtz-leverkusen-2-scaled.jpeg\",\"width\":2560,\"height\":1707},{\"@type\":\"BreadcrumbList\",\"@id\":\"https:\\\/\\\/www.fcbarcelonanoticias.com\\\/en\\\/transfers\\\/bayer-leverkusen-set-the-bar-for-negotiations-for-florian-wirtz_309071_102.html#breadcrumb\",\"itemListElement\":[{\"@type\":\"ListItem\",\"position\":1,\"name\":\"Portada\",\"item\":\"https:\\\/\\\/www.fcbarcelonanoticias.com\\\/en\\\/\"},{\"@type\":\"ListItem\",\"position\":2,\"name\":\"Bayer Leverkusen set the bar for negotiations for Florian Wirtz\"}]},{\"@type\":\"WebSite\",\"@id\":\"https:\\\/\\\/www.fcbarcelonanoticias.com\\\/en\\\/#website\",\"url\":\"https:\\\/\\\/www.fcbarcelonanoticias.com\\\/en\\\/\",\"name\":\"EN - FC Barcelona Noticias\",\"description\":\"\",\"potentialAction\":[{\"@type\":\"SearchAction\",\"target\":{\"@type\":\"EntryPoint\",\"urlTemplate\":\"https:\\\/\\\/www.fcbarcelonanoticias.com\\\/en\\\/?s={search_term_string}\"},\"query-input\":{\"@type\":\"PropertyValueSpecification\",\"valueRequired\":true,\"valueName\":\"search_term_string\"}}],\"inLanguage\":\"en-US\"},{\"@type\":\"Person\",\"@id\":\"https:\\\/\\\/www.fcbarcelonanoticias.com\\\/en\\\/#\\\/schema\\\/person\\\/88d756918a0a1ae9fa593b5edddd1815\",\"name\":\"Juan Pablo Berdugo\",\"image\":{\"@type\":\"ImageObject\",\"inLanguage\":\"en-US\",\"@id\":\"https:\\\/\\\/secure.gravatar.com\\\/avatar\\\/?s=96&d=mm&r=g\",\"url\":\"https:\\\/\\\/secure.gravatar.com\\\/avatar\\\/?s=96&d=mm&r=g\",\"contentUrl\":\"https:\\\/\\\/secure.gravatar.com\\\/avatar\\\/?s=96&d=mm&r=g\",\"caption\":\"Juan Pablo Berdugo\"},\"description\":\"Juan Pablo Berdugo es graduado en Periodismo. Colabora con FCBN como especialista en informaci\u00f3n del primer equipo del FC Barcelona, f\u00fatbol internacional y mercado de fichajes. Destaca por su enfoque anal\u00edtico, su rigor informativo y su capacidad para detectar tendencias emergentes en el f\u00fatbol global.\",\"url\":\"https:\\\/\\\/www.fcbarcelonanoticias.com\\\/en\\\/fc-barcelona\\\/juan-pablo-berdugo_18_115.html\"}]}<\/script>\n<!-- \/ Yoast SEO plugin. -->","yoast_head_json":{"title":"Bayer Leverkusen set the bar for negotiations for Florian Wirtz","description":"Bayern Munich and Real Madrid are leading the bidding for Florian Wirtz. Bayer Leverkusen have reportedly valued his transfer at 120 million euros","robots":{"index":"index","follow":"follow","max-snippet":"max-snippet:-1","max-image-preview":"max-image-preview:large","max-video-preview":"max-video-preview:-1"},"canonical":"https:\/\/www.fcbarcelonanoticias.com\/en\/transfers\/bayer-leverkusen-set-the-bar-for-negotiations-for-florian-wirtz_309071_102.html","og_locale":"en_US","og_type":"article","og_title":"Bayer Leverkusen set the bar for negotiations for Florian Wirtz","og_description":"Bayern Munich and Real Madrid are leading the bidding for Florian Wirtz. Bayer Leverkusen have reportedly valued his transfer at 120 million euros","og_url":"https:\/\/www.fcbarcelonanoticias.com\/en\/transfers\/bayer-leverkusen-set-the-bar-for-negotiations-for-florian-wirtz_309071_102.html","og_site_name":"EN - FC Barcelona Noticias","article_published_time":"2024-12-04T18:14:00+00:00","article_modified_time":"2024-12-05T01:41:00+00:00","og_image":[{"width":2560,"height":1707,"url":"https:\/\/www.fcbarcelonanoticias.com\/en\/wp-content\/uploads\/sites\/2\/2024\/12\/florian-wirtz-leverkusen-2-scaled.jpeg","type":"image\/jpeg"}],"author":"Juan Pablo Berdugo","twitter_card":"summary_large_image","twitter_misc":{"Written by":"Juan Pablo Berdugo","Est. reading time":"1 minute"},"schema":{"@context":"https:\/\/schema.org","@graph":[{"@type":"Article","@id":"https:\/\/www.fcbarcelonanoticias.com\/en\/transfers\/bayer-leverkusen-set-the-bar-for-negotiations-for-florian-wirtz_309071_102.html#article","isPartOf":{"@id":"https:\/\/www.fcbarcelonanoticias.com\/en\/transfers\/bayer-leverkusen-set-the-bar-for-negotiations-for-florian-wirtz_309071_102.html"},"author":{"name":"Juan Pablo Berdugo","@id":"https:\/\/www.fcbarcelonanoticias.com\/en\/#\/schema\/person\/88d756918a0a1ae9fa593b5edddd1815"},"headline":"Bayer Leverkusen set the bar for negotiations for Florian Wirtz","datePublished":"2024-12-04T18:14:00+00:00","dateModified":"2024-12-05T01:41:00+00:00","mainEntityOfPage":{"@id":"https:\/\/www.fcbarcelonanoticias.com\/en\/transfers\/bayer-leverkusen-set-the-bar-for-negotiations-for-florian-wirtz_309071_102.html"},"wordCount":257,"image":{"@id":"https:\/\/www.fcbarcelonanoticias.com\/en\/transfers\/bayer-leverkusen-set-the-bar-for-negotiations-for-florian-wirtz_309071_102.html#primaryimage"},"thumbnailUrl":"https:\/\/www.fcbarcelonanoticias.com\/en\/wp-content\/uploads\/sites\/2\/2024\/12\/florian-wirtz-leverkusen-2-scaled.jpeg","keywords":["Bayer Leverkusen","Florian Wirtz"],"articleSection":["Transfers","Transfers"],"inLanguage":"en-US"},{"@type":"WebPage","@id":"https:\/\/www.fcbarcelonanoticias.com\/en\/transfers\/bayer-leverkusen-set-the-bar-for-negotiations-for-florian-wirtz_309071_102.html","url":"https:\/\/www.fcbarcelonanoticias.com\/en\/transfers\/bayer-leverkusen-set-the-bar-for-negotiations-for-florian-wirtz_309071_102.html","name":"Bayer Leverkusen set the bar for negotiations for Florian Wirtz","isPartOf":{"@id":"https:\/\/www.fcbarcelonanoticias.com\/en\/#website"},"primaryImageOfPage":{"@id":"https:\/\/www.fcbarcelonanoticias.com\/en\/transfers\/bayer-leverkusen-set-the-bar-for-negotiations-for-florian-wirtz_309071_102.html#primaryimage"},"image":{"@id":"https:\/\/www.fcbarcelonanoticias.com\/en\/transfers\/bayer-leverkusen-set-the-bar-for-negotiations-for-florian-wirtz_309071_102.html#primaryimage"},"thumbnailUrl":"https:\/\/www.fcbarcelonanoticias.com\/en\/wp-content\/uploads\/sites\/2\/2024\/12\/florian-wirtz-leverkusen-2-scaled.jpeg","datePublished":"2024-12-04T18:14:00+00:00","dateModified":"2024-12-05T01:41:00+00:00","author":{"@id":"https:\/\/www.fcbarcelonanoticias.com\/en\/#\/schema\/person\/88d756918a0a1ae9fa593b5edddd1815"},"description":"Bayern Munich and Real Madrid are leading the bidding for Florian Wirtz. Bayer Leverkusen have reportedly valued his transfer at 120 million euros","breadcrumb":{"@id":"https:\/\/www.fcbarcelonanoticias.com\/en\/transfers\/bayer-leverkusen-set-the-bar-for-negotiations-for-florian-wirtz_309071_102.html#breadcrumb"},"inLanguage":"en-US","potentialAction":[{"@type":"ReadAction","target":["https:\/\/www.fcbarcelonanoticias.com\/en\/transfers\/bayer-leverkusen-set-the-bar-for-negotiations-for-florian-wirtz_309071_102.html"]}]},{"@type":"ImageObject","inLanguage":"en-US","@id":"https:\/\/www.fcbarcelonanoticias.com\/en\/transfers\/bayer-leverkusen-set-the-bar-for-negotiations-for-florian-wirtz_309071_102.html#primaryimage","url":"https:\/\/www.fcbarcelonanoticias.com\/en\/wp-content\/uploads\/sites\/2\/2024\/12\/florian-wirtz-leverkusen-2-scaled.jpeg","contentUrl":"https:\/\/www.fcbarcelonanoticias.com\/en\/wp-content\/uploads\/sites\/2\/2024\/12\/florian-wirtz-leverkusen-2-scaled.jpeg","width":2560,"height":1707},{"@type":"BreadcrumbList","@id":"https:\/\/www.fcbarcelonanoticias.com\/en\/transfers\/bayer-leverkusen-set-the-bar-for-negotiations-for-florian-wirtz_309071_102.html#breadcrumb","itemListElement":[{"@type":"ListItem","position":1,"name":"Portada","item":"https:\/\/www.fcbarcelonanoticias.com\/en\/"},{"@type":"ListItem","position":2,"name":"Bayer Leverkusen set the bar for negotiations for Florian Wirtz"}]},{"@type":"WebSite","@id":"https:\/\/www.fcbarcelonanoticias.com\/en\/#website","url":"https:\/\/www.fcbarcelonanoticias.com\/en\/","name":"EN - FC Barcelona Noticias","description":"","potentialAction":[{"@type":"SearchAction","target":{"@type":"EntryPoint","urlTemplate":"https:\/\/www.fcbarcelonanoticias.com\/en\/?s={search_term_string}"},"query-input":{"@type":"PropertyValueSpecification","valueRequired":true,"valueName":"search_term_string"}}],"inLanguage":"en-US"},{"@type":"Person","@id":"https:\/\/www.fcbarcelonanoticias.com\/en\/#\/schema\/person\/88d756918a0a1ae9fa593b5edddd1815","name":"Juan Pablo Berdugo","image":{"@type":"ImageObject","inLanguage":"en-US","@id":"https:\/\/secure.gravatar.com\/avatar\/?s=96&d=mm&r=g","url":"https:\/\/secure.gravatar.com\/avatar\/?s=96&d=mm&r=g","contentUrl":"https:\/\/secure.gravatar.com\/avatar\/?s=96&d=mm&r=g","caption":"Juan Pablo Berdugo"},"description":"Juan Pablo Berdugo es graduado en Periodismo. Colabora con FCBN como especialista en informaci\u00f3n del primer equipo del FC Barcelona, f\u00fatbol internacional y mercado de fichajes. Destaca por su enfoque anal\u00edtico, su rigor informativo y su capacidad para detectar tendencias emergentes en el f\u00fatbol global.","url":"https:\/\/www.fcbarcelonanoticias.com\/en\/fc-barcelona\/juan-pablo-berdugo_18_115.html"}]}},"_links":{"self":[{"href":"https:\/\/www.fcbarcelonanoticias.com\/en\/wp-json\/wp\/v2\/posts\/97374","targetHints":{"allow":["GET"]}}],"collection":[{"href":"https:\/\/www.fcbarcelonanoticias.com\/en\/wp-json\/wp\/v2\/posts"}],"about":[{"href":"https:\/\/www.fcbarcelonanoticias.com\/en\/wp-json\/wp\/v2\/types\/post"}],"author":[{"embeddable":true,"href":"https:\/\/www.fcbarcelonanoticias.com\/en\/wp-json\/wp\/v2\/users\/358"}],"replies":[{"embeddable":true,"href":"https:\/\/www.fcbarcelonanoticias.com\/en\/wp-json\/wp\/v2\/comments?post=97374"}],"version-history":[{"count":1,"href":"https:\/\/www.fcbarcelonanoticias.com\/en\/wp-json\/wp\/v2\/posts\/97374\/revisions"}],"predecessor-version":[{"id":125498,"href":"https:\/\/www.fcbarcelonanoticias.com\/en\/wp-json\/wp\/v2\/posts\/97374\/revisions\/125498"}],"wp:featuredmedia":[{"embeddable":true,"href":"https:\/\/www.fcbarcelonanoticias.com\/en\/wp-json\/wp\/v2\/media\/97385"}],"wp:attachment":[{"href":"https:\/\/www.fcbarcelonanoticias.com\/en\/wp-json\/wp\/v2\/media?parent=97374"}],"wp:term":[{"taxonomy":"category","embeddable":true,"href":"https:\/\/www.fcbarcelonanoticias.com\/en\/wp-json\/wp\/v2\/categories?post=97374"},{"taxonomy":"post_tag","embeddable":true,"href":"https:\/\/www.fcbarcelonanoticias.com\/en\/wp-json\/wp\/v2\/tags?post=97374"}],"curies":[{"name":"wp","href":"https:\/\/api.w.org\/{rel}","templated":true}]}}