{"id":97456,"date":"2024-12-11T01:07:00","date_gmt":"2024-12-11T00:07:00","guid":{"rendered":"https:\/\/weisetech.dev\/fc-barcelona-noticias\/en\/bayern-and-psg-challenge-barca-and-real-madrid-for-haaland_309221_102\/"},"modified":"2024-12-11T19:33:00","modified_gmt":"2024-12-11T18:33:00","slug":"bayern-and-psg-challenge-barca-and-real-madrid-for-haaland_309221_102","status":"publish","type":"post","link":"https:\/\/www.fcbarcelonanoticias.com\/en\/transfers\/bayern-and-psg-challenge-barca-and-real-madrid-for-haaland_309221_102.html","title":{"rendered":"Bayern and PSG challenge Bar\u00e7a and Real Madrid for Haaland"},"content":{"rendered":"<h2 class=\"wp-block-heading\">Although Bar\u00e7a and Real Madrid have been working for some time on signing Erling Haaland, Bayern and PSG will fight to acquire the Norwegian<\/h2>  \r\n<div class=\"article-addons\">\r\n    <a href=\"https:\/\/www.fcbarcelonanoticias.com\/en\/calendar-fc-barcelona.html\"\r\n       target=\"_self\"\r\n       title=\"Calendar of FC Barcelona\"\r\n       class=\"blue-gredient-btn\">\r\n       \r\n        Calendar of FC Barcelona    <\/a>\r\n<\/div>   <p>Times are turbulent at <strong>Manchester City<\/strong>. The &#8216;skyblue&#8217; team, immersed in a sporting crisis where results are not favoring the team, is going through one of its most complicated moments in recent years not only on the field but also off it, due to the uncertainty surrounding the &#8216;trial of the century&#8217; and the possible sanction they might face.<\/p>  <p>In the midst of this &#8216;wild&#8217; context, the name of <strong>Erling Haaland<\/strong> begins to emerge among the major clubs on the continent as a potential target for the transfer market. The &#8216;citizens&#8217; are willing to go all out to renew his contract, which expires in 2027, but for now, nothing is concrete, and both <strong>FC Barcelona<\/strong> and <strong>Real Madrid<\/strong> are keeping an eye on his situation.<\/p>  <h3>Two tough rivals for Bar\u00e7a and Madrid<\/h3>  <p><a data-external=\"0\" data-intl-links-en=\"https:\/\/www.fcbarcelonanoticias.com\/en\/fc-barcelona\" data-intl-links-es=\"https:\/\/www.fcbarcelonanoticias.com\/fc-barcelona\" href=\"https:\/\/www.fcbarcelonanoticias.com\/en\/football-soccer\/fc-barcelona.html\" rel=\"follow\" target=\"_self\" title=\"FC Barcelona\">The cul\u00e9s are looking for a &#8216;9&#8217; to replace Robert Lewandowski in the medium term at the center of the attack<\/a>, and the Norwegian is the great dream of <strong>Joan Laporta<\/strong>. For his part, <strong>Florentino P\u00e9rez<\/strong> wants to complete his personal &#8216;sticker album&#8217; with the Nordic and promises to be a tough rival in the race for the player.<\/p>  <p>However, &#8216;El Nacional.cat&#8217; claims that both <strong>Bayern Munich<\/strong> and <strong>Paris Saint-Germain<\/strong> are also on the trail of <strong>Haaland<\/strong>. The Bavarians were already part of the &#8216;bidding&#8217; for the scorer when he was still with <strong>Borussia Dortmund<\/strong>, while the French are in need of a star since the departure of <strong>Kylian Mbapp\u00e9<\/strong>, and the player from Leeds would be the chosen one to be the new franchise player of the entity.<\/p>  <p>As of today, nothing is decided regarding <strong>Erling<\/strong>&#8216;s future at <strong>City<\/strong> or his possible departure from the club, but the truth is that the race for his signing is starting to take shape, and both <strong>Bar\u00e7a<\/strong> and <strong>Madrid<\/strong> will need to be prepared to face tough competition for the signing of their coveted star.<\/p> ","protected":false},"excerpt":{"rendered":"<p>Although Bar\u00e7a and Real Madrid have been working for some time on signing Erling Haaland, Bayern and PSG will fight to acquire the Norwegian Times are turbulent at Manchester City. The &#8216;skyblue&#8217; team, immersed in a sporting crisis where results are not favoring the team, is going through one of its most complicated moments in [&hellip;]<\/p>\n","protected":false},"author":358,"featured_media":97470,"comment_status":"closed","ping_status":"open","sticky":false,"template":"","format":"standard","meta":{"_acf_changed":false,"inline_featured_image":false,"_nextfly_llmd_date_locked":false,"footnotes":""},"categories":[449,106],"tags":[104,154,88],"class_list":["post-97456","post","type-post","status-publish","format-standard","has-post-thumbnail","hentry","category-transfers-2","category-transfers","tag-bayern-munich","tag-erling-haaland","tag-paris-saint-germain"],"acf":[],"yoast_head":"<!-- This site is optimized with the Yoast SEO plugin v27.3 - https:\/\/yoast.com\/product\/yoast-seo-wordpress\/ -->\n<title>Bayern and PSG challenge Bar\u00e7a and Real Madrid for Haaland<\/title>\n<meta name=\"description\" content=\"Although Bar\u00e7a and Real Madrid have been working for some time on signing Erling Haaland, Bayern and PSG will fight to acquire the Norwegian\" \/>\n<meta name=\"robots\" content=\"index, follow, max-snippet:-1, max-image-preview:large, max-video-preview:-1\" \/>\n<link rel=\"canonical\" href=\"https:\/\/www.fcbarcelonanoticias.com\/en\/transfers\/bayern-and-psg-challenge-barca-and-real-madrid-for-haaland_309221_102.html\" \/>\n<meta property=\"og:locale\" content=\"en_US\" \/>\n<meta property=\"og:type\" content=\"article\" \/>\n<meta property=\"og:title\" content=\"Bayern and PSG challenge Bar\u00e7a and Real Madrid for Haaland\" \/>\n<meta property=\"og:description\" content=\"Although Bar\u00e7a and Real Madrid have been working for some time on signing Erling Haaland, Bayern and PSG will fight to acquire the Norwegian\" \/>\n<meta property=\"og:url\" content=\"https:\/\/www.fcbarcelonanoticias.com\/en\/transfers\/bayern-and-psg-challenge-barca-and-real-madrid-for-haaland_309221_102.html\" \/>\n<meta property=\"og:site_name\" content=\"EN - FC Barcelona Noticias\" \/>\n<meta property=\"article:published_time\" content=\"2024-12-11T00:07:00+00:00\" \/>\n<meta property=\"article:modified_time\" content=\"2024-12-11T18:33:00+00:00\" \/>\n<meta property=\"og:image\" content=\"https:\/\/www.fcbarcelonanoticias.com\/en\/wp-content\/uploads\/sites\/2\/2024\/12\/erling-haaland-city-4-scaled.jpeg\" \/>\n\t<meta property=\"og:image:width\" content=\"2560\" \/>\n\t<meta property=\"og:image:height\" content=\"1599\" \/>\n\t<meta property=\"og:image:type\" content=\"image\/jpeg\" \/>\n<meta name=\"author\" content=\"Juan Pablo Berdugo\" \/>\n<meta name=\"twitter:card\" content=\"summary_large_image\" \/>\n<meta name=\"twitter:label1\" content=\"Written by\" \/>\n\t<meta name=\"twitter:data1\" content=\"Juan Pablo Berdugo\" \/>\n\t<meta name=\"twitter:label2\" content=\"Est. reading time\" \/>\n\t<meta name=\"twitter:data2\" content=\"2 minutes\" \/>\n<script type=\"application\/ld+json\" class=\"yoast-schema-graph\">{\"@context\":\"https:\\\/\\\/schema.org\",\"@graph\":[{\"@type\":\"Article\",\"@id\":\"https:\\\/\\\/www.fcbarcelonanoticias.com\\\/en\\\/transfers\\\/bayern-and-psg-challenge-barca-and-real-madrid-for-haaland_309221_102.html#article\",\"isPartOf\":{\"@id\":\"https:\\\/\\\/www.fcbarcelonanoticias.com\\\/en\\\/transfers\\\/bayern-and-psg-challenge-barca-and-real-madrid-for-haaland_309221_102.html\"},\"author\":{\"name\":\"Juan Pablo Berdugo\",\"@id\":\"https:\\\/\\\/www.fcbarcelonanoticias.com\\\/en\\\/#\\\/schema\\\/person\\\/88d756918a0a1ae9fa593b5edddd1815\"},\"headline\":\"Bayern and PSG challenge Bar\u00e7a and Real Madrid for Haaland\",\"datePublished\":\"2024-12-11T00:07:00+00:00\",\"dateModified\":\"2024-12-11T18:33:00+00:00\",\"mainEntityOfPage\":{\"@id\":\"https:\\\/\\\/www.fcbarcelonanoticias.com\\\/en\\\/transfers\\\/bayern-and-psg-challenge-barca-and-real-madrid-for-haaland_309221_102.html\"},\"wordCount\":355,\"image\":{\"@id\":\"https:\\\/\\\/www.fcbarcelonanoticias.com\\\/en\\\/transfers\\\/bayern-and-psg-challenge-barca-and-real-madrid-for-haaland_309221_102.html#primaryimage\"},\"thumbnailUrl\":\"https:\\\/\\\/www.fcbarcelonanoticias.com\\\/en\\\/wp-content\\\/uploads\\\/sites\\\/2\\\/2024\\\/12\\\/erling-haaland-city-4-scaled.jpeg\",\"keywords\":[\"Bayern Munich\",\"Erling Haaland\",\"Paris Saint-Germain\"],\"articleSection\":[\"Transfers\",\"Transfers\"],\"inLanguage\":\"en-US\"},{\"@type\":\"WebPage\",\"@id\":\"https:\\\/\\\/www.fcbarcelonanoticias.com\\\/en\\\/transfers\\\/bayern-and-psg-challenge-barca-and-real-madrid-for-haaland_309221_102.html\",\"url\":\"https:\\\/\\\/www.fcbarcelonanoticias.com\\\/en\\\/transfers\\\/bayern-and-psg-challenge-barca-and-real-madrid-for-haaland_309221_102.html\",\"name\":\"Bayern and PSG challenge Bar\u00e7a and Real Madrid for Haaland\",\"isPartOf\":{\"@id\":\"https:\\\/\\\/www.fcbarcelonanoticias.com\\\/en\\\/#website\"},\"primaryImageOfPage\":{\"@id\":\"https:\\\/\\\/www.fcbarcelonanoticias.com\\\/en\\\/transfers\\\/bayern-and-psg-challenge-barca-and-real-madrid-for-haaland_309221_102.html#primaryimage\"},\"image\":{\"@id\":\"https:\\\/\\\/www.fcbarcelonanoticias.com\\\/en\\\/transfers\\\/bayern-and-psg-challenge-barca-and-real-madrid-for-haaland_309221_102.html#primaryimage\"},\"thumbnailUrl\":\"https:\\\/\\\/www.fcbarcelonanoticias.com\\\/en\\\/wp-content\\\/uploads\\\/sites\\\/2\\\/2024\\\/12\\\/erling-haaland-city-4-scaled.jpeg\",\"datePublished\":\"2024-12-11T00:07:00+00:00\",\"dateModified\":\"2024-12-11T18:33:00+00:00\",\"author\":{\"@id\":\"https:\\\/\\\/www.fcbarcelonanoticias.com\\\/en\\\/#\\\/schema\\\/person\\\/88d756918a0a1ae9fa593b5edddd1815\"},\"description\":\"Although Bar\u00e7a and Real Madrid have been working for some time on signing Erling Haaland, Bayern and PSG will fight to acquire the Norwegian\",\"breadcrumb\":{\"@id\":\"https:\\\/\\\/www.fcbarcelonanoticias.com\\\/en\\\/transfers\\\/bayern-and-psg-challenge-barca-and-real-madrid-for-haaland_309221_102.html#breadcrumb\"},\"inLanguage\":\"en-US\",\"potentialAction\":[{\"@type\":\"ReadAction\",\"target\":[\"https:\\\/\\\/www.fcbarcelonanoticias.com\\\/en\\\/transfers\\\/bayern-and-psg-challenge-barca-and-real-madrid-for-haaland_309221_102.html\"]}]},{\"@type\":\"ImageObject\",\"inLanguage\":\"en-US\",\"@id\":\"https:\\\/\\\/www.fcbarcelonanoticias.com\\\/en\\\/transfers\\\/bayern-and-psg-challenge-barca-and-real-madrid-for-haaland_309221_102.html#primaryimage\",\"url\":\"https:\\\/\\\/www.fcbarcelonanoticias.com\\\/en\\\/wp-content\\\/uploads\\\/sites\\\/2\\\/2024\\\/12\\\/erling-haaland-city-4-scaled.jpeg\",\"contentUrl\":\"https:\\\/\\\/www.fcbarcelonanoticias.com\\\/en\\\/wp-content\\\/uploads\\\/sites\\\/2\\\/2024\\\/12\\\/erling-haaland-city-4-scaled.jpeg\",\"width\":2560,\"height\":1599},{\"@type\":\"BreadcrumbList\",\"@id\":\"https:\\\/\\\/www.fcbarcelonanoticias.com\\\/en\\\/transfers\\\/bayern-and-psg-challenge-barca-and-real-madrid-for-haaland_309221_102.html#breadcrumb\",\"itemListElement\":[{\"@type\":\"ListItem\",\"position\":1,\"name\":\"Portada\",\"item\":\"https:\\\/\\\/www.fcbarcelonanoticias.com\\\/en\\\/\"},{\"@type\":\"ListItem\",\"position\":2,\"name\":\"Bayern and PSG challenge Bar\u00e7a and Real Madrid for Haaland\"}]},{\"@type\":\"WebSite\",\"@id\":\"https:\\\/\\\/www.fcbarcelonanoticias.com\\\/en\\\/#website\",\"url\":\"https:\\\/\\\/www.fcbarcelonanoticias.com\\\/en\\\/\",\"name\":\"EN - FC Barcelona Noticias\",\"description\":\"\",\"potentialAction\":[{\"@type\":\"SearchAction\",\"target\":{\"@type\":\"EntryPoint\",\"urlTemplate\":\"https:\\\/\\\/www.fcbarcelonanoticias.com\\\/en\\\/?s={search_term_string}\"},\"query-input\":{\"@type\":\"PropertyValueSpecification\",\"valueRequired\":true,\"valueName\":\"search_term_string\"}}],\"inLanguage\":\"en-US\"},{\"@type\":\"Person\",\"@id\":\"https:\\\/\\\/www.fcbarcelonanoticias.com\\\/en\\\/#\\\/schema\\\/person\\\/88d756918a0a1ae9fa593b5edddd1815\",\"name\":\"Juan Pablo Berdugo\",\"image\":{\"@type\":\"ImageObject\",\"inLanguage\":\"en-US\",\"@id\":\"https:\\\/\\\/secure.gravatar.com\\\/avatar\\\/?s=96&d=mm&r=g\",\"url\":\"https:\\\/\\\/secure.gravatar.com\\\/avatar\\\/?s=96&d=mm&r=g\",\"contentUrl\":\"https:\\\/\\\/secure.gravatar.com\\\/avatar\\\/?s=96&d=mm&r=g\",\"caption\":\"Juan Pablo Berdugo\"},\"description\":\"Juan Pablo Berdugo es graduado en Periodismo. Colabora con FCBN como especialista en informaci\u00f3n del primer equipo del FC Barcelona, f\u00fatbol internacional y mercado de fichajes. Destaca por su enfoque anal\u00edtico, su rigor informativo y su capacidad para detectar tendencias emergentes en el f\u00fatbol global.\",\"url\":\"https:\\\/\\\/www.fcbarcelonanoticias.com\\\/en\\\/fc-barcelona\\\/juan-pablo-berdugo_18_115.html\"}]}<\/script>\n<!-- \/ Yoast SEO plugin. -->","yoast_head_json":{"title":"Bayern and PSG challenge Bar\u00e7a and Real Madrid for Haaland","description":"Although Bar\u00e7a and Real Madrid have been working for some time on signing Erling Haaland, Bayern and PSG will fight to acquire the Norwegian","robots":{"index":"index","follow":"follow","max-snippet":"max-snippet:-1","max-image-preview":"max-image-preview:large","max-video-preview":"max-video-preview:-1"},"canonical":"https:\/\/www.fcbarcelonanoticias.com\/en\/transfers\/bayern-and-psg-challenge-barca-and-real-madrid-for-haaland_309221_102.html","og_locale":"en_US","og_type":"article","og_title":"Bayern and PSG challenge Bar\u00e7a and Real Madrid for Haaland","og_description":"Although Bar\u00e7a and Real Madrid have been working for some time on signing Erling Haaland, Bayern and PSG will fight to acquire the Norwegian","og_url":"https:\/\/www.fcbarcelonanoticias.com\/en\/transfers\/bayern-and-psg-challenge-barca-and-real-madrid-for-haaland_309221_102.html","og_site_name":"EN - FC Barcelona Noticias","article_published_time":"2024-12-11T00:07:00+00:00","article_modified_time":"2024-12-11T18:33:00+00:00","og_image":[{"width":2560,"height":1599,"url":"https:\/\/www.fcbarcelonanoticias.com\/en\/wp-content\/uploads\/sites\/2\/2024\/12\/erling-haaland-city-4-scaled.jpeg","type":"image\/jpeg"}],"author":"Juan Pablo Berdugo","twitter_card":"summary_large_image","twitter_misc":{"Written by":"Juan Pablo Berdugo","Est. reading time":"2 minutes"},"schema":{"@context":"https:\/\/schema.org","@graph":[{"@type":"Article","@id":"https:\/\/www.fcbarcelonanoticias.com\/en\/transfers\/bayern-and-psg-challenge-barca-and-real-madrid-for-haaland_309221_102.html#article","isPartOf":{"@id":"https:\/\/www.fcbarcelonanoticias.com\/en\/transfers\/bayern-and-psg-challenge-barca-and-real-madrid-for-haaland_309221_102.html"},"author":{"name":"Juan Pablo Berdugo","@id":"https:\/\/www.fcbarcelonanoticias.com\/en\/#\/schema\/person\/88d756918a0a1ae9fa593b5edddd1815"},"headline":"Bayern and PSG challenge Bar\u00e7a and Real Madrid for Haaland","datePublished":"2024-12-11T00:07:00+00:00","dateModified":"2024-12-11T18:33:00+00:00","mainEntityOfPage":{"@id":"https:\/\/www.fcbarcelonanoticias.com\/en\/transfers\/bayern-and-psg-challenge-barca-and-real-madrid-for-haaland_309221_102.html"},"wordCount":355,"image":{"@id":"https:\/\/www.fcbarcelonanoticias.com\/en\/transfers\/bayern-and-psg-challenge-barca-and-real-madrid-for-haaland_309221_102.html#primaryimage"},"thumbnailUrl":"https:\/\/www.fcbarcelonanoticias.com\/en\/wp-content\/uploads\/sites\/2\/2024\/12\/erling-haaland-city-4-scaled.jpeg","keywords":["Bayern Munich","Erling Haaland","Paris Saint-Germain"],"articleSection":["Transfers","Transfers"],"inLanguage":"en-US"},{"@type":"WebPage","@id":"https:\/\/www.fcbarcelonanoticias.com\/en\/transfers\/bayern-and-psg-challenge-barca-and-real-madrid-for-haaland_309221_102.html","url":"https:\/\/www.fcbarcelonanoticias.com\/en\/transfers\/bayern-and-psg-challenge-barca-and-real-madrid-for-haaland_309221_102.html","name":"Bayern and PSG challenge Bar\u00e7a and Real Madrid for Haaland","isPartOf":{"@id":"https:\/\/www.fcbarcelonanoticias.com\/en\/#website"},"primaryImageOfPage":{"@id":"https:\/\/www.fcbarcelonanoticias.com\/en\/transfers\/bayern-and-psg-challenge-barca-and-real-madrid-for-haaland_309221_102.html#primaryimage"},"image":{"@id":"https:\/\/www.fcbarcelonanoticias.com\/en\/transfers\/bayern-and-psg-challenge-barca-and-real-madrid-for-haaland_309221_102.html#primaryimage"},"thumbnailUrl":"https:\/\/www.fcbarcelonanoticias.com\/en\/wp-content\/uploads\/sites\/2\/2024\/12\/erling-haaland-city-4-scaled.jpeg","datePublished":"2024-12-11T00:07:00+00:00","dateModified":"2024-12-11T18:33:00+00:00","author":{"@id":"https:\/\/www.fcbarcelonanoticias.com\/en\/#\/schema\/person\/88d756918a0a1ae9fa593b5edddd1815"},"description":"Although Bar\u00e7a and Real Madrid have been working for some time on signing Erling Haaland, Bayern and PSG will fight to acquire the Norwegian","breadcrumb":{"@id":"https:\/\/www.fcbarcelonanoticias.com\/en\/transfers\/bayern-and-psg-challenge-barca-and-real-madrid-for-haaland_309221_102.html#breadcrumb"},"inLanguage":"en-US","potentialAction":[{"@type":"ReadAction","target":["https:\/\/www.fcbarcelonanoticias.com\/en\/transfers\/bayern-and-psg-challenge-barca-and-real-madrid-for-haaland_309221_102.html"]}]},{"@type":"ImageObject","inLanguage":"en-US","@id":"https:\/\/www.fcbarcelonanoticias.com\/en\/transfers\/bayern-and-psg-challenge-barca-and-real-madrid-for-haaland_309221_102.html#primaryimage","url":"https:\/\/www.fcbarcelonanoticias.com\/en\/wp-content\/uploads\/sites\/2\/2024\/12\/erling-haaland-city-4-scaled.jpeg","contentUrl":"https:\/\/www.fcbarcelonanoticias.com\/en\/wp-content\/uploads\/sites\/2\/2024\/12\/erling-haaland-city-4-scaled.jpeg","width":2560,"height":1599},{"@type":"BreadcrumbList","@id":"https:\/\/www.fcbarcelonanoticias.com\/en\/transfers\/bayern-and-psg-challenge-barca-and-real-madrid-for-haaland_309221_102.html#breadcrumb","itemListElement":[{"@type":"ListItem","position":1,"name":"Portada","item":"https:\/\/www.fcbarcelonanoticias.com\/en\/"},{"@type":"ListItem","position":2,"name":"Bayern and PSG challenge Bar\u00e7a and Real Madrid for Haaland"}]},{"@type":"WebSite","@id":"https:\/\/www.fcbarcelonanoticias.com\/en\/#website","url":"https:\/\/www.fcbarcelonanoticias.com\/en\/","name":"EN - FC Barcelona Noticias","description":"","potentialAction":[{"@type":"SearchAction","target":{"@type":"EntryPoint","urlTemplate":"https:\/\/www.fcbarcelonanoticias.com\/en\/?s={search_term_string}"},"query-input":{"@type":"PropertyValueSpecification","valueRequired":true,"valueName":"search_term_string"}}],"inLanguage":"en-US"},{"@type":"Person","@id":"https:\/\/www.fcbarcelonanoticias.com\/en\/#\/schema\/person\/88d756918a0a1ae9fa593b5edddd1815","name":"Juan Pablo Berdugo","image":{"@type":"ImageObject","inLanguage":"en-US","@id":"https:\/\/secure.gravatar.com\/avatar\/?s=96&d=mm&r=g","url":"https:\/\/secure.gravatar.com\/avatar\/?s=96&d=mm&r=g","contentUrl":"https:\/\/secure.gravatar.com\/avatar\/?s=96&d=mm&r=g","caption":"Juan Pablo Berdugo"},"description":"Juan Pablo Berdugo es graduado en Periodismo. Colabora con FCBN como especialista en informaci\u00f3n del primer equipo del FC Barcelona, f\u00fatbol internacional y mercado de fichajes. Destaca por su enfoque anal\u00edtico, su rigor informativo y su capacidad para detectar tendencias emergentes en el f\u00fatbol global.","url":"https:\/\/www.fcbarcelonanoticias.com\/en\/fc-barcelona\/juan-pablo-berdugo_18_115.html"}]}},"_links":{"self":[{"href":"https:\/\/www.fcbarcelonanoticias.com\/en\/wp-json\/wp\/v2\/posts\/97456","targetHints":{"allow":["GET"]}}],"collection":[{"href":"https:\/\/www.fcbarcelonanoticias.com\/en\/wp-json\/wp\/v2\/posts"}],"about":[{"href":"https:\/\/www.fcbarcelonanoticias.com\/en\/wp-json\/wp\/v2\/types\/post"}],"author":[{"embeddable":true,"href":"https:\/\/www.fcbarcelonanoticias.com\/en\/wp-json\/wp\/v2\/users\/358"}],"replies":[{"embeddable":true,"href":"https:\/\/www.fcbarcelonanoticias.com\/en\/wp-json\/wp\/v2\/comments?post=97456"}],"version-history":[{"count":1,"href":"https:\/\/www.fcbarcelonanoticias.com\/en\/wp-json\/wp\/v2\/posts\/97456\/revisions"}],"predecessor-version":[{"id":125452,"href":"https:\/\/www.fcbarcelonanoticias.com\/en\/wp-json\/wp\/v2\/posts\/97456\/revisions\/125452"}],"wp:featuredmedia":[{"embeddable":true,"href":"https:\/\/www.fcbarcelonanoticias.com\/en\/wp-json\/wp\/v2\/media\/97470"}],"wp:attachment":[{"href":"https:\/\/www.fcbarcelonanoticias.com\/en\/wp-json\/wp\/v2\/media?parent=97456"}],"wp:term":[{"taxonomy":"category","embeddable":true,"href":"https:\/\/www.fcbarcelonanoticias.com\/en\/wp-json\/wp\/v2\/categories?post=97456"},{"taxonomy":"post_tag","embeddable":true,"href":"https:\/\/www.fcbarcelonanoticias.com\/en\/wp-json\/wp\/v2\/tags?post=97456"}],"curies":[{"name":"wp","href":"https:\/\/api.w.org\/{rel}","templated":true}]}}