{"id":97650,"date":"2024-05-10T15:43:00","date_gmt":"2024-05-10T13:43:00","guid":{"rendered":"https:\/\/weisetech.dev\/fc-barcelona-noticias\/en\/fcbarcelona-roadmap-with-its-full-backs-for-next-season_303394_102\/"},"modified":"2024-05-10T15:43:00","modified_gmt":"2024-05-10T13:43:00","slug":"fcbarcelona-roadmap-with-its-full-backs-for-next-season_303394_102","status":"publish","type":"post","link":"https:\/\/www.fcbarcelonanoticias.com\/en\/transfers\/fcbarcelona-roadmap-with-its-full-backs-for-next-season_303394_102.html","title":{"rendered":"FC Barcelona&#8217;s roadmap with its full-backs for next season"},"content":{"rendered":"<h2 class=\"wp-block-heading\">FC Barcelona have lost defensive solidity this season, and one of the points has been the full-backs. That is why the Catalans need to define how they will face the summer with the puzzle they have in both positions<\/h2>  \r\n<div class=\"article-addons\">\r\n    <a href=\"https:\/\/www.fcbarcelonanoticias.com\/en\/calendar-fc-barcelona.html\"\r\n       target=\"_self\"\r\n       title=\"Calendar of FC Barcelona\"\r\n       class=\"blue-gredient-btn\">\r\n       \r\n        Calendar of FC Barcelona    <\/a>\r\n<\/div>   <p>Joao Cancel finishes his cession <a data-external=\"0\" data-intl-links-en=\"https:\/\/www.fcbarcelonanoticias.com\/en\/players\/like-this-it-has-armoured-the-fc-barcelona-to-his-young-promises_303371_102.html\" data-intl-links-es=\"https:\/\/www.fcbarcelonanoticias.com\/jugadores\/lamine-pedri-cubarsi-fermin-ha-blindado-fc-barcelona-sus-jovenes-promesas_303371_102.html\" href=\"https:\/\/www.fcbarcelonanoticias.com\/en\/players\/like-this-it-has-armoured-the-fc-barcelona-to-his-young-promises_303371_102.html\" rel=\"follow\" target=\"_self\" title=\"Lamine, Pedri, Cubars\u00ed, Ferm\u00edn... As\u00ed ha 'blindado' el FC Barcelona a sus j\u00f3venes promesas\">with the FC Barcelona<\/a> the next 30 June and only Alejandro Balde, that will be lesionado several weeks more, is the only fixed headline of the left side. <strong>It is thus that right now the Barcelona group needs to define his planning regarding sides, especially if it plans to reinforce with players formed in the Masia or with some yielded that it can return.<\/strong><\/p>  <p><strong>Some have played this season to loan and will go back for the pre-season as it is the case of \u00c1lex Fence in and Juli\u00e1n Araujo, <\/strong>two footballers that can cover the left and the right of the defence, respectively. Both footballers represent the possibility to improve the basic wardrobe without a cost of traspaso, although without the contrasted of a footballer as I Cancel.<\/p>  <h2>The Bar\u00e7a has to decide go in Cancel and Kound\u00e9?<\/h2>  <p>The club values the continuity of the Portuguese, although it no longer is so likely as it believed in a principle. His performance has suffered a baj\u00f3n considerable playing by the left. The Manchester City does not have he and if they do not receive an offer of traspaso,<strong> would access to yield him a campaign more to the Barcelona team, something that in consequence could open him the door of exit to another side of the team like Jules Kound\u00e9.<\/strong><\/p>  <p>Although certainly Araujo and Valley do not have neither much less his place ensured in the staff, <strong>the true is that they are much more appeals like options of market if this means to sell to a player like Kound\u00e9 or not having to fichar to Cancel, and remain with a new cession of the luso.<\/strong> By his part, the French has left clear that does not aspire to be followed as lateral, by <a data-external=\"0\" data-intl-links-en=\"https:\/\/www.fcbarcelonanoticias.com\/en\/transfers\/who-stays-and-who-goes-the-1x1-of-the-9-centre-backs-that-barca-has-for-season_303364_102.html\" data-intl-links-es=\"https:\/\/www.fcbarcelonanoticias.com\/fichajes\/quien-se-queda-quien-se-va-1x1-9-centrales-con-cuenta-barca-tempora_303364_102.html\" href=\"https:\/\/www.fcbarcelonanoticias.com\/en\/transfers\/who-stays-and-who-goes-the-1x1-of-the-9-centre-backs-that-barca-has-for-season_303364_102.html\" rel=\"follow\" target=\"_self\" title=\"\u00bfQui\u00e9n se queda y qui\u00e9n se va? El 1x1 de los centrales con los que cuenta el Bar\u00e7a para la temporada\">what with the &#8216;overbooking&#8217; of head offices<\/a> that exists, could finish going out.<\/p>  <h2>Fort, Valley, Araujo&#8230; Alternative &#8216;free&#8217; for the summer<\/h2>  <p>Finally it finds H\u00e9ctor Fort, a footballer that likes a lot to Xavi and that it can even be headline during the pre-season if Balde still is drop and Cancel still has not defined his future. <strong>The canterano is also a &#8216;signing&#8217; like Valley and Araujo, although already with the weight to having played this season and deliver some security in his performances. <\/strong><\/p> ","protected":false},"excerpt":{"rendered":"<p>FC Barcelona have lost defensive solidity this season, and one of the points has been the full-backs. That is why the Catalans need to define how they will face the summer with the puzzle they have in both positions Joao Cancel finishes his cession with the FC Barcelona the next 30 June and only Alejandro [&hellip;]<\/p>\n","protected":false},"author":345,"featured_media":97663,"comment_status":"closed","ping_status":"open","sticky":false,"template":"","format":"standard","meta":{"_acf_changed":false,"inline_featured_image":false,"_nextfly_llmd_date_locked":false,"footnotes":""},"categories":[449,106],"tags":[196,380,48],"class_list":["post-97650","post","type-post","status-publish","format-standard","has-post-thumbnail","hentry","category-transfers-2","category-transfers","tag-joao-cancelo","tag-julian-araujo","tag-xavi-hernandez"],"acf":[],"yoast_head":"<!-- This site is optimized with the Yoast SEO plugin v27.3 - https:\/\/yoast.com\/product\/yoast-seo-wordpress\/ -->\n<title>FC Barcelona&#039;s roadmap with its full-backs for next season<\/title>\n<meta name=\"description\" content=\"FC Barcelona have lost defensive solidity this season, and one of the points has been the full-backs. That is why the Catalans need to define how they will face the summer with the puzzle they have in both positions\" \/>\n<meta name=\"robots\" content=\"index, follow, max-snippet:-1, max-image-preview:large, max-video-preview:-1\" \/>\n<link rel=\"canonical\" href=\"https:\/\/www.fcbarcelonanoticias.com\/en\/transfers\/fcbarcelona-roadmap-with-its-full-backs-for-next-season_303394_102.html\" \/>\n<meta property=\"og:locale\" content=\"en_US\" \/>\n<meta property=\"og:type\" content=\"article\" \/>\n<meta property=\"og:title\" content=\"FC Barcelona&#039;s roadmap with its full-backs for next season\" \/>\n<meta property=\"og:description\" content=\"FC Barcelona have lost defensive solidity this season, and one of the points has been the full-backs. That is why the Catalans need to define how they will face the summer with the puzzle they have in both positions\" \/>\n<meta property=\"og:url\" content=\"https:\/\/www.fcbarcelonanoticias.com\/en\/transfers\/fcbarcelona-roadmap-with-its-full-backs-for-next-season_303394_102.html\" \/>\n<meta property=\"og:site_name\" content=\"EN - FC Barcelona Noticias\" \/>\n<meta property=\"article:published_time\" content=\"2024-05-10T13:43:00+00:00\" \/>\n<meta property=\"og:image\" content=\"https:\/\/www.fcbarcelonanoticias.com\/en\/wp-content\/uploads\/sites\/2\/2024\/05\/joao-cancelo-jules-kounde-alejandro-balde-hector-fort-laterales-del-barca-1.png\" \/>\n\t<meta property=\"og:image:width\" content=\"1300\" \/>\n\t<meta property=\"og:image:height\" content=\"732\" \/>\n\t<meta property=\"og:image:type\" content=\"image\/png\" \/>\n<meta name=\"author\" content=\"Carlos Montenegro\" \/>\n<meta name=\"twitter:card\" content=\"summary_large_image\" \/>\n<meta name=\"twitter:label1\" content=\"Written by\" \/>\n\t<meta name=\"twitter:data1\" content=\"Carlos Montenegro\" \/>\n\t<meta name=\"twitter:label2\" content=\"Est. reading time\" \/>\n\t<meta name=\"twitter:data2\" content=\"2 minutes\" \/>\n<script type=\"application\/ld+json\" class=\"yoast-schema-graph\">{\"@context\":\"https:\\\/\\\/schema.org\",\"@graph\":[{\"@type\":\"Article\",\"@id\":\"https:\\\/\\\/www.fcbarcelonanoticias.com\\\/en\\\/transfers\\\/fcbarcelona-roadmap-with-its-full-backs-for-next-season_303394_102.html#article\",\"isPartOf\":{\"@id\":\"https:\\\/\\\/www.fcbarcelonanoticias.com\\\/en\\\/transfers\\\/fcbarcelona-roadmap-with-its-full-backs-for-next-season_303394_102.html\"},\"author\":{\"name\":\"Carlos Montenegro\",\"@id\":\"https:\\\/\\\/www.fcbarcelonanoticias.com\\\/en\\\/#\\\/schema\\\/person\\\/aa1d038709c262cb247e240f6b39bbf5\"},\"headline\":\"FC Barcelona&#8217;s roadmap with its full-backs for next season\",\"datePublished\":\"2024-05-10T13:43:00+00:00\",\"mainEntityOfPage\":{\"@id\":\"https:\\\/\\\/www.fcbarcelonanoticias.com\\\/en\\\/transfers\\\/fcbarcelona-roadmap-with-its-full-backs-for-next-season_303394_102.html\"},\"wordCount\":435,\"image\":{\"@id\":\"https:\\\/\\\/www.fcbarcelonanoticias.com\\\/en\\\/transfers\\\/fcbarcelona-roadmap-with-its-full-backs-for-next-season_303394_102.html#primaryimage\"},\"thumbnailUrl\":\"https:\\\/\\\/www.fcbarcelonanoticias.com\\\/en\\\/wp-content\\\/uploads\\\/sites\\\/2\\\/2024\\\/05\\\/joao-cancelo-jules-kounde-alejandro-balde-hector-fort-laterales-del-barca-1.png\",\"keywords\":[\"Joao Cancelo\",\"Juli\u00e1n Araujo\",\"Xavi Hern\u00e1ndez\"],\"articleSection\":[\"Transfers\",\"Transfers\"],\"inLanguage\":\"en-US\"},{\"@type\":\"WebPage\",\"@id\":\"https:\\\/\\\/www.fcbarcelonanoticias.com\\\/en\\\/transfers\\\/fcbarcelona-roadmap-with-its-full-backs-for-next-season_303394_102.html\",\"url\":\"https:\\\/\\\/www.fcbarcelonanoticias.com\\\/en\\\/transfers\\\/fcbarcelona-roadmap-with-its-full-backs-for-next-season_303394_102.html\",\"name\":\"FC Barcelona's roadmap with its full-backs for next season\",\"isPartOf\":{\"@id\":\"https:\\\/\\\/www.fcbarcelonanoticias.com\\\/en\\\/#website\"},\"primaryImageOfPage\":{\"@id\":\"https:\\\/\\\/www.fcbarcelonanoticias.com\\\/en\\\/transfers\\\/fcbarcelona-roadmap-with-its-full-backs-for-next-season_303394_102.html#primaryimage\"},\"image\":{\"@id\":\"https:\\\/\\\/www.fcbarcelonanoticias.com\\\/en\\\/transfers\\\/fcbarcelona-roadmap-with-its-full-backs-for-next-season_303394_102.html#primaryimage\"},\"thumbnailUrl\":\"https:\\\/\\\/www.fcbarcelonanoticias.com\\\/en\\\/wp-content\\\/uploads\\\/sites\\\/2\\\/2024\\\/05\\\/joao-cancelo-jules-kounde-alejandro-balde-hector-fort-laterales-del-barca-1.png\",\"datePublished\":\"2024-05-10T13:43:00+00:00\",\"author\":{\"@id\":\"https:\\\/\\\/www.fcbarcelonanoticias.com\\\/en\\\/#\\\/schema\\\/person\\\/aa1d038709c262cb247e240f6b39bbf5\"},\"description\":\"FC Barcelona have lost defensive solidity this season, and one of the points has been the full-backs. That is why the Catalans need to define how they will face the summer with the puzzle they have in both positions\",\"breadcrumb\":{\"@id\":\"https:\\\/\\\/www.fcbarcelonanoticias.com\\\/en\\\/transfers\\\/fcbarcelona-roadmap-with-its-full-backs-for-next-season_303394_102.html#breadcrumb\"},\"inLanguage\":\"en-US\",\"potentialAction\":[{\"@type\":\"ReadAction\",\"target\":[\"https:\\\/\\\/www.fcbarcelonanoticias.com\\\/en\\\/transfers\\\/fcbarcelona-roadmap-with-its-full-backs-for-next-season_303394_102.html\"]}]},{\"@type\":\"ImageObject\",\"inLanguage\":\"en-US\",\"@id\":\"https:\\\/\\\/www.fcbarcelonanoticias.com\\\/en\\\/transfers\\\/fcbarcelona-roadmap-with-its-full-backs-for-next-season_303394_102.html#primaryimage\",\"url\":\"https:\\\/\\\/www.fcbarcelonanoticias.com\\\/en\\\/wp-content\\\/uploads\\\/sites\\\/2\\\/2024\\\/05\\\/joao-cancelo-jules-kounde-alejandro-balde-hector-fort-laterales-del-barca-1.png\",\"contentUrl\":\"https:\\\/\\\/www.fcbarcelonanoticias.com\\\/en\\\/wp-content\\\/uploads\\\/sites\\\/2\\\/2024\\\/05\\\/joao-cancelo-jules-kounde-alejandro-balde-hector-fort-laterales-del-barca-1.png\",\"width\":1300,\"height\":732},{\"@type\":\"BreadcrumbList\",\"@id\":\"https:\\\/\\\/www.fcbarcelonanoticias.com\\\/en\\\/transfers\\\/fcbarcelona-roadmap-with-its-full-backs-for-next-season_303394_102.html#breadcrumb\",\"itemListElement\":[{\"@type\":\"ListItem\",\"position\":1,\"name\":\"Portada\",\"item\":\"https:\\\/\\\/www.fcbarcelonanoticias.com\\\/en\\\/\"},{\"@type\":\"ListItem\",\"position\":2,\"name\":\"FC Barcelona&#8217;s roadmap with its full-backs for next season\"}]},{\"@type\":\"WebSite\",\"@id\":\"https:\\\/\\\/www.fcbarcelonanoticias.com\\\/en\\\/#website\",\"url\":\"https:\\\/\\\/www.fcbarcelonanoticias.com\\\/en\\\/\",\"name\":\"EN - FC Barcelona Noticias\",\"description\":\"\",\"potentialAction\":[{\"@type\":\"SearchAction\",\"target\":{\"@type\":\"EntryPoint\",\"urlTemplate\":\"https:\\\/\\\/www.fcbarcelonanoticias.com\\\/en\\\/?s={search_term_string}\"},\"query-input\":{\"@type\":\"PropertyValueSpecification\",\"valueRequired\":true,\"valueName\":\"search_term_string\"}}],\"inLanguage\":\"en-US\"},{\"@type\":\"Person\",\"@id\":\"https:\\\/\\\/www.fcbarcelonanoticias.com\\\/en\\\/#\\\/schema\\\/person\\\/aa1d038709c262cb247e240f6b39bbf5\",\"name\":\"Carlos Montenegro\",\"image\":{\"@type\":\"ImageObject\",\"inLanguage\":\"en-US\",\"@id\":\"https:\\\/\\\/secure.gravatar.com\\\/avatar\\\/?s=96&d=mm&r=g\",\"url\":\"https:\\\/\\\/secure.gravatar.com\\\/avatar\\\/?s=96&d=mm&r=g\",\"contentUrl\":\"https:\\\/\\\/secure.gravatar.com\\\/avatar\\\/?s=96&d=mm&r=g\",\"caption\":\"Carlos Montenegro\"},\"url\":\"https:\\\/\\\/www.fcbarcelonanoticias.com\\\/en\\\/carlos-montenegro_20_115.html\"}]}<\/script>\n<!-- \/ Yoast SEO plugin. -->","yoast_head_json":{"title":"FC Barcelona's roadmap with its full-backs for next season","description":"FC Barcelona have lost defensive solidity this season, and one of the points has been the full-backs. That is why the Catalans need to define how they will face the summer with the puzzle they have in both positions","robots":{"index":"index","follow":"follow","max-snippet":"max-snippet:-1","max-image-preview":"max-image-preview:large","max-video-preview":"max-video-preview:-1"},"canonical":"https:\/\/www.fcbarcelonanoticias.com\/en\/transfers\/fcbarcelona-roadmap-with-its-full-backs-for-next-season_303394_102.html","og_locale":"en_US","og_type":"article","og_title":"FC Barcelona's roadmap with its full-backs for next season","og_description":"FC Barcelona have lost defensive solidity this season, and one of the points has been the full-backs. That is why the Catalans need to define how they will face the summer with the puzzle they have in both positions","og_url":"https:\/\/www.fcbarcelonanoticias.com\/en\/transfers\/fcbarcelona-roadmap-with-its-full-backs-for-next-season_303394_102.html","og_site_name":"EN - FC Barcelona Noticias","article_published_time":"2024-05-10T13:43:00+00:00","og_image":[{"width":1300,"height":732,"url":"https:\/\/www.fcbarcelonanoticias.com\/en\/wp-content\/uploads\/sites\/2\/2024\/05\/joao-cancelo-jules-kounde-alejandro-balde-hector-fort-laterales-del-barca-1.png","type":"image\/png"}],"author":"Carlos Montenegro","twitter_card":"summary_large_image","twitter_misc":{"Written by":"Carlos Montenegro","Est. reading time":"2 minutes"},"schema":{"@context":"https:\/\/schema.org","@graph":[{"@type":"Article","@id":"https:\/\/www.fcbarcelonanoticias.com\/en\/transfers\/fcbarcelona-roadmap-with-its-full-backs-for-next-season_303394_102.html#article","isPartOf":{"@id":"https:\/\/www.fcbarcelonanoticias.com\/en\/transfers\/fcbarcelona-roadmap-with-its-full-backs-for-next-season_303394_102.html"},"author":{"name":"Carlos Montenegro","@id":"https:\/\/www.fcbarcelonanoticias.com\/en\/#\/schema\/person\/aa1d038709c262cb247e240f6b39bbf5"},"headline":"FC Barcelona&#8217;s roadmap with its full-backs for next season","datePublished":"2024-05-10T13:43:00+00:00","mainEntityOfPage":{"@id":"https:\/\/www.fcbarcelonanoticias.com\/en\/transfers\/fcbarcelona-roadmap-with-its-full-backs-for-next-season_303394_102.html"},"wordCount":435,"image":{"@id":"https:\/\/www.fcbarcelonanoticias.com\/en\/transfers\/fcbarcelona-roadmap-with-its-full-backs-for-next-season_303394_102.html#primaryimage"},"thumbnailUrl":"https:\/\/www.fcbarcelonanoticias.com\/en\/wp-content\/uploads\/sites\/2\/2024\/05\/joao-cancelo-jules-kounde-alejandro-balde-hector-fort-laterales-del-barca-1.png","keywords":["Joao Cancelo","Juli\u00e1n Araujo","Xavi Hern\u00e1ndez"],"articleSection":["Transfers","Transfers"],"inLanguage":"en-US"},{"@type":"WebPage","@id":"https:\/\/www.fcbarcelonanoticias.com\/en\/transfers\/fcbarcelona-roadmap-with-its-full-backs-for-next-season_303394_102.html","url":"https:\/\/www.fcbarcelonanoticias.com\/en\/transfers\/fcbarcelona-roadmap-with-its-full-backs-for-next-season_303394_102.html","name":"FC Barcelona's roadmap with its full-backs for next season","isPartOf":{"@id":"https:\/\/www.fcbarcelonanoticias.com\/en\/#website"},"primaryImageOfPage":{"@id":"https:\/\/www.fcbarcelonanoticias.com\/en\/transfers\/fcbarcelona-roadmap-with-its-full-backs-for-next-season_303394_102.html#primaryimage"},"image":{"@id":"https:\/\/www.fcbarcelonanoticias.com\/en\/transfers\/fcbarcelona-roadmap-with-its-full-backs-for-next-season_303394_102.html#primaryimage"},"thumbnailUrl":"https:\/\/www.fcbarcelonanoticias.com\/en\/wp-content\/uploads\/sites\/2\/2024\/05\/joao-cancelo-jules-kounde-alejandro-balde-hector-fort-laterales-del-barca-1.png","datePublished":"2024-05-10T13:43:00+00:00","author":{"@id":"https:\/\/www.fcbarcelonanoticias.com\/en\/#\/schema\/person\/aa1d038709c262cb247e240f6b39bbf5"},"description":"FC Barcelona have lost defensive solidity this season, and one of the points has been the full-backs. That is why the Catalans need to define how they will face the summer with the puzzle they have in both positions","breadcrumb":{"@id":"https:\/\/www.fcbarcelonanoticias.com\/en\/transfers\/fcbarcelona-roadmap-with-its-full-backs-for-next-season_303394_102.html#breadcrumb"},"inLanguage":"en-US","potentialAction":[{"@type":"ReadAction","target":["https:\/\/www.fcbarcelonanoticias.com\/en\/transfers\/fcbarcelona-roadmap-with-its-full-backs-for-next-season_303394_102.html"]}]},{"@type":"ImageObject","inLanguage":"en-US","@id":"https:\/\/www.fcbarcelonanoticias.com\/en\/transfers\/fcbarcelona-roadmap-with-its-full-backs-for-next-season_303394_102.html#primaryimage","url":"https:\/\/www.fcbarcelonanoticias.com\/en\/wp-content\/uploads\/sites\/2\/2024\/05\/joao-cancelo-jules-kounde-alejandro-balde-hector-fort-laterales-del-barca-1.png","contentUrl":"https:\/\/www.fcbarcelonanoticias.com\/en\/wp-content\/uploads\/sites\/2\/2024\/05\/joao-cancelo-jules-kounde-alejandro-balde-hector-fort-laterales-del-barca-1.png","width":1300,"height":732},{"@type":"BreadcrumbList","@id":"https:\/\/www.fcbarcelonanoticias.com\/en\/transfers\/fcbarcelona-roadmap-with-its-full-backs-for-next-season_303394_102.html#breadcrumb","itemListElement":[{"@type":"ListItem","position":1,"name":"Portada","item":"https:\/\/www.fcbarcelonanoticias.com\/en\/"},{"@type":"ListItem","position":2,"name":"FC Barcelona&#8217;s roadmap with its full-backs for next season"}]},{"@type":"WebSite","@id":"https:\/\/www.fcbarcelonanoticias.com\/en\/#website","url":"https:\/\/www.fcbarcelonanoticias.com\/en\/","name":"EN - FC Barcelona Noticias","description":"","potentialAction":[{"@type":"SearchAction","target":{"@type":"EntryPoint","urlTemplate":"https:\/\/www.fcbarcelonanoticias.com\/en\/?s={search_term_string}"},"query-input":{"@type":"PropertyValueSpecification","valueRequired":true,"valueName":"search_term_string"}}],"inLanguage":"en-US"},{"@type":"Person","@id":"https:\/\/www.fcbarcelonanoticias.com\/en\/#\/schema\/person\/aa1d038709c262cb247e240f6b39bbf5","name":"Carlos Montenegro","image":{"@type":"ImageObject","inLanguage":"en-US","@id":"https:\/\/secure.gravatar.com\/avatar\/?s=96&d=mm&r=g","url":"https:\/\/secure.gravatar.com\/avatar\/?s=96&d=mm&r=g","contentUrl":"https:\/\/secure.gravatar.com\/avatar\/?s=96&d=mm&r=g","caption":"Carlos Montenegro"},"url":"https:\/\/www.fcbarcelonanoticias.com\/en\/carlos-montenegro_20_115.html"}]}},"_links":{"self":[{"href":"https:\/\/www.fcbarcelonanoticias.com\/en\/wp-json\/wp\/v2\/posts\/97650","targetHints":{"allow":["GET"]}}],"collection":[{"href":"https:\/\/www.fcbarcelonanoticias.com\/en\/wp-json\/wp\/v2\/posts"}],"about":[{"href":"https:\/\/www.fcbarcelonanoticias.com\/en\/wp-json\/wp\/v2\/types\/post"}],"author":[{"embeddable":true,"href":"https:\/\/www.fcbarcelonanoticias.com\/en\/wp-json\/wp\/v2\/users\/345"}],"replies":[{"embeddable":true,"href":"https:\/\/www.fcbarcelonanoticias.com\/en\/wp-json\/wp\/v2\/comments?post=97650"}],"version-history":[{"count":1,"href":"https:\/\/www.fcbarcelonanoticias.com\/en\/wp-json\/wp\/v2\/posts\/97650\/revisions"}],"predecessor-version":[{"id":127583,"href":"https:\/\/www.fcbarcelonanoticias.com\/en\/wp-json\/wp\/v2\/posts\/97650\/revisions\/127583"}],"wp:featuredmedia":[{"embeddable":true,"href":"https:\/\/www.fcbarcelonanoticias.com\/en\/wp-json\/wp\/v2\/media\/97663"}],"wp:attachment":[{"href":"https:\/\/www.fcbarcelonanoticias.com\/en\/wp-json\/wp\/v2\/media?parent=97650"}],"wp:term":[{"taxonomy":"category","embeddable":true,"href":"https:\/\/www.fcbarcelonanoticias.com\/en\/wp-json\/wp\/v2\/categories?post=97650"},{"taxonomy":"post_tag","embeddable":true,"href":"https:\/\/www.fcbarcelonanoticias.com\/en\/wp-json\/wp\/v2\/tags?post=97650"}],"curies":[{"name":"wp","href":"https:\/\/api.w.org\/{rel}","templated":true}]}}