{"id":97701,"date":"2023-07-28T13:13:00","date_gmt":"2023-07-28T11:13:00","guid":{"rendered":"https:\/\/weisetech.dev\/fc-barcelona-noticias\/en\/danger-dembele-psg-anger-for-frances-as-relief-mbappe_294547_102\/"},"modified":"2023-07-28T16:10:00","modified_gmt":"2023-07-28T14:10:00","slug":"danger-dembele-psg-anger-for-frances-as-relief-mbappe_294547_102","status":"publish","type":"post","link":"https:\/\/www.fcbarcelonanoticias.com\/en\/transfers\/danger-dembele-psg-anger-for-frances-as-relief-mbappe_294547_102.html","title":{"rendered":"Danger Demb\u00e9l\u00e9! PSG will go for the Frenchman as Mbapp\u00e9&#8217;s replacement"},"content":{"rendered":"<h2 class=\"wp-block-heading\">New information ensures that Paris Saint-Germain has marked Ousmane Demb\u00e9l\u00e9 as a priority target in the event that Kylian Mbapp\u00e9 leaves for Real Madrid<\/h2>  \r\n<div class=\"article-addons\">\r\n    <a href=\"https:\/\/www.fcbarcelonanoticias.com\/en\/calendar-fc-barcelona.html\"\r\n       target=\"_self\"\r\n       title=\"Calendar of FC Barcelona\"\r\n       class=\"blue-gredient-btn\">\r\n       \r\n        Calendar of FC Barcelona    <\/a>\r\n<\/div>   <p><strong>The exit of Kylian Mbapp\u00e9 of Paris Saint-Germain is about to to burst<\/strong> and several informations have especulado with the footballers that could relieve to the French. As it aims the newspaper &#8216;ACE&#8217;, <strong>would be Ousmane Demb\u00e9l\u00e9 the one who would be marked with red lines<\/strong> in the diary of the Parisian sportive direction.<\/p>  <p>The attacker has a valid agreement until 2024 and <a data-external=\"0\" data-intl-links-en=\"https:\/\/www.fcbarcelonanoticias.com\/en\/transfers\/barca-insists-on-renewal-dembele-scare-psg_293855_102.html\" data-intl-links-es=\"https:\/\/www.fcbarcelonanoticias.com\/fichajes\/barca-insiste-en-renovacion-dembele-espantar-psg_293855_102.html\" href=\"https:\/\/www.fcbarcelonanoticias.com\/en\/transfers\/barca-insists-on-renewal-dembele-scare-psg_293855_102.html\" rel=\"follow\" target=\"_self\" title=\"El Bar\u00e7a insiste en la renovaci\u00f3n de Demb\u00e9l\u00e9 para 'espantar' al PSG\">the FC Barcelona wants to renew him until 2027<\/a>, although nowadays both postures are distant because his surroundings has decided to take his time. However, in the dispatches also understand that <strong>they could risk to that leave free next summer<\/strong> if they do not attain to tie him what before.<\/p>  <h2>Luis Enrique wants to Demb\u00e9l\u00e9<\/h2>  <p>The quoted source sustains that <strong>the own Luis Enrique would have given the seen well to the incorporation of &#8216;The Mosquito&#8217; <\/strong>as long as Mbapp\u00e9 change of airs by the Real Madrid. It is important to remember that<strong> the clause of the &#8216;7&#8217; cul\u00e9 will duplicate on 1 August until the 100 million euros,<\/strong> a figure that the Barcelona would be had to negotiate in case that there is a contact of the PSG.<\/p>  <p>For anybody is a secret that Xavi wants to reinforce several positions and <strong>the money ingresado by &#8216;Dembouz&#8217; would give freedoms to the club in the market and also in matter of Fair Play.<\/strong> It will be necessary to see what occurs in the following days taking into account that everything will depend on the decision of the Parisian group and his maximum star.<\/p>  <p>Demb\u00e9l\u00e9 Is comfortable in Barcelona and feels valued by the institution and the changing room. In spite of this, the financial urgencies of the club tighten and <strong>anything could happen in case that <a a=\"\" data-external=\"0\" data-intl-links-en=\"https:\/\/www.fcbarcelonanoticias.com\/en\/transfers\/indirect-from-yuste-to-dembele-for-his-renewal-every-year-the-same-thing-happens_294470_102.html\" data-intl-links-es=\"https:\/\/www.fcbarcelonanoticias.com\/fichajes\/indirecta-yuste-dembele-por-su-renovacion-todos-anos-pasa-mismo_294470_102.html\" href=\"https:\/\/www.fcbarcelonanoticias.com\/en\/transfers\/indirect-from-yuste-to-dembele-for-his-renewal-every-year-the-same-thing-happens_294470_102.html\" los=\"\" rel=\"follow\" target=\"_self\" title=\"Indirecta de Yuste a Demb\u00e9l\u00e9 por su renovaci\u00f3n: \" todos=\"\">they do not arrive to a half point with his renewal<\/a><\/strong> when returning of turns it of pre-season.<\/p> ","protected":false},"excerpt":{"rendered":"<p>New information ensures that Paris Saint-Germain has marked Ousmane Demb\u00e9l\u00e9 as a priority target in the event that Kylian Mbapp\u00e9 leaves for Real Madrid The exit of Kylian Mbapp\u00e9 of Paris Saint-Germain is about to to burst and several informations have especulado with the footballers that could relieve to the French. As it aims the [&hellip;]<\/p>\n","protected":false},"author":0,"featured_media":97715,"comment_status":"closed","ping_status":"open","sticky":false,"template":"","format":"standard","meta":{"_acf_changed":false,"inline_featured_image":false,"_nextfly_llmd_date_locked":false,"footnotes":""},"categories":[449,106],"tags":[146,171,88],"class_list":["post-97701","post","type-post","status-publish","format-standard","has-post-thumbnail","hentry","category-transfers-2","category-transfers","tag-dembele","tag-mbappe","tag-paris-saint-germain"],"acf":[],"yoast_head":"<!-- This site is optimized with the Yoast SEO plugin v27.3 - https:\/\/yoast.com\/product\/yoast-seo-wordpress\/ -->\n<title>Danger Demb\u00e9l\u00e9! PSG will go for the Frenchman as Mbapp\u00e9&#039;s replacement<\/title>\n<meta name=\"description\" content=\"New information ensures that Paris Saint-Germain has marked Ousmane Demb\u00e9l\u00e9 as a priority target in the event that Kylian Mbapp\u00e9 leaves for Real Madrid\" \/>\n<meta name=\"robots\" content=\"index, follow, max-snippet:-1, max-image-preview:large, max-video-preview:-1\" \/>\n<link rel=\"canonical\" href=\"https:\/\/www.fcbarcelonanoticias.com\/en\/transfers\/danger-dembele-psg-anger-for-frances-as-relief-mbappe_294547_102.html\" \/>\n<meta property=\"og:locale\" content=\"en_US\" \/>\n<meta property=\"og:type\" content=\"article\" \/>\n<meta property=\"og:title\" content=\"Danger Demb\u00e9l\u00e9! PSG will go for the Frenchman as Mbapp\u00e9&#039;s replacement\" \/>\n<meta property=\"og:description\" content=\"New information ensures that Paris Saint-Germain has marked Ousmane Demb\u00e9l\u00e9 as a priority target in the event that Kylian Mbapp\u00e9 leaves for Real Madrid\" \/>\n<meta property=\"og:url\" content=\"https:\/\/www.fcbarcelonanoticias.com\/en\/transfers\/danger-dembele-psg-anger-for-frances-as-relief-mbappe_294547_102.html\" \/>\n<meta property=\"og:site_name\" content=\"EN - FC Barcelona Noticias\" \/>\n<meta property=\"article:published_time\" content=\"2023-07-28T11:13:00+00:00\" \/>\n<meta property=\"article:modified_time\" content=\"2023-07-28T14:10:00+00:00\" \/>\n<meta property=\"og:image\" content=\"https:\/\/www.fcbarcelonanoticias.com\/en\/wp-content\/uploads\/sites\/2\/2023\/07\/dembele-y-mbappe-con-francia.jpeg\" \/>\n\t<meta property=\"og:image:width\" content=\"1300\" \/>\n\t<meta property=\"og:image:height\" content=\"747\" \/>\n\t<meta property=\"og:image:type\" content=\"image\/jpeg\" \/>\n<meta name=\"twitter:card\" content=\"summary_large_image\" \/>\n<meta name=\"twitter:label1\" content=\"Est. reading time\" \/>\n\t<meta name=\"twitter:data1\" content=\"2 minutes\" \/>\n<script type=\"application\/ld+json\" class=\"yoast-schema-graph\">{\"@context\":\"https:\\\/\\\/schema.org\",\"@graph\":[{\"@type\":\"Article\",\"@id\":\"https:\\\/\\\/www.fcbarcelonanoticias.com\\\/en\\\/transfers\\\/danger-dembele-psg-anger-for-frances-as-relief-mbappe_294547_102.html#article\",\"isPartOf\":{\"@id\":\"https:\\\/\\\/www.fcbarcelonanoticias.com\\\/en\\\/transfers\\\/danger-dembele-psg-anger-for-frances-as-relief-mbappe_294547_102.html\"},\"author\":{\"name\":\"\",\"@id\":\"\"},\"headline\":\"Danger Demb\u00e9l\u00e9! PSG will go for the Frenchman as Mbapp\u00e9&#8217;s replacement\",\"datePublished\":\"2023-07-28T11:13:00+00:00\",\"dateModified\":\"2023-07-28T14:10:00+00:00\",\"mainEntityOfPage\":{\"@id\":\"https:\\\/\\\/www.fcbarcelonanoticias.com\\\/en\\\/transfers\\\/danger-dembele-psg-anger-for-frances-as-relief-mbappe_294547_102.html\"},\"wordCount\":343,\"image\":{\"@id\":\"https:\\\/\\\/www.fcbarcelonanoticias.com\\\/en\\\/transfers\\\/danger-dembele-psg-anger-for-frances-as-relief-mbappe_294547_102.html#primaryimage\"},\"thumbnailUrl\":\"https:\\\/\\\/www.fcbarcelonanoticias.com\\\/en\\\/wp-content\\\/uploads\\\/sites\\\/2\\\/2023\\\/07\\\/dembele-y-mbappe-con-francia.jpeg\",\"keywords\":[\"Demb\u00e9l\u00e9\",\"Mbapp\u00e9\",\"Paris Saint-Germain\"],\"articleSection\":[\"Transfers\",\"Transfers\"],\"inLanguage\":\"en-US\"},{\"@type\":\"WebPage\",\"@id\":\"https:\\\/\\\/www.fcbarcelonanoticias.com\\\/en\\\/transfers\\\/danger-dembele-psg-anger-for-frances-as-relief-mbappe_294547_102.html\",\"url\":\"https:\\\/\\\/www.fcbarcelonanoticias.com\\\/en\\\/transfers\\\/danger-dembele-psg-anger-for-frances-as-relief-mbappe_294547_102.html\",\"name\":\"Danger Demb\u00e9l\u00e9! PSG will go for the Frenchman as Mbapp\u00e9's replacement\",\"isPartOf\":{\"@id\":\"https:\\\/\\\/www.fcbarcelonanoticias.com\\\/en\\\/#website\"},\"primaryImageOfPage\":{\"@id\":\"https:\\\/\\\/www.fcbarcelonanoticias.com\\\/en\\\/transfers\\\/danger-dembele-psg-anger-for-frances-as-relief-mbappe_294547_102.html#primaryimage\"},\"image\":{\"@id\":\"https:\\\/\\\/www.fcbarcelonanoticias.com\\\/en\\\/transfers\\\/danger-dembele-psg-anger-for-frances-as-relief-mbappe_294547_102.html#primaryimage\"},\"thumbnailUrl\":\"https:\\\/\\\/www.fcbarcelonanoticias.com\\\/en\\\/wp-content\\\/uploads\\\/sites\\\/2\\\/2023\\\/07\\\/dembele-y-mbappe-con-francia.jpeg\",\"datePublished\":\"2023-07-28T11:13:00+00:00\",\"dateModified\":\"2023-07-28T14:10:00+00:00\",\"author\":{\"@id\":\"\"},\"description\":\"New information ensures that Paris Saint-Germain has marked Ousmane Demb\u00e9l\u00e9 as a priority target in the event that Kylian Mbapp\u00e9 leaves for Real Madrid\",\"breadcrumb\":{\"@id\":\"https:\\\/\\\/www.fcbarcelonanoticias.com\\\/en\\\/transfers\\\/danger-dembele-psg-anger-for-frances-as-relief-mbappe_294547_102.html#breadcrumb\"},\"inLanguage\":\"en-US\",\"potentialAction\":[{\"@type\":\"ReadAction\",\"target\":[\"https:\\\/\\\/www.fcbarcelonanoticias.com\\\/en\\\/transfers\\\/danger-dembele-psg-anger-for-frances-as-relief-mbappe_294547_102.html\"]}]},{\"@type\":\"ImageObject\",\"inLanguage\":\"en-US\",\"@id\":\"https:\\\/\\\/www.fcbarcelonanoticias.com\\\/en\\\/transfers\\\/danger-dembele-psg-anger-for-frances-as-relief-mbappe_294547_102.html#primaryimage\",\"url\":\"https:\\\/\\\/www.fcbarcelonanoticias.com\\\/en\\\/wp-content\\\/uploads\\\/sites\\\/2\\\/2023\\\/07\\\/dembele-y-mbappe-con-francia.jpeg\",\"contentUrl\":\"https:\\\/\\\/www.fcbarcelonanoticias.com\\\/en\\\/wp-content\\\/uploads\\\/sites\\\/2\\\/2023\\\/07\\\/dembele-y-mbappe-con-francia.jpeg\",\"width\":1300,\"height\":747},{\"@type\":\"BreadcrumbList\",\"@id\":\"https:\\\/\\\/www.fcbarcelonanoticias.com\\\/en\\\/transfers\\\/danger-dembele-psg-anger-for-frances-as-relief-mbappe_294547_102.html#breadcrumb\",\"itemListElement\":[{\"@type\":\"ListItem\",\"position\":1,\"name\":\"Portada\",\"item\":\"https:\\\/\\\/www.fcbarcelonanoticias.com\\\/en\\\/\"},{\"@type\":\"ListItem\",\"position\":2,\"name\":\"Danger Demb\u00e9l\u00e9! PSG will go for the Frenchman as Mbapp\u00e9&#8217;s replacement\"}]},{\"@type\":\"WebSite\",\"@id\":\"https:\\\/\\\/www.fcbarcelonanoticias.com\\\/en\\\/#website\",\"url\":\"https:\\\/\\\/www.fcbarcelonanoticias.com\\\/en\\\/\",\"name\":\"EN - FC Barcelona Noticias\",\"description\":\"\",\"potentialAction\":[{\"@type\":\"SearchAction\",\"target\":{\"@type\":\"EntryPoint\",\"urlTemplate\":\"https:\\\/\\\/www.fcbarcelonanoticias.com\\\/en\\\/?s={search_term_string}\"},\"query-input\":{\"@type\":\"PropertyValueSpecification\",\"valueRequired\":true,\"valueName\":\"search_term_string\"}}],\"inLanguage\":\"en-US\"}]}<\/script>\n<!-- \/ Yoast SEO plugin. -->","yoast_head_json":{"title":"Danger Demb\u00e9l\u00e9! PSG will go for the Frenchman as Mbapp\u00e9's replacement","description":"New information ensures that Paris Saint-Germain has marked Ousmane Demb\u00e9l\u00e9 as a priority target in the event that Kylian Mbapp\u00e9 leaves for Real Madrid","robots":{"index":"index","follow":"follow","max-snippet":"max-snippet:-1","max-image-preview":"max-image-preview:large","max-video-preview":"max-video-preview:-1"},"canonical":"https:\/\/www.fcbarcelonanoticias.com\/en\/transfers\/danger-dembele-psg-anger-for-frances-as-relief-mbappe_294547_102.html","og_locale":"en_US","og_type":"article","og_title":"Danger Demb\u00e9l\u00e9! PSG will go for the Frenchman as Mbapp\u00e9's replacement","og_description":"New information ensures that Paris Saint-Germain has marked Ousmane Demb\u00e9l\u00e9 as a priority target in the event that Kylian Mbapp\u00e9 leaves for Real Madrid","og_url":"https:\/\/www.fcbarcelonanoticias.com\/en\/transfers\/danger-dembele-psg-anger-for-frances-as-relief-mbappe_294547_102.html","og_site_name":"EN - FC Barcelona Noticias","article_published_time":"2023-07-28T11:13:00+00:00","article_modified_time":"2023-07-28T14:10:00+00:00","og_image":[{"width":1300,"height":747,"url":"https:\/\/www.fcbarcelonanoticias.com\/en\/wp-content\/uploads\/sites\/2\/2023\/07\/dembele-y-mbappe-con-francia.jpeg","type":"image\/jpeg"}],"twitter_card":"summary_large_image","twitter_misc":{"Est. reading time":"2 minutes"},"schema":{"@context":"https:\/\/schema.org","@graph":[{"@type":"Article","@id":"https:\/\/www.fcbarcelonanoticias.com\/en\/transfers\/danger-dembele-psg-anger-for-frances-as-relief-mbappe_294547_102.html#article","isPartOf":{"@id":"https:\/\/www.fcbarcelonanoticias.com\/en\/transfers\/danger-dembele-psg-anger-for-frances-as-relief-mbappe_294547_102.html"},"author":{"name":"","@id":""},"headline":"Danger Demb\u00e9l\u00e9! PSG will go for the Frenchman as Mbapp\u00e9&#8217;s replacement","datePublished":"2023-07-28T11:13:00+00:00","dateModified":"2023-07-28T14:10:00+00:00","mainEntityOfPage":{"@id":"https:\/\/www.fcbarcelonanoticias.com\/en\/transfers\/danger-dembele-psg-anger-for-frances-as-relief-mbappe_294547_102.html"},"wordCount":343,"image":{"@id":"https:\/\/www.fcbarcelonanoticias.com\/en\/transfers\/danger-dembele-psg-anger-for-frances-as-relief-mbappe_294547_102.html#primaryimage"},"thumbnailUrl":"https:\/\/www.fcbarcelonanoticias.com\/en\/wp-content\/uploads\/sites\/2\/2023\/07\/dembele-y-mbappe-con-francia.jpeg","keywords":["Demb\u00e9l\u00e9","Mbapp\u00e9","Paris Saint-Germain"],"articleSection":["Transfers","Transfers"],"inLanguage":"en-US"},{"@type":"WebPage","@id":"https:\/\/www.fcbarcelonanoticias.com\/en\/transfers\/danger-dembele-psg-anger-for-frances-as-relief-mbappe_294547_102.html","url":"https:\/\/www.fcbarcelonanoticias.com\/en\/transfers\/danger-dembele-psg-anger-for-frances-as-relief-mbappe_294547_102.html","name":"Danger Demb\u00e9l\u00e9! PSG will go for the Frenchman as Mbapp\u00e9's replacement","isPartOf":{"@id":"https:\/\/www.fcbarcelonanoticias.com\/en\/#website"},"primaryImageOfPage":{"@id":"https:\/\/www.fcbarcelonanoticias.com\/en\/transfers\/danger-dembele-psg-anger-for-frances-as-relief-mbappe_294547_102.html#primaryimage"},"image":{"@id":"https:\/\/www.fcbarcelonanoticias.com\/en\/transfers\/danger-dembele-psg-anger-for-frances-as-relief-mbappe_294547_102.html#primaryimage"},"thumbnailUrl":"https:\/\/www.fcbarcelonanoticias.com\/en\/wp-content\/uploads\/sites\/2\/2023\/07\/dembele-y-mbappe-con-francia.jpeg","datePublished":"2023-07-28T11:13:00+00:00","dateModified":"2023-07-28T14:10:00+00:00","author":{"@id":""},"description":"New information ensures that Paris Saint-Germain has marked Ousmane Demb\u00e9l\u00e9 as a priority target in the event that Kylian Mbapp\u00e9 leaves for Real Madrid","breadcrumb":{"@id":"https:\/\/www.fcbarcelonanoticias.com\/en\/transfers\/danger-dembele-psg-anger-for-frances-as-relief-mbappe_294547_102.html#breadcrumb"},"inLanguage":"en-US","potentialAction":[{"@type":"ReadAction","target":["https:\/\/www.fcbarcelonanoticias.com\/en\/transfers\/danger-dembele-psg-anger-for-frances-as-relief-mbappe_294547_102.html"]}]},{"@type":"ImageObject","inLanguage":"en-US","@id":"https:\/\/www.fcbarcelonanoticias.com\/en\/transfers\/danger-dembele-psg-anger-for-frances-as-relief-mbappe_294547_102.html#primaryimage","url":"https:\/\/www.fcbarcelonanoticias.com\/en\/wp-content\/uploads\/sites\/2\/2023\/07\/dembele-y-mbappe-con-francia.jpeg","contentUrl":"https:\/\/www.fcbarcelonanoticias.com\/en\/wp-content\/uploads\/sites\/2\/2023\/07\/dembele-y-mbappe-con-francia.jpeg","width":1300,"height":747},{"@type":"BreadcrumbList","@id":"https:\/\/www.fcbarcelonanoticias.com\/en\/transfers\/danger-dembele-psg-anger-for-frances-as-relief-mbappe_294547_102.html#breadcrumb","itemListElement":[{"@type":"ListItem","position":1,"name":"Portada","item":"https:\/\/www.fcbarcelonanoticias.com\/en\/"},{"@type":"ListItem","position":2,"name":"Danger Demb\u00e9l\u00e9! PSG will go for the Frenchman as Mbapp\u00e9&#8217;s replacement"}]},{"@type":"WebSite","@id":"https:\/\/www.fcbarcelonanoticias.com\/en\/#website","url":"https:\/\/www.fcbarcelonanoticias.com\/en\/","name":"EN - FC Barcelona Noticias","description":"","potentialAction":[{"@type":"SearchAction","target":{"@type":"EntryPoint","urlTemplate":"https:\/\/www.fcbarcelonanoticias.com\/en\/?s={search_term_string}"},"query-input":{"@type":"PropertyValueSpecification","valueRequired":true,"valueName":"search_term_string"}}],"inLanguage":"en-US"}]}},"_links":{"self":[{"href":"https:\/\/www.fcbarcelonanoticias.com\/en\/wp-json\/wp\/v2\/posts\/97701","targetHints":{"allow":["GET"]}}],"collection":[{"href":"https:\/\/www.fcbarcelonanoticias.com\/en\/wp-json\/wp\/v2\/posts"}],"about":[{"href":"https:\/\/www.fcbarcelonanoticias.com\/en\/wp-json\/wp\/v2\/types\/post"}],"replies":[{"embeddable":true,"href":"https:\/\/www.fcbarcelonanoticias.com\/en\/wp-json\/wp\/v2\/comments?post=97701"}],"version-history":[{"count":1,"href":"https:\/\/www.fcbarcelonanoticias.com\/en\/wp-json\/wp\/v2\/posts\/97701\/revisions"}],"predecessor-version":[{"id":127716,"href":"https:\/\/www.fcbarcelonanoticias.com\/en\/wp-json\/wp\/v2\/posts\/97701\/revisions\/127716"}],"wp:featuredmedia":[{"embeddable":true,"href":"https:\/\/www.fcbarcelonanoticias.com\/en\/wp-json\/wp\/v2\/media\/97715"}],"wp:attachment":[{"href":"https:\/\/www.fcbarcelonanoticias.com\/en\/wp-json\/wp\/v2\/media?parent=97701"}],"wp:term":[{"taxonomy":"category","embeddable":true,"href":"https:\/\/www.fcbarcelonanoticias.com\/en\/wp-json\/wp\/v2\/categories?post=97701"},{"taxonomy":"post_tag","embeddable":true,"href":"https:\/\/www.fcbarcelonanoticias.com\/en\/wp-json\/wp\/v2\/tags?post=97701"}],"curies":[{"name":"wp","href":"https:\/\/api.w.org\/{rel}","templated":true}]}}