{"id":97709,"date":"2020-01-10T13:59:00","date_gmt":"2020-01-10T12:59:00","guid":{"rendered":"https:\/\/weisetech.dev\/fc-barcelona-noticias\/en\/rac1-barcelona-would-have-met-with-xavi-hernandez-in-doha_254543_102\/"},"modified":"2020-01-10T14:15:00","modified_gmt":"2020-01-10T13:15:00","slug":"rac1-barcelona-would-have-met-with-xavi-hernandez-in-doha_254543_102","status":"publish","type":"post","link":"https:\/\/www.fcbarcelonanoticias.com\/en\/transfers\/rac1-barcelona-would-have-met-with-xavi-hernandez-in-doha_254543_102.html","title":{"rendered":"&#8216;RAC1&#8217;: Bar\u00e7a would have met with Xavi Hern\u00e1ndez in Doha"},"content":{"rendered":"<h2 class=\"wp-block-heading\">Bar\u00e7a lost the Spanish Supercup on Thursday, and after a time of doubt could take some action. According to &#8216;RAC1&#8217;, the catalans met with Xavi Hern\u00e1ndez in Doha<\/h2>  \r\n<div class=\"article-addons\">\r\n    <a href=\"https:\/\/www.fcbarcelonanoticias.com\/en\/calendar-fc-barcelona.html\"\r\n       target=\"_self\"\r\n       title=\"Calendar of FC Barcelona\"\r\n       class=\"blue-gredient-btn\">\r\n       \r\n        Calendar of FC Barcelona    <\/a>\r\n<\/div>   <p><strong>The FC Barcelona sacked this Thursday of <a data-external=\"0\" data-intl-links-en=\"https:\/\/www.fcbarcelonanoticias.com\/en\/supercopa-of-spain\" data-intl-links-es=\"https:\/\/www.fcbarcelonanoticias.com\/supercopa-de-espana\" href=\"https:\/\/www.fcbarcelonanoticias.com\/en\/supercopa-of-spain\" rel=\"follow\" target=\"_self\" title=\"Supercopa de Espa\u00f1a\">the Supercopa of Spain<\/a>, in an appointment that increased the doubts that surround to the team<\/strong>. In what it goes of season, his path has been very irregular, and not even dominating to an Athletic that resisted thanks to Jan Oblak and to the VAR could find the sentence. In the final stretch, the Catalans relaxed and the Madrilenian them asestaron a hit of the that will be difficult to recover.<\/p>  <p><strong>The defeat went back to situate to Ernesto Valverde in the sight, although the technician received several supports of weight<\/strong>. Some important figures of the directive gave the face and the whole of the changing room backs to the extreme\u00f1o, whose continuity, as it revealed Josep Maria Bartomeu, will decide in the next months. With several titles still at stake, there are several sources that aim that his goodbye is increasingly near.<\/p>  <p><strong>This Friday &#8216;RAC1&#8217; informed of a meeting of several Barcelona emissaries with <a data-external=\"0\" data-intl-links-en=\"https:\/\/www.fcbarcelonanoticias.com\/en\/tags\/xavi-hernandez\" data-intl-links-es=\"https:\/\/www.fcbarcelonanoticias.com\/tags\/xavi-hernandez\" href=\"https:\/\/www.fcbarcelonanoticias.com\/en\/tags\/xavi-hernandez.html\" rel=\"follow\" target=\"_self\" title=\"Xavi Hern\u00e1ndez\">Xavi Hern\u00e1ndez<\/a><\/strong>, to the that would have visited in Doha. The one of Terrassa hanged the boots the past month of May and put to the controls of the To the-Sadd, with which has won a Supercopa of Qatar and arrived to the semifinals of the Champions Asian. Although it prefers to give a time before posing a return to the Camp Nou, already would have been consulted.<\/p>  <p><strong>&#8216;Sportive world&#8217; concretised shortly after that the version of the club is that the trip was programmed to see to Ousmane Demb\u00e9l\u00e9<\/strong>, the one who precisely finds in the emirate doing treatment for an injury. Until the medical centre that receives to the Frenchman would have displaced the general director \u00d2scar Grau and the technical secretary \u00c9ric Abidal, and <strong>has not confirmed neither denied that also they found with the preparador egarense<\/strong>.<\/p>  <p>In any case, <strong>any of the quoted means specify if to the that was captain barcelonista has posed him an offer to short or to half term<\/strong>, although in the City Condal would not be adherents to sack to Valverde in full dispute of the campaign. In the weeks to come, or even days, there will be novelties, and will touch to be very pending of to where advances the planning. The change in the bench could be accelerating.<\/p>  <h3>Valverde And the Bar\u00e7a could separate prompt<\/h3>  <p><strong>Although both parts keep an excellent relation and that has given result, <a data-external=\"0\" data-intl-links-en=\"https:\/\/www.fcbarcelonanoticias.com\/en\/tags\/ernesto-valverde\" data-intl-links-es=\"https:\/\/www.fcbarcelonanoticias.com\/tags\/ernesto-valverde\" href=\"https:\/\/www.fcbarcelonanoticias.com\/en\/tags\/ernesto-valverde.html\" rel=\"follow\" target=\"_self\" title=\"Ernesto Valverde\">Valverde<\/a> and the Bar\u00e7a could separate prompt<\/strong>. The reason is not another that the wear of the ex of the Athletic Club, that in his third season in the Camp Nou has lost the reliability that characterised his bet in the two first. It was this or no his last year, the cub already has moved for tantear diverse options, because in case that it confirm his goodbye, wants to be ready.<\/p> ","protected":false},"excerpt":{"rendered":"<p>Bar\u00e7a lost the Spanish Supercup on Thursday, and after a time of doubt could take some action. According to &#8216;RAC1&#8217;, the catalans met with Xavi Hern\u00e1ndez in Doha The FC Barcelona sacked this Thursday of the Supercopa of Spain, in an appointment that increased the doubts that surround to the team. In what it goes [&hellip;]<\/p>\n","protected":false},"author":392,"featured_media":97722,"comment_status":"closed","ping_status":"open","sticky":false,"template":"","format":"standard","meta":{"_acf_changed":false,"inline_featured_image":false,"_nextfly_llmd_date_locked":false,"footnotes":""},"categories":[106,449],"tags":[218,48],"class_list":["post-97709","post","type-post","status-publish","format-standard","has-post-thumbnail","hentry","category-transfers","category-transfers-2","tag-ernesto-valverde","tag-xavi-hernandez"],"acf":[],"yoast_head":"<!-- This site is optimized with the Yoast SEO plugin v27.3 - https:\/\/yoast.com\/product\/yoast-seo-wordpress\/ -->\n<title>&#039;RAC1&#039;: Bar\u00e7a would have met with Xavi Hern\u00e1ndez in Doha<\/title>\n<meta name=\"description\" content=\"The Bar\u00e7a lost this Thursday the Supercopa of Spain, and after a time of doubts could take measures. As &#039;RAC1&#039;, the Catalans gathered with Xavi H...\" \/>\n<meta name=\"robots\" content=\"index, follow, max-snippet:-1, max-image-preview:large, max-video-preview:-1\" \/>\n<link rel=\"canonical\" href=\"https:\/\/www.fcbarcelonanoticias.com\/en\/transfers\/rac1-barcelona-would-have-met-with-xavi-hernandez-in-doha_254543_102.html\" \/>\n<meta property=\"og:locale\" content=\"en_US\" \/>\n<meta property=\"og:type\" content=\"article\" \/>\n<meta property=\"og:title\" content=\"&#039;RAC1&#039;: Bar\u00e7a would have met with Xavi Hern\u00e1ndez in Doha\" \/>\n<meta property=\"og:description\" content=\"The Bar\u00e7a lost this Thursday the Supercopa of Spain, and after a time of doubts could take measures. As &#039;RAC1&#039;, the Catalans gathered with Xavi H...\" \/>\n<meta property=\"og:url\" content=\"https:\/\/www.fcbarcelonanoticias.com\/en\/transfers\/rac1-barcelona-would-have-met-with-xavi-hernandez-in-doha_254543_102.html\" \/>\n<meta property=\"og:site_name\" content=\"EN - FC Barcelona Noticias\" \/>\n<meta property=\"article:published_time\" content=\"2020-01-10T12:59:00+00:00\" \/>\n<meta property=\"article:modified_time\" content=\"2020-01-10T13:15:00+00:00\" \/>\n<meta property=\"og:image\" content=\"https:\/\/www.fcbarcelonanoticias.com\/en\/wp-content\/uploads\/sites\/2\/2020\/01\/xavihernandez-alsadd6.jpeg\" \/>\n\t<meta property=\"og:image:width\" content=\"1200\" \/>\n\t<meta property=\"og:image:height\" content=\"675\" \/>\n\t<meta property=\"og:image:type\" content=\"image\/jpeg\" \/>\n<meta name=\"author\" content=\"user_4048\" \/>\n<meta name=\"twitter:card\" content=\"summary_large_image\" \/>\n<meta name=\"twitter:label1\" content=\"Written by\" \/>\n\t<meta name=\"twitter:data1\" content=\"user_4048\" \/>\n\t<meta name=\"twitter:label2\" content=\"Est. reading time\" \/>\n\t<meta name=\"twitter:data2\" content=\"3 minutes\" \/>\n<script type=\"application\/ld+json\" class=\"yoast-schema-graph\">{\"@context\":\"https:\\\/\\\/schema.org\",\"@graph\":[{\"@type\":\"Article\",\"@id\":\"https:\\\/\\\/www.fcbarcelonanoticias.com\\\/en\\\/transfers\\\/rac1-barcelona-would-have-met-with-xavi-hernandez-in-doha_254543_102.html#article\",\"isPartOf\":{\"@id\":\"https:\\\/\\\/www.fcbarcelonanoticias.com\\\/en\\\/transfers\\\/rac1-barcelona-would-have-met-with-xavi-hernandez-in-doha_254543_102.html\"},\"author\":{\"name\":\"user_4048\",\"@id\":\"https:\\\/\\\/www.fcbarcelonanoticias.com\\\/en\\\/#\\\/schema\\\/person\\\/fcdad55cab72b8d0e106d75506783b6d\"},\"headline\":\"&#8216;RAC1&#8217;: Bar\u00e7a would have met with Xavi Hern\u00e1ndez in Doha\",\"datePublished\":\"2020-01-10T12:59:00+00:00\",\"dateModified\":\"2020-01-10T13:15:00+00:00\",\"mainEntityOfPage\":{\"@id\":\"https:\\\/\\\/www.fcbarcelonanoticias.com\\\/en\\\/transfers\\\/rac1-barcelona-would-have-met-with-xavi-hernandez-in-doha_254543_102.html\"},\"wordCount\":519,\"image\":{\"@id\":\"https:\\\/\\\/www.fcbarcelonanoticias.com\\\/en\\\/transfers\\\/rac1-barcelona-would-have-met-with-xavi-hernandez-in-doha_254543_102.html#primaryimage\"},\"thumbnailUrl\":\"https:\\\/\\\/www.fcbarcelonanoticias.com\\\/en\\\/wp-content\\\/uploads\\\/sites\\\/2\\\/2020\\\/01\\\/xavihernandez-alsadd6.jpeg\",\"keywords\":[\"Ernesto Valverde\",\"Xavi Hern\u00e1ndez\"],\"articleSection\":[\"Transfers\",\"Transfers\"],\"inLanguage\":\"en-US\"},{\"@type\":\"WebPage\",\"@id\":\"https:\\\/\\\/www.fcbarcelonanoticias.com\\\/en\\\/transfers\\\/rac1-barcelona-would-have-met-with-xavi-hernandez-in-doha_254543_102.html\",\"url\":\"https:\\\/\\\/www.fcbarcelonanoticias.com\\\/en\\\/transfers\\\/rac1-barcelona-would-have-met-with-xavi-hernandez-in-doha_254543_102.html\",\"name\":\"'RAC1': Bar\u00e7a would have met with Xavi Hern\u00e1ndez in Doha\",\"isPartOf\":{\"@id\":\"https:\\\/\\\/www.fcbarcelonanoticias.com\\\/en\\\/#website\"},\"primaryImageOfPage\":{\"@id\":\"https:\\\/\\\/www.fcbarcelonanoticias.com\\\/en\\\/transfers\\\/rac1-barcelona-would-have-met-with-xavi-hernandez-in-doha_254543_102.html#primaryimage\"},\"image\":{\"@id\":\"https:\\\/\\\/www.fcbarcelonanoticias.com\\\/en\\\/transfers\\\/rac1-barcelona-would-have-met-with-xavi-hernandez-in-doha_254543_102.html#primaryimage\"},\"thumbnailUrl\":\"https:\\\/\\\/www.fcbarcelonanoticias.com\\\/en\\\/wp-content\\\/uploads\\\/sites\\\/2\\\/2020\\\/01\\\/xavihernandez-alsadd6.jpeg\",\"datePublished\":\"2020-01-10T12:59:00+00:00\",\"dateModified\":\"2020-01-10T13:15:00+00:00\",\"author\":{\"@id\":\"https:\\\/\\\/www.fcbarcelonanoticias.com\\\/en\\\/#\\\/schema\\\/person\\\/fcdad55cab72b8d0e106d75506783b6d\"},\"description\":\"The Bar\u00e7a lost this Thursday the Supercopa of Spain, and after a time of doubts could take measures. As 'RAC1', the Catalans gathered with Xavi H...\",\"breadcrumb\":{\"@id\":\"https:\\\/\\\/www.fcbarcelonanoticias.com\\\/en\\\/transfers\\\/rac1-barcelona-would-have-met-with-xavi-hernandez-in-doha_254543_102.html#breadcrumb\"},\"inLanguage\":\"en-US\",\"potentialAction\":[{\"@type\":\"ReadAction\",\"target\":[\"https:\\\/\\\/www.fcbarcelonanoticias.com\\\/en\\\/transfers\\\/rac1-barcelona-would-have-met-with-xavi-hernandez-in-doha_254543_102.html\"]}]},{\"@type\":\"ImageObject\",\"inLanguage\":\"en-US\",\"@id\":\"https:\\\/\\\/www.fcbarcelonanoticias.com\\\/en\\\/transfers\\\/rac1-barcelona-would-have-met-with-xavi-hernandez-in-doha_254543_102.html#primaryimage\",\"url\":\"https:\\\/\\\/www.fcbarcelonanoticias.com\\\/en\\\/wp-content\\\/uploads\\\/sites\\\/2\\\/2020\\\/01\\\/xavihernandez-alsadd6.jpeg\",\"contentUrl\":\"https:\\\/\\\/www.fcbarcelonanoticias.com\\\/en\\\/wp-content\\\/uploads\\\/sites\\\/2\\\/2020\\\/01\\\/xavihernandez-alsadd6.jpeg\",\"width\":1200,\"height\":675},{\"@type\":\"BreadcrumbList\",\"@id\":\"https:\\\/\\\/www.fcbarcelonanoticias.com\\\/en\\\/transfers\\\/rac1-barcelona-would-have-met-with-xavi-hernandez-in-doha_254543_102.html#breadcrumb\",\"itemListElement\":[{\"@type\":\"ListItem\",\"position\":1,\"name\":\"Portada\",\"item\":\"https:\\\/\\\/www.fcbarcelonanoticias.com\\\/en\\\/\"},{\"@type\":\"ListItem\",\"position\":2,\"name\":\"&#8216;RAC1&#8217;: Bar\u00e7a would have met with Xavi Hern\u00e1ndez in Doha\"}]},{\"@type\":\"WebSite\",\"@id\":\"https:\\\/\\\/www.fcbarcelonanoticias.com\\\/en\\\/#website\",\"url\":\"https:\\\/\\\/www.fcbarcelonanoticias.com\\\/en\\\/\",\"name\":\"EN - FC Barcelona Noticias\",\"description\":\"\",\"potentialAction\":[{\"@type\":\"SearchAction\",\"target\":{\"@type\":\"EntryPoint\",\"urlTemplate\":\"https:\\\/\\\/www.fcbarcelonanoticias.com\\\/en\\\/?s={search_term_string}\"},\"query-input\":{\"@type\":\"PropertyValueSpecification\",\"valueRequired\":true,\"valueName\":\"search_term_string\"}}],\"inLanguage\":\"en-US\"},{\"@type\":\"Person\",\"@id\":\"https:\\\/\\\/www.fcbarcelonanoticias.com\\\/en\\\/#\\\/schema\\\/person\\\/fcdad55cab72b8d0e106d75506783b6d\",\"name\":\"user_4048\",\"image\":{\"@type\":\"ImageObject\",\"inLanguage\":\"en-US\",\"@id\":\"https:\\\/\\\/secure.gravatar.com\\\/avatar\\\/?s=96&d=mm&r=g\",\"url\":\"https:\\\/\\\/secure.gravatar.com\\\/avatar\\\/?s=96&d=mm&r=g\",\"contentUrl\":\"https:\\\/\\\/secure.gravatar.com\\\/avatar\\\/?s=96&d=mm&r=g\",\"caption\":\"user_4048\"},\"url\":\"https:\\\/\\\/www.fcbarcelonanoticias.com\\\/en\\\/user_4048.html\"}]}<\/script>\n<!-- \/ Yoast SEO plugin. -->","yoast_head_json":{"title":"'RAC1': Bar\u00e7a would have met with Xavi Hern\u00e1ndez in Doha","description":"The Bar\u00e7a lost this Thursday the Supercopa of Spain, and after a time of doubts could take measures. As 'RAC1', the Catalans gathered with Xavi H...","robots":{"index":"index","follow":"follow","max-snippet":"max-snippet:-1","max-image-preview":"max-image-preview:large","max-video-preview":"max-video-preview:-1"},"canonical":"https:\/\/www.fcbarcelonanoticias.com\/en\/transfers\/rac1-barcelona-would-have-met-with-xavi-hernandez-in-doha_254543_102.html","og_locale":"en_US","og_type":"article","og_title":"'RAC1': Bar\u00e7a would have met with Xavi Hern\u00e1ndez in Doha","og_description":"The Bar\u00e7a lost this Thursday the Supercopa of Spain, and after a time of doubts could take measures. As 'RAC1', the Catalans gathered with Xavi H...","og_url":"https:\/\/www.fcbarcelonanoticias.com\/en\/transfers\/rac1-barcelona-would-have-met-with-xavi-hernandez-in-doha_254543_102.html","og_site_name":"EN - FC Barcelona Noticias","article_published_time":"2020-01-10T12:59:00+00:00","article_modified_time":"2020-01-10T13:15:00+00:00","og_image":[{"width":1200,"height":675,"url":"https:\/\/www.fcbarcelonanoticias.com\/en\/wp-content\/uploads\/sites\/2\/2020\/01\/xavihernandez-alsadd6.jpeg","type":"image\/jpeg"}],"author":"user_4048","twitter_card":"summary_large_image","twitter_misc":{"Written by":"user_4048","Est. reading time":"3 minutes"},"schema":{"@context":"https:\/\/schema.org","@graph":[{"@type":"Article","@id":"https:\/\/www.fcbarcelonanoticias.com\/en\/transfers\/rac1-barcelona-would-have-met-with-xavi-hernandez-in-doha_254543_102.html#article","isPartOf":{"@id":"https:\/\/www.fcbarcelonanoticias.com\/en\/transfers\/rac1-barcelona-would-have-met-with-xavi-hernandez-in-doha_254543_102.html"},"author":{"name":"user_4048","@id":"https:\/\/www.fcbarcelonanoticias.com\/en\/#\/schema\/person\/fcdad55cab72b8d0e106d75506783b6d"},"headline":"&#8216;RAC1&#8217;: Bar\u00e7a would have met with Xavi Hern\u00e1ndez in Doha","datePublished":"2020-01-10T12:59:00+00:00","dateModified":"2020-01-10T13:15:00+00:00","mainEntityOfPage":{"@id":"https:\/\/www.fcbarcelonanoticias.com\/en\/transfers\/rac1-barcelona-would-have-met-with-xavi-hernandez-in-doha_254543_102.html"},"wordCount":519,"image":{"@id":"https:\/\/www.fcbarcelonanoticias.com\/en\/transfers\/rac1-barcelona-would-have-met-with-xavi-hernandez-in-doha_254543_102.html#primaryimage"},"thumbnailUrl":"https:\/\/www.fcbarcelonanoticias.com\/en\/wp-content\/uploads\/sites\/2\/2020\/01\/xavihernandez-alsadd6.jpeg","keywords":["Ernesto Valverde","Xavi Hern\u00e1ndez"],"articleSection":["Transfers","Transfers"],"inLanguage":"en-US"},{"@type":"WebPage","@id":"https:\/\/www.fcbarcelonanoticias.com\/en\/transfers\/rac1-barcelona-would-have-met-with-xavi-hernandez-in-doha_254543_102.html","url":"https:\/\/www.fcbarcelonanoticias.com\/en\/transfers\/rac1-barcelona-would-have-met-with-xavi-hernandez-in-doha_254543_102.html","name":"'RAC1': Bar\u00e7a would have met with Xavi Hern\u00e1ndez in Doha","isPartOf":{"@id":"https:\/\/www.fcbarcelonanoticias.com\/en\/#website"},"primaryImageOfPage":{"@id":"https:\/\/www.fcbarcelonanoticias.com\/en\/transfers\/rac1-barcelona-would-have-met-with-xavi-hernandez-in-doha_254543_102.html#primaryimage"},"image":{"@id":"https:\/\/www.fcbarcelonanoticias.com\/en\/transfers\/rac1-barcelona-would-have-met-with-xavi-hernandez-in-doha_254543_102.html#primaryimage"},"thumbnailUrl":"https:\/\/www.fcbarcelonanoticias.com\/en\/wp-content\/uploads\/sites\/2\/2020\/01\/xavihernandez-alsadd6.jpeg","datePublished":"2020-01-10T12:59:00+00:00","dateModified":"2020-01-10T13:15:00+00:00","author":{"@id":"https:\/\/www.fcbarcelonanoticias.com\/en\/#\/schema\/person\/fcdad55cab72b8d0e106d75506783b6d"},"description":"The Bar\u00e7a lost this Thursday the Supercopa of Spain, and after a time of doubts could take measures. As 'RAC1', the Catalans gathered with Xavi H...","breadcrumb":{"@id":"https:\/\/www.fcbarcelonanoticias.com\/en\/transfers\/rac1-barcelona-would-have-met-with-xavi-hernandez-in-doha_254543_102.html#breadcrumb"},"inLanguage":"en-US","potentialAction":[{"@type":"ReadAction","target":["https:\/\/www.fcbarcelonanoticias.com\/en\/transfers\/rac1-barcelona-would-have-met-with-xavi-hernandez-in-doha_254543_102.html"]}]},{"@type":"ImageObject","inLanguage":"en-US","@id":"https:\/\/www.fcbarcelonanoticias.com\/en\/transfers\/rac1-barcelona-would-have-met-with-xavi-hernandez-in-doha_254543_102.html#primaryimage","url":"https:\/\/www.fcbarcelonanoticias.com\/en\/wp-content\/uploads\/sites\/2\/2020\/01\/xavihernandez-alsadd6.jpeg","contentUrl":"https:\/\/www.fcbarcelonanoticias.com\/en\/wp-content\/uploads\/sites\/2\/2020\/01\/xavihernandez-alsadd6.jpeg","width":1200,"height":675},{"@type":"BreadcrumbList","@id":"https:\/\/www.fcbarcelonanoticias.com\/en\/transfers\/rac1-barcelona-would-have-met-with-xavi-hernandez-in-doha_254543_102.html#breadcrumb","itemListElement":[{"@type":"ListItem","position":1,"name":"Portada","item":"https:\/\/www.fcbarcelonanoticias.com\/en\/"},{"@type":"ListItem","position":2,"name":"&#8216;RAC1&#8217;: Bar\u00e7a would have met with Xavi Hern\u00e1ndez in Doha"}]},{"@type":"WebSite","@id":"https:\/\/www.fcbarcelonanoticias.com\/en\/#website","url":"https:\/\/www.fcbarcelonanoticias.com\/en\/","name":"EN - FC Barcelona Noticias","description":"","potentialAction":[{"@type":"SearchAction","target":{"@type":"EntryPoint","urlTemplate":"https:\/\/www.fcbarcelonanoticias.com\/en\/?s={search_term_string}"},"query-input":{"@type":"PropertyValueSpecification","valueRequired":true,"valueName":"search_term_string"}}],"inLanguage":"en-US"},{"@type":"Person","@id":"https:\/\/www.fcbarcelonanoticias.com\/en\/#\/schema\/person\/fcdad55cab72b8d0e106d75506783b6d","name":"user_4048","image":{"@type":"ImageObject","inLanguage":"en-US","@id":"https:\/\/secure.gravatar.com\/avatar\/?s=96&d=mm&r=g","url":"https:\/\/secure.gravatar.com\/avatar\/?s=96&d=mm&r=g","contentUrl":"https:\/\/secure.gravatar.com\/avatar\/?s=96&d=mm&r=g","caption":"user_4048"},"url":"https:\/\/www.fcbarcelonanoticias.com\/en\/user_4048.html"}]}},"_links":{"self":[{"href":"https:\/\/www.fcbarcelonanoticias.com\/en\/wp-json\/wp\/v2\/posts\/97709","targetHints":{"allow":["GET"]}}],"collection":[{"href":"https:\/\/www.fcbarcelonanoticias.com\/en\/wp-json\/wp\/v2\/posts"}],"about":[{"href":"https:\/\/www.fcbarcelonanoticias.com\/en\/wp-json\/wp\/v2\/types\/post"}],"author":[{"embeddable":true,"href":"https:\/\/www.fcbarcelonanoticias.com\/en\/wp-json\/wp\/v2\/users\/392"}],"replies":[{"embeddable":true,"href":"https:\/\/www.fcbarcelonanoticias.com\/en\/wp-json\/wp\/v2\/comments?post=97709"}],"version-history":[{"count":1,"href":"https:\/\/www.fcbarcelonanoticias.com\/en\/wp-json\/wp\/v2\/posts\/97709\/revisions"}],"predecessor-version":[{"id":131749,"href":"https:\/\/www.fcbarcelonanoticias.com\/en\/wp-json\/wp\/v2\/posts\/97709\/revisions\/131749"}],"wp:featuredmedia":[{"embeddable":true,"href":"https:\/\/www.fcbarcelonanoticias.com\/en\/wp-json\/wp\/v2\/media\/97722"}],"wp:attachment":[{"href":"https:\/\/www.fcbarcelonanoticias.com\/en\/wp-json\/wp\/v2\/media?parent=97709"}],"wp:term":[{"taxonomy":"category","embeddable":true,"href":"https:\/\/www.fcbarcelonanoticias.com\/en\/wp-json\/wp\/v2\/categories?post=97709"},{"taxonomy":"post_tag","embeddable":true,"href":"https:\/\/www.fcbarcelonanoticias.com\/en\/wp-json\/wp\/v2\/tags?post=97709"}],"curies":[{"name":"wp","href":"https:\/\/api.w.org\/{rel}","templated":true}]}}