{"id":97879,"date":"2025-06-23T01:42:00","date_gmt":"2025-06-22T23:42:00","guid":{"rendered":"https:\/\/weisetech.dev\/fc-barcelona-noticias\/en\/fermin-and-olmo-what-will-be-their-role-in-flick-new-barca_313191_102\/"},"modified":"2026-03-27T11:35:12","modified_gmt":"2026-03-27T10:35:12","slug":"fermin-and-olmo-what-will-be-their-role-in-flick-new-barca_313191_102","status":"publish","type":"post","link":"https:\/\/www.fcbarcelonanoticias.com\/en\/transfers\/fermin-and-olmo-what-will-be-their-role-in-flick-new-barca_313191_102.html","title":{"rendered":"Ferm\u00edn and Olmo: What will their role be in the new Bar\u00e7a?"},"content":{"rendered":"<h2 class=\"wp-block-heading\">Bar\u00e7a will have much more firepower in attack in 25\/26 with Nico Williams as a left winger. However, his signing forces Flick to reconfigure his offensive rotation plan<\/h2>  \r\n<div class=\"article-addons\">\r\n    <a href=\"https:\/\/www.fcbarcelonanoticias.com\/en\/calendar-fc-barcelona.html\"\r\n       target=\"_self\"\r\n       title=\"Calendar of FC Barcelona\"\r\n       class=\"blue-gredient-btn\">\r\n       \r\n        Calendar of FC Barcelona    <\/a>\r\n<\/div>   <p>The possible signing of <a data-external=\"0\" data-intl-links-en=\"https:\/\/www.fcbarcelonanoticias.com\/en\/tags\/nico-williams\" data-intl-links-es=\"https:\/\/www.fcbarcelonanoticias.com\/tags\/nico-williams\" href=\"https:\/\/www.fcbarcelonanoticias.com\/en\/tags\/nico-williams.html\" rel=\"follow\" target=\"_self\" title=\"Nico Williams - all the latest news about the Basque winger\">Nico Williams<\/a> may have a &#8216;collateral effect&#8217; on the management of the minutes of the <a data-external=\"0\" data-intl-links-en=\"https:\/\/www.fcbarcelonanoticias.com\/en\/fc-barcelona\" data-intl-links-es=\"https:\/\/www.fcbarcelonanoticias.com\/fc-barcelona\" href=\"https:\/\/www.fcbarcelonanoticias.com\/en\/football-soccer\/fc-barcelona.html\" rel=\"follow\" target=\"_self\" title=\"FC Barcelona\">FC Barcelona<\/a> squad by Hansi Flick. At least with regard to players such as <a data-external=\"0\" data-intl-links-en=\"https:\/\/www.fcbarcelonanoticias.com\/en\/tags\/dani-olmo\" data-intl-links-es=\"https:\/\/www.fcbarcelonanoticias.com\/tags\/dani-olmo\" href=\"https:\/\/www.fcbarcelonanoticias.com\/en\/player\/dani-olmo.html\" rel=\"follow\" target=\"_self\" title=\"Dani Olmo - all the latest news about the Bar\u00e7a midfielder\">Dani Olmo<\/a> and <a data-external=\"0\" data-intl-links-en=\"https:\/\/www.fcbarcelonanoticias.com\/en\/tags\/fermin-lopez\" data-intl-links-es=\"https:\/\/www.fcbarcelonanoticias.com\/tags\/fermin-lopez\" href=\"https:\/\/www.fcbarcelonanoticias.com\/en\/player\/fermin-lopez.html\" rel=\"follow\" target=\"_self\" title=\"Ferm\u00edn L\u00f3pez - latest news about the Catalan midfielder\">Ferm\u00edn L\u00f3pez<\/a>, both decisive for the Blaugrana team the previous season.<\/p>  <p>With Raphinha as a left winger\/attacking midfielder, <strong>&#8217;16&#8217; and &#8217;20&#8217; alternated prominence as companions of the offensive trident<\/strong> formed by the Brazilian, Lamine Yamal and Robert Lewandowski. Dani started the season as a starter, being the star reinforcement of last summer.<\/p>  <p>Afterwards, Ferm\u00edn regained ground and <strong>both finished the season with a joint production of 20 goals and 17 assists<\/strong>, without being natural strikers. Well, in 25\/26, their prominence may be somewhat less, but not their impact in attack thanks to a change of role key to the team.<\/p>  <h2>Ferm\u00edn and Olmo will fight hand in hand for a place in attack<\/h2>  <div class=\"media media-image\" data-ck-asset-wrapper=\"\"> <div class=\"media-item\"> <img loading=\"lazy\" decoding=\"async\" alt=\"The starting eleven of Bar\u00e7a against Brest in the Champions League\" data-id=\"1448825\" data-resize=\"9\" height=\"563\" src=\"https:\/\/www.fcbarcelonanoticias.com\/wp-content\/uploads\/sites\/2\/2025\/06\/fcbn-6e7f778c040b141b36bc27f2080ebbd2.jpeg\" title=\"The starting eleven of Bar\u00e7a against Brest in the Champions League\" width=\"1000\"><div class=\"media-title\">The starting eleven of Bar\u00e7a against Brest in the Champions League<\/div> <\/div> <\/div>  <p>Understanding that Raphinha and Nico will alternate the left side, without forgetting <a data-external=\"0\" data-intl-links-en=\"https:\/\/www.fcbarcelonanoticias.com\/en\/transfers\/rashford-will-remain-on-barcelona-radar-despite-nico-williams_313170_102.html\" data-intl-links-es=\"https:\/\/www.fcbarcelonanoticias.com\/fichajes\/rashford-seguira-radar-barcelona-pese-nico-williams_313170_102.html\" href=\"https:\/\/www.fcbarcelonanoticias.com\/en\/transfers\/rashford-will-remain-on-barcelona-radar-despite-nico-williams_313170_102.html\" rel=\"follow\" target=\"_self\" title=\"Rashford will remain on Bar\u00e7a's radar despite Nico Williams\">the possible additional incorporation of Marcus Rashford<\/a>, both Ferm\u00edn and Olmo aim to fight hand in hand for a place in the Blaugrana attack.<\/p>  <p>Both alternated the role of left winger with that of attacking midfielder last season, with <strong>the player from Huelva playing the most minutes (2,039&#8242;)<\/strong> due to some physical problems of &#8217;20&#8217;.&nbsp;<\/p>  <p>Now, both the one from Terrassa and the one from Huelva can think <strong>about attacking and stepping more into the area as alternatives to Robert Lewandowski<\/strong>. Bar\u00e7a could play several games without a fixed area reference, a task that the Pole will share with Ferran Torres.<\/p>  <p>And Dani has scored several goals with Spain in &#8216;false 9&#8217; duties. Ferm\u00edn, on the other hand, also shone with La Roja in the last Olympic Games, being <a data-external=\"0\" data-intl-links-en=\"https:\/\/www.fcbarcelonanoticias.com\/en\/football\/fermin-lopez-enters-history-football-gold-medal-mvp-record-goals_306317_102.html\" data-intl-links-es=\"https:\/\/www.fcbarcelonanoticias.com\/futbol\/fermin-lopez-entra-en-historia-futbol-medalla-oro-mvp-record-goles_306317_102.html\" href=\"https:\/\/www.fcbarcelonanoticias.com\/en\/football-soccer\/fermin-lopez-enters-history-football-gold-medal-mvp-record-goals_306317_102.html\" rel=\"follow\" target=\"_self\" title=\"Ferm\u00edn L\u00f3pez enters football history: Gold medal, MVP and record of goals\">the Pichichi of the tournament champion in Paris with 6 goals<\/a>.&nbsp;<\/p>  <p>In this way, Hansi Flick will have more options to rearm an attack that was already lethal in 24\/25, producing <strong>173 goals in 60 matches<\/strong>. The club, for now, is optimistic about the signing of the youngest of the Williams, although there is still a lot of market ahead.<\/p>  <h2>Deco reaffirms Bar\u00e7a&#8217;s market plan after the possible signing of Nico<\/h2>  <p>&#8220;Nico&#8217;s thing didn&#8217;t happen last season, although <strong>for me then the operation of Dani Olmo was more of a priority.<\/strong> Both Nico and other players today show a desire to come&#8221;, explained Deco regarding the possible arrival of the Athletic &#8216;crack&#8217;.<\/p>  <p>In that sense, the Blaugrana sporting director ruled out that the signing of the Basque winger forces Bar\u00e7a to do without one of its stars. On the contrary, the Portuguese leaves the decision of any possible dismissal in the hands of Hansi Flick.&nbsp;<\/p>  <p>&#8220;<strong>The coach has to make decisions. As Hansi says: &#8216;decision is job&#8217;. The coach is happy<\/strong>, he is in a good vacation spot like Formentera and we are in tune&#8221;, Deco pointed out. Among the possible casualties, Ferm\u00edn and Olmo can breathe a sigh of relief for now, as both are untouchable for the club.<\/p>  <div class=\"cke-element cke-element--102\"><section class=\"c-related-article\"><figure class=\"c-image__fig\"><a href=\"https:\/\/www.fcbarcelonanoticias.com\/en\/fichajes\/objetivo-prioritario-barca-deco-confirma_313181_102.html\" title=\"deco nico willials declaraciones fichaje fc barcelona\" class=\"c-image__imglink\"><picture><img decoding=\"async\" src=\"https:\/\/www.fcbarcelonanoticias.com\/wp-content\/uploads\/sites\/2\/2025\/06\/fcbn-5b3284249b6b62358a40518cf2bdbed0.jpeg\" alt=\"deco nico willials declaraciones fichaje fc barcelona\" title=\"deco nico willials declaraciones fichaje fc barcelona\" class=\"c-image__img\" width=\"1200\" height=\"675\" loading=\"lazy\"><\/picture><\/a>     <\/figure><div class=\"c-related-article__wrapper\">         <p class=\"c-related-article__avantitle\">Related<\/p>         <h4 class=\"c-related-article__title\">             <a href=\"https:\/\/www.fcbarcelonanoticias.com\/en\/fichajes\/objetivo-prioritario-barca-deco-confirma_313181_102.html\" title=\"Bar\u00e7a's priority target: Deco confirms it!\" class=\"c-related-article__link\">                 Bar\u00e7a&#8217;s priority target: Deco confirms it!             <\/a>         <\/h4>     <\/div> <\/section><\/div>  <ul> <li>\ud83d\udc49 Don&#8217;t miss the latest news from the <a data-external=\"0\" data-intl-links-en=\"https:\/\/www.fcbarcelonanoticias.com\/en\/transfers\" data-intl-links-es=\"https:\/\/www.fcbarcelonanoticias.com\/fichajes\" href=\"https:\/\/www.fcbarcelonanoticias.com\/en\/fc-barcelona\/transfers.html\" rel=\"follow\" target=\"_self\" title=\"Signings\">FC Barcelona 2025 transfer market<\/a> at FCBN!<\/li> <\/ul> ","protected":false},"excerpt":{"rendered":"<p>Bar\u00e7a will have much more firepower in attack in 25\/26 with Nico Williams as a left winger. However, his signing forces Flick to reconfigure his offensive rotation plan The possible signing of Nico Williams may have a &#8216;collateral effect&#8217; on the management of the minutes of the FC Barcelona squad by Hansi Flick. At least [&hellip;]<\/p>\n","protected":false},"author":347,"featured_media":97894,"comment_status":"closed","ping_status":"open","sticky":false,"template":"","format":"standard","meta":{"_acf_changed":false,"inline_featured_image":false,"_nextfly_llmd_date_locked":false,"footnotes":""},"categories":[449,106],"tags":[87,174],"class_list":["post-97879","post","type-post","status-publish","format-standard","has-post-thumbnail","hentry","category-transfers-2","category-transfers","tag-hansi-flick","tag-nico-williams"],"acf":[],"yoast_head":"<!-- This site is optimized with the Yoast SEO plugin v27.3 - https:\/\/yoast.com\/product\/yoast-seo-wordpress\/ -->\n<title>Ferm\u00edn and Olmo: What will their role be in the new Bar\u00e7a?<\/title>\n<meta name=\"description\" content=\"Bar\u00e7a will have much more firepower in attack in 25\/26 with Nico Williams as a left winger. What position will Dani Olmo and Ferm\u00edn L\u00f3pez occupy?\" \/>\n<meta name=\"robots\" content=\"index, follow, max-snippet:-1, max-image-preview:large, max-video-preview:-1\" \/>\n<link rel=\"canonical\" href=\"https:\/\/www.fcbarcelonanoticias.com\/en\/transfers\/fermin-and-olmo-what-will-be-their-role-in-flick-new-barca_313191_102.html\" \/>\n<meta property=\"og:locale\" content=\"en_US\" \/>\n<meta property=\"og:type\" content=\"article\" \/>\n<meta property=\"og:title\" content=\"Ferm\u00edn and Olmo: What will their role be in the new Bar\u00e7a?\" \/>\n<meta property=\"og:description\" content=\"Bar\u00e7a will have much more firepower in attack in 25\/26 with Nico Williams as a left winger. What position will Dani Olmo and Ferm\u00edn L\u00f3pez occupy?\" \/>\n<meta property=\"og:url\" content=\"https:\/\/www.fcbarcelonanoticias.com\/en\/transfers\/fermin-and-olmo-what-will-be-their-role-in-flick-new-barca_313191_102.html\" \/>\n<meta property=\"og:site_name\" content=\"EN - FC Barcelona Noticias\" \/>\n<meta property=\"article:published_time\" content=\"2025-06-22T23:42:00+00:00\" \/>\n<meta property=\"article:modified_time\" content=\"2026-03-27T10:35:12+00:00\" \/>\n<meta property=\"og:image\" content=\"https:\/\/www.fcbarcelonanoticias.com\/en\/wp-content\/uploads\/sites\/2\/2025\/06\/fermin-lopez-dani-olmo-v-brest.jpeg\" \/>\n\t<meta property=\"og:image:width\" content=\"1200\" \/>\n\t<meta property=\"og:image:height\" content=\"675\" \/>\n\t<meta property=\"og:image:type\" content=\"image\/jpeg\" \/>\n<meta name=\"author\" content=\"Andr\u00e9s Quiroz\" \/>\n<meta name=\"twitter:card\" content=\"summary_large_image\" \/>\n<meta name=\"twitter:label1\" content=\"Written by\" \/>\n\t<meta name=\"twitter:data1\" content=\"Andr\u00e9s Quiroz\" \/>\n\t<meta name=\"twitter:label2\" content=\"Est. reading time\" \/>\n\t<meta name=\"twitter:data2\" content=\"3 minutes\" \/>\n<script type=\"application\/ld+json\" class=\"yoast-schema-graph\">{\"@context\":\"https:\\\/\\\/schema.org\",\"@graph\":[{\"@type\":\"Article\",\"@id\":\"https:\\\/\\\/www.fcbarcelonanoticias.com\\\/en\\\/transfers\\\/fermin-and-olmo-what-will-be-their-role-in-flick-new-barca_313191_102.html#article\",\"isPartOf\":{\"@id\":\"https:\\\/\\\/www.fcbarcelonanoticias.com\\\/en\\\/transfers\\\/fermin-and-olmo-what-will-be-their-role-in-flick-new-barca_313191_102.html\"},\"author\":{\"name\":\"Andr\u00e9s Quiroz\",\"@id\":\"https:\\\/\\\/www.fcbarcelonanoticias.com\\\/en\\\/#\\\/schema\\\/person\\\/c2cd9f6fa1af5c0d0eccd0fefa575c88\"},\"headline\":\"Ferm\u00edn and Olmo: What will their role be in the new Bar\u00e7a?\",\"datePublished\":\"2025-06-22T23:42:00+00:00\",\"dateModified\":\"2026-03-27T10:35:12+00:00\",\"mainEntityOfPage\":{\"@id\":\"https:\\\/\\\/www.fcbarcelonanoticias.com\\\/en\\\/transfers\\\/fermin-and-olmo-what-will-be-their-role-in-flick-new-barca_313191_102.html\"},\"wordCount\":582,\"image\":{\"@id\":\"https:\\\/\\\/www.fcbarcelonanoticias.com\\\/en\\\/transfers\\\/fermin-and-olmo-what-will-be-their-role-in-flick-new-barca_313191_102.html#primaryimage\"},\"thumbnailUrl\":\"https:\\\/\\\/www.fcbarcelonanoticias.com\\\/en\\\/wp-content\\\/uploads\\\/sites\\\/2\\\/2025\\\/06\\\/fermin-lopez-dani-olmo-v-brest.jpeg\",\"keywords\":[\"Hansi Flick\",\"Nico Williams\"],\"articleSection\":[\"Transfers\",\"Transfers\"],\"inLanguage\":\"en-US\"},{\"@type\":\"WebPage\",\"@id\":\"https:\\\/\\\/www.fcbarcelonanoticias.com\\\/en\\\/transfers\\\/fermin-and-olmo-what-will-be-their-role-in-flick-new-barca_313191_102.html\",\"url\":\"https:\\\/\\\/www.fcbarcelonanoticias.com\\\/en\\\/transfers\\\/fermin-and-olmo-what-will-be-their-role-in-flick-new-barca_313191_102.html\",\"name\":\"Ferm\u00edn and Olmo: What will their role be in the new Bar\u00e7a?\",\"isPartOf\":{\"@id\":\"https:\\\/\\\/www.fcbarcelonanoticias.com\\\/en\\\/#website\"},\"primaryImageOfPage\":{\"@id\":\"https:\\\/\\\/www.fcbarcelonanoticias.com\\\/en\\\/transfers\\\/fermin-and-olmo-what-will-be-their-role-in-flick-new-barca_313191_102.html#primaryimage\"},\"image\":{\"@id\":\"https:\\\/\\\/www.fcbarcelonanoticias.com\\\/en\\\/transfers\\\/fermin-and-olmo-what-will-be-their-role-in-flick-new-barca_313191_102.html#primaryimage\"},\"thumbnailUrl\":\"https:\\\/\\\/www.fcbarcelonanoticias.com\\\/en\\\/wp-content\\\/uploads\\\/sites\\\/2\\\/2025\\\/06\\\/fermin-lopez-dani-olmo-v-brest.jpeg\",\"datePublished\":\"2025-06-22T23:42:00+00:00\",\"dateModified\":\"2026-03-27T10:35:12+00:00\",\"author\":{\"@id\":\"https:\\\/\\\/www.fcbarcelonanoticias.com\\\/en\\\/#\\\/schema\\\/person\\\/c2cd9f6fa1af5c0d0eccd0fefa575c88\"},\"description\":\"Bar\u00e7a will have much more firepower in attack in 25\\\/26 with Nico Williams as a left winger. What position will Dani Olmo and Ferm\u00edn L\u00f3pez occupy?\",\"breadcrumb\":{\"@id\":\"https:\\\/\\\/www.fcbarcelonanoticias.com\\\/en\\\/transfers\\\/fermin-and-olmo-what-will-be-their-role-in-flick-new-barca_313191_102.html#breadcrumb\"},\"inLanguage\":\"en-US\",\"potentialAction\":[{\"@type\":\"ReadAction\",\"target\":[\"https:\\\/\\\/www.fcbarcelonanoticias.com\\\/en\\\/transfers\\\/fermin-and-olmo-what-will-be-their-role-in-flick-new-barca_313191_102.html\"]}]},{\"@type\":\"ImageObject\",\"inLanguage\":\"en-US\",\"@id\":\"https:\\\/\\\/www.fcbarcelonanoticias.com\\\/en\\\/transfers\\\/fermin-and-olmo-what-will-be-their-role-in-flick-new-barca_313191_102.html#primaryimage\",\"url\":\"https:\\\/\\\/www.fcbarcelonanoticias.com\\\/en\\\/wp-content\\\/uploads\\\/sites\\\/2\\\/2025\\\/06\\\/fermin-lopez-dani-olmo-v-brest.jpeg\",\"contentUrl\":\"https:\\\/\\\/www.fcbarcelonanoticias.com\\\/en\\\/wp-content\\\/uploads\\\/sites\\\/2\\\/2025\\\/06\\\/fermin-lopez-dani-olmo-v-brest.jpeg\",\"width\":1200,\"height\":675},{\"@type\":\"BreadcrumbList\",\"@id\":\"https:\\\/\\\/www.fcbarcelonanoticias.com\\\/en\\\/transfers\\\/fermin-and-olmo-what-will-be-their-role-in-flick-new-barca_313191_102.html#breadcrumb\",\"itemListElement\":[{\"@type\":\"ListItem\",\"position\":1,\"name\":\"Portada\",\"item\":\"https:\\\/\\\/www.fcbarcelonanoticias.com\\\/en\\\/\"},{\"@type\":\"ListItem\",\"position\":2,\"name\":\"Ferm\u00edn and Olmo: What will their role be in the new Bar\u00e7a?\"}]},{\"@type\":\"WebSite\",\"@id\":\"https:\\\/\\\/www.fcbarcelonanoticias.com\\\/en\\\/#website\",\"url\":\"https:\\\/\\\/www.fcbarcelonanoticias.com\\\/en\\\/\",\"name\":\"EN - FC Barcelona Noticias\",\"description\":\"\",\"potentialAction\":[{\"@type\":\"SearchAction\",\"target\":{\"@type\":\"EntryPoint\",\"urlTemplate\":\"https:\\\/\\\/www.fcbarcelonanoticias.com\\\/en\\\/?s={search_term_string}\"},\"query-input\":{\"@type\":\"PropertyValueSpecification\",\"valueRequired\":true,\"valueName\":\"search_term_string\"}}],\"inLanguage\":\"en-US\"},{\"@type\":\"Person\",\"@id\":\"https:\\\/\\\/www.fcbarcelonanoticias.com\\\/en\\\/#\\\/schema\\\/person\\\/c2cd9f6fa1af5c0d0eccd0fefa575c88\",\"name\":\"Andr\u00e9s Quiroz\",\"image\":{\"@type\":\"ImageObject\",\"inLanguage\":\"en-US\",\"@id\":\"https:\\\/\\\/secure.gravatar.com\\\/avatar\\\/?s=96&d=mm&r=g\",\"url\":\"https:\\\/\\\/secure.gravatar.com\\\/avatar\\\/?s=96&d=mm&r=g\",\"contentUrl\":\"https:\\\/\\\/secure.gravatar.com\\\/avatar\\\/?s=96&d=mm&r=g\",\"caption\":\"Andr\u00e9s Quiroz\"},\"description\":\"Licenciado en Periodismo por la Universidad de los Andes. Me encargo de analizar y compartir los contenidos m\u00e1s destacados de la\u00a0actualidad del F\u00fatbol Club Barcelona, Mercado de Fichajes y F\u00fatbol Internacional en FCBN. La informaci\u00f3n es poder, pero tambi\u00e9n conocimiento.\",\"url\":\"https:\\\/\\\/www.fcbarcelonanoticias.com\\\/en\\\/fc-barcelona\\\/andres-quiroz_17_115.html\"}]}<\/script>\n<!-- \/ Yoast SEO plugin. -->","yoast_head_json":{"title":"Ferm\u00edn and Olmo: What will their role be in the new Bar\u00e7a?","description":"Bar\u00e7a will have much more firepower in attack in 25\/26 with Nico Williams as a left winger. What position will Dani Olmo and Ferm\u00edn L\u00f3pez occupy?","robots":{"index":"index","follow":"follow","max-snippet":"max-snippet:-1","max-image-preview":"max-image-preview:large","max-video-preview":"max-video-preview:-1"},"canonical":"https:\/\/www.fcbarcelonanoticias.com\/en\/transfers\/fermin-and-olmo-what-will-be-their-role-in-flick-new-barca_313191_102.html","og_locale":"en_US","og_type":"article","og_title":"Ferm\u00edn and Olmo: What will their role be in the new Bar\u00e7a?","og_description":"Bar\u00e7a will have much more firepower in attack in 25\/26 with Nico Williams as a left winger. What position will Dani Olmo and Ferm\u00edn L\u00f3pez occupy?","og_url":"https:\/\/www.fcbarcelonanoticias.com\/en\/transfers\/fermin-and-olmo-what-will-be-their-role-in-flick-new-barca_313191_102.html","og_site_name":"EN - FC Barcelona Noticias","article_published_time":"2025-06-22T23:42:00+00:00","article_modified_time":"2026-03-27T10:35:12+00:00","og_image":[{"width":1200,"height":675,"url":"https:\/\/www.fcbarcelonanoticias.com\/en\/wp-content\/uploads\/sites\/2\/2025\/06\/fermin-lopez-dani-olmo-v-brest.jpeg","type":"image\/jpeg"}],"author":"Andr\u00e9s Quiroz","twitter_card":"summary_large_image","twitter_misc":{"Written by":"Andr\u00e9s Quiroz","Est. reading time":"3 minutes"},"schema":{"@context":"https:\/\/schema.org","@graph":[{"@type":"Article","@id":"https:\/\/www.fcbarcelonanoticias.com\/en\/transfers\/fermin-and-olmo-what-will-be-their-role-in-flick-new-barca_313191_102.html#article","isPartOf":{"@id":"https:\/\/www.fcbarcelonanoticias.com\/en\/transfers\/fermin-and-olmo-what-will-be-their-role-in-flick-new-barca_313191_102.html"},"author":{"name":"Andr\u00e9s Quiroz","@id":"https:\/\/www.fcbarcelonanoticias.com\/en\/#\/schema\/person\/c2cd9f6fa1af5c0d0eccd0fefa575c88"},"headline":"Ferm\u00edn and Olmo: What will their role be in the new Bar\u00e7a?","datePublished":"2025-06-22T23:42:00+00:00","dateModified":"2026-03-27T10:35:12+00:00","mainEntityOfPage":{"@id":"https:\/\/www.fcbarcelonanoticias.com\/en\/transfers\/fermin-and-olmo-what-will-be-their-role-in-flick-new-barca_313191_102.html"},"wordCount":582,"image":{"@id":"https:\/\/www.fcbarcelonanoticias.com\/en\/transfers\/fermin-and-olmo-what-will-be-their-role-in-flick-new-barca_313191_102.html#primaryimage"},"thumbnailUrl":"https:\/\/www.fcbarcelonanoticias.com\/en\/wp-content\/uploads\/sites\/2\/2025\/06\/fermin-lopez-dani-olmo-v-brest.jpeg","keywords":["Hansi Flick","Nico Williams"],"articleSection":["Transfers","Transfers"],"inLanguage":"en-US"},{"@type":"WebPage","@id":"https:\/\/www.fcbarcelonanoticias.com\/en\/transfers\/fermin-and-olmo-what-will-be-their-role-in-flick-new-barca_313191_102.html","url":"https:\/\/www.fcbarcelonanoticias.com\/en\/transfers\/fermin-and-olmo-what-will-be-their-role-in-flick-new-barca_313191_102.html","name":"Ferm\u00edn and Olmo: What will their role be in the new Bar\u00e7a?","isPartOf":{"@id":"https:\/\/www.fcbarcelonanoticias.com\/en\/#website"},"primaryImageOfPage":{"@id":"https:\/\/www.fcbarcelonanoticias.com\/en\/transfers\/fermin-and-olmo-what-will-be-their-role-in-flick-new-barca_313191_102.html#primaryimage"},"image":{"@id":"https:\/\/www.fcbarcelonanoticias.com\/en\/transfers\/fermin-and-olmo-what-will-be-their-role-in-flick-new-barca_313191_102.html#primaryimage"},"thumbnailUrl":"https:\/\/www.fcbarcelonanoticias.com\/en\/wp-content\/uploads\/sites\/2\/2025\/06\/fermin-lopez-dani-olmo-v-brest.jpeg","datePublished":"2025-06-22T23:42:00+00:00","dateModified":"2026-03-27T10:35:12+00:00","author":{"@id":"https:\/\/www.fcbarcelonanoticias.com\/en\/#\/schema\/person\/c2cd9f6fa1af5c0d0eccd0fefa575c88"},"description":"Bar\u00e7a will have much more firepower in attack in 25\/26 with Nico Williams as a left winger. What position will Dani Olmo and Ferm\u00edn L\u00f3pez occupy?","breadcrumb":{"@id":"https:\/\/www.fcbarcelonanoticias.com\/en\/transfers\/fermin-and-olmo-what-will-be-their-role-in-flick-new-barca_313191_102.html#breadcrumb"},"inLanguage":"en-US","potentialAction":[{"@type":"ReadAction","target":["https:\/\/www.fcbarcelonanoticias.com\/en\/transfers\/fermin-and-olmo-what-will-be-their-role-in-flick-new-barca_313191_102.html"]}]},{"@type":"ImageObject","inLanguage":"en-US","@id":"https:\/\/www.fcbarcelonanoticias.com\/en\/transfers\/fermin-and-olmo-what-will-be-their-role-in-flick-new-barca_313191_102.html#primaryimage","url":"https:\/\/www.fcbarcelonanoticias.com\/en\/wp-content\/uploads\/sites\/2\/2025\/06\/fermin-lopez-dani-olmo-v-brest.jpeg","contentUrl":"https:\/\/www.fcbarcelonanoticias.com\/en\/wp-content\/uploads\/sites\/2\/2025\/06\/fermin-lopez-dani-olmo-v-brest.jpeg","width":1200,"height":675},{"@type":"BreadcrumbList","@id":"https:\/\/www.fcbarcelonanoticias.com\/en\/transfers\/fermin-and-olmo-what-will-be-their-role-in-flick-new-barca_313191_102.html#breadcrumb","itemListElement":[{"@type":"ListItem","position":1,"name":"Portada","item":"https:\/\/www.fcbarcelonanoticias.com\/en\/"},{"@type":"ListItem","position":2,"name":"Ferm\u00edn and Olmo: What will their role be in the new Bar\u00e7a?"}]},{"@type":"WebSite","@id":"https:\/\/www.fcbarcelonanoticias.com\/en\/#website","url":"https:\/\/www.fcbarcelonanoticias.com\/en\/","name":"EN - FC Barcelona Noticias","description":"","potentialAction":[{"@type":"SearchAction","target":{"@type":"EntryPoint","urlTemplate":"https:\/\/www.fcbarcelonanoticias.com\/en\/?s={search_term_string}"},"query-input":{"@type":"PropertyValueSpecification","valueRequired":true,"valueName":"search_term_string"}}],"inLanguage":"en-US"},{"@type":"Person","@id":"https:\/\/www.fcbarcelonanoticias.com\/en\/#\/schema\/person\/c2cd9f6fa1af5c0d0eccd0fefa575c88","name":"Andr\u00e9s Quiroz","image":{"@type":"ImageObject","inLanguage":"en-US","@id":"https:\/\/secure.gravatar.com\/avatar\/?s=96&d=mm&r=g","url":"https:\/\/secure.gravatar.com\/avatar\/?s=96&d=mm&r=g","contentUrl":"https:\/\/secure.gravatar.com\/avatar\/?s=96&d=mm&r=g","caption":"Andr\u00e9s Quiroz"},"description":"Licenciado en Periodismo por la Universidad de los Andes. Me encargo de analizar y compartir los contenidos m\u00e1s destacados de la\u00a0actualidad del F\u00fatbol Club Barcelona, Mercado de Fichajes y F\u00fatbol Internacional en FCBN. La informaci\u00f3n es poder, pero tambi\u00e9n conocimiento.","url":"https:\/\/www.fcbarcelonanoticias.com\/en\/fc-barcelona\/andres-quiroz_17_115.html"}]}},"_links":{"self":[{"href":"https:\/\/www.fcbarcelonanoticias.com\/en\/wp-json\/wp\/v2\/posts\/97879","targetHints":{"allow":["GET"]}}],"collection":[{"href":"https:\/\/www.fcbarcelonanoticias.com\/en\/wp-json\/wp\/v2\/posts"}],"about":[{"href":"https:\/\/www.fcbarcelonanoticias.com\/en\/wp-json\/wp\/v2\/types\/post"}],"author":[{"embeddable":true,"href":"https:\/\/www.fcbarcelonanoticias.com\/en\/wp-json\/wp\/v2\/users\/347"}],"replies":[{"embeddable":true,"href":"https:\/\/www.fcbarcelonanoticias.com\/en\/wp-json\/wp\/v2\/comments?post=97879"}],"version-history":[{"count":2,"href":"https:\/\/www.fcbarcelonanoticias.com\/en\/wp-json\/wp\/v2\/posts\/97879\/revisions"}],"predecessor-version":[{"id":159772,"href":"https:\/\/www.fcbarcelonanoticias.com\/en\/wp-json\/wp\/v2\/posts\/97879\/revisions\/159772"}],"wp:featuredmedia":[{"embeddable":true,"href":"https:\/\/www.fcbarcelonanoticias.com\/en\/wp-json\/wp\/v2\/media\/97894"}],"wp:attachment":[{"href":"https:\/\/www.fcbarcelonanoticias.com\/en\/wp-json\/wp\/v2\/media?parent=97879"}],"wp:term":[{"taxonomy":"category","embeddable":true,"href":"https:\/\/www.fcbarcelonanoticias.com\/en\/wp-json\/wp\/v2\/categories?post=97879"},{"taxonomy":"post_tag","embeddable":true,"href":"https:\/\/www.fcbarcelonanoticias.com\/en\/wp-json\/wp\/v2\/tags?post=97879"}],"curies":[{"name":"wp","href":"https:\/\/api.w.org\/{rel}","templated":true}]}}