{"id":97992,"date":"2024-08-16T16:27:00","date_gmt":"2024-08-16T14:27:00","guid":{"rendered":"https:\/\/weisetech.dev\/fc-barcelona-noticias\/en\/is-your-return-to-barca-headed-manchester-city-opens-the-door-to-the-loan-of-joao-cancelo_306511_102\/"},"modified":"2024-08-16T16:46:00","modified_gmt":"2024-08-16T14:46:00","slug":"is-your-return-to-barca-headed-manchester-city-opens-the-door-to-the-loan-of-joao-cancelo_306511_102","status":"publish","type":"post","link":"https:\/\/www.fcbarcelonanoticias.com\/en\/transfers\/is-your-return-to-barca-headed-manchester-city-opens-the-door-to-the-loan-of-joao-cancelo_306511_102.html","title":{"rendered":"Is his return to Bar\u00e7a headed? Manchester City opens the door to the loan of Joao Cancelo"},"content":{"rendered":"<h2 class=\"wp-block-heading\">Manchester City would have given in their demands to get rid of Joao Cancelo. Although they were looking for a permanent transfer, the &#8216;skyblues&#8217; would be willing to give him up and Bar\u00e7a could speed up his return<\/h2>  \r\n<div class=\"article-addons\">\r\n    <a href=\"https:\/\/www.fcbarcelonanoticias.com\/en\/calendar-fc-barcelona.html\"\r\n       target=\"_self\"\r\n       title=\"Calendar of FC Barcelona\"\r\n       class=\"blue-gredient-btn\">\r\n       \r\n        Calendar of FC Barcelona    <\/a>\r\n<\/div>   <p>Joao Cancelo&#8217;s future remains more open than ever. <strong>Pep Guardiola does not have the player and Manchester City is looking for a way out<\/strong>, but the high demands of the &#8216;skyblues&#8217; have prevented his transfer from being completed. FC Barcelona is more than interested in his return, but the more than 20 million euros demanded from the offices of the Etihad Stadium made his operation unfeasible for the cul\u00e9s.<\/p>  <p>However, and with the <a data-external=\"0\" data-intl-links-en=\"https:\/\/www.fcbarcelonanoticias.com\/en\/transfers\" data-intl-links-es=\"https:\/\/www.fcbarcelonanoticias.com\/fichajes\" href=\"https:\/\/www.fcbarcelonanoticias.com\/en\/fc-barcelona\/transfers.html\" rel=\"follow\" target=\"_self\" title=\"Transfers\">transfer market<\/a> entering its final stretch, the &#8216;citizens&#8217; have begun to give ground in order to get rid of the Portuguese&#8217;s signing. This is what Sampedor&#8217;s man hinted at in his last appearance before the media, <strong>where he assured that all scenarios are open with the right back despite the fact that he is not part of his plans for next season<\/strong>.<\/p>  <p><strong>&#8220;Cancelo? He&#8217;s training with us and he&#8217;s behaving very well in training. Can he rejoin the squad? Maybe yes&#8230;or not. We still don&#8217;t know,&#8221;<\/strong> explained Guardiola, who limited himself to play by surprise with the fate of the Portuguese, who was &#8216;forced&#8217; to rejoin the discipline of the Mancunian first team after negotiations for his departure &#8216;stalled&#8217;.<\/p>  <p>However, the Catalan coach left some statements that have put Bar\u00e7a officials on alert. In the middle of his appearance, Pep admitted that Joao&#8217;s departure through a loan is a possibility to resolve his situation in the current Premier League champion.<strong>&#8220;We&#8217;ll see what&#8217;s going to happen. For now he&#8217;s training. He can stay or he could go out on loan. These are possibilities that are on the table. I still don&#8217;t know,&#8221;<\/strong> he revealed.<\/p>  <h2>His operation can be unlocked soon<\/h2>  <p><strong>This is the first time that Manchester City, through an official voice, acknowledges that there is a possibility that Cancelo could leave through a loan<\/strong>. Until now, the message from the English was that the player would only leave with a permanent transfer, but no club on the continent was interested in his situation. Now, Barcelona would have the doors open to arrange his return on loan and his agent, Jorge Mendes, would already be in talks to achieve it, as reported by &#8216;SPORT&#8217;.<\/p>  <p>At Can Bar\u00e7a they <a data-external=\"0\" data-intl-links-en=\"https:\/\/www.fcbarcelonanoticias.com\/en\/fc-barcelona\/good-news-hansi-flickll-have-three-desired-reinforcements-for-his-league-debut-against-valencia_306508_102.html\" data-intl-links-es=\"https:\/\/www.fcbarcelonanoticias.com\/fc-barcelona\/buenas-noticias-hansi-flick-tres-refuerzos-deseados-debut-liguero-valencia_306508_102.html\" href=\"https:\/\/www.fcbarcelonanoticias.com\/en\/fc-barcelona\/good-news-hansi-flickll-have-three-desired-reinforcements-for-his-league-debut-against-valencia_306508_102.html\" rel=\"follow\" target=\"_self\" title=\"Good news! Hansi Flick'll have three desired 'reinforcements' for his league debut against Valencia\">are working to resolve their financial problems and achieve the registration of their players without problems<\/a>. Once this goal is reached, the Portuguese operation would be &#8216;unlocked&#8217; immediately, as long as it is handled as a loan without a mandatory purchase option. <strong>Joao only thinks about wearing the Bar\u00e7a shirt again and would have rejected the million-dollar offers from Saudi Arabia to fulfill his wish<\/strong>, which could be formalized soon.<\/p> ","protected":false},"excerpt":{"rendered":"<p>Manchester City would have given in their demands to get rid of Joao Cancelo. Although they were looking for a permanent transfer, the &#8216;skyblues&#8217; would be willing to give him up and Bar\u00e7a could speed up his return Joao Cancelo&#8217;s future remains more open than ever. Pep Guardiola does not have the player and Manchester [&hellip;]<\/p>\n","protected":false},"author":358,"featured_media":98001,"comment_status":"closed","ping_status":"open","sticky":false,"template":"","format":"standard","meta":{"_acf_changed":false,"inline_featured_image":false,"_nextfly_llmd_date_locked":false,"footnotes":""},"categories":[449,106],"tags":[196,178],"class_list":["post-97992","post","type-post","status-publish","format-standard","has-post-thumbnail","hentry","category-transfers-2","category-transfers","tag-joao-cancelo","tag-pep-guardiola"],"acf":[],"yoast_head":"<!-- This site is optimized with the Yoast SEO plugin v27.3 - https:\/\/yoast.com\/product\/yoast-seo-wordpress\/ -->\n<title>Is his return to Bar\u00e7a headed? Manchester City opens the door to the loan of Joao Cancelo<\/title>\n<meta name=\"description\" content=\"Manchester City would have given in their demands to get rid of Joao Cancelo. Although they were looking for a permanent transfer, the &#039;skyblues&#039; would be willing to give him up and Bar\u00e7a could speed up his return\" \/>\n<meta name=\"robots\" content=\"index, follow, max-snippet:-1, max-image-preview:large, max-video-preview:-1\" \/>\n<link rel=\"canonical\" href=\"https:\/\/www.fcbarcelonanoticias.com\/en\/transfers\/is-your-return-to-barca-headed-manchester-city-opens-the-door-to-the-loan-of-joao-cancelo_306511_102.html\" \/>\n<meta property=\"og:locale\" content=\"en_US\" \/>\n<meta property=\"og:type\" content=\"article\" \/>\n<meta property=\"og:title\" content=\"Is his return to Bar\u00e7a headed? Manchester City opens the door to the loan of Joao Cancelo\" \/>\n<meta property=\"og:description\" content=\"Manchester City would have given in their demands to get rid of Joao Cancelo. Although they were looking for a permanent transfer, the &#039;skyblues&#039; would be willing to give him up and Bar\u00e7a could speed up his return\" \/>\n<meta property=\"og:url\" content=\"https:\/\/www.fcbarcelonanoticias.com\/en\/transfers\/is-your-return-to-barca-headed-manchester-city-opens-the-door-to-the-loan-of-joao-cancelo_306511_102.html\" \/>\n<meta property=\"og:site_name\" content=\"EN - FC Barcelona Noticias\" \/>\n<meta property=\"article:published_time\" content=\"2024-08-16T14:27:00+00:00\" \/>\n<meta property=\"article:modified_time\" content=\"2024-08-16T14:46:00+00:00\" \/>\n<meta property=\"og:image\" content=\"https:\/\/www.fcbarcelonanoticias.com\/en\/wp-content\/uploads\/sites\/2\/2024\/08\/joao-cancelo-en-un-partido.gif\" \/>\n\t<meta property=\"og:image:width\" content=\"1300\" \/>\n\t<meta property=\"og:image:height\" content=\"729\" \/>\n\t<meta property=\"og:image:type\" content=\"image\/gif\" \/>\n<meta name=\"author\" content=\"Juan Pablo Berdugo\" \/>\n<meta name=\"twitter:card\" content=\"summary_large_image\" \/>\n<meta name=\"twitter:label1\" content=\"Written by\" \/>\n\t<meta name=\"twitter:data1\" content=\"Juan Pablo Berdugo\" \/>\n\t<meta name=\"twitter:label2\" content=\"Est. reading time\" \/>\n\t<meta name=\"twitter:data2\" content=\"2 minutes\" \/>\n<script type=\"application\/ld+json\" class=\"yoast-schema-graph\">{\"@context\":\"https:\\\/\\\/schema.org\",\"@graph\":[{\"@type\":\"Article\",\"@id\":\"https:\\\/\\\/www.fcbarcelonanoticias.com\\\/en\\\/transfers\\\/is-your-return-to-barca-headed-manchester-city-opens-the-door-to-the-loan-of-joao-cancelo_306511_102.html#article\",\"isPartOf\":{\"@id\":\"https:\\\/\\\/www.fcbarcelonanoticias.com\\\/en\\\/transfers\\\/is-your-return-to-barca-headed-manchester-city-opens-the-door-to-the-loan-of-joao-cancelo_306511_102.html\"},\"author\":{\"name\":\"Juan Pablo Berdugo\",\"@id\":\"https:\\\/\\\/www.fcbarcelonanoticias.com\\\/en\\\/#\\\/schema\\\/person\\\/88d756918a0a1ae9fa593b5edddd1815\"},\"headline\":\"Is his return to Bar\u00e7a headed? Manchester City opens the door to the loan of Joao Cancelo\",\"datePublished\":\"2024-08-16T14:27:00+00:00\",\"dateModified\":\"2024-08-16T14:46:00+00:00\",\"mainEntityOfPage\":{\"@id\":\"https:\\\/\\\/www.fcbarcelonanoticias.com\\\/en\\\/transfers\\\/is-your-return-to-barca-headed-manchester-city-opens-the-door-to-the-loan-of-joao-cancelo_306511_102.html\"},\"wordCount\":503,\"image\":{\"@id\":\"https:\\\/\\\/www.fcbarcelonanoticias.com\\\/en\\\/transfers\\\/is-your-return-to-barca-headed-manchester-city-opens-the-door-to-the-loan-of-joao-cancelo_306511_102.html#primaryimage\"},\"thumbnailUrl\":\"https:\\\/\\\/www.fcbarcelonanoticias.com\\\/en\\\/wp-content\\\/uploads\\\/sites\\\/2\\\/2024\\\/08\\\/joao-cancelo-en-un-partido.gif\",\"keywords\":[\"Joao Cancelo\",\"Pep Guardiola\"],\"articleSection\":[\"Transfers\",\"Transfers\"],\"inLanguage\":\"en-US\"},{\"@type\":\"WebPage\",\"@id\":\"https:\\\/\\\/www.fcbarcelonanoticias.com\\\/en\\\/transfers\\\/is-your-return-to-barca-headed-manchester-city-opens-the-door-to-the-loan-of-joao-cancelo_306511_102.html\",\"url\":\"https:\\\/\\\/www.fcbarcelonanoticias.com\\\/en\\\/transfers\\\/is-your-return-to-barca-headed-manchester-city-opens-the-door-to-the-loan-of-joao-cancelo_306511_102.html\",\"name\":\"Is his return to Bar\u00e7a headed? Manchester City opens the door to the loan of Joao Cancelo\",\"isPartOf\":{\"@id\":\"https:\\\/\\\/www.fcbarcelonanoticias.com\\\/en\\\/#website\"},\"primaryImageOfPage\":{\"@id\":\"https:\\\/\\\/www.fcbarcelonanoticias.com\\\/en\\\/transfers\\\/is-your-return-to-barca-headed-manchester-city-opens-the-door-to-the-loan-of-joao-cancelo_306511_102.html#primaryimage\"},\"image\":{\"@id\":\"https:\\\/\\\/www.fcbarcelonanoticias.com\\\/en\\\/transfers\\\/is-your-return-to-barca-headed-manchester-city-opens-the-door-to-the-loan-of-joao-cancelo_306511_102.html#primaryimage\"},\"thumbnailUrl\":\"https:\\\/\\\/www.fcbarcelonanoticias.com\\\/en\\\/wp-content\\\/uploads\\\/sites\\\/2\\\/2024\\\/08\\\/joao-cancelo-en-un-partido.gif\",\"datePublished\":\"2024-08-16T14:27:00+00:00\",\"dateModified\":\"2024-08-16T14:46:00+00:00\",\"author\":{\"@id\":\"https:\\\/\\\/www.fcbarcelonanoticias.com\\\/en\\\/#\\\/schema\\\/person\\\/88d756918a0a1ae9fa593b5edddd1815\"},\"description\":\"Manchester City would have given in their demands to get rid of Joao Cancelo. Although they were looking for a permanent transfer, the 'skyblues' would be willing to give him up and Bar\u00e7a could speed up his return\",\"breadcrumb\":{\"@id\":\"https:\\\/\\\/www.fcbarcelonanoticias.com\\\/en\\\/transfers\\\/is-your-return-to-barca-headed-manchester-city-opens-the-door-to-the-loan-of-joao-cancelo_306511_102.html#breadcrumb\"},\"inLanguage\":\"en-US\",\"potentialAction\":[{\"@type\":\"ReadAction\",\"target\":[\"https:\\\/\\\/www.fcbarcelonanoticias.com\\\/en\\\/transfers\\\/is-your-return-to-barca-headed-manchester-city-opens-the-door-to-the-loan-of-joao-cancelo_306511_102.html\"]}]},{\"@type\":\"ImageObject\",\"inLanguage\":\"en-US\",\"@id\":\"https:\\\/\\\/www.fcbarcelonanoticias.com\\\/en\\\/transfers\\\/is-your-return-to-barca-headed-manchester-city-opens-the-door-to-the-loan-of-joao-cancelo_306511_102.html#primaryimage\",\"url\":\"https:\\\/\\\/www.fcbarcelonanoticias.com\\\/en\\\/wp-content\\\/uploads\\\/sites\\\/2\\\/2024\\\/08\\\/joao-cancelo-en-un-partido.gif\",\"contentUrl\":\"https:\\\/\\\/www.fcbarcelonanoticias.com\\\/en\\\/wp-content\\\/uploads\\\/sites\\\/2\\\/2024\\\/08\\\/joao-cancelo-en-un-partido.gif\",\"width\":1300,\"height\":729},{\"@type\":\"BreadcrumbList\",\"@id\":\"https:\\\/\\\/www.fcbarcelonanoticias.com\\\/en\\\/transfers\\\/is-your-return-to-barca-headed-manchester-city-opens-the-door-to-the-loan-of-joao-cancelo_306511_102.html#breadcrumb\",\"itemListElement\":[{\"@type\":\"ListItem\",\"position\":1,\"name\":\"Portada\",\"item\":\"https:\\\/\\\/www.fcbarcelonanoticias.com\\\/en\\\/\"},{\"@type\":\"ListItem\",\"position\":2,\"name\":\"Is his return to Bar\u00e7a headed? Manchester City opens the door to the loan of Joao Cancelo\"}]},{\"@type\":\"WebSite\",\"@id\":\"https:\\\/\\\/www.fcbarcelonanoticias.com\\\/en\\\/#website\",\"url\":\"https:\\\/\\\/www.fcbarcelonanoticias.com\\\/en\\\/\",\"name\":\"EN - FC Barcelona Noticias\",\"description\":\"\",\"potentialAction\":[{\"@type\":\"SearchAction\",\"target\":{\"@type\":\"EntryPoint\",\"urlTemplate\":\"https:\\\/\\\/www.fcbarcelonanoticias.com\\\/en\\\/?s={search_term_string}\"},\"query-input\":{\"@type\":\"PropertyValueSpecification\",\"valueRequired\":true,\"valueName\":\"search_term_string\"}}],\"inLanguage\":\"en-US\"},{\"@type\":\"Person\",\"@id\":\"https:\\\/\\\/www.fcbarcelonanoticias.com\\\/en\\\/#\\\/schema\\\/person\\\/88d756918a0a1ae9fa593b5edddd1815\",\"name\":\"Juan Pablo Berdugo\",\"image\":{\"@type\":\"ImageObject\",\"inLanguage\":\"en-US\",\"@id\":\"https:\\\/\\\/secure.gravatar.com\\\/avatar\\\/?s=96&d=mm&r=g\",\"url\":\"https:\\\/\\\/secure.gravatar.com\\\/avatar\\\/?s=96&d=mm&r=g\",\"contentUrl\":\"https:\\\/\\\/secure.gravatar.com\\\/avatar\\\/?s=96&d=mm&r=g\",\"caption\":\"Juan Pablo Berdugo\"},\"description\":\"Juan Pablo Berdugo es graduado en Periodismo. Colabora con FCBN como especialista en informaci\u00f3n del primer equipo del FC Barcelona, f\u00fatbol internacional y mercado de fichajes. Destaca por su enfoque anal\u00edtico, su rigor informativo y su capacidad para detectar tendencias emergentes en el f\u00fatbol global.\",\"url\":\"https:\\\/\\\/www.fcbarcelonanoticias.com\\\/en\\\/fc-barcelona\\\/juan-pablo-berdugo_18_115.html\"}]}<\/script>\n<!-- \/ Yoast SEO plugin. -->","yoast_head_json":{"title":"Is his return to Bar\u00e7a headed? Manchester City opens the door to the loan of Joao Cancelo","description":"Manchester City would have given in their demands to get rid of Joao Cancelo. Although they were looking for a permanent transfer, the 'skyblues' would be willing to give him up and Bar\u00e7a could speed up his return","robots":{"index":"index","follow":"follow","max-snippet":"max-snippet:-1","max-image-preview":"max-image-preview:large","max-video-preview":"max-video-preview:-1"},"canonical":"https:\/\/www.fcbarcelonanoticias.com\/en\/transfers\/is-your-return-to-barca-headed-manchester-city-opens-the-door-to-the-loan-of-joao-cancelo_306511_102.html","og_locale":"en_US","og_type":"article","og_title":"Is his return to Bar\u00e7a headed? Manchester City opens the door to the loan of Joao Cancelo","og_description":"Manchester City would have given in their demands to get rid of Joao Cancelo. Although they were looking for a permanent transfer, the 'skyblues' would be willing to give him up and Bar\u00e7a could speed up his return","og_url":"https:\/\/www.fcbarcelonanoticias.com\/en\/transfers\/is-your-return-to-barca-headed-manchester-city-opens-the-door-to-the-loan-of-joao-cancelo_306511_102.html","og_site_name":"EN - FC Barcelona Noticias","article_published_time":"2024-08-16T14:27:00+00:00","article_modified_time":"2024-08-16T14:46:00+00:00","og_image":[{"width":1300,"height":729,"url":"https:\/\/www.fcbarcelonanoticias.com\/en\/wp-content\/uploads\/sites\/2\/2024\/08\/joao-cancelo-en-un-partido.gif","type":"image\/gif"}],"author":"Juan Pablo Berdugo","twitter_card":"summary_large_image","twitter_misc":{"Written by":"Juan Pablo Berdugo","Est. reading time":"2 minutes"},"schema":{"@context":"https:\/\/schema.org","@graph":[{"@type":"Article","@id":"https:\/\/www.fcbarcelonanoticias.com\/en\/transfers\/is-your-return-to-barca-headed-manchester-city-opens-the-door-to-the-loan-of-joao-cancelo_306511_102.html#article","isPartOf":{"@id":"https:\/\/www.fcbarcelonanoticias.com\/en\/transfers\/is-your-return-to-barca-headed-manchester-city-opens-the-door-to-the-loan-of-joao-cancelo_306511_102.html"},"author":{"name":"Juan Pablo Berdugo","@id":"https:\/\/www.fcbarcelonanoticias.com\/en\/#\/schema\/person\/88d756918a0a1ae9fa593b5edddd1815"},"headline":"Is his return to Bar\u00e7a headed? Manchester City opens the door to the loan of Joao Cancelo","datePublished":"2024-08-16T14:27:00+00:00","dateModified":"2024-08-16T14:46:00+00:00","mainEntityOfPage":{"@id":"https:\/\/www.fcbarcelonanoticias.com\/en\/transfers\/is-your-return-to-barca-headed-manchester-city-opens-the-door-to-the-loan-of-joao-cancelo_306511_102.html"},"wordCount":503,"image":{"@id":"https:\/\/www.fcbarcelonanoticias.com\/en\/transfers\/is-your-return-to-barca-headed-manchester-city-opens-the-door-to-the-loan-of-joao-cancelo_306511_102.html#primaryimage"},"thumbnailUrl":"https:\/\/www.fcbarcelonanoticias.com\/en\/wp-content\/uploads\/sites\/2\/2024\/08\/joao-cancelo-en-un-partido.gif","keywords":["Joao Cancelo","Pep Guardiola"],"articleSection":["Transfers","Transfers"],"inLanguage":"en-US"},{"@type":"WebPage","@id":"https:\/\/www.fcbarcelonanoticias.com\/en\/transfers\/is-your-return-to-barca-headed-manchester-city-opens-the-door-to-the-loan-of-joao-cancelo_306511_102.html","url":"https:\/\/www.fcbarcelonanoticias.com\/en\/transfers\/is-your-return-to-barca-headed-manchester-city-opens-the-door-to-the-loan-of-joao-cancelo_306511_102.html","name":"Is his return to Bar\u00e7a headed? Manchester City opens the door to the loan of Joao Cancelo","isPartOf":{"@id":"https:\/\/www.fcbarcelonanoticias.com\/en\/#website"},"primaryImageOfPage":{"@id":"https:\/\/www.fcbarcelonanoticias.com\/en\/transfers\/is-your-return-to-barca-headed-manchester-city-opens-the-door-to-the-loan-of-joao-cancelo_306511_102.html#primaryimage"},"image":{"@id":"https:\/\/www.fcbarcelonanoticias.com\/en\/transfers\/is-your-return-to-barca-headed-manchester-city-opens-the-door-to-the-loan-of-joao-cancelo_306511_102.html#primaryimage"},"thumbnailUrl":"https:\/\/www.fcbarcelonanoticias.com\/en\/wp-content\/uploads\/sites\/2\/2024\/08\/joao-cancelo-en-un-partido.gif","datePublished":"2024-08-16T14:27:00+00:00","dateModified":"2024-08-16T14:46:00+00:00","author":{"@id":"https:\/\/www.fcbarcelonanoticias.com\/en\/#\/schema\/person\/88d756918a0a1ae9fa593b5edddd1815"},"description":"Manchester City would have given in their demands to get rid of Joao Cancelo. Although they were looking for a permanent transfer, the 'skyblues' would be willing to give him up and Bar\u00e7a could speed up his return","breadcrumb":{"@id":"https:\/\/www.fcbarcelonanoticias.com\/en\/transfers\/is-your-return-to-barca-headed-manchester-city-opens-the-door-to-the-loan-of-joao-cancelo_306511_102.html#breadcrumb"},"inLanguage":"en-US","potentialAction":[{"@type":"ReadAction","target":["https:\/\/www.fcbarcelonanoticias.com\/en\/transfers\/is-your-return-to-barca-headed-manchester-city-opens-the-door-to-the-loan-of-joao-cancelo_306511_102.html"]}]},{"@type":"ImageObject","inLanguage":"en-US","@id":"https:\/\/www.fcbarcelonanoticias.com\/en\/transfers\/is-your-return-to-barca-headed-manchester-city-opens-the-door-to-the-loan-of-joao-cancelo_306511_102.html#primaryimage","url":"https:\/\/www.fcbarcelonanoticias.com\/en\/wp-content\/uploads\/sites\/2\/2024\/08\/joao-cancelo-en-un-partido.gif","contentUrl":"https:\/\/www.fcbarcelonanoticias.com\/en\/wp-content\/uploads\/sites\/2\/2024\/08\/joao-cancelo-en-un-partido.gif","width":1300,"height":729},{"@type":"BreadcrumbList","@id":"https:\/\/www.fcbarcelonanoticias.com\/en\/transfers\/is-your-return-to-barca-headed-manchester-city-opens-the-door-to-the-loan-of-joao-cancelo_306511_102.html#breadcrumb","itemListElement":[{"@type":"ListItem","position":1,"name":"Portada","item":"https:\/\/www.fcbarcelonanoticias.com\/en\/"},{"@type":"ListItem","position":2,"name":"Is his return to Bar\u00e7a headed? Manchester City opens the door to the loan of Joao Cancelo"}]},{"@type":"WebSite","@id":"https:\/\/www.fcbarcelonanoticias.com\/en\/#website","url":"https:\/\/www.fcbarcelonanoticias.com\/en\/","name":"EN - FC Barcelona Noticias","description":"","potentialAction":[{"@type":"SearchAction","target":{"@type":"EntryPoint","urlTemplate":"https:\/\/www.fcbarcelonanoticias.com\/en\/?s={search_term_string}"},"query-input":{"@type":"PropertyValueSpecification","valueRequired":true,"valueName":"search_term_string"}}],"inLanguage":"en-US"},{"@type":"Person","@id":"https:\/\/www.fcbarcelonanoticias.com\/en\/#\/schema\/person\/88d756918a0a1ae9fa593b5edddd1815","name":"Juan Pablo Berdugo","image":{"@type":"ImageObject","inLanguage":"en-US","@id":"https:\/\/secure.gravatar.com\/avatar\/?s=96&d=mm&r=g","url":"https:\/\/secure.gravatar.com\/avatar\/?s=96&d=mm&r=g","contentUrl":"https:\/\/secure.gravatar.com\/avatar\/?s=96&d=mm&r=g","caption":"Juan Pablo Berdugo"},"description":"Juan Pablo Berdugo es graduado en Periodismo. Colabora con FCBN como especialista en informaci\u00f3n del primer equipo del FC Barcelona, f\u00fatbol internacional y mercado de fichajes. Destaca por su enfoque anal\u00edtico, su rigor informativo y su capacidad para detectar tendencias emergentes en el f\u00fatbol global.","url":"https:\/\/www.fcbarcelonanoticias.com\/en\/fc-barcelona\/juan-pablo-berdugo_18_115.html"}]}},"_links":{"self":[{"href":"https:\/\/www.fcbarcelonanoticias.com\/en\/wp-json\/wp\/v2\/posts\/97992","targetHints":{"allow":["GET"]}}],"collection":[{"href":"https:\/\/www.fcbarcelonanoticias.com\/en\/wp-json\/wp\/v2\/posts"}],"about":[{"href":"https:\/\/www.fcbarcelonanoticias.com\/en\/wp-json\/wp\/v2\/types\/post"}],"author":[{"embeddable":true,"href":"https:\/\/www.fcbarcelonanoticias.com\/en\/wp-json\/wp\/v2\/users\/358"}],"replies":[{"embeddable":true,"href":"https:\/\/www.fcbarcelonanoticias.com\/en\/wp-json\/wp\/v2\/comments?post=97992"}],"version-history":[{"count":1,"href":"https:\/\/www.fcbarcelonanoticias.com\/en\/wp-json\/wp\/v2\/posts\/97992\/revisions"}],"predecessor-version":[{"id":127448,"href":"https:\/\/www.fcbarcelonanoticias.com\/en\/wp-json\/wp\/v2\/posts\/97992\/revisions\/127448"}],"wp:featuredmedia":[{"embeddable":true,"href":"https:\/\/www.fcbarcelonanoticias.com\/en\/wp-json\/wp\/v2\/media\/98001"}],"wp:attachment":[{"href":"https:\/\/www.fcbarcelonanoticias.com\/en\/wp-json\/wp\/v2\/media?parent=97992"}],"wp:term":[{"taxonomy":"category","embeddable":true,"href":"https:\/\/www.fcbarcelonanoticias.com\/en\/wp-json\/wp\/v2\/categories?post=97992"},{"taxonomy":"post_tag","embeddable":true,"href":"https:\/\/www.fcbarcelonanoticias.com\/en\/wp-json\/wp\/v2\/tags?post=97992"}],"curies":[{"name":"wp","href":"https:\/\/api.w.org\/{rel}","templated":true}]}}