{"id":98167,"date":"2025-05-19T23:08:00","date_gmt":"2025-05-19T21:08:00","guid":{"rendered":"https:\/\/weisetech.dev\/fc-barcelona-noticias\/en\/ferran-torres-in-aston-villa-sights-big-offer-to-barcelona_312701_102\/"},"modified":"2026-04-16T09:37:34","modified_gmt":"2026-04-16T07:37:34","slug":"ferran-torres-in-aston-villa-sights-big-offer-to-barcelona_312701_102","status":"publish","type":"post","link":"https:\/\/www.fcbarcelonanoticias.com\/en\/transfers\/ferran-torres-in-aston-villa-sights-big-offer-to-barcelona_312701_102.html","title":{"rendered":"Ferran Torres in Aston Villa&#8217;s sights: Bar\u00e7a could receive a big offer!"},"content":{"rendered":"<h2 class=\"wp-block-heading\">Unai Emery wants another Spanish &#8216;crack&#8217; for his Aston Villa. The next target of the manager is Ferran Torres, although the &#8216;7&#8217; does not plan to leave Bar\u00e7a<\/h2>  \r\n<div class=\"article-addons\">\r\n    <a href=\"https:\/\/www.fcbarcelonanoticias.com\/en\/calendar-fc-barcelona.html\"\r\n       target=\"_self\"\r\n       title=\"Calendar of FC Barcelona\"\r\n       class=\"blue-gredient-btn\">\r\n       \r\n        Calendar of FC Barcelona    <\/a>\r\n<\/div>   <p>FC Barcelona could receive a big offer soon for Ferran Torres. <strong>The good performance of the &#8216;Shark&#8217; in the second half of 2024\/25<\/strong>, during Robert Lewandowski&#8217;s absence due to injury, has increased the number of clubs interested in his transfer for the next summer market.<\/p>  <p>In England, the latest team to join the &#8216;race&#8217; for the Valencian forward is Aston Villa. According to the portal &#8216;Birmingham Live&#8217;, <strong>the team led by Unai Emery is considering the possibility of offering 50 million euros net for the &#8216;7&#8217; azulgrana<\/strong>, whose market value currently reaches 28 &#8216;kilos&#8217;.<\/p>  <h2>Bar\u00e7a is clear: Ferran Torres will only leave by his own decision<\/h2>  <p><a data-external=\"0\" data-intl-links-en=\"https:\/\/www.fcbarcelonanoticias.com\/en\/fc-barcelona\/ferran-torres-encourages-barca-after-his-appendicitis-operation_312636_102.html\" data-intl-links-es=\"https:\/\/www.fcbarcelonanoticias.com\/fc-barcelona\/ferran-torres-mensaje-apendicitis-espanyol-barca_312636_102.html\" href=\"https:\/\/www.fcbarcelonanoticias.com\/en\/fc-barcelona\/ferran-torres-encourages-barca-after-his-appendicitis-operation_312636_102.html\" rel=\"follow\" target=\"_self\" title=\"Ferran Torres, positive after his appendicitis operation: message of encouragement before Espanyol-Bar\u00e7a\">Ferran said goodbye to the season due to appendicitis last week<\/a> with 19 goals and 7 assists in 49 games with Hansi Flick&#8217;s team. After his best season, statistically, with Bar\u00e7a, the 25-year-old forward is established as the first alternative to Lewandowski and, for the moment, is clear about his desire to stay at the club despite the offers he may receive in the coming weeks.<\/p>  <p>Having a contract until 2027, the continuity of the &#8216;Shark&#8217;, for now, is not in doubt in Barcelona. <a data-external=\"0\" data-intl-links-en=\"https:\/\/www.fcbarcelonanoticias.com\/en\/transfers\/fc-barcelona-does-not-contemplate-departure-ferran-torres-summer_300746_102.html\" data-intl-links-es=\"https:\/\/www.fcbarcelonanoticias.com\/fichajes\/fc-barcelona-no-contempla-salida-ferran-torres-verano_300746_102.html\" href=\"https:\/\/www.fcbarcelonanoticias.com\/en\/transfers\/fc-barcelona-does-not-contemplate-departure-ferran-torres-summer_300746_102.html\" rel=\"follow\" target=\"_self\" title=\"Bar\u00e7a does not contemplate the departure of Ferran Torres in summer\">The &#8216;7&#8217; was on the list of transferable players in the last two summer markets<\/a>, but he always made clear his intention to stay and fight for a starting position in the azulgrana team. Therefore, the board had to look for other alternatives to raise funds.<\/p>  <p>This year, the scenario will not be different, even more so when the performance supports the player&#8217;s position. <strong>Ferran scored 10 goals in La Liga, 3 in the Champions League and 6 in the Copa del Rey<\/strong>, being the team&#8217;s top scorer in the tournament of His Majesty with decisive goals against Atl\u00e9tico and Real Madrid in the &#8216;semis&#8217; and the final.&nbsp;<\/p>  <h3>Aston Villa will make one last effort to convince the &#8216;Shark&#8217;<\/h3>  <p>Despite this, Aston Villa will make an effort to convince him with an offer difficult to refuse. <strong>The Birmingham team is still fighting to return to the Champions League in 25\/26<\/strong>, a key factor to convince the &#8216;Shark&#8217; and other figures to join their squad.<\/p>  <p>For the moment, the club has three Spaniards in its squad (<strong>Pau Torres, Andr\u00e9s Garc\u00eda and Marco Asensio,<\/strong> the latter on loan for six months). For next season, the &#8216;villains&#8217; have already confirmed the departure of their goalkeeper, Emiliano &#8216;Dibu&#8217; Mart\u00ednez, whose name has been linked with Bar\u00e7a in recent hours.<\/p>  <div class=\"cke-element cke-element--102\"><section class=\"c-related-article\"><figure class=\"c-image__fig\"><a href=\"https:\/\/www.fcbarcelonanoticias.com\/fichajes\/fichajes-emiliano-dibu-martinez-asoma-como-posible-opcion-porteria-barca_312697_102.html\" title=\"Emiliano 'Dibu' Mart\u00ednez, guardameta del Aston Villa, posible objeto de inter\u00e9s para el FC Barcelona\" class=\"c-image__imglink\"><picture><img decoding=\"async\" src=\"https:\/\/www.fcbarcelonanoticias.com\/wp-content\/uploads\/sites\/2\/2025\/05\/fcbn-53f672dd6f42e897aa36d17814a164c4.jpeg\" alt=\"Emiliano 'Dibu' Mart\u00ednez, guardameta del Aston Villa, posible objeto de inter\u00e9s para el FC Barcelona\" title=\"Emiliano 'Dibu' Mart\u00ednez, guardameta del Aston Villa, posible objeto de inter\u00e9s para el FC Barcelona\" class=\"c-image__img\" width=\"1200\" height=\"675\" loading=\"lazy\"><\/picture><\/a>     <\/figure><div class=\"c-related-article__wrapper\">         <p class=\"c-related-article__avantitle\">Related<\/p>         <h4 class=\"c-related-article__title\">             <a href=\"https:\/\/www.fcbarcelonanoticias.com\/fichajes\/fichajes-emiliano-dibu-martinez-asoma-como-posible-opcion-porteria-barca_312697_102.html\" title=\"TRANSFERS: Emiliano 'Dibu' Mart\u00ednez emerges as a possible option for Bar\u00e7a's goal\" class=\"c-related-article__link\">                 TRANSFERS: Emiliano &#8216;Dibu&#8217; Mart\u00ednez emerges as a possible option for Bar\u00e7a&#8217;s goal             <\/a>         <\/h4>     <\/div> <\/section><\/div>  <ul> <li>\ud83d\udc49 Don&#8217;t miss all the news from the <a data-external=\"0\" data-intl-links-en=\"https:\/\/www.fcbarcelonanoticias.com\/en\/transfers\" data-intl-links-es=\"https:\/\/www.fcbarcelonanoticias.com\/fichajes\" href=\"https:\/\/www.fcbarcelonanoticias.com\/en\/fc-barcelona\/transfers.html\" rel=\"follow\" target=\"_self\" title=\"Transfers\">summer transfer market<\/a> at FCBN!<\/li> <\/ul> ","protected":false},"excerpt":{"rendered":"<p>Unai Emery wants another Spanish &#8216;crack&#8217; for his Aston Villa. The next target of the manager is Ferran Torres, although the &#8216;7&#8217; does not plan to leave Bar\u00e7a FC Barcelona could receive a big offer soon for Ferran Torres. The good performance of the &#8216;Shark&#8217; in the second half of 2024\/25, during Robert Lewandowski&#8217;s absence [&hellip;]<\/p>\n","protected":false},"author":347,"featured_media":98176,"comment_status":"closed","ping_status":"open","sticky":false,"template":"","format":"standard","meta":{"_acf_changed":false,"inline_featured_image":false,"_nextfly_llmd_date_locked":false,"footnotes":""},"categories":[449,106],"tags":[261],"class_list":["post-98167","post","type-post","status-publish","format-standard","has-post-thumbnail","hentry","category-transfers-2","category-transfers","tag-football-transfer-rumors"],"acf":[],"yoast_head":"<!-- This site is optimized with the Yoast SEO plugin v27.3 - https:\/\/yoast.com\/product\/yoast-seo-wordpress\/ -->\n<title>Ferran Torres in Aston Villa&#039;s sights: Big offer to Bar\u00e7a?<\/title>\n<meta name=\"description\" content=\"Unai Emery wants another Spanish &#039;crack&#039; for his Aston Villa. The next target of the manager is Ferran Torres, although the &#039;7&#039; does not plan to leave Bar\u00e7a\" \/>\n<meta name=\"robots\" content=\"index, follow, max-snippet:-1, max-image-preview:large, max-video-preview:-1\" \/>\n<link rel=\"canonical\" href=\"https:\/\/www.fcbarcelonanoticias.com\/en\/transfers\/ferran-torres-in-aston-villa-sights-big-offer-to-barcelona_312701_102.html\" \/>\n<meta property=\"og:locale\" content=\"en_US\" \/>\n<meta property=\"og:type\" content=\"article\" \/>\n<meta property=\"og:title\" content=\"Ferran Torres in Aston Villa&#039;s sights: Big offer to Bar\u00e7a?\" \/>\n<meta property=\"og:description\" content=\"Unai Emery wants another Spanish &#039;crack&#039; for his Aston Villa. The next target of the manager is Ferran Torres, although the &#039;7&#039; does not plan to leave Bar\u00e7a\" \/>\n<meta property=\"og:url\" content=\"https:\/\/www.fcbarcelonanoticias.com\/en\/transfers\/ferran-torres-in-aston-villa-sights-big-offer-to-barcelona_312701_102.html\" \/>\n<meta property=\"og:site_name\" content=\"EN - FC Barcelona Noticias\" \/>\n<meta property=\"article:published_time\" content=\"2025-05-19T21:08:00+00:00\" \/>\n<meta property=\"article:modified_time\" content=\"2026-04-16T07:37:34+00:00\" \/>\n<meta property=\"og:image\" content=\"https:\/\/www.fcbarcelonanoticias.com\/en\/wp-content\/uploads\/sites\/2\/2025\/05\/ferran-torres-v-osasuna.jpeg\" \/>\n\t<meta property=\"og:image:width\" content=\"1200\" \/>\n\t<meta property=\"og:image:height\" content=\"675\" \/>\n\t<meta property=\"og:image:type\" content=\"image\/jpeg\" \/>\n<meta name=\"author\" content=\"Andr\u00e9s Quiroz\" \/>\n<meta name=\"twitter:card\" content=\"summary_large_image\" \/>\n<meta name=\"twitter:label1\" content=\"Written by\" \/>\n\t<meta name=\"twitter:data1\" content=\"Andr\u00e9s Quiroz\" \/>\n\t<meta name=\"twitter:label2\" content=\"Est. reading time\" \/>\n\t<meta name=\"twitter:data2\" content=\"2 minutes\" \/>\n<script type=\"application\/ld+json\" class=\"yoast-schema-graph\">{\"@context\":\"https:\\\/\\\/schema.org\",\"@graph\":[{\"@type\":\"Article\",\"@id\":\"https:\\\/\\\/www.fcbarcelonanoticias.com\\\/en\\\/transfers\\\/ferran-torres-in-aston-villa-sights-big-offer-to-barcelona_312701_102.html#article\",\"isPartOf\":{\"@id\":\"https:\\\/\\\/www.fcbarcelonanoticias.com\\\/en\\\/transfers\\\/ferran-torres-in-aston-villa-sights-big-offer-to-barcelona_312701_102.html\"},\"author\":{\"name\":\"Andr\u00e9s Quiroz\",\"@id\":\"https:\\\/\\\/www.fcbarcelonanoticias.com\\\/en\\\/#\\\/schema\\\/person\\\/c2cd9f6fa1af5c0d0eccd0fefa575c88\"},\"headline\":\"Ferran Torres in Aston Villa&#8217;s sights: Bar\u00e7a could receive a big offer!\",\"datePublished\":\"2025-05-19T21:08:00+00:00\",\"dateModified\":\"2026-04-16T07:37:34+00:00\",\"mainEntityOfPage\":{\"@id\":\"https:\\\/\\\/www.fcbarcelonanoticias.com\\\/en\\\/transfers\\\/ferran-torres-in-aston-villa-sights-big-offer-to-barcelona_312701_102.html\"},\"wordCount\":475,\"image\":{\"@id\":\"https:\\\/\\\/www.fcbarcelonanoticias.com\\\/en\\\/transfers\\\/ferran-torres-in-aston-villa-sights-big-offer-to-barcelona_312701_102.html#primaryimage\"},\"thumbnailUrl\":\"https:\\\/\\\/www.fcbarcelonanoticias.com\\\/en\\\/wp-content\\\/uploads\\\/sites\\\/2\\\/2025\\\/05\\\/ferran-torres-v-osasuna.jpeg\",\"keywords\":[\"Transfer Rumors\"],\"articleSection\":[\"Transfers\",\"Transfers\"],\"inLanguage\":\"en-US\"},{\"@type\":\"WebPage\",\"@id\":\"https:\\\/\\\/www.fcbarcelonanoticias.com\\\/en\\\/transfers\\\/ferran-torres-in-aston-villa-sights-big-offer-to-barcelona_312701_102.html\",\"url\":\"https:\\\/\\\/www.fcbarcelonanoticias.com\\\/en\\\/transfers\\\/ferran-torres-in-aston-villa-sights-big-offer-to-barcelona_312701_102.html\",\"name\":\"Ferran Torres in Aston Villa's sights: Big offer to Bar\u00e7a?\",\"isPartOf\":{\"@id\":\"https:\\\/\\\/www.fcbarcelonanoticias.com\\\/en\\\/#website\"},\"primaryImageOfPage\":{\"@id\":\"https:\\\/\\\/www.fcbarcelonanoticias.com\\\/en\\\/transfers\\\/ferran-torres-in-aston-villa-sights-big-offer-to-barcelona_312701_102.html#primaryimage\"},\"image\":{\"@id\":\"https:\\\/\\\/www.fcbarcelonanoticias.com\\\/en\\\/transfers\\\/ferran-torres-in-aston-villa-sights-big-offer-to-barcelona_312701_102.html#primaryimage\"},\"thumbnailUrl\":\"https:\\\/\\\/www.fcbarcelonanoticias.com\\\/en\\\/wp-content\\\/uploads\\\/sites\\\/2\\\/2025\\\/05\\\/ferran-torres-v-osasuna.jpeg\",\"datePublished\":\"2025-05-19T21:08:00+00:00\",\"dateModified\":\"2026-04-16T07:37:34+00:00\",\"author\":{\"@id\":\"https:\\\/\\\/www.fcbarcelonanoticias.com\\\/en\\\/#\\\/schema\\\/person\\\/c2cd9f6fa1af5c0d0eccd0fefa575c88\"},\"description\":\"Unai Emery wants another Spanish 'crack' for his Aston Villa. The next target of the manager is Ferran Torres, although the '7' does not plan to leave Bar\u00e7a\",\"breadcrumb\":{\"@id\":\"https:\\\/\\\/www.fcbarcelonanoticias.com\\\/en\\\/transfers\\\/ferran-torres-in-aston-villa-sights-big-offer-to-barcelona_312701_102.html#breadcrumb\"},\"inLanguage\":\"en-US\",\"potentialAction\":[{\"@type\":\"ReadAction\",\"target\":[\"https:\\\/\\\/www.fcbarcelonanoticias.com\\\/en\\\/transfers\\\/ferran-torres-in-aston-villa-sights-big-offer-to-barcelona_312701_102.html\"]}]},{\"@type\":\"ImageObject\",\"inLanguage\":\"en-US\",\"@id\":\"https:\\\/\\\/www.fcbarcelonanoticias.com\\\/en\\\/transfers\\\/ferran-torres-in-aston-villa-sights-big-offer-to-barcelona_312701_102.html#primaryimage\",\"url\":\"https:\\\/\\\/www.fcbarcelonanoticias.com\\\/en\\\/wp-content\\\/uploads\\\/sites\\\/2\\\/2025\\\/05\\\/ferran-torres-v-osasuna.jpeg\",\"contentUrl\":\"https:\\\/\\\/www.fcbarcelonanoticias.com\\\/en\\\/wp-content\\\/uploads\\\/sites\\\/2\\\/2025\\\/05\\\/ferran-torres-v-osasuna.jpeg\",\"width\":1200,\"height\":675},{\"@type\":\"BreadcrumbList\",\"@id\":\"https:\\\/\\\/www.fcbarcelonanoticias.com\\\/en\\\/transfers\\\/ferran-torres-in-aston-villa-sights-big-offer-to-barcelona_312701_102.html#breadcrumb\",\"itemListElement\":[{\"@type\":\"ListItem\",\"position\":1,\"name\":\"Portada\",\"item\":\"https:\\\/\\\/www.fcbarcelonanoticias.com\\\/en\\\/\"},{\"@type\":\"ListItem\",\"position\":2,\"name\":\"Ferran Torres in Aston Villa&#8217;s sights: Bar\u00e7a could receive a big offer!\"}]},{\"@type\":\"WebSite\",\"@id\":\"https:\\\/\\\/www.fcbarcelonanoticias.com\\\/en\\\/#website\",\"url\":\"https:\\\/\\\/www.fcbarcelonanoticias.com\\\/en\\\/\",\"name\":\"EN - FC Barcelona Noticias\",\"description\":\"\",\"potentialAction\":[{\"@type\":\"SearchAction\",\"target\":{\"@type\":\"EntryPoint\",\"urlTemplate\":\"https:\\\/\\\/www.fcbarcelonanoticias.com\\\/en\\\/?s={search_term_string}\"},\"query-input\":{\"@type\":\"PropertyValueSpecification\",\"valueRequired\":true,\"valueName\":\"search_term_string\"}}],\"inLanguage\":\"en-US\"},{\"@type\":\"Person\",\"@id\":\"https:\\\/\\\/www.fcbarcelonanoticias.com\\\/en\\\/#\\\/schema\\\/person\\\/c2cd9f6fa1af5c0d0eccd0fefa575c88\",\"name\":\"Andr\u00e9s Quiroz\",\"image\":{\"@type\":\"ImageObject\",\"inLanguage\":\"en-US\",\"@id\":\"https:\\\/\\\/secure.gravatar.com\\\/avatar\\\/?s=96&d=mm&r=g\",\"url\":\"https:\\\/\\\/secure.gravatar.com\\\/avatar\\\/?s=96&d=mm&r=g\",\"contentUrl\":\"https:\\\/\\\/secure.gravatar.com\\\/avatar\\\/?s=96&d=mm&r=g\",\"caption\":\"Andr\u00e9s Quiroz\"},\"description\":\"Licenciado en Periodismo por la Universidad de los Andes. Me encargo de analizar y compartir los contenidos m\u00e1s destacados de la\u00a0actualidad del F\u00fatbol Club Barcelona, Mercado de Fichajes y F\u00fatbol Internacional en FCBN. La informaci\u00f3n es poder, pero tambi\u00e9n conocimiento.\",\"url\":\"https:\\\/\\\/www.fcbarcelonanoticias.com\\\/en\\\/fc-barcelona\\\/andres-quiroz_17_115.html\"}]}<\/script>\n<!-- \/ Yoast SEO plugin. -->","yoast_head_json":{"title":"Ferran Torres in Aston Villa's sights: Big offer to Bar\u00e7a?","description":"Unai Emery wants another Spanish 'crack' for his Aston Villa. The next target of the manager is Ferran Torres, although the '7' does not plan to leave Bar\u00e7a","robots":{"index":"index","follow":"follow","max-snippet":"max-snippet:-1","max-image-preview":"max-image-preview:large","max-video-preview":"max-video-preview:-1"},"canonical":"https:\/\/www.fcbarcelonanoticias.com\/en\/transfers\/ferran-torres-in-aston-villa-sights-big-offer-to-barcelona_312701_102.html","og_locale":"en_US","og_type":"article","og_title":"Ferran Torres in Aston Villa's sights: Big offer to Bar\u00e7a?","og_description":"Unai Emery wants another Spanish 'crack' for his Aston Villa. The next target of the manager is Ferran Torres, although the '7' does not plan to leave Bar\u00e7a","og_url":"https:\/\/www.fcbarcelonanoticias.com\/en\/transfers\/ferran-torres-in-aston-villa-sights-big-offer-to-barcelona_312701_102.html","og_site_name":"EN - FC Barcelona Noticias","article_published_time":"2025-05-19T21:08:00+00:00","article_modified_time":"2026-04-16T07:37:34+00:00","og_image":[{"width":1200,"height":675,"url":"https:\/\/www.fcbarcelonanoticias.com\/en\/wp-content\/uploads\/sites\/2\/2025\/05\/ferran-torres-v-osasuna.jpeg","type":"image\/jpeg"}],"author":"Andr\u00e9s Quiroz","twitter_card":"summary_large_image","twitter_misc":{"Written by":"Andr\u00e9s Quiroz","Est. reading time":"2 minutes"},"schema":{"@context":"https:\/\/schema.org","@graph":[{"@type":"Article","@id":"https:\/\/www.fcbarcelonanoticias.com\/en\/transfers\/ferran-torres-in-aston-villa-sights-big-offer-to-barcelona_312701_102.html#article","isPartOf":{"@id":"https:\/\/www.fcbarcelonanoticias.com\/en\/transfers\/ferran-torres-in-aston-villa-sights-big-offer-to-barcelona_312701_102.html"},"author":{"name":"Andr\u00e9s Quiroz","@id":"https:\/\/www.fcbarcelonanoticias.com\/en\/#\/schema\/person\/c2cd9f6fa1af5c0d0eccd0fefa575c88"},"headline":"Ferran Torres in Aston Villa&#8217;s sights: Bar\u00e7a could receive a big offer!","datePublished":"2025-05-19T21:08:00+00:00","dateModified":"2026-04-16T07:37:34+00:00","mainEntityOfPage":{"@id":"https:\/\/www.fcbarcelonanoticias.com\/en\/transfers\/ferran-torres-in-aston-villa-sights-big-offer-to-barcelona_312701_102.html"},"wordCount":475,"image":{"@id":"https:\/\/www.fcbarcelonanoticias.com\/en\/transfers\/ferran-torres-in-aston-villa-sights-big-offer-to-barcelona_312701_102.html#primaryimage"},"thumbnailUrl":"https:\/\/www.fcbarcelonanoticias.com\/en\/wp-content\/uploads\/sites\/2\/2025\/05\/ferran-torres-v-osasuna.jpeg","keywords":["Transfer Rumors"],"articleSection":["Transfers","Transfers"],"inLanguage":"en-US"},{"@type":"WebPage","@id":"https:\/\/www.fcbarcelonanoticias.com\/en\/transfers\/ferran-torres-in-aston-villa-sights-big-offer-to-barcelona_312701_102.html","url":"https:\/\/www.fcbarcelonanoticias.com\/en\/transfers\/ferran-torres-in-aston-villa-sights-big-offer-to-barcelona_312701_102.html","name":"Ferran Torres in Aston Villa's sights: Big offer to Bar\u00e7a?","isPartOf":{"@id":"https:\/\/www.fcbarcelonanoticias.com\/en\/#website"},"primaryImageOfPage":{"@id":"https:\/\/www.fcbarcelonanoticias.com\/en\/transfers\/ferran-torres-in-aston-villa-sights-big-offer-to-barcelona_312701_102.html#primaryimage"},"image":{"@id":"https:\/\/www.fcbarcelonanoticias.com\/en\/transfers\/ferran-torres-in-aston-villa-sights-big-offer-to-barcelona_312701_102.html#primaryimage"},"thumbnailUrl":"https:\/\/www.fcbarcelonanoticias.com\/en\/wp-content\/uploads\/sites\/2\/2025\/05\/ferran-torres-v-osasuna.jpeg","datePublished":"2025-05-19T21:08:00+00:00","dateModified":"2026-04-16T07:37:34+00:00","author":{"@id":"https:\/\/www.fcbarcelonanoticias.com\/en\/#\/schema\/person\/c2cd9f6fa1af5c0d0eccd0fefa575c88"},"description":"Unai Emery wants another Spanish 'crack' for his Aston Villa. The next target of the manager is Ferran Torres, although the '7' does not plan to leave Bar\u00e7a","breadcrumb":{"@id":"https:\/\/www.fcbarcelonanoticias.com\/en\/transfers\/ferran-torres-in-aston-villa-sights-big-offer-to-barcelona_312701_102.html#breadcrumb"},"inLanguage":"en-US","potentialAction":[{"@type":"ReadAction","target":["https:\/\/www.fcbarcelonanoticias.com\/en\/transfers\/ferran-torres-in-aston-villa-sights-big-offer-to-barcelona_312701_102.html"]}]},{"@type":"ImageObject","inLanguage":"en-US","@id":"https:\/\/www.fcbarcelonanoticias.com\/en\/transfers\/ferran-torres-in-aston-villa-sights-big-offer-to-barcelona_312701_102.html#primaryimage","url":"https:\/\/www.fcbarcelonanoticias.com\/en\/wp-content\/uploads\/sites\/2\/2025\/05\/ferran-torres-v-osasuna.jpeg","contentUrl":"https:\/\/www.fcbarcelonanoticias.com\/en\/wp-content\/uploads\/sites\/2\/2025\/05\/ferran-torres-v-osasuna.jpeg","width":1200,"height":675},{"@type":"BreadcrumbList","@id":"https:\/\/www.fcbarcelonanoticias.com\/en\/transfers\/ferran-torres-in-aston-villa-sights-big-offer-to-barcelona_312701_102.html#breadcrumb","itemListElement":[{"@type":"ListItem","position":1,"name":"Portada","item":"https:\/\/www.fcbarcelonanoticias.com\/en\/"},{"@type":"ListItem","position":2,"name":"Ferran Torres in Aston Villa&#8217;s sights: Bar\u00e7a could receive a big offer!"}]},{"@type":"WebSite","@id":"https:\/\/www.fcbarcelonanoticias.com\/en\/#website","url":"https:\/\/www.fcbarcelonanoticias.com\/en\/","name":"EN - FC Barcelona Noticias","description":"","potentialAction":[{"@type":"SearchAction","target":{"@type":"EntryPoint","urlTemplate":"https:\/\/www.fcbarcelonanoticias.com\/en\/?s={search_term_string}"},"query-input":{"@type":"PropertyValueSpecification","valueRequired":true,"valueName":"search_term_string"}}],"inLanguage":"en-US"},{"@type":"Person","@id":"https:\/\/www.fcbarcelonanoticias.com\/en\/#\/schema\/person\/c2cd9f6fa1af5c0d0eccd0fefa575c88","name":"Andr\u00e9s Quiroz","image":{"@type":"ImageObject","inLanguage":"en-US","@id":"https:\/\/secure.gravatar.com\/avatar\/?s=96&d=mm&r=g","url":"https:\/\/secure.gravatar.com\/avatar\/?s=96&d=mm&r=g","contentUrl":"https:\/\/secure.gravatar.com\/avatar\/?s=96&d=mm&r=g","caption":"Andr\u00e9s Quiroz"},"description":"Licenciado en Periodismo por la Universidad de los Andes. Me encargo de analizar y compartir los contenidos m\u00e1s destacados de la\u00a0actualidad del F\u00fatbol Club Barcelona, Mercado de Fichajes y F\u00fatbol Internacional en FCBN. La informaci\u00f3n es poder, pero tambi\u00e9n conocimiento.","url":"https:\/\/www.fcbarcelonanoticias.com\/en\/fc-barcelona\/andres-quiroz_17_115.html"}]}},"_links":{"self":[{"href":"https:\/\/www.fcbarcelonanoticias.com\/en\/wp-json\/wp\/v2\/posts\/98167","targetHints":{"allow":["GET"]}}],"collection":[{"href":"https:\/\/www.fcbarcelonanoticias.com\/en\/wp-json\/wp\/v2\/posts"}],"about":[{"href":"https:\/\/www.fcbarcelonanoticias.com\/en\/wp-json\/wp\/v2\/types\/post"}],"author":[{"embeddable":true,"href":"https:\/\/www.fcbarcelonanoticias.com\/en\/wp-json\/wp\/v2\/users\/347"}],"replies":[{"embeddable":true,"href":"https:\/\/www.fcbarcelonanoticias.com\/en\/wp-json\/wp\/v2\/comments?post=98167"}],"version-history":[{"count":3,"href":"https:\/\/www.fcbarcelonanoticias.com\/en\/wp-json\/wp\/v2\/posts\/98167\/revisions"}],"predecessor-version":[{"id":177542,"href":"https:\/\/www.fcbarcelonanoticias.com\/en\/wp-json\/wp\/v2\/posts\/98167\/revisions\/177542"}],"wp:featuredmedia":[{"embeddable":true,"href":"https:\/\/www.fcbarcelonanoticias.com\/en\/wp-json\/wp\/v2\/media\/98176"}],"wp:attachment":[{"href":"https:\/\/www.fcbarcelonanoticias.com\/en\/wp-json\/wp\/v2\/media?parent=98167"}],"wp:term":[{"taxonomy":"category","embeddable":true,"href":"https:\/\/www.fcbarcelonanoticias.com\/en\/wp-json\/wp\/v2\/categories?post=98167"},{"taxonomy":"post_tag","embeddable":true,"href":"https:\/\/www.fcbarcelonanoticias.com\/en\/wp-json\/wp\/v2\/tags?post=98167"}],"curies":[{"name":"wp","href":"https:\/\/api.w.org\/{rel}","templated":true}]}}