{"id":98189,"date":"2025-07-01T18:28:00","date_gmt":"2025-07-01T16:28:00","guid":{"rendered":"https:\/\/weisetech.dev\/fc-barcelona-noticias\/en\/ferran-confident-in-his-future-and-signing-of-nico-williams_313320_102\/"},"modified":"2026-04-16T09:39:35","modified_gmt":"2026-04-16T07:39:35","slug":"ferran-confident-in-his-future-and-signing-of-nico-williams_313320_102","status":"publish","type":"post","link":"https:\/\/www.fcbarcelonanoticias.com\/en\/transfers\/ferran-confident-in-his-future-and-signing-of-nico-williams_313320_102.html","title":{"rendered":"Ferran Torres and the signing of Nico Williams: &#8220;we can form a good trio&#8221;"},"content":{"rendered":"<h2 class=\"wp-block-heading\">Ferran Torres spoke about the possible arrival of Nico Williams to Bar\u00e7a. Although the signing of the Basque player means more competition in attack, the &#8216;Shark&#8217; has no doubts about the signing<\/h2>  \r\n<div class=\"article-addons\">\r\n    <a href=\"https:\/\/www.fcbarcelonanoticias.com\/en\/calendar-fc-barcelona.html\"\r\n       target=\"_self\"\r\n       title=\"Calendar of FC Barcelona\"\r\n       class=\"blue-gredient-btn\">\r\n       \r\n        Calendar of FC Barcelona    <\/a>\r\n<\/div>   <p>The squad of <a data-external=\"0\" data-intl-links-en=\"https:\/\/www.fcbarcelonanoticias.com\/en\/fc-barcelona\" data-intl-links-es=\"https:\/\/www.fcbarcelonanoticias.com\/fc-barcelona\" href=\"https:\/\/www.fcbarcelonanoticias.com\/en\/football-soccer\/fc-barcelona.html\" rel=\"follow\" target=\"_self\" title=\"FC Barcelona\">FC Barcelona<\/a> is still waiting for the possible signing of <a data-external=\"0\" data-intl-links-en=\"https:\/\/www.fcbarcelonanoticias.com\/en\/tags\/nico-williams\" data-intl-links-es=\"https:\/\/www.fcbarcelonanoticias.com\/tags\/nico-williams\" href=\"https:\/\/www.fcbarcelonanoticias.com\/en\/tags\/nico-williams.html\" rel=\"follow\" target=\"_self\" title=\"Nico Williams - all the latest news about the Basque winger\">Nico Williams<\/a>. The last to speak about the incorporation of the Basque winger was <a data-external=\"0\" data-intl-links-en=\"https:\/\/www.fcbarcelonanoticias.com\/en\/tags\/ferran-torres\" data-intl-links-es=\"https:\/\/www.fcbarcelonanoticias.com\/tags\/ferran-torres\" href=\"https:\/\/www.fcbarcelonanoticias.com\/en\/player\/ferran-torres.html\" rel=\"follow\" target=\"_self\" title=\"Ferran Torres - latest news about the Bar\u00e7a forward\">Ferran Torres<\/a>, who has already recovered from the appendicitis operation that left him out of the final stretch of 24\/25.<\/p>  <p>According to Ferran, <strong>they both met in Ibiza during the holidays, but avoided talking about the market<\/strong>. However, he left the club door open to the Athletic &#8216;crack&#8217; if, finally, his signing is completed.<\/p>  <p>&#8220;All the top players want to come to the big teams and Bar\u00e7a is one of them. I don&#8217;t know what will happen, but I hope it will be for the best. <strong>We have already played together in the national team, I would like to play with him and we could form a good trio (together with <a data-external=\"0\" data-intl-links-en=\"https:\/\/www.fcbarcelonanoticias.com\/en\/tags\/lamine-yamal\" data-intl-links-es=\"https:\/\/www.fcbarcelonanoticias.com\/tags\/lamine-yamal\" href=\"https:\/\/www.fcbarcelonanoticias.com\/en\/player\/lamine-yamal.html\" rel=\"follow\" target=\"_self\" title=\"Lamine Yamal - All the latest news about the 'crack' of Bar\u00e7a\">Lamine Yamal<\/a>) if everything works out<\/strong>&#8220;, explained the &#8216;Shark&#8217;.<\/p>  <div class=\"cke-element cke-element--102\"><section class=\"c-related-article\"><figure class=\"c-image__fig\"><a href=\"https:\/\/www.fcbarcelonanoticias.com\/fichajes\/nico-williams-peticion-clave-fichaje-barcelona_313276_102.html\" title=\"Una petici\u00f3n y una fecha marcada la clave de Nico Williams para llegar al Bar\u00e7a\" class=\"c-image__imglink\"><picture><img decoding=\"async\" src=\"https:\/\/www.fcbarcelonanoticias.com\/wp-content\/uploads\/sites\/2\/2025\/07\/fcbn-5a9ad0daa63ad615507bc6070f0051b1.jpeg\" alt=\"Una petici\u00f3n y una fecha marcada la clave de Nico Williams para llegar al Bar\u00e7a\" title=\"Una petici\u00f3n y una fecha marcada la clave de Nico Williams para llegar al Bar\u00e7a\" class=\"c-image__img\" width=\"1200\" height=\"675\" loading=\"lazy\"><\/picture><\/a>     <\/figure><div class=\"c-related-article__wrapper\">         <p class=\"c-related-article__avantitle\">Related<\/p>         <h4 class=\"c-related-article__title\">             <a href=\"https:\/\/www.fcbarcelonanoticias.com\/fichajes\/nico-williams-peticion-clave-fichaje-barcelona_313276_102.html\" title=\"A request and a marked date: the key for Nico Williams to arrive at Bar\u00e7a\" class=\"c-related-article__link\">                 A request and a marked date: the key for Nico Williams to arrive at Bar\u00e7a             <\/a>         <\/h4>     <\/div> <\/section><\/div>  <p>Although the arrival of Williams means more competition for a place in attack, Torres is confident in continuing to be important for Hansi Flick&#8217;s plans. The &#8216;7&#8217; will again be the second center forward of Bar\u00e7a, behind <a data-external=\"0\" data-intl-links-en=\"https:\/\/www.fcbarcelonanoticias.com\/en\/tags\/robert-lewandowski\" data-intl-links-es=\"https:\/\/www.fcbarcelonanoticias.com\/tags\/robert-lewandowski\" href=\"https:\/\/www.fcbarcelonanoticias.com\/en\/player\/robert-lewandowski.html\" rel=\"follow\" target=\"_self\" title=\"Robert Lewandowski - latest news of the '9' of Bar\u00e7a\">Robert Lewandowski<\/a>.<\/p>  <h2>Ferran Torres will not listen to offers to leave Bar\u00e7a this summer<\/h2>  <p>The &#8216;7&#8217; of Bar\u00e7a attended the press during <strong>the visit to the sports campus in Valencia that bears his name<\/strong>. The player shared with the children who every summer take advantage of the campus to train, this year with a special focus on minors affected by the DANA in 2024.<\/p>  <p>Regarding his physical condition, <strong>Ferran assured that he feels very good &#8220;and mentally even better&#8221;<\/strong>. In addition, he took the opportunity to rule out again any rumors related to his departure in the summer market that is just beginning.<\/p>  <div class=\"cke-element cke-element--102\"><section class=\"c-related-article\"><figure class=\"c-image__fig\"><a href=\"https:\/\/www.fcbarcelonanoticias.com\/fichajes\/ferran-torres-vuelve-mercado-con-nico-en-barcelona_313186_102.html\" title=\"Ferran Torres' celebration after scoring against Inter Milan\" class=\"c-image__imglink\"><picture><img decoding=\"async\" src=\"https:\/\/www.fcbarcelonanoticias.com\/wp-content\/uploads\/sites\/2\/2025\/07\/fcbn-42807138ba98be61c58899c3dc35ba5a.jpeg\" alt=\"Ferran Torres' celebration after scoring against Inter Milan\" title=\"Ferran Torres' celebration after scoring against Inter Milan\" class=\"c-image__img\" width=\"1200\" height=\"675\" loading=\"lazy\"><\/picture><\/a>     <\/figure><div class=\"c-related-article__wrapper\">         <p class=\"c-related-article__avantitle\">Related<\/p>         <h4 class=\"c-related-article__title\">             <a href=\"https:\/\/www.fcbarcelonanoticias.com\/fichajes\/ferran-torres-vuelve-mercado-con-nico-en-barcelona_313186_102.html\" title=\"Is Ferran Torres back on the market? With Nico at Bar\u00e7a\u2026\" class=\"c-related-article__link\">                 Is Ferran Torres back on the market? With Nico at Bar\u00e7a\u2026             <\/a>         <\/h4>     <\/div> <\/section><\/div>  <p>&#8220;<strong>I see myself at Bar\u00e7a and I&#8217;m going to stay at Barcelona. I am optimistic and I am going to fight to earn a starting place in the team<\/strong>&#8220;, commented the Spanish international. Due to his surgical intervention at the end of May, the player from Foios could not travel with the national team to the &#8216;final four&#8217; of the Nations League.<\/p>  <p>The 24\/25 was, until now, his best season, <strong>adding 19 goals and 7 assists in 45 games (17 as a starter)<\/strong>. Flick will again be very careful with the management of Lewandowski&#8217;s minutes, who will turn 37 in August.<\/p>  <h2>Bar\u00e7a needs to raise money, but Ferran is not for sale<\/h2>  <p>Hence Torres, without another &#8216;9&#8217; available in the squad, has his role assured for the next season. His contract is not, for the moment, a problem for the club either, as <strong>he signed until 2027 with a termination clause of 1,000 &#8216;kilos&#8217;<\/strong>.<\/p>  <p>Although Bar\u00e7a needs to raise money this summer with a &#8216;top&#8217; sale to balance accounts after amortizing <strong>the signings of <a data-external=\"0\" data-intl-links-en=\"https:\/\/www.fcbarcelonanoticias.com\/en\/tags\/joan-garcia\" data-intl-links-es=\"https:\/\/www.fcbarcelonanoticias.com\/tags\/joan-garcia\" href=\"https:\/\/www.fcbarcelonanoticias.com\/en\/player\/joan-garcia.html\" rel=\"follow\" target=\"_self\" title=\"Joan Garc\u00eda - Latest news about the new Bar\u00e7a goalkeeper\">Joan Garc\u00eda<\/a>, Nico Williams and any other incorporation<\/strong> that may be closed in the coming weeks, Ferran is not, for now, on the list of transferable players.<\/p>  <p>The club looks favorably on an offer higher than 50 million euros, but <strong>if the &#8216;Shark&#8217; rules out negotiating, the club will respect his position<\/strong>. The forward has earned his place in the squad and the board will not force the departure of any player with a current contract for at least two more years and with Flick&#8217;s confidence for the 25\/26 season.<\/p>  <div class=\"cke-element cke-element--102\"><section class=\"c-related-article\"><figure class=\"c-image__fig\"><a href=\"https:\/\/www.fcbarcelonanoticias.com\/futbol\/fichajes\/dilema-ferran-torres-escuchar-ofertas-luchar-por-puesto_313241_102.html\" title=\"Ferran Torres, in the play that led to Bar\u00e7a's second goal\" class=\"c-image__imglink\"><picture><img decoding=\"async\" src=\"https:\/\/www.fcbarcelonanoticias.com\/wp-content\/uploads\/sites\/2\/2025\/07\/fcbn-e344b23612dcc3536a8732be2de57c2f.jpeg\" alt=\"Ferran Torres, in the play that led to Bar\u00e7a's second goal\" title=\"Ferran Torres, in the play that led to Bar\u00e7a's second goal\" class=\"c-image__img\" width=\"1200\" height=\"675\" loading=\"lazy\"><\/picture><\/a>     <\/figure><div class=\"c-related-article__wrapper\">         <p class=\"c-related-article__avantitle\">Related<\/p>         <h4 class=\"c-related-article__title\">             <a href=\"https:\/\/www.fcbarcelonanoticias.com\/futbol\/fichajes\/dilema-ferran-torres-escuchar-ofertas-luchar-por-puesto_313241_102.html\" title=\"Ferran Torres's dilemma: listen to offers or fight for a position?\" class=\"c-related-article__link\">                 Ferran Torres&#8217;s dilemma: listen to offers or fight for a position?             <\/a>         <\/h4>     <\/div> <\/section><\/div>  <ul> <li>\ud83d\udc49 Don&#8217;t miss the latest news from the <a data-external=\"0\" data-intl-links-en=\"https:\/\/www.fcbarcelonanoticias.com\/en\/transfers\" data-intl-links-es=\"https:\/\/www.fcbarcelonanoticias.com\/fichajes\" href=\"https:\/\/www.fcbarcelonanoticias.com\/en\/fc-barcelona\/transfers.html\" rel=\"follow\" target=\"_self\" title=\"Signings\">FC Barcelona 2025 transfer market<\/a> at FCBN!<\/li> <\/ul> <p><strong><u>FOLLOW US ON OUR SOCIAL NETWORKS:<\/u><\/strong><\/p>  <ol> <li> <strong>INSTAGRAM:&nbsp;<\/strong><a data-external=\"1\" href=\"https:\/\/www.instagram.com\/en\/fcbarcelonanoticias_com?utm_source=ig_web_button_share_sheet&amp;igsh=M2ZxMGZmeGhsbGd3\" rel=\"nofollow\" target=\"_blank\" title=\"@fcbarcelonanoticias_com\">@fcbarcelonanoticias_com<\/a> <\/li> \t<li><strong>FACEBOOK:&nbsp;<a data-external=\"1\" href=\"https:\/\/www.facebook.com\/en\/wwwfcbarcelonanoticiascom\/\" rel=\"nofollow\" target=\"_blank\" title=\"FCBN\">FCBN<\/a><\/strong><\/li> \t<li> <strong>X (TWITTER):&nbsp;<\/strong><a data-external=\"1\" href=\"https:\/\/x.com\/en\/FCBNOTICIAS\" rel=\"nofollow\" target=\"_blank\" title=\"@FCBNOTICIAS\">@FCBNOTICIAS<\/a> <\/li> \t<li> <strong>THREADS:&nbsp;<\/strong><a data-external=\"1\" href=\"https:\/\/www.threads.com\/en\/@fcbarcelonanoticias_com\" rel=\"nofollow\" target=\"_blank\" title=\"@fcbarcelonanoticias_com\">@fcbarcelonanoticias_com<\/a> <\/li> <\/ol> ","protected":false},"excerpt":{"rendered":"<p>Ferran Torres spoke about the possible arrival of Nico Williams to Bar\u00e7a. Although the signing of the Basque player means more competition in attack, the &#8216;Shark&#8217; has no doubts about the signing The squad of FC Barcelona is still waiting for the possible signing of Nico Williams. The last to speak about the incorporation of [&hellip;]<\/p>\n","protected":false},"author":347,"featured_media":98199,"comment_status":"closed","ping_status":"open","sticky":false,"template":"","format":"standard","meta":{"_acf_changed":false,"inline_featured_image":false,"_nextfly_llmd_date_locked":false,"footnotes":""},"categories":[449,106],"tags":[81,471,195,174,261],"class_list":["post-98189","post","type-post","status-publish","format-standard","has-post-thumbnail","hentry","category-transfers-2","category-transfers","tag-athletic-de-bilbao","tag-ferran-torres-2","tag-ferran-torres","tag-nico-williams","tag-football-transfer-rumors"],"acf":[],"yoast_head":"<!-- This site is optimized with the Yoast SEO plugin v27.3 - https:\/\/yoast.com\/product\/yoast-seo-wordpress\/ -->\n<title>Ferran, confident in his future and the signing of Nico Williams<\/title>\n<meta name=\"description\" content=\"Ferran Torres spoke about the possible arrival of Nico Williams to Bar\u00e7a. Will the Basque player be an obstacle for the &#039;7&#039;? This is what the Bar\u00e7a forward thinks\" \/>\n<meta name=\"robots\" content=\"index, follow, max-snippet:-1, max-image-preview:large, max-video-preview:-1\" \/>\n<link rel=\"canonical\" href=\"https:\/\/www.fcbarcelonanoticias.com\/en\/transfers\/ferran-confident-in-his-future-and-signing-of-nico-williams_313320_102.html\" \/>\n<meta property=\"og:locale\" content=\"en_US\" \/>\n<meta property=\"og:type\" content=\"article\" \/>\n<meta property=\"og:title\" content=\"Ferran, confident in his future and the signing of Nico Williams\" \/>\n<meta property=\"og:description\" content=\"Ferran Torres spoke about the possible arrival of Nico Williams to Bar\u00e7a. Will the Basque player be an obstacle for the &#039;7&#039;? This is what the Bar\u00e7a forward thinks\" \/>\n<meta property=\"og:url\" content=\"https:\/\/www.fcbarcelonanoticias.com\/en\/transfers\/ferran-confident-in-his-future-and-signing-of-nico-williams_313320_102.html\" \/>\n<meta property=\"og:site_name\" content=\"EN - FC Barcelona Noticias\" \/>\n<meta property=\"article:published_time\" content=\"2025-07-01T16:28:00+00:00\" \/>\n<meta property=\"article:modified_time\" content=\"2026-04-16T07:39:35+00:00\" \/>\n<meta property=\"og:image\" content=\"https:\/\/www.fcbarcelonanoticias.com\/en\/wp-content\/uploads\/sites\/2\/2025\/07\/ferran-torres-nico-williams-barcelona.jpeg\" \/>\n\t<meta property=\"og:image:width\" content=\"1200\" \/>\n\t<meta property=\"og:image:height\" content=\"675\" \/>\n\t<meta property=\"og:image:type\" content=\"image\/jpeg\" \/>\n<meta name=\"author\" content=\"Andr\u00e9s Quiroz\" \/>\n<meta name=\"twitter:card\" content=\"summary_large_image\" \/>\n<meta name=\"twitter:label1\" content=\"Written by\" \/>\n\t<meta name=\"twitter:data1\" content=\"Andr\u00e9s Quiroz\" \/>\n\t<meta name=\"twitter:label2\" content=\"Est. reading time\" \/>\n\t<meta name=\"twitter:data2\" content=\"3 minutes\" \/>\n<script type=\"application\/ld+json\" class=\"yoast-schema-graph\">{\"@context\":\"https:\\\/\\\/schema.org\",\"@graph\":[{\"@type\":\"Article\",\"@id\":\"https:\\\/\\\/www.fcbarcelonanoticias.com\\\/en\\\/transfers\\\/ferran-confident-in-his-future-and-signing-of-nico-williams_313320_102.html#article\",\"isPartOf\":{\"@id\":\"https:\\\/\\\/www.fcbarcelonanoticias.com\\\/en\\\/transfers\\\/ferran-confident-in-his-future-and-signing-of-nico-williams_313320_102.html\"},\"author\":{\"name\":\"Andr\u00e9s Quiroz\",\"@id\":\"https:\\\/\\\/www.fcbarcelonanoticias.com\\\/en\\\/#\\\/schema\\\/person\\\/c2cd9f6fa1af5c0d0eccd0fefa575c88\"},\"headline\":\"Ferran Torres and the signing of Nico Williams: &#8220;we can form a good trio&#8221;\",\"datePublished\":\"2025-07-01T16:28:00+00:00\",\"dateModified\":\"2026-04-16T07:39:35+00:00\",\"mainEntityOfPage\":{\"@id\":\"https:\\\/\\\/www.fcbarcelonanoticias.com\\\/en\\\/transfers\\\/ferran-confident-in-his-future-and-signing-of-nico-williams_313320_102.html\"},\"wordCount\":674,\"image\":{\"@id\":\"https:\\\/\\\/www.fcbarcelonanoticias.com\\\/en\\\/transfers\\\/ferran-confident-in-his-future-and-signing-of-nico-williams_313320_102.html#primaryimage\"},\"thumbnailUrl\":\"https:\\\/\\\/www.fcbarcelonanoticias.com\\\/en\\\/wp-content\\\/uploads\\\/sites\\\/2\\\/2025\\\/07\\\/ferran-torres-nico-williams-barcelona.jpeg\",\"keywords\":[\"Athletic de Bilbao\",\"Ferran Torres\",\"Ferran Torres\",\"Nico Williams\",\"Transfer Rumors\"],\"articleSection\":[\"Transfers\",\"Transfers\"],\"inLanguage\":\"en-US\"},{\"@type\":\"WebPage\",\"@id\":\"https:\\\/\\\/www.fcbarcelonanoticias.com\\\/en\\\/transfers\\\/ferran-confident-in-his-future-and-signing-of-nico-williams_313320_102.html\",\"url\":\"https:\\\/\\\/www.fcbarcelonanoticias.com\\\/en\\\/transfers\\\/ferran-confident-in-his-future-and-signing-of-nico-williams_313320_102.html\",\"name\":\"Ferran, confident in his future and the signing of Nico Williams\",\"isPartOf\":{\"@id\":\"https:\\\/\\\/www.fcbarcelonanoticias.com\\\/en\\\/#website\"},\"primaryImageOfPage\":{\"@id\":\"https:\\\/\\\/www.fcbarcelonanoticias.com\\\/en\\\/transfers\\\/ferran-confident-in-his-future-and-signing-of-nico-williams_313320_102.html#primaryimage\"},\"image\":{\"@id\":\"https:\\\/\\\/www.fcbarcelonanoticias.com\\\/en\\\/transfers\\\/ferran-confident-in-his-future-and-signing-of-nico-williams_313320_102.html#primaryimage\"},\"thumbnailUrl\":\"https:\\\/\\\/www.fcbarcelonanoticias.com\\\/en\\\/wp-content\\\/uploads\\\/sites\\\/2\\\/2025\\\/07\\\/ferran-torres-nico-williams-barcelona.jpeg\",\"datePublished\":\"2025-07-01T16:28:00+00:00\",\"dateModified\":\"2026-04-16T07:39:35+00:00\",\"author\":{\"@id\":\"https:\\\/\\\/www.fcbarcelonanoticias.com\\\/en\\\/#\\\/schema\\\/person\\\/c2cd9f6fa1af5c0d0eccd0fefa575c88\"},\"description\":\"Ferran Torres spoke about the possible arrival of Nico Williams to Bar\u00e7a. Will the Basque player be an obstacle for the '7'? This is what the Bar\u00e7a forward thinks\",\"breadcrumb\":{\"@id\":\"https:\\\/\\\/www.fcbarcelonanoticias.com\\\/en\\\/transfers\\\/ferran-confident-in-his-future-and-signing-of-nico-williams_313320_102.html#breadcrumb\"},\"inLanguage\":\"en-US\",\"potentialAction\":[{\"@type\":\"ReadAction\",\"target\":[\"https:\\\/\\\/www.fcbarcelonanoticias.com\\\/en\\\/transfers\\\/ferran-confident-in-his-future-and-signing-of-nico-williams_313320_102.html\"]}]},{\"@type\":\"ImageObject\",\"inLanguage\":\"en-US\",\"@id\":\"https:\\\/\\\/www.fcbarcelonanoticias.com\\\/en\\\/transfers\\\/ferran-confident-in-his-future-and-signing-of-nico-williams_313320_102.html#primaryimage\",\"url\":\"https:\\\/\\\/www.fcbarcelonanoticias.com\\\/en\\\/wp-content\\\/uploads\\\/sites\\\/2\\\/2025\\\/07\\\/ferran-torres-nico-williams-barcelona.jpeg\",\"contentUrl\":\"https:\\\/\\\/www.fcbarcelonanoticias.com\\\/en\\\/wp-content\\\/uploads\\\/sites\\\/2\\\/2025\\\/07\\\/ferran-torres-nico-williams-barcelona.jpeg\",\"width\":1200,\"height\":675},{\"@type\":\"BreadcrumbList\",\"@id\":\"https:\\\/\\\/www.fcbarcelonanoticias.com\\\/en\\\/transfers\\\/ferran-confident-in-his-future-and-signing-of-nico-williams_313320_102.html#breadcrumb\",\"itemListElement\":[{\"@type\":\"ListItem\",\"position\":1,\"name\":\"Portada\",\"item\":\"https:\\\/\\\/www.fcbarcelonanoticias.com\\\/en\\\/\"},{\"@type\":\"ListItem\",\"position\":2,\"name\":\"Ferran Torres and the signing of Nico Williams: &#8220;we can form a good trio&#8221;\"}]},{\"@type\":\"WebSite\",\"@id\":\"https:\\\/\\\/www.fcbarcelonanoticias.com\\\/en\\\/#website\",\"url\":\"https:\\\/\\\/www.fcbarcelonanoticias.com\\\/en\\\/\",\"name\":\"EN - FC Barcelona Noticias\",\"description\":\"\",\"potentialAction\":[{\"@type\":\"SearchAction\",\"target\":{\"@type\":\"EntryPoint\",\"urlTemplate\":\"https:\\\/\\\/www.fcbarcelonanoticias.com\\\/en\\\/?s={search_term_string}\"},\"query-input\":{\"@type\":\"PropertyValueSpecification\",\"valueRequired\":true,\"valueName\":\"search_term_string\"}}],\"inLanguage\":\"en-US\"},{\"@type\":\"Person\",\"@id\":\"https:\\\/\\\/www.fcbarcelonanoticias.com\\\/en\\\/#\\\/schema\\\/person\\\/c2cd9f6fa1af5c0d0eccd0fefa575c88\",\"name\":\"Andr\u00e9s Quiroz\",\"image\":{\"@type\":\"ImageObject\",\"inLanguage\":\"en-US\",\"@id\":\"https:\\\/\\\/secure.gravatar.com\\\/avatar\\\/?s=96&d=mm&r=g\",\"url\":\"https:\\\/\\\/secure.gravatar.com\\\/avatar\\\/?s=96&d=mm&r=g\",\"contentUrl\":\"https:\\\/\\\/secure.gravatar.com\\\/avatar\\\/?s=96&d=mm&r=g\",\"caption\":\"Andr\u00e9s Quiroz\"},\"description\":\"Licenciado en Periodismo por la Universidad de los Andes. Me encargo de analizar y compartir los contenidos m\u00e1s destacados de la\u00a0actualidad del F\u00fatbol Club Barcelona, Mercado de Fichajes y F\u00fatbol Internacional en FCBN. La informaci\u00f3n es poder, pero tambi\u00e9n conocimiento.\",\"url\":\"https:\\\/\\\/www.fcbarcelonanoticias.com\\\/en\\\/fc-barcelona\\\/andres-quiroz_17_115.html\"}]}<\/script>\n<!-- \/ Yoast SEO plugin. -->","yoast_head_json":{"title":"Ferran, confident in his future and the signing of Nico Williams","description":"Ferran Torres spoke about the possible arrival of Nico Williams to Bar\u00e7a. Will the Basque player be an obstacle for the '7'? This is what the Bar\u00e7a forward thinks","robots":{"index":"index","follow":"follow","max-snippet":"max-snippet:-1","max-image-preview":"max-image-preview:large","max-video-preview":"max-video-preview:-1"},"canonical":"https:\/\/www.fcbarcelonanoticias.com\/en\/transfers\/ferran-confident-in-his-future-and-signing-of-nico-williams_313320_102.html","og_locale":"en_US","og_type":"article","og_title":"Ferran, confident in his future and the signing of Nico Williams","og_description":"Ferran Torres spoke about the possible arrival of Nico Williams to Bar\u00e7a. Will the Basque player be an obstacle for the '7'? This is what the Bar\u00e7a forward thinks","og_url":"https:\/\/www.fcbarcelonanoticias.com\/en\/transfers\/ferran-confident-in-his-future-and-signing-of-nico-williams_313320_102.html","og_site_name":"EN - FC Barcelona Noticias","article_published_time":"2025-07-01T16:28:00+00:00","article_modified_time":"2026-04-16T07:39:35+00:00","og_image":[{"width":1200,"height":675,"url":"https:\/\/www.fcbarcelonanoticias.com\/en\/wp-content\/uploads\/sites\/2\/2025\/07\/ferran-torres-nico-williams-barcelona.jpeg","type":"image\/jpeg"}],"author":"Andr\u00e9s Quiroz","twitter_card":"summary_large_image","twitter_misc":{"Written by":"Andr\u00e9s Quiroz","Est. reading time":"3 minutes"},"schema":{"@context":"https:\/\/schema.org","@graph":[{"@type":"Article","@id":"https:\/\/www.fcbarcelonanoticias.com\/en\/transfers\/ferran-confident-in-his-future-and-signing-of-nico-williams_313320_102.html#article","isPartOf":{"@id":"https:\/\/www.fcbarcelonanoticias.com\/en\/transfers\/ferran-confident-in-his-future-and-signing-of-nico-williams_313320_102.html"},"author":{"name":"Andr\u00e9s Quiroz","@id":"https:\/\/www.fcbarcelonanoticias.com\/en\/#\/schema\/person\/c2cd9f6fa1af5c0d0eccd0fefa575c88"},"headline":"Ferran Torres and the signing of Nico Williams: &#8220;we can form a good trio&#8221;","datePublished":"2025-07-01T16:28:00+00:00","dateModified":"2026-04-16T07:39:35+00:00","mainEntityOfPage":{"@id":"https:\/\/www.fcbarcelonanoticias.com\/en\/transfers\/ferran-confident-in-his-future-and-signing-of-nico-williams_313320_102.html"},"wordCount":674,"image":{"@id":"https:\/\/www.fcbarcelonanoticias.com\/en\/transfers\/ferran-confident-in-his-future-and-signing-of-nico-williams_313320_102.html#primaryimage"},"thumbnailUrl":"https:\/\/www.fcbarcelonanoticias.com\/en\/wp-content\/uploads\/sites\/2\/2025\/07\/ferran-torres-nico-williams-barcelona.jpeg","keywords":["Athletic de Bilbao","Ferran Torres","Ferran Torres","Nico Williams","Transfer Rumors"],"articleSection":["Transfers","Transfers"],"inLanguage":"en-US"},{"@type":"WebPage","@id":"https:\/\/www.fcbarcelonanoticias.com\/en\/transfers\/ferran-confident-in-his-future-and-signing-of-nico-williams_313320_102.html","url":"https:\/\/www.fcbarcelonanoticias.com\/en\/transfers\/ferran-confident-in-his-future-and-signing-of-nico-williams_313320_102.html","name":"Ferran, confident in his future and the signing of Nico Williams","isPartOf":{"@id":"https:\/\/www.fcbarcelonanoticias.com\/en\/#website"},"primaryImageOfPage":{"@id":"https:\/\/www.fcbarcelonanoticias.com\/en\/transfers\/ferran-confident-in-his-future-and-signing-of-nico-williams_313320_102.html#primaryimage"},"image":{"@id":"https:\/\/www.fcbarcelonanoticias.com\/en\/transfers\/ferran-confident-in-his-future-and-signing-of-nico-williams_313320_102.html#primaryimage"},"thumbnailUrl":"https:\/\/www.fcbarcelonanoticias.com\/en\/wp-content\/uploads\/sites\/2\/2025\/07\/ferran-torres-nico-williams-barcelona.jpeg","datePublished":"2025-07-01T16:28:00+00:00","dateModified":"2026-04-16T07:39:35+00:00","author":{"@id":"https:\/\/www.fcbarcelonanoticias.com\/en\/#\/schema\/person\/c2cd9f6fa1af5c0d0eccd0fefa575c88"},"description":"Ferran Torres spoke about the possible arrival of Nico Williams to Bar\u00e7a. Will the Basque player be an obstacle for the '7'? This is what the Bar\u00e7a forward thinks","breadcrumb":{"@id":"https:\/\/www.fcbarcelonanoticias.com\/en\/transfers\/ferran-confident-in-his-future-and-signing-of-nico-williams_313320_102.html#breadcrumb"},"inLanguage":"en-US","potentialAction":[{"@type":"ReadAction","target":["https:\/\/www.fcbarcelonanoticias.com\/en\/transfers\/ferran-confident-in-his-future-and-signing-of-nico-williams_313320_102.html"]}]},{"@type":"ImageObject","inLanguage":"en-US","@id":"https:\/\/www.fcbarcelonanoticias.com\/en\/transfers\/ferran-confident-in-his-future-and-signing-of-nico-williams_313320_102.html#primaryimage","url":"https:\/\/www.fcbarcelonanoticias.com\/en\/wp-content\/uploads\/sites\/2\/2025\/07\/ferran-torres-nico-williams-barcelona.jpeg","contentUrl":"https:\/\/www.fcbarcelonanoticias.com\/en\/wp-content\/uploads\/sites\/2\/2025\/07\/ferran-torres-nico-williams-barcelona.jpeg","width":1200,"height":675},{"@type":"BreadcrumbList","@id":"https:\/\/www.fcbarcelonanoticias.com\/en\/transfers\/ferran-confident-in-his-future-and-signing-of-nico-williams_313320_102.html#breadcrumb","itemListElement":[{"@type":"ListItem","position":1,"name":"Portada","item":"https:\/\/www.fcbarcelonanoticias.com\/en\/"},{"@type":"ListItem","position":2,"name":"Ferran Torres and the signing of Nico Williams: &#8220;we can form a good trio&#8221;"}]},{"@type":"WebSite","@id":"https:\/\/www.fcbarcelonanoticias.com\/en\/#website","url":"https:\/\/www.fcbarcelonanoticias.com\/en\/","name":"EN - FC Barcelona Noticias","description":"","potentialAction":[{"@type":"SearchAction","target":{"@type":"EntryPoint","urlTemplate":"https:\/\/www.fcbarcelonanoticias.com\/en\/?s={search_term_string}"},"query-input":{"@type":"PropertyValueSpecification","valueRequired":true,"valueName":"search_term_string"}}],"inLanguage":"en-US"},{"@type":"Person","@id":"https:\/\/www.fcbarcelonanoticias.com\/en\/#\/schema\/person\/c2cd9f6fa1af5c0d0eccd0fefa575c88","name":"Andr\u00e9s Quiroz","image":{"@type":"ImageObject","inLanguage":"en-US","@id":"https:\/\/secure.gravatar.com\/avatar\/?s=96&d=mm&r=g","url":"https:\/\/secure.gravatar.com\/avatar\/?s=96&d=mm&r=g","contentUrl":"https:\/\/secure.gravatar.com\/avatar\/?s=96&d=mm&r=g","caption":"Andr\u00e9s Quiroz"},"description":"Licenciado en Periodismo por la Universidad de los Andes. Me encargo de analizar y compartir los contenidos m\u00e1s destacados de la\u00a0actualidad del F\u00fatbol Club Barcelona, Mercado de Fichajes y F\u00fatbol Internacional en FCBN. La informaci\u00f3n es poder, pero tambi\u00e9n conocimiento.","url":"https:\/\/www.fcbarcelonanoticias.com\/en\/fc-barcelona\/andres-quiroz_17_115.html"}]}},"_links":{"self":[{"href":"https:\/\/www.fcbarcelonanoticias.com\/en\/wp-json\/wp\/v2\/posts\/98189","targetHints":{"allow":["GET"]}}],"collection":[{"href":"https:\/\/www.fcbarcelonanoticias.com\/en\/wp-json\/wp\/v2\/posts"}],"about":[{"href":"https:\/\/www.fcbarcelonanoticias.com\/en\/wp-json\/wp\/v2\/types\/post"}],"author":[{"embeddable":true,"href":"https:\/\/www.fcbarcelonanoticias.com\/en\/wp-json\/wp\/v2\/users\/347"}],"replies":[{"embeddable":true,"href":"https:\/\/www.fcbarcelonanoticias.com\/en\/wp-json\/wp\/v2\/comments?post=98189"}],"version-history":[{"count":5,"href":"https:\/\/www.fcbarcelonanoticias.com\/en\/wp-json\/wp\/v2\/posts\/98189\/revisions"}],"predecessor-version":[{"id":178060,"href":"https:\/\/www.fcbarcelonanoticias.com\/en\/wp-json\/wp\/v2\/posts\/98189\/revisions\/178060"}],"wp:featuredmedia":[{"embeddable":true,"href":"https:\/\/www.fcbarcelonanoticias.com\/en\/wp-json\/wp\/v2\/media\/98199"}],"wp:attachment":[{"href":"https:\/\/www.fcbarcelonanoticias.com\/en\/wp-json\/wp\/v2\/media?parent=98189"}],"wp:term":[{"taxonomy":"category","embeddable":true,"href":"https:\/\/www.fcbarcelonanoticias.com\/en\/wp-json\/wp\/v2\/categories?post=98189"},{"taxonomy":"post_tag","embeddable":true,"href":"https:\/\/www.fcbarcelonanoticias.com\/en\/wp-json\/wp\/v2\/tags?post=98189"}],"curies":[{"name":"wp","href":"https:\/\/api.w.org\/{rel}","templated":true}]}}