{"id":98232,"date":"2022-12-05T17:33:00","date_gmt":"2022-12-05T16:33:00","guid":{"rendered":"https:\/\/weisetech.dev\/fc-barcelona-noticias\/en\/belgium-has-two-ex-cules-on-his-agenda-take-over-his-bench_287301_102\/"},"modified":"2022-12-05T17:36:00","modified_gmt":"2022-12-05T16:36:00","slug":"belgium-has-two-ex-cules-on-his-agenda-take-over-his-bench_287301_102","status":"publish","type":"post","link":"https:\/\/www.fcbarcelonanoticias.com\/en\/transfers\/belgium-has-two-ex-cules-on-his-agenda-take-over-his-bench_287301_102.html","title":{"rendered":"Belgium has two ex cul\u00e9s on its agenda to take charge of its bench"},"content":{"rendered":"<h2 class=\"wp-block-heading\">The Belgian bench has no owner since Roberto Mart\u00ednez resigned after the failure in the World Cup in Qatar. The Federation is looking for a coach and Thierry Henry and Thomas Vermaelen are on the list of candidates<\/h2>  \r\n<div class=\"article-addons\">\r\n    <a href=\"https:\/\/www.fcbarcelonanoticias.com\/en\/calendar-fc-barcelona.html\"\r\n       target=\"_self\"\r\n       title=\"Calendar of FC Barcelona\"\r\n       class=\"blue-gredient-btn\">\r\n       \r\n        Calendar of FC Barcelona    <\/a>\r\n<\/div>   <p><strong>The selection of Belgium was one of the big disappointments of <a data-external=\"0\" data-intl-links-es=\"https:\/\/www.fcbarcelonanoticias.com\/copa-mundial-futbol\" href=\"https:\/\/www.fcbarcelonanoticias.com\/en\/copa-mundial-futbol\" rel=\"follow\" target=\"_self\" title=\"Copa Mundial de F\u00fatbol\">the World-wide Glass of Qatar 2022<\/a>, if no the one who more<\/strong>. The &#8216;red devils&#8217; arrived to the appointment like one of the teams to win in which probably it was the last important tournament of the famous &#8216;golden generation&#8217;. However, the Belgian group showed a poor performance, with figures extremely mermadas (Lukaku, Hazard, Mertens&#8230;) And others without accompaniment (Of Bruyne, Tielemans, Courtois), by what remained deleted in the phase of groups.<\/p>  <p>A victory little convincente in front of C\u00e1nada, a conclusive defeat in front of Morocco and a tie inexplicable front Croatia were the causantes of the disaster of the selected Belgian, with all the focuses aiming to his trainer, Roberto Mart\u00ednez. For this reason, once confirmed the elimination of his square, <strong>the technician of Balaguer renounced to his place, putting him end to a stage of 6 years and whose greater attainment was the third place achieved in Russia in 2018<\/strong>.<\/p>  <p>Like this then , several names begin to sound around the bench of the selection, orphan from the goodbye of &#8216;Bob&#8217;. With the Eurocopa of 2024 in the horizon, the Belgian Real Union would have a series of candidates in his diary and two ex footballers of the <a data-external=\"0\" data-intl-links-en=\"https:\/\/www.fcbarcelonanoticias.com\/en\/fc-barcelona\" data-intl-links-es=\"https:\/\/www.fcbarcelonanoticias.com\/fc-barcelona\" href=\"https:\/\/www.fcbarcelonanoticias.com\/en\/football-soccer\/fc-barcelona.html\" rel=\"follow\" target=\"_self\" title=\"FC Barcelona\">FC Barcelona<\/a> would form part of the &#8216;casting&#8217;.<strong> Such is the case of Thierry Henry and Thomas Vermaelen, those who accompanied to Mart\u00ednez along his periplo in the combined<\/strong>. The first of them from 2016, whereas the second like one of the references of the team until his withdrawal in the 2022, when it happened to form part of the technical body.<\/p>  <p>However, the pair of the ex Barcelona generates several doubts. And it is that Vermaelen does not have experience like first trainer, since his career in the benches has limited to belong to a technical team. By his part, <strong>Henry was to the control of the Monaco between the 2018 and 2019, without attaining good results and leaving a disappointing work in the Principality<\/strong>, by what will remain for seeing if the Association will risk to bet by this binomial.<\/p>  <h3>Other candidates<\/h3>  <p>On the other hand, <strong>Vincent Kompany, legend of the Belgian football and the Manchester City, also would go in in the quinielas of the selection<\/strong>. The ex central defender was to charge of the technical direction of the Anderlecht between 2019 and 2022, but did not attain to fulfil the expectations and abandoned Brussels the past summer. Of the same way, Philippe Cl\u00e9ment, exjugador Belgian and current trainer of the Monaco would be another of the candidates to occupy the vacancy left by Roberto Mart\u00ednez.<\/p> ","protected":false},"excerpt":{"rendered":"<p>The Belgian bench has no owner since Roberto Mart\u00ednez resigned after the failure in the World Cup in Qatar. The Federation is looking for a coach and Thierry Henry and Thomas Vermaelen are on the list of candidates The selection of Belgium was one of the big disappointments of the World-wide Glass of Qatar 2022, [&hellip;]<\/p>\n","protected":false},"author":358,"featured_media":98243,"comment_status":"closed","ping_status":"open","sticky":false,"template":"","format":"standard","meta":{"_acf_changed":false,"inline_featured_image":false,"_nextfly_llmd_date_locked":false,"footnotes":""},"categories":[449,106],"tags":[317],"class_list":["post-98232","post","type-post","status-publish","format-standard","has-post-thumbnail","hentry","category-transfers-2","category-transfers","tag-thomas-vermaelen"],"acf":[],"yoast_head":"<!-- This site is optimized with the Yoast SEO plugin v27.3 - https:\/\/yoast.com\/product\/yoast-seo-wordpress\/ -->\n<title>Belgium has two ex cul\u00e9s on its agenda to take charge of its bench<\/title>\n<meta name=\"description\" content=\"The bench of Belgium does not have owner since Roberto Mart\u00ednez renounced to his charge after the failure in the World-wide of Qatar. The Federation looks for trained...\" \/>\n<meta name=\"robots\" content=\"index, follow, max-snippet:-1, max-image-preview:large, max-video-preview:-1\" \/>\n<link rel=\"canonical\" href=\"https:\/\/www.fcbarcelonanoticias.com\/en\/transfers\/belgium-has-two-ex-cules-on-his-agenda-take-over-his-bench_287301_102.html\" \/>\n<meta property=\"og:locale\" content=\"en_US\" \/>\n<meta property=\"og:type\" content=\"article\" \/>\n<meta property=\"og:title\" content=\"Belgium has two ex cul\u00e9s on its agenda to take charge of its bench\" \/>\n<meta property=\"og:description\" content=\"The bench of Belgium does not have owner since Roberto Mart\u00ednez renounced to his charge after the failure in the World-wide of Qatar. The Federation looks for trained...\" \/>\n<meta property=\"og:url\" content=\"https:\/\/www.fcbarcelonanoticias.com\/en\/transfers\/belgium-has-two-ex-cules-on-his-agenda-take-over-his-bench_287301_102.html\" \/>\n<meta property=\"og:site_name\" content=\"EN - FC Barcelona Noticias\" \/>\n<meta property=\"article:published_time\" content=\"2022-12-05T16:33:00+00:00\" \/>\n<meta property=\"article:modified_time\" content=\"2022-12-05T16:36:00+00:00\" \/>\n<meta property=\"og:image\" content=\"https:\/\/www.fcbarcelonanoticias.com\/en\/wp-content\/uploads\/sites\/2\/2022\/12\/henry-martinez-vermaelen.jpeg\" \/>\n\t<meta property=\"og:image:width\" content=\"1300\" \/>\n\t<meta property=\"og:image:height\" content=\"731\" \/>\n\t<meta property=\"og:image:type\" content=\"image\/jpeg\" \/>\n<meta name=\"author\" content=\"Juan Pablo Berdugo\" \/>\n<meta name=\"twitter:card\" content=\"summary_large_image\" \/>\n<meta name=\"twitter:label1\" content=\"Written by\" \/>\n\t<meta name=\"twitter:data1\" content=\"Juan Pablo Berdugo\" \/>\n\t<meta name=\"twitter:label2\" content=\"Est. reading time\" \/>\n\t<meta name=\"twitter:data2\" content=\"2 minutes\" \/>\n<script type=\"application\/ld+json\" class=\"yoast-schema-graph\">{\"@context\":\"https:\\\/\\\/schema.org\",\"@graph\":[{\"@type\":\"Article\",\"@id\":\"https:\\\/\\\/www.fcbarcelonanoticias.com\\\/en\\\/transfers\\\/belgium-has-two-ex-cules-on-his-agenda-take-over-his-bench_287301_102.html#article\",\"isPartOf\":{\"@id\":\"https:\\\/\\\/www.fcbarcelonanoticias.com\\\/en\\\/transfers\\\/belgium-has-two-ex-cules-on-his-agenda-take-over-his-bench_287301_102.html\"},\"author\":{\"name\":\"Juan Pablo Berdugo\",\"@id\":\"https:\\\/\\\/www.fcbarcelonanoticias.com\\\/en\\\/#\\\/schema\\\/person\\\/88d756918a0a1ae9fa593b5edddd1815\"},\"headline\":\"Belgium has two ex cul\u00e9s on its agenda to take charge of its bench\",\"datePublished\":\"2022-12-05T16:33:00+00:00\",\"dateModified\":\"2022-12-05T16:36:00+00:00\",\"mainEntityOfPage\":{\"@id\":\"https:\\\/\\\/www.fcbarcelonanoticias.com\\\/en\\\/transfers\\\/belgium-has-two-ex-cules-on-his-agenda-take-over-his-bench_287301_102.html\"},\"wordCount\":489,\"image\":{\"@id\":\"https:\\\/\\\/www.fcbarcelonanoticias.com\\\/en\\\/transfers\\\/belgium-has-two-ex-cules-on-his-agenda-take-over-his-bench_287301_102.html#primaryimage\"},\"thumbnailUrl\":\"https:\\\/\\\/www.fcbarcelonanoticias.com\\\/en\\\/wp-content\\\/uploads\\\/sites\\\/2\\\/2022\\\/12\\\/henry-martinez-vermaelen.jpeg\",\"keywords\":[\"Thomas Vermaelen\"],\"articleSection\":[\"Transfers\",\"Transfers\"],\"inLanguage\":\"en-US\"},{\"@type\":\"WebPage\",\"@id\":\"https:\\\/\\\/www.fcbarcelonanoticias.com\\\/en\\\/transfers\\\/belgium-has-two-ex-cules-on-his-agenda-take-over-his-bench_287301_102.html\",\"url\":\"https:\\\/\\\/www.fcbarcelonanoticias.com\\\/en\\\/transfers\\\/belgium-has-two-ex-cules-on-his-agenda-take-over-his-bench_287301_102.html\",\"name\":\"Belgium has two ex cul\u00e9s on its agenda to take charge of its bench\",\"isPartOf\":{\"@id\":\"https:\\\/\\\/www.fcbarcelonanoticias.com\\\/en\\\/#website\"},\"primaryImageOfPage\":{\"@id\":\"https:\\\/\\\/www.fcbarcelonanoticias.com\\\/en\\\/transfers\\\/belgium-has-two-ex-cules-on-his-agenda-take-over-his-bench_287301_102.html#primaryimage\"},\"image\":{\"@id\":\"https:\\\/\\\/www.fcbarcelonanoticias.com\\\/en\\\/transfers\\\/belgium-has-two-ex-cules-on-his-agenda-take-over-his-bench_287301_102.html#primaryimage\"},\"thumbnailUrl\":\"https:\\\/\\\/www.fcbarcelonanoticias.com\\\/en\\\/wp-content\\\/uploads\\\/sites\\\/2\\\/2022\\\/12\\\/henry-martinez-vermaelen.jpeg\",\"datePublished\":\"2022-12-05T16:33:00+00:00\",\"dateModified\":\"2022-12-05T16:36:00+00:00\",\"author\":{\"@id\":\"https:\\\/\\\/www.fcbarcelonanoticias.com\\\/en\\\/#\\\/schema\\\/person\\\/88d756918a0a1ae9fa593b5edddd1815\"},\"description\":\"The bench of Belgium does not have owner since Roberto Mart\u00ednez renounced to his charge after the failure in the World-wide of Qatar. The Federation looks for trained...\",\"breadcrumb\":{\"@id\":\"https:\\\/\\\/www.fcbarcelonanoticias.com\\\/en\\\/transfers\\\/belgium-has-two-ex-cules-on-his-agenda-take-over-his-bench_287301_102.html#breadcrumb\"},\"inLanguage\":\"en-US\",\"potentialAction\":[{\"@type\":\"ReadAction\",\"target\":[\"https:\\\/\\\/www.fcbarcelonanoticias.com\\\/en\\\/transfers\\\/belgium-has-two-ex-cules-on-his-agenda-take-over-his-bench_287301_102.html\"]}]},{\"@type\":\"ImageObject\",\"inLanguage\":\"en-US\",\"@id\":\"https:\\\/\\\/www.fcbarcelonanoticias.com\\\/en\\\/transfers\\\/belgium-has-two-ex-cules-on-his-agenda-take-over-his-bench_287301_102.html#primaryimage\",\"url\":\"https:\\\/\\\/www.fcbarcelonanoticias.com\\\/en\\\/wp-content\\\/uploads\\\/sites\\\/2\\\/2022\\\/12\\\/henry-martinez-vermaelen.jpeg\",\"contentUrl\":\"https:\\\/\\\/www.fcbarcelonanoticias.com\\\/en\\\/wp-content\\\/uploads\\\/sites\\\/2\\\/2022\\\/12\\\/henry-martinez-vermaelen.jpeg\",\"width\":1300,\"height\":731},{\"@type\":\"BreadcrumbList\",\"@id\":\"https:\\\/\\\/www.fcbarcelonanoticias.com\\\/en\\\/transfers\\\/belgium-has-two-ex-cules-on-his-agenda-take-over-his-bench_287301_102.html#breadcrumb\",\"itemListElement\":[{\"@type\":\"ListItem\",\"position\":1,\"name\":\"Portada\",\"item\":\"https:\\\/\\\/www.fcbarcelonanoticias.com\\\/en\\\/\"},{\"@type\":\"ListItem\",\"position\":2,\"name\":\"Belgium has two ex cul\u00e9s on its agenda to take charge of its bench\"}]},{\"@type\":\"WebSite\",\"@id\":\"https:\\\/\\\/www.fcbarcelonanoticias.com\\\/en\\\/#website\",\"url\":\"https:\\\/\\\/www.fcbarcelonanoticias.com\\\/en\\\/\",\"name\":\"EN - FC Barcelona Noticias\",\"description\":\"\",\"potentialAction\":[{\"@type\":\"SearchAction\",\"target\":{\"@type\":\"EntryPoint\",\"urlTemplate\":\"https:\\\/\\\/www.fcbarcelonanoticias.com\\\/en\\\/?s={search_term_string}\"},\"query-input\":{\"@type\":\"PropertyValueSpecification\",\"valueRequired\":true,\"valueName\":\"search_term_string\"}}],\"inLanguage\":\"en-US\"},{\"@type\":\"Person\",\"@id\":\"https:\\\/\\\/www.fcbarcelonanoticias.com\\\/en\\\/#\\\/schema\\\/person\\\/88d756918a0a1ae9fa593b5edddd1815\",\"name\":\"Juan Pablo Berdugo\",\"image\":{\"@type\":\"ImageObject\",\"inLanguage\":\"en-US\",\"@id\":\"https:\\\/\\\/secure.gravatar.com\\\/avatar\\\/?s=96&d=mm&r=g\",\"url\":\"https:\\\/\\\/secure.gravatar.com\\\/avatar\\\/?s=96&d=mm&r=g\",\"contentUrl\":\"https:\\\/\\\/secure.gravatar.com\\\/avatar\\\/?s=96&d=mm&r=g\",\"caption\":\"Juan Pablo Berdugo\"},\"description\":\"Juan Pablo Berdugo es graduado en Periodismo. Colabora con FCBN como especialista en informaci\u00f3n del primer equipo del FC Barcelona, f\u00fatbol internacional y mercado de fichajes. Destaca por su enfoque anal\u00edtico, su rigor informativo y su capacidad para detectar tendencias emergentes en el f\u00fatbol global.\",\"url\":\"https:\\\/\\\/www.fcbarcelonanoticias.com\\\/en\\\/fc-barcelona\\\/juan-pablo-berdugo_18_115.html\"}]}<\/script>\n<!-- \/ Yoast SEO plugin. -->","yoast_head_json":{"title":"Belgium has two ex cul\u00e9s on its agenda to take charge of its bench","description":"The bench of Belgium does not have owner since Roberto Mart\u00ednez renounced to his charge after the failure in the World-wide of Qatar. The Federation looks for trained...","robots":{"index":"index","follow":"follow","max-snippet":"max-snippet:-1","max-image-preview":"max-image-preview:large","max-video-preview":"max-video-preview:-1"},"canonical":"https:\/\/www.fcbarcelonanoticias.com\/en\/transfers\/belgium-has-two-ex-cules-on-his-agenda-take-over-his-bench_287301_102.html","og_locale":"en_US","og_type":"article","og_title":"Belgium has two ex cul\u00e9s on its agenda to take charge of its bench","og_description":"The bench of Belgium does not have owner since Roberto Mart\u00ednez renounced to his charge after the failure in the World-wide of Qatar. The Federation looks for trained...","og_url":"https:\/\/www.fcbarcelonanoticias.com\/en\/transfers\/belgium-has-two-ex-cules-on-his-agenda-take-over-his-bench_287301_102.html","og_site_name":"EN - FC Barcelona Noticias","article_published_time":"2022-12-05T16:33:00+00:00","article_modified_time":"2022-12-05T16:36:00+00:00","og_image":[{"width":1300,"height":731,"url":"https:\/\/www.fcbarcelonanoticias.com\/en\/wp-content\/uploads\/sites\/2\/2022\/12\/henry-martinez-vermaelen.jpeg","type":"image\/jpeg"}],"author":"Juan Pablo Berdugo","twitter_card":"summary_large_image","twitter_misc":{"Written by":"Juan Pablo Berdugo","Est. reading time":"2 minutes"},"schema":{"@context":"https:\/\/schema.org","@graph":[{"@type":"Article","@id":"https:\/\/www.fcbarcelonanoticias.com\/en\/transfers\/belgium-has-two-ex-cules-on-his-agenda-take-over-his-bench_287301_102.html#article","isPartOf":{"@id":"https:\/\/www.fcbarcelonanoticias.com\/en\/transfers\/belgium-has-two-ex-cules-on-his-agenda-take-over-his-bench_287301_102.html"},"author":{"name":"Juan Pablo Berdugo","@id":"https:\/\/www.fcbarcelonanoticias.com\/en\/#\/schema\/person\/88d756918a0a1ae9fa593b5edddd1815"},"headline":"Belgium has two ex cul\u00e9s on its agenda to take charge of its bench","datePublished":"2022-12-05T16:33:00+00:00","dateModified":"2022-12-05T16:36:00+00:00","mainEntityOfPage":{"@id":"https:\/\/www.fcbarcelonanoticias.com\/en\/transfers\/belgium-has-two-ex-cules-on-his-agenda-take-over-his-bench_287301_102.html"},"wordCount":489,"image":{"@id":"https:\/\/www.fcbarcelonanoticias.com\/en\/transfers\/belgium-has-two-ex-cules-on-his-agenda-take-over-his-bench_287301_102.html#primaryimage"},"thumbnailUrl":"https:\/\/www.fcbarcelonanoticias.com\/en\/wp-content\/uploads\/sites\/2\/2022\/12\/henry-martinez-vermaelen.jpeg","keywords":["Thomas Vermaelen"],"articleSection":["Transfers","Transfers"],"inLanguage":"en-US"},{"@type":"WebPage","@id":"https:\/\/www.fcbarcelonanoticias.com\/en\/transfers\/belgium-has-two-ex-cules-on-his-agenda-take-over-his-bench_287301_102.html","url":"https:\/\/www.fcbarcelonanoticias.com\/en\/transfers\/belgium-has-two-ex-cules-on-his-agenda-take-over-his-bench_287301_102.html","name":"Belgium has two ex cul\u00e9s on its agenda to take charge of its bench","isPartOf":{"@id":"https:\/\/www.fcbarcelonanoticias.com\/en\/#website"},"primaryImageOfPage":{"@id":"https:\/\/www.fcbarcelonanoticias.com\/en\/transfers\/belgium-has-two-ex-cules-on-his-agenda-take-over-his-bench_287301_102.html#primaryimage"},"image":{"@id":"https:\/\/www.fcbarcelonanoticias.com\/en\/transfers\/belgium-has-two-ex-cules-on-his-agenda-take-over-his-bench_287301_102.html#primaryimage"},"thumbnailUrl":"https:\/\/www.fcbarcelonanoticias.com\/en\/wp-content\/uploads\/sites\/2\/2022\/12\/henry-martinez-vermaelen.jpeg","datePublished":"2022-12-05T16:33:00+00:00","dateModified":"2022-12-05T16:36:00+00:00","author":{"@id":"https:\/\/www.fcbarcelonanoticias.com\/en\/#\/schema\/person\/88d756918a0a1ae9fa593b5edddd1815"},"description":"The bench of Belgium does not have owner since Roberto Mart\u00ednez renounced to his charge after the failure in the World-wide of Qatar. The Federation looks for trained...","breadcrumb":{"@id":"https:\/\/www.fcbarcelonanoticias.com\/en\/transfers\/belgium-has-two-ex-cules-on-his-agenda-take-over-his-bench_287301_102.html#breadcrumb"},"inLanguage":"en-US","potentialAction":[{"@type":"ReadAction","target":["https:\/\/www.fcbarcelonanoticias.com\/en\/transfers\/belgium-has-two-ex-cules-on-his-agenda-take-over-his-bench_287301_102.html"]}]},{"@type":"ImageObject","inLanguage":"en-US","@id":"https:\/\/www.fcbarcelonanoticias.com\/en\/transfers\/belgium-has-two-ex-cules-on-his-agenda-take-over-his-bench_287301_102.html#primaryimage","url":"https:\/\/www.fcbarcelonanoticias.com\/en\/wp-content\/uploads\/sites\/2\/2022\/12\/henry-martinez-vermaelen.jpeg","contentUrl":"https:\/\/www.fcbarcelonanoticias.com\/en\/wp-content\/uploads\/sites\/2\/2022\/12\/henry-martinez-vermaelen.jpeg","width":1300,"height":731},{"@type":"BreadcrumbList","@id":"https:\/\/www.fcbarcelonanoticias.com\/en\/transfers\/belgium-has-two-ex-cules-on-his-agenda-take-over-his-bench_287301_102.html#breadcrumb","itemListElement":[{"@type":"ListItem","position":1,"name":"Portada","item":"https:\/\/www.fcbarcelonanoticias.com\/en\/"},{"@type":"ListItem","position":2,"name":"Belgium has two ex cul\u00e9s on its agenda to take charge of its bench"}]},{"@type":"WebSite","@id":"https:\/\/www.fcbarcelonanoticias.com\/en\/#website","url":"https:\/\/www.fcbarcelonanoticias.com\/en\/","name":"EN - FC Barcelona Noticias","description":"","potentialAction":[{"@type":"SearchAction","target":{"@type":"EntryPoint","urlTemplate":"https:\/\/www.fcbarcelonanoticias.com\/en\/?s={search_term_string}"},"query-input":{"@type":"PropertyValueSpecification","valueRequired":true,"valueName":"search_term_string"}}],"inLanguage":"en-US"},{"@type":"Person","@id":"https:\/\/www.fcbarcelonanoticias.com\/en\/#\/schema\/person\/88d756918a0a1ae9fa593b5edddd1815","name":"Juan Pablo Berdugo","image":{"@type":"ImageObject","inLanguage":"en-US","@id":"https:\/\/secure.gravatar.com\/avatar\/?s=96&d=mm&r=g","url":"https:\/\/secure.gravatar.com\/avatar\/?s=96&d=mm&r=g","contentUrl":"https:\/\/secure.gravatar.com\/avatar\/?s=96&d=mm&r=g","caption":"Juan Pablo Berdugo"},"description":"Juan Pablo Berdugo es graduado en Periodismo. Colabora con FCBN como especialista en informaci\u00f3n del primer equipo del FC Barcelona, f\u00fatbol internacional y mercado de fichajes. Destaca por su enfoque anal\u00edtico, su rigor informativo y su capacidad para detectar tendencias emergentes en el f\u00fatbol global.","url":"https:\/\/www.fcbarcelonanoticias.com\/en\/fc-barcelona\/juan-pablo-berdugo_18_115.html"}]}},"_links":{"self":[{"href":"https:\/\/www.fcbarcelonanoticias.com\/en\/wp-json\/wp\/v2\/posts\/98232","targetHints":{"allow":["GET"]}}],"collection":[{"href":"https:\/\/www.fcbarcelonanoticias.com\/en\/wp-json\/wp\/v2\/posts"}],"about":[{"href":"https:\/\/www.fcbarcelonanoticias.com\/en\/wp-json\/wp\/v2\/types\/post"}],"author":[{"embeddable":true,"href":"https:\/\/www.fcbarcelonanoticias.com\/en\/wp-json\/wp\/v2\/users\/358"}],"replies":[{"embeddable":true,"href":"https:\/\/www.fcbarcelonanoticias.com\/en\/wp-json\/wp\/v2\/comments?post=98232"}],"version-history":[{"count":1,"href":"https:\/\/www.fcbarcelonanoticias.com\/en\/wp-json\/wp\/v2\/posts\/98232\/revisions"}],"predecessor-version":[{"id":125541,"href":"https:\/\/www.fcbarcelonanoticias.com\/en\/wp-json\/wp\/v2\/posts\/98232\/revisions\/125541"}],"wp:featuredmedia":[{"embeddable":true,"href":"https:\/\/www.fcbarcelonanoticias.com\/en\/wp-json\/wp\/v2\/media\/98243"}],"wp:attachment":[{"href":"https:\/\/www.fcbarcelonanoticias.com\/en\/wp-json\/wp\/v2\/media?parent=98232"}],"wp:term":[{"taxonomy":"category","embeddable":true,"href":"https:\/\/www.fcbarcelonanoticias.com\/en\/wp-json\/wp\/v2\/categories?post=98232"},{"taxonomy":"post_tag","embeddable":true,"href":"https:\/\/www.fcbarcelonanoticias.com\/en\/wp-json\/wp\/v2\/tags?post=98232"}],"curies":[{"name":"wp","href":"https:\/\/api.w.org\/{rel}","templated":true}]}}