{"id":98277,"date":"2025-09-02T23:05:00","date_gmt":"2025-09-02T21:05:00","guid":{"rendered":"https:\/\/weisetech.dev\/fc-barcelona-noticias\/en\/fermin-lopez-opens-up-my-priority-is-fc-barcelona_314563_102\/"},"modified":"2026-04-06T18:29:00","modified_gmt":"2026-04-06T16:29:00","slug":"fermin-lopez-opens-up-my-priority-is-fc-barcelona_314563_102","status":"publish","type":"post","link":"https:\/\/www.fcbarcelonanoticias.com\/en\/transfers\/fermin-lopez-opens-up-my-priority-is-fc-barcelona_314563_102.html","title":{"rendered":"Ferm\u00edn L\u00f3pez and his future in Barcelona: &#8220;I always had the idea of staying&#8221;"},"content":{"rendered":"<h2 class=\"wp-block-heading\">Ferm\u00edn L\u00f3pez spoke with &#8216;Mundo Deportivo&#8217; about the intense end of the summer market and his decision to stay in Barcelona. The player from Huelva was always clear about his future<\/h2>  \r\n<div class=\"article-addons\">\r\n    <a href=\"https:\/\/www.fcbarcelonanoticias.com\/en\/calendar-fc-barcelona.html\"\r\n       target=\"_self\"\r\n       title=\"Calendar of FC Barcelona\"\r\n       class=\"blue-gredient-btn\">\r\n       \r\n        Calendar of FC Barcelona    <\/a>\r\n<\/div>   <p>The summer market closing for <strong>FC Barcelona<\/strong> was relatively calm compared to previous years this 2025. With the exception of rumors about the departure of <strong>Ferm\u00edn L\u00f3pez<\/strong> and the mess with the registrations of <strong>Wojciech Szczesny<\/strong> and <strong>Roony Bardghji<\/strong>, there were no major shocks in the club&#8217;s offices in the last hours of the transfer window.<\/p>  <p>In the end, both &#8216;Tek&#8217; and Roony resolved their licenses (<a data-external=\"0\" data-intl-links-en=\"https:\/\/www.fcbarcelonanoticias.com\/en\/transfers\/roony-bardghji-registered-with-barca-atletic_314551_102.html\" data-intl-links-es=\"https:\/\/www.fcbarcelonanoticias.com\/fichajes\/roony-bardghji-inscrito-barca-atletic_314551_102.html\" href=\"https:\/\/www.fcbarcelonanoticias.com\/en\/transfers\/roony-bardghji-registered-with-barca-atletic_314551_102.html\" rel=\"follow\" target=\"_self\" title=\"Roony Bardghji, registered with Bar\u00e7a Atl\u00e8tic to ensure minutes in LaLiga\">the second, with a Bar\u00e7a Atl\u00e8tic card<\/a>), while the &#8217;16&#8217; ended the interest of Chelsea and Newcastle with a resounding &#8216;no&#8217;. Called up by the Spanish National Team, the player from Huelva spoke with &#8216;Mundo Deportivo&#8217; about how he experienced the previous week, amidst the noise caused by market rumors.<\/p>  <p>&#8220;<strong>It&#8217;s always flattering that there is interest from other clubs, but the truth is that I always had the idea of staying at Bar\u00e7a and being able to succeed here<\/strong>. I arrived when I was 12 years old, it was always my dream to be here,&#8221; said the player from El Campillo.<\/p>  <h2>Hansi Flick, key to ensuring the permanence of Ferm\u00edn L\u00f3pez<\/h2>  <p>In that sense, Ferm\u00edn recognized two key factors in his decision to stay. In addition to his desire to play many years in the first team, the 22-year-old midfielder <strong>feels supported by the fans and the coaching staff<\/strong>. Therefore, he did not hesitate to reject offers in England.<\/p>  <p>&#8220;<strong>Not only this week, since I arrived at the first team I have felt very loved by the &#8216;cul\u00e9s&#8217;<\/strong>. It is appreciated that for them I am an important player for Bar\u00e7a,&#8221; he said regarding the fans. The networks, in this case, did their job while rumors grew about the interest of Chelsea and Newcastle.<\/p>  <div data-oembed-url=\"https:\/\/x.com\/mundodeportivo\/status\/1962935976264622172\"> <blockquote align=\"center\" class=\"twitter-tweet\" data-dnt=\"true\"> <p dir=\"ltr\" lang=\"es\">\ud83d\udca5 \ud835\udc04\ud835\udc27\ud835\udc2d\ud835\udc2b\ud835\udc1e\ud835\udc2f\ud835\udc22\ud835\udc2c\ud835\udc2d\ud835\udc1a \ud835\udc1e\ud835\udc31\ud835\udc1c\ud835\udc25\ud835\udc2e\ud835\udc2c\ud835\udc22\ud835\udc2f\ud835\udc1a<br><br> \u2764\ufe0f Ferm\u00edn L\u00f3pez: &#8220;Me ha llegado el cari\u00f1o de los cul\u00e9s. Desde que llegu\u00e9 al primer equipo me he sentido muy querido&#8221;<br><br> \u2705 &#8220;Mi prioridad siempre ha sido estar en el Bar\u00e7a&#8221;<br><br> \ud83c\udf99\ufe0f <a href=\"https:\/\/twitter.com\/en\/martinezferran?ref_src=twsrc%5Etfw\">@martinezferran<\/a> <a href=\"https:\/\/t.co\/en\/FSrmXUjvXC\">pic.twitter.com\/FSrmXUjvXC<\/a><\/p> \u2014 Mundo Deportivo (@mundodeportivo) <a href=\"https:\/\/twitter.com\/en\/mundodeportivo\/status\/1962935976264622172?ref_src=twsrc%5Etfw\">September 2, 2025<\/a> <\/blockquote>  <\/div>  <p>In addition, L\u00f3pez was sincere about his relationship with Hansi Flick. Although regularity is key for the German and there are no undisputed starters, the &#8217;16&#8217; feels valued and important for the coach&#8217;s plans. &#8220;<strong>He has been very important, because I have always fought to be here, to play at Bar\u00e7a<\/strong>,&#8221; added the player from Huelva in his chat with &#8216;Mundo Deportivo&#8217;.<\/p>  <p>Similarly, he commented: &#8220;<strong>You know that in football you never know and there are things that don&#8217;t depend on you, but my priority has always been to continue at Barcelona<\/strong>.&#8221; For now, the midfielder has a contract until 2029 and his termination clause remains at 500 million euros.<\/p>  <h2>The Premier League offers did not convince Barcelona<\/h2>  <div class=\"media media-image\" data-ck-asset-wrapper=\"\"> <div class=\"media-item\"> <img loading=\"lazy\" decoding=\"async\" alt=\"\u00bfSe queda o se va? La decisi\u00f3n crucial de Ferm\u00edn L\u00f3pez que puede cambiarlo todo en el Bar\u00e7a\" data-id=\"1516877\" data-resize=\"9\" height=\"563\" src=\"https:\/\/www.fcbarcelonanoticias.com\/wp-content\/uploads\/sites\/2\/2025\/09\/fcbn-dbd68650e82f155dbda5d9a241bf5a5a.webp\" title=\"\u00bfSe queda o se va? La decisi\u00f3n crucial de Ferm\u00edn L\u00f3pez que puede cambiarlo todo en el Bar\u00e7a\" width=\"1000\"><div class=\"media-title\">Ferm\u00edn L\u00f3pez during the Joan Gamper Trophy 2025<\/div> <\/div> <\/div>  <p>Beyond the interest of Chelsea and Newcastle, the truth is that the &#8216;Azulgrana&#8217; team did not receive any offer capable of questioning the continuity of Ferm\u00edn L\u00f3pez this summer. <strong>The &#8216;blues&#8217; offered a maximum of 40 &#8216;kilos&#8217;<\/strong>, while Bar\u00e7a expected to receive no less than 70 million for the transfer.<\/p>  <p>The &#8216;Magpies&#8217;, on the other hand, seemed willing to break the market after <a data-external=\"0\" data-intl-links-en=\"https:\/\/www.fcbarcelonanoticias.com\/en\/transfers\/big-news-liverpool-signs-alexander-isak-for-150m_314555_102.html\" data-intl-links-es=\"https:\/\/www.fcbarcelonanoticias.com\/fichajes\/liverpool-ficha-isak-150-millones-record-historico_314555_102.html\" href=\"https:\/\/www.fcbarcelonanoticias.com\/en\/transfers\/big-news-liverpool-signs-alexander-isak-for-150m_314555_102.html\" rel=\"follow\" target=\"_self\" title=\"Liverpool breaks the market: signs Isak for 150M and sets a historic record\">receiving \u20ac150 million for Alexander Isak<\/a>. However, <a data-external=\"0\" data-intl-links-en=\"https:\/\/www.fcbarcelonanoticias.com\/en\/transfers\/breaking-news-newcastle-goes-all-out-for-fermin-lopez-and-offers-crazy-amount_314471_102.html\" data-intl-links-es=\"https:\/\/www.fcbarcelonanoticias.com\/fichajes\/bombazo-newcastle-quiere-fichar-fermin-lopez_314471_102.html\" href=\"https:\/\/www.fcbarcelonanoticias.com\/en\/transfers\/breaking-news-newcastle-goes-all-out-for-fermin-lopez-and-offers-crazy-amount_314471_102.html\" rel=\"follow\" target=\"_self\" title=\"\u20ac100M OFFER: Newcastle breaks the market to sign Ferm\u00edn L\u00f3pez\">the alleged 100 &#8216;kilos&#8217;<\/a> that those from St. James Park offered for the Spanish international were just a rumor.<\/p>  <p>The &#8216;black and white&#8217; team will be Barcelona&#8217;s first rival in the league phase of the Champions League, this being the first &#8216;cul\u00e9&#8217; trip to England. The second will be, coincidentally, to Stamford Bridge to face Chelsea. Will Ferm\u00edn be decisive in both matches?<\/p> ","protected":false},"excerpt":{"rendered":"<p>Ferm\u00edn L\u00f3pez spoke with &#8216;Mundo Deportivo&#8217; about the intense end of the summer market and his decision to stay in Barcelona. The player from Huelva was always clear about his future The summer market closing for FC Barcelona was relatively calm compared to previous years this 2025. With the exception of rumors about the departure [&hellip;]<\/p>\n","protected":false},"author":361,"featured_media":98287,"comment_status":"closed","ping_status":"open","sticky":false,"template":"","format":"standard","meta":{"_acf_changed":false,"inline_featured_image":false,"_nextfly_llmd_date_locked":false,"footnotes":""},"categories":[439,106,449],"tags":[161,266,261],"class_list":["post-98277","post","type-post","status-publish","format-standard","has-post-thumbnail","hentry","category-fermin-lopez","category-transfers","category-transfers-2","tag-chelsea","tag-fermin-lopez","tag-football-transfer-rumors"],"acf":[],"yoast_head":"<!-- This site is optimized with the Yoast SEO plugin v27.3 - https:\/\/yoast.com\/product\/yoast-seo-wordpress\/ -->\n<title>Ferm\u00edn L\u00f3pez opens up: &quot;my priority is FC Barcelona&quot;<\/title>\n<meta name=\"description\" content=\"Discover why Ferm\u00edn L\u00f3pez rejected millionaire offers and chose to stay at Bar\u00e7a. His reasons will surprise you!\" \/>\n<meta name=\"robots\" content=\"index, follow, max-snippet:-1, max-image-preview:large, max-video-preview:-1\" \/>\n<link rel=\"canonical\" href=\"https:\/\/www.fcbarcelonanoticias.com\/en\/transfers\/fermin-lopez-opens-up-my-priority-is-fc-barcelona_314563_102.html\" \/>\n<meta property=\"og:locale\" content=\"en_US\" \/>\n<meta property=\"og:type\" content=\"article\" \/>\n<meta property=\"og:title\" content=\"Ferm\u00edn L\u00f3pez opens up: &quot;my priority is FC Barcelona&quot;\" \/>\n<meta property=\"og:description\" content=\"Discover why Ferm\u00edn L\u00f3pez rejected millionaire offers and chose to stay at Bar\u00e7a. His reasons will surprise you!\" \/>\n<meta property=\"og:url\" content=\"https:\/\/www.fcbarcelonanoticias.com\/en\/transfers\/fermin-lopez-opens-up-my-priority-is-fc-barcelona_314563_102.html\" \/>\n<meta property=\"og:site_name\" content=\"EN - FC Barcelona Noticias\" \/>\n<meta property=\"article:published_time\" content=\"2025-09-02T21:05:00+00:00\" \/>\n<meta property=\"article:modified_time\" content=\"2026-04-06T16:29:00+00:00\" \/>\n<meta property=\"og:image\" content=\"https:\/\/www.fcbarcelonanoticias.com\/en\/wp-content\/uploads\/sites\/2\/2025\/09\/fermin-lopez-trofeo-joan-gamper-2025.webp\" \/>\n\t<meta property=\"og:image:width\" content=\"1200\" \/>\n\t<meta property=\"og:image:height\" content=\"675\" \/>\n\t<meta property=\"og:image:type\" content=\"image\/webp\" \/>\n<meta name=\"author\" content=\"Martina Dom\u00ednguez\" \/>\n<meta name=\"twitter:card\" content=\"summary_large_image\" \/>\n<meta name=\"twitter:label1\" content=\"Written by\" \/>\n\t<meta name=\"twitter:data1\" content=\"Martina Dom\u00ednguez\" \/>\n\t<meta name=\"twitter:label2\" content=\"Est. reading time\" \/>\n\t<meta name=\"twitter:data2\" content=\"3 minutes\" \/>\n<script type=\"application\/ld+json\" class=\"yoast-schema-graph\">{\"@context\":\"https:\\\/\\\/schema.org\",\"@graph\":[{\"@type\":\"Article\",\"@id\":\"https:\\\/\\\/www.fcbarcelonanoticias.com\\\/en\\\/transfers\\\/fermin-lopez-opens-up-my-priority-is-fc-barcelona_314563_102.html#article\",\"isPartOf\":{\"@id\":\"https:\\\/\\\/www.fcbarcelonanoticias.com\\\/en\\\/transfers\\\/fermin-lopez-opens-up-my-priority-is-fc-barcelona_314563_102.html\"},\"author\":{\"name\":\"Martina Dom\u00ednguez\",\"@id\":\"https:\\\/\\\/www.fcbarcelonanoticias.com\\\/en\\\/#\\\/schema\\\/person\\\/39761ea2391570375f2432c5a3f475e6\"},\"headline\":\"Ferm\u00edn L\u00f3pez and his future in Barcelona: &#8220;I always had the idea of staying&#8221;\",\"datePublished\":\"2025-09-02T21:05:00+00:00\",\"dateModified\":\"2026-04-06T16:29:00+00:00\",\"mainEntityOfPage\":{\"@id\":\"https:\\\/\\\/www.fcbarcelonanoticias.com\\\/en\\\/transfers\\\/fermin-lopez-opens-up-my-priority-is-fc-barcelona_314563_102.html\"},\"wordCount\":645,\"image\":{\"@id\":\"https:\\\/\\\/www.fcbarcelonanoticias.com\\\/en\\\/transfers\\\/fermin-lopez-opens-up-my-priority-is-fc-barcelona_314563_102.html#primaryimage\"},\"thumbnailUrl\":\"https:\\\/\\\/www.fcbarcelonanoticias.com\\\/en\\\/wp-content\\\/uploads\\\/sites\\\/2\\\/2025\\\/09\\\/fermin-lopez-trofeo-joan-gamper-2025.webp\",\"keywords\":[\"Chelsea\",\"Ferm\u00edn L\u00f3pez\",\"Transfer Rumors\"],\"articleSection\":[\"Ferm\u00edn L\u00f3pez\",\"Transfers\",\"Transfers\"],\"inLanguage\":\"en-US\"},{\"@type\":\"WebPage\",\"@id\":\"https:\\\/\\\/www.fcbarcelonanoticias.com\\\/en\\\/transfers\\\/fermin-lopez-opens-up-my-priority-is-fc-barcelona_314563_102.html\",\"url\":\"https:\\\/\\\/www.fcbarcelonanoticias.com\\\/en\\\/transfers\\\/fermin-lopez-opens-up-my-priority-is-fc-barcelona_314563_102.html\",\"name\":\"Ferm\u00edn L\u00f3pez opens up: \\\"my priority is FC Barcelona\\\"\",\"isPartOf\":{\"@id\":\"https:\\\/\\\/www.fcbarcelonanoticias.com\\\/en\\\/#website\"},\"primaryImageOfPage\":{\"@id\":\"https:\\\/\\\/www.fcbarcelonanoticias.com\\\/en\\\/transfers\\\/fermin-lopez-opens-up-my-priority-is-fc-barcelona_314563_102.html#primaryimage\"},\"image\":{\"@id\":\"https:\\\/\\\/www.fcbarcelonanoticias.com\\\/en\\\/transfers\\\/fermin-lopez-opens-up-my-priority-is-fc-barcelona_314563_102.html#primaryimage\"},\"thumbnailUrl\":\"https:\\\/\\\/www.fcbarcelonanoticias.com\\\/en\\\/wp-content\\\/uploads\\\/sites\\\/2\\\/2025\\\/09\\\/fermin-lopez-trofeo-joan-gamper-2025.webp\",\"datePublished\":\"2025-09-02T21:05:00+00:00\",\"dateModified\":\"2026-04-06T16:29:00+00:00\",\"author\":{\"@id\":\"https:\\\/\\\/www.fcbarcelonanoticias.com\\\/en\\\/#\\\/schema\\\/person\\\/39761ea2391570375f2432c5a3f475e6\"},\"description\":\"Discover why Ferm\u00edn L\u00f3pez rejected millionaire offers and chose to stay at Bar\u00e7a. His reasons will surprise you!\",\"breadcrumb\":{\"@id\":\"https:\\\/\\\/www.fcbarcelonanoticias.com\\\/en\\\/transfers\\\/fermin-lopez-opens-up-my-priority-is-fc-barcelona_314563_102.html#breadcrumb\"},\"inLanguage\":\"en-US\",\"potentialAction\":[{\"@type\":\"ReadAction\",\"target\":[\"https:\\\/\\\/www.fcbarcelonanoticias.com\\\/en\\\/transfers\\\/fermin-lopez-opens-up-my-priority-is-fc-barcelona_314563_102.html\"]}]},{\"@type\":\"ImageObject\",\"inLanguage\":\"en-US\",\"@id\":\"https:\\\/\\\/www.fcbarcelonanoticias.com\\\/en\\\/transfers\\\/fermin-lopez-opens-up-my-priority-is-fc-barcelona_314563_102.html#primaryimage\",\"url\":\"https:\\\/\\\/www.fcbarcelonanoticias.com\\\/en\\\/wp-content\\\/uploads\\\/sites\\\/2\\\/2025\\\/09\\\/fermin-lopez-trofeo-joan-gamper-2025.webp\",\"contentUrl\":\"https:\\\/\\\/www.fcbarcelonanoticias.com\\\/en\\\/wp-content\\\/uploads\\\/sites\\\/2\\\/2025\\\/09\\\/fermin-lopez-trofeo-joan-gamper-2025.webp\",\"width\":1200,\"height\":675},{\"@type\":\"BreadcrumbList\",\"@id\":\"https:\\\/\\\/www.fcbarcelonanoticias.com\\\/en\\\/transfers\\\/fermin-lopez-opens-up-my-priority-is-fc-barcelona_314563_102.html#breadcrumb\",\"itemListElement\":[{\"@type\":\"ListItem\",\"position\":1,\"name\":\"Portada\",\"item\":\"https:\\\/\\\/www.fcbarcelonanoticias.com\\\/en\\\/\"},{\"@type\":\"ListItem\",\"position\":2,\"name\":\"Ferm\u00edn L\u00f3pez and his future in Barcelona: &#8220;I always had the idea of staying&#8221;\"}]},{\"@type\":\"WebSite\",\"@id\":\"https:\\\/\\\/www.fcbarcelonanoticias.com\\\/en\\\/#website\",\"url\":\"https:\\\/\\\/www.fcbarcelonanoticias.com\\\/en\\\/\",\"name\":\"EN - FC Barcelona Noticias\",\"description\":\"\",\"potentialAction\":[{\"@type\":\"SearchAction\",\"target\":{\"@type\":\"EntryPoint\",\"urlTemplate\":\"https:\\\/\\\/www.fcbarcelonanoticias.com\\\/en\\\/?s={search_term_string}\"},\"query-input\":{\"@type\":\"PropertyValueSpecification\",\"valueRequired\":true,\"valueName\":\"search_term_string\"}}],\"inLanguage\":\"en-US\"},{\"@type\":\"Person\",\"@id\":\"https:\\\/\\\/www.fcbarcelonanoticias.com\\\/en\\\/#\\\/schema\\\/person\\\/39761ea2391570375f2432c5a3f475e6\",\"name\":\"Martina Dom\u00ednguez\",\"image\":{\"@type\":\"ImageObject\",\"inLanguage\":\"en-US\",\"@id\":\"https:\\\/\\\/secure.gravatar.com\\\/avatar\\\/?s=96&d=mm&r=g\",\"url\":\"https:\\\/\\\/secure.gravatar.com\\\/avatar\\\/?s=96&d=mm&r=g\",\"contentUrl\":\"https:\\\/\\\/secure.gravatar.com\\\/avatar\\\/?s=96&d=mm&r=g\",\"caption\":\"Martina Dom\u00ednguez\"},\"description\":\"Martina cubre\u00a0la actualidad del FC Barcelona, con especial atenci\u00f3n al f\u00fatbol femenino\u00a0y al mercado de fichajes. Su estilo es din\u00e1mico, cercano y con gran sensibilidad.\",\"url\":\"https:\\\/\\\/www.fcbarcelonanoticias.com\\\/en\\\/fc-barcelona\\\/martina-dominguez_31_115.html\"}]}<\/script>\n<!-- \/ Yoast SEO plugin. -->","yoast_head_json":{"title":"Ferm\u00edn L\u00f3pez opens up: \"my priority is FC Barcelona\"","description":"Discover why Ferm\u00edn L\u00f3pez rejected millionaire offers and chose to stay at Bar\u00e7a. His reasons will surprise you!","robots":{"index":"index","follow":"follow","max-snippet":"max-snippet:-1","max-image-preview":"max-image-preview:large","max-video-preview":"max-video-preview:-1"},"canonical":"https:\/\/www.fcbarcelonanoticias.com\/en\/transfers\/fermin-lopez-opens-up-my-priority-is-fc-barcelona_314563_102.html","og_locale":"en_US","og_type":"article","og_title":"Ferm\u00edn L\u00f3pez opens up: \"my priority is FC Barcelona\"","og_description":"Discover why Ferm\u00edn L\u00f3pez rejected millionaire offers and chose to stay at Bar\u00e7a. His reasons will surprise you!","og_url":"https:\/\/www.fcbarcelonanoticias.com\/en\/transfers\/fermin-lopez-opens-up-my-priority-is-fc-barcelona_314563_102.html","og_site_name":"EN - FC Barcelona Noticias","article_published_time":"2025-09-02T21:05:00+00:00","article_modified_time":"2026-04-06T16:29:00+00:00","og_image":[{"width":1200,"height":675,"url":"https:\/\/www.fcbarcelonanoticias.com\/en\/wp-content\/uploads\/sites\/2\/2025\/09\/fermin-lopez-trofeo-joan-gamper-2025.webp","type":"image\/webp"}],"author":"Martina Dom\u00ednguez","twitter_card":"summary_large_image","twitter_misc":{"Written by":"Martina Dom\u00ednguez","Est. reading time":"3 minutes"},"schema":{"@context":"https:\/\/schema.org","@graph":[{"@type":"Article","@id":"https:\/\/www.fcbarcelonanoticias.com\/en\/transfers\/fermin-lopez-opens-up-my-priority-is-fc-barcelona_314563_102.html#article","isPartOf":{"@id":"https:\/\/www.fcbarcelonanoticias.com\/en\/transfers\/fermin-lopez-opens-up-my-priority-is-fc-barcelona_314563_102.html"},"author":{"name":"Martina Dom\u00ednguez","@id":"https:\/\/www.fcbarcelonanoticias.com\/en\/#\/schema\/person\/39761ea2391570375f2432c5a3f475e6"},"headline":"Ferm\u00edn L\u00f3pez and his future in Barcelona: &#8220;I always had the idea of staying&#8221;","datePublished":"2025-09-02T21:05:00+00:00","dateModified":"2026-04-06T16:29:00+00:00","mainEntityOfPage":{"@id":"https:\/\/www.fcbarcelonanoticias.com\/en\/transfers\/fermin-lopez-opens-up-my-priority-is-fc-barcelona_314563_102.html"},"wordCount":645,"image":{"@id":"https:\/\/www.fcbarcelonanoticias.com\/en\/transfers\/fermin-lopez-opens-up-my-priority-is-fc-barcelona_314563_102.html#primaryimage"},"thumbnailUrl":"https:\/\/www.fcbarcelonanoticias.com\/en\/wp-content\/uploads\/sites\/2\/2025\/09\/fermin-lopez-trofeo-joan-gamper-2025.webp","keywords":["Chelsea","Ferm\u00edn L\u00f3pez","Transfer Rumors"],"articleSection":["Ferm\u00edn L\u00f3pez","Transfers","Transfers"],"inLanguage":"en-US"},{"@type":"WebPage","@id":"https:\/\/www.fcbarcelonanoticias.com\/en\/transfers\/fermin-lopez-opens-up-my-priority-is-fc-barcelona_314563_102.html","url":"https:\/\/www.fcbarcelonanoticias.com\/en\/transfers\/fermin-lopez-opens-up-my-priority-is-fc-barcelona_314563_102.html","name":"Ferm\u00edn L\u00f3pez opens up: \"my priority is FC Barcelona\"","isPartOf":{"@id":"https:\/\/www.fcbarcelonanoticias.com\/en\/#website"},"primaryImageOfPage":{"@id":"https:\/\/www.fcbarcelonanoticias.com\/en\/transfers\/fermin-lopez-opens-up-my-priority-is-fc-barcelona_314563_102.html#primaryimage"},"image":{"@id":"https:\/\/www.fcbarcelonanoticias.com\/en\/transfers\/fermin-lopez-opens-up-my-priority-is-fc-barcelona_314563_102.html#primaryimage"},"thumbnailUrl":"https:\/\/www.fcbarcelonanoticias.com\/en\/wp-content\/uploads\/sites\/2\/2025\/09\/fermin-lopez-trofeo-joan-gamper-2025.webp","datePublished":"2025-09-02T21:05:00+00:00","dateModified":"2026-04-06T16:29:00+00:00","author":{"@id":"https:\/\/www.fcbarcelonanoticias.com\/en\/#\/schema\/person\/39761ea2391570375f2432c5a3f475e6"},"description":"Discover why Ferm\u00edn L\u00f3pez rejected millionaire offers and chose to stay at Bar\u00e7a. His reasons will surprise you!","breadcrumb":{"@id":"https:\/\/www.fcbarcelonanoticias.com\/en\/transfers\/fermin-lopez-opens-up-my-priority-is-fc-barcelona_314563_102.html#breadcrumb"},"inLanguage":"en-US","potentialAction":[{"@type":"ReadAction","target":["https:\/\/www.fcbarcelonanoticias.com\/en\/transfers\/fermin-lopez-opens-up-my-priority-is-fc-barcelona_314563_102.html"]}]},{"@type":"ImageObject","inLanguage":"en-US","@id":"https:\/\/www.fcbarcelonanoticias.com\/en\/transfers\/fermin-lopez-opens-up-my-priority-is-fc-barcelona_314563_102.html#primaryimage","url":"https:\/\/www.fcbarcelonanoticias.com\/en\/wp-content\/uploads\/sites\/2\/2025\/09\/fermin-lopez-trofeo-joan-gamper-2025.webp","contentUrl":"https:\/\/www.fcbarcelonanoticias.com\/en\/wp-content\/uploads\/sites\/2\/2025\/09\/fermin-lopez-trofeo-joan-gamper-2025.webp","width":1200,"height":675},{"@type":"BreadcrumbList","@id":"https:\/\/www.fcbarcelonanoticias.com\/en\/transfers\/fermin-lopez-opens-up-my-priority-is-fc-barcelona_314563_102.html#breadcrumb","itemListElement":[{"@type":"ListItem","position":1,"name":"Portada","item":"https:\/\/www.fcbarcelonanoticias.com\/en\/"},{"@type":"ListItem","position":2,"name":"Ferm\u00edn L\u00f3pez and his future in Barcelona: &#8220;I always had the idea of staying&#8221;"}]},{"@type":"WebSite","@id":"https:\/\/www.fcbarcelonanoticias.com\/en\/#website","url":"https:\/\/www.fcbarcelonanoticias.com\/en\/","name":"EN - FC Barcelona Noticias","description":"","potentialAction":[{"@type":"SearchAction","target":{"@type":"EntryPoint","urlTemplate":"https:\/\/www.fcbarcelonanoticias.com\/en\/?s={search_term_string}"},"query-input":{"@type":"PropertyValueSpecification","valueRequired":true,"valueName":"search_term_string"}}],"inLanguage":"en-US"},{"@type":"Person","@id":"https:\/\/www.fcbarcelonanoticias.com\/en\/#\/schema\/person\/39761ea2391570375f2432c5a3f475e6","name":"Martina Dom\u00ednguez","image":{"@type":"ImageObject","inLanguage":"en-US","@id":"https:\/\/secure.gravatar.com\/avatar\/?s=96&d=mm&r=g","url":"https:\/\/secure.gravatar.com\/avatar\/?s=96&d=mm&r=g","contentUrl":"https:\/\/secure.gravatar.com\/avatar\/?s=96&d=mm&r=g","caption":"Martina Dom\u00ednguez"},"description":"Martina cubre\u00a0la actualidad del FC Barcelona, con especial atenci\u00f3n al f\u00fatbol femenino\u00a0y al mercado de fichajes. Su estilo es din\u00e1mico, cercano y con gran sensibilidad.","url":"https:\/\/www.fcbarcelonanoticias.com\/en\/fc-barcelona\/martina-dominguez_31_115.html"}]}},"_links":{"self":[{"href":"https:\/\/www.fcbarcelonanoticias.com\/en\/wp-json\/wp\/v2\/posts\/98277","targetHints":{"allow":["GET"]}}],"collection":[{"href":"https:\/\/www.fcbarcelonanoticias.com\/en\/wp-json\/wp\/v2\/posts"}],"about":[{"href":"https:\/\/www.fcbarcelonanoticias.com\/en\/wp-json\/wp\/v2\/types\/post"}],"author":[{"embeddable":true,"href":"https:\/\/www.fcbarcelonanoticias.com\/en\/wp-json\/wp\/v2\/users\/361"}],"replies":[{"embeddable":true,"href":"https:\/\/www.fcbarcelonanoticias.com\/en\/wp-json\/wp\/v2\/comments?post=98277"}],"version-history":[{"count":2,"href":"https:\/\/www.fcbarcelonanoticias.com\/en\/wp-json\/wp\/v2\/posts\/98277\/revisions"}],"predecessor-version":[{"id":162285,"href":"https:\/\/www.fcbarcelonanoticias.com\/en\/wp-json\/wp\/v2\/posts\/98277\/revisions\/162285"}],"wp:featuredmedia":[{"embeddable":true,"href":"https:\/\/www.fcbarcelonanoticias.com\/en\/wp-json\/wp\/v2\/media\/98287"}],"wp:attachment":[{"href":"https:\/\/www.fcbarcelonanoticias.com\/en\/wp-json\/wp\/v2\/media?parent=98277"}],"wp:term":[{"taxonomy":"category","embeddable":true,"href":"https:\/\/www.fcbarcelonanoticias.com\/en\/wp-json\/wp\/v2\/categories?post=98277"},{"taxonomy":"post_tag","embeddable":true,"href":"https:\/\/www.fcbarcelonanoticias.com\/en\/wp-json\/wp\/v2\/tags?post=98277"}],"curies":[{"name":"wp","href":"https:\/\/api.w.org\/{rel}","templated":true}]}}