{"id":98314,"date":"2025-04-07T02:06:00","date_gmt":"2025-04-07T00:06:00","guid":{"rendered":"https:\/\/weisetech.dev\/fc-barcelona-noticias\/en\/is-psg-taking-balde-barcelona-faces-tough-decision-fcbn_312002_102\/"},"modified":"2025-04-07T05:39:00","modified_gmt":"2025-04-07T03:39:00","slug":"is-psg-taking-balde-barcelona-faces-tough-decision-fcbn_312002_102","status":"publish","type":"post","link":"https:\/\/www.fcbarcelonanoticias.com\/en\/transfers\/is-psg-taking-balde-barcelona-faces-tough-decision-fcbn_312002_102.html","title":{"rendered":"PSG Pushes for Balde and Bar\u00e7a Hesitates: Is a Cul\u00e9 Promise Leaving?"},"content":{"rendered":"<h2 class=\"wp-block-heading\">PSG is willing to spend up to 100 million euros on Alejandro Balde, but Bar\u00e7a does not intend to negotiate for the left-back<\/h2>  \r\n<div class=\"article-addons\">\r\n    <a href=\"https:\/\/www.fcbarcelonanoticias.com\/en\/calendar-fc-barcelona.html\"\r\n       target=\"_self\"\r\n       title=\"Calendar of FC Barcelona\"\r\n       class=\"blue-gredient-btn\">\r\n       \r\n        Calendar of FC Barcelona    <\/a>\r\n<\/div>   <p>With less than two months until the closure of the 2024-25 season, several FC Barcelona players are on the radar of Paris Saint-Germain. <strong>In addition to the well-known interest in Gavi and <a data-external=\"0\" data-intl-links-en=\"https:\/\/www.fcbarcelonanoticias.com\/en\/transfers\/psg-denies-having-made-an-astronomical-offer-to-barcelona-for-lamine-yamal_308715_102.html\" data-intl-links-es=\"https:\/\/www.fcbarcelonanoticias.com\/fichajes\/psg-desmiente-haber-hecho-oferta-astronomica-barcelona-por-lamine-yamal_308715_102.html\" href=\"https:\/\/www.fcbarcelonanoticias.com\/en\/transfers\/psg-denies-having-made-an-astronomical-offer-to-barcelona-for-lamine-yamal_308715_102.html\" rel=\"follow\" target=\"_self\" title=\"PSG denies having made an 'astronomical' offer to sign Lamine Yamal\">Nasser Al-Khela\u00effi&#8217;s aspirations for Lamine Yamal<\/a><\/strong>, Luis Enrique has also set his sights on Alejandro Balde, one of the cul\u00e9 internationals that the Asturian coach debuted with Spain during his time with La Roja.<\/p>  <p>In France, the latest reports indicate that <strong>PSG could go for Balde if Nuno Mendes decides to leave the club this summer<\/strong>. The Portuguese defender has a contract until June 2029, following his recent renewal, but several &#8216;top&#8217; teams are interested in the Portuguese, including Real Madrid and Manchester United. Mendes could leave around 60-70 million euros in PSG&#8217;s coffers, enough money to tempt Bar\u00e7a for \u00c1lex.<\/p>  <p>Although the Catalan defender has a contract until 2028 and a release clause of 1,000 &#8216;kilos&#8217;. However, <strong>PSG&#8217;s idea is to put 100M \u20ac on the table to secure his transfer<\/strong>, as long as Nuno decides to leave. Luis Enrique is well aware of Bar\u00e7a&#8217;s financial situation and the potential of the 21-year-old left-back, so he would try to convince him to change scenery with an offer that satisfies all parties.<\/p>  <h2>Balde is non-transferable for Bar\u00e7a, for now<\/h2>  <p>However, Bar\u00e7a knows that it must part with at least a couple of players to raise funds and strengthen itself without issues next summer, but Balde is not on the list of transferables. The club has full confidence in the &#8216;3&#8217;, <strong>beyond the fact that signing another player for his position is not ruled out<\/strong>. The idea of the management and coaching staff is to bring in another left-back capable of competing for the position with \u00c1lex, without this implying giving up his services.<\/p>  <p>This season, <strong>Balde has 1 goal and 8 assists in 41 matches (3,160 minutes)<\/strong>, being a key piece in Hansi Flick&#8217;s scheme. Besides PSG, <a data-external=\"0\" data-intl-links-en=\"https:\/\/www.fcbarcelonanoticias.com\/en\/transfers\/surprise-alejandro-balde-could-join-manchester-united-discover-details_311830_102.html\" data-intl-links-es=\"https:\/\/www.fcbarcelonanoticias.com\/fichajes\/alejandro-balde-united-todo-necesitas-saber-sobre-este-posible-fichaje_311830_102.html\" href=\"https:\/\/www.fcbarcelonanoticias.com\/en\/transfers\/surprise-alejandro-balde-could-join-manchester-united-discover-details_311830_102.html\" rel=\"follow\" target=\"_self\" title=\"Could Alejandro Balde go to United? Everything you need to know about this possible signing\">Manchester United could also make a tempting offer for the Spanish defender<\/a>. Barcelona would only part with one of its undisputed starters in case of extreme urgency, for example, if LaLiga excludes the 100 million euros obtained from the sale of VIP boxes at Spotify Camp Nou from the 24-25 exercise.&nbsp;<\/p> ","protected":false},"excerpt":{"rendered":"<p>PSG is willing to spend up to 100 million euros on Alejandro Balde, but Bar\u00e7a does not intend to negotiate for the left-back With less than two months until the closure of the 2024-25 season, several FC Barcelona players are on the radar of Paris Saint-Germain. In addition to the well-known interest in Gavi and [&hellip;]<\/p>\n","protected":false},"author":347,"featured_media":98329,"comment_status":"closed","ping_status":"open","sticky":false,"template":"","format":"standard","meta":{"_acf_changed":false,"inline_featured_image":false,"_nextfly_llmd_date_locked":false,"footnotes":""},"categories":[449,106],"tags":[148,88,261],"class_list":["post-98314","post","type-post","status-publish","format-standard","has-post-thumbnail","hentry","category-transfers-2","category-transfers","tag-luis-enrique","tag-paris-saint-germain","tag-football-transfer-rumors"],"acf":[],"yoast_head":"<!-- This site is optimized with the Yoast SEO plugin v27.3 - https:\/\/yoast.com\/product\/yoast-seo-wordpress\/ -->\n<title>Is PSG Taking Balde? Bar\u00e7a Faces a Tough Decision | FCBN<\/title>\n<meta name=\"description\" content=\"Balde, the young talent from Bar\u00e7a, in PSG&#039;s sights: what will happen?\" \/>\n<meta name=\"robots\" content=\"index, follow, max-snippet:-1, max-image-preview:large, max-video-preview:-1\" \/>\n<link rel=\"canonical\" href=\"https:\/\/www.fcbarcelonanoticias.com\/en\/transfers\/is-psg-taking-balde-barcelona-faces-tough-decision-fcbn_312002_102.html\" \/>\n<meta property=\"og:locale\" content=\"en_US\" \/>\n<meta property=\"og:type\" content=\"article\" \/>\n<meta property=\"og:title\" content=\"Is PSG Taking Balde? Bar\u00e7a Faces a Tough Decision | FCBN\" \/>\n<meta property=\"og:description\" content=\"Balde, the young talent from Bar\u00e7a, in PSG&#039;s sights: what will happen?\" \/>\n<meta property=\"og:url\" content=\"https:\/\/www.fcbarcelonanoticias.com\/en\/transfers\/is-psg-taking-balde-barcelona-faces-tough-decision-fcbn_312002_102.html\" \/>\n<meta property=\"og:site_name\" content=\"EN - FC Barcelona Noticias\" \/>\n<meta property=\"article:published_time\" content=\"2025-04-07T00:06:00+00:00\" \/>\n<meta property=\"article:modified_time\" content=\"2025-04-07T03:39:00+00:00\" \/>\n<meta property=\"og:image\" content=\"https:\/\/www.fcbarcelonanoticias.com\/en\/wp-content\/uploads\/sites\/2\/2025\/04\/alejandro-balde-v-alaves.jpeg\" \/>\n\t<meta property=\"og:image:width\" content=\"1200\" \/>\n\t<meta property=\"og:image:height\" content=\"675\" \/>\n\t<meta property=\"og:image:type\" content=\"image\/jpeg\" \/>\n<meta name=\"author\" content=\"Andr\u00e9s Quiroz\" \/>\n<meta name=\"twitter:card\" content=\"summary_large_image\" \/>\n<meta name=\"twitter:label1\" content=\"Written by\" \/>\n\t<meta name=\"twitter:data1\" content=\"Andr\u00e9s Quiroz\" \/>\n\t<meta name=\"twitter:label2\" content=\"Est. reading time\" \/>\n\t<meta name=\"twitter:data2\" content=\"2 minutes\" \/>\n<script type=\"application\/ld+json\" class=\"yoast-schema-graph\">{\"@context\":\"https:\\\/\\\/schema.org\",\"@graph\":[{\"@type\":\"Article\",\"@id\":\"https:\\\/\\\/www.fcbarcelonanoticias.com\\\/en\\\/transfers\\\/is-psg-taking-balde-barcelona-faces-tough-decision-fcbn_312002_102.html#article\",\"isPartOf\":{\"@id\":\"https:\\\/\\\/www.fcbarcelonanoticias.com\\\/en\\\/transfers\\\/is-psg-taking-balde-barcelona-faces-tough-decision-fcbn_312002_102.html\"},\"author\":{\"name\":\"Andr\u00e9s Quiroz\",\"@id\":\"https:\\\/\\\/www.fcbarcelonanoticias.com\\\/en\\\/#\\\/schema\\\/person\\\/c2cd9f6fa1af5c0d0eccd0fefa575c88\"},\"headline\":\"PSG Pushes for Balde and Bar\u00e7a Hesitates: Is a Cul\u00e9 Promise Leaving?\",\"datePublished\":\"2025-04-07T00:06:00+00:00\",\"dateModified\":\"2025-04-07T03:39:00+00:00\",\"mainEntityOfPage\":{\"@id\":\"https:\\\/\\\/www.fcbarcelonanoticias.com\\\/en\\\/transfers\\\/is-psg-taking-balde-barcelona-faces-tough-decision-fcbn_312002_102.html\"},\"wordCount\":407,\"image\":{\"@id\":\"https:\\\/\\\/www.fcbarcelonanoticias.com\\\/en\\\/transfers\\\/is-psg-taking-balde-barcelona-faces-tough-decision-fcbn_312002_102.html#primaryimage\"},\"thumbnailUrl\":\"https:\\\/\\\/www.fcbarcelonanoticias.com\\\/en\\\/wp-content\\\/uploads\\\/sites\\\/2\\\/2025\\\/04\\\/alejandro-balde-v-alaves.jpeg\",\"keywords\":[\"Luis Enrique\",\"Paris Saint-Germain\",\"Transfer Rumors\"],\"articleSection\":[\"Transfers\",\"Transfers\"],\"inLanguage\":\"en-US\"},{\"@type\":\"WebPage\",\"@id\":\"https:\\\/\\\/www.fcbarcelonanoticias.com\\\/en\\\/transfers\\\/is-psg-taking-balde-barcelona-faces-tough-decision-fcbn_312002_102.html\",\"url\":\"https:\\\/\\\/www.fcbarcelonanoticias.com\\\/en\\\/transfers\\\/is-psg-taking-balde-barcelona-faces-tough-decision-fcbn_312002_102.html\",\"name\":\"Is PSG Taking Balde? Bar\u00e7a Faces a Tough Decision | FCBN\",\"isPartOf\":{\"@id\":\"https:\\\/\\\/www.fcbarcelonanoticias.com\\\/en\\\/#website\"},\"primaryImageOfPage\":{\"@id\":\"https:\\\/\\\/www.fcbarcelonanoticias.com\\\/en\\\/transfers\\\/is-psg-taking-balde-barcelona-faces-tough-decision-fcbn_312002_102.html#primaryimage\"},\"image\":{\"@id\":\"https:\\\/\\\/www.fcbarcelonanoticias.com\\\/en\\\/transfers\\\/is-psg-taking-balde-barcelona-faces-tough-decision-fcbn_312002_102.html#primaryimage\"},\"thumbnailUrl\":\"https:\\\/\\\/www.fcbarcelonanoticias.com\\\/en\\\/wp-content\\\/uploads\\\/sites\\\/2\\\/2025\\\/04\\\/alejandro-balde-v-alaves.jpeg\",\"datePublished\":\"2025-04-07T00:06:00+00:00\",\"dateModified\":\"2025-04-07T03:39:00+00:00\",\"author\":{\"@id\":\"https:\\\/\\\/www.fcbarcelonanoticias.com\\\/en\\\/#\\\/schema\\\/person\\\/c2cd9f6fa1af5c0d0eccd0fefa575c88\"},\"description\":\"Balde, the young talent from Bar\u00e7a, in PSG's sights: what will happen?\",\"breadcrumb\":{\"@id\":\"https:\\\/\\\/www.fcbarcelonanoticias.com\\\/en\\\/transfers\\\/is-psg-taking-balde-barcelona-faces-tough-decision-fcbn_312002_102.html#breadcrumb\"},\"inLanguage\":\"en-US\",\"potentialAction\":[{\"@type\":\"ReadAction\",\"target\":[\"https:\\\/\\\/www.fcbarcelonanoticias.com\\\/en\\\/transfers\\\/is-psg-taking-balde-barcelona-faces-tough-decision-fcbn_312002_102.html\"]}]},{\"@type\":\"ImageObject\",\"inLanguage\":\"en-US\",\"@id\":\"https:\\\/\\\/www.fcbarcelonanoticias.com\\\/en\\\/transfers\\\/is-psg-taking-balde-barcelona-faces-tough-decision-fcbn_312002_102.html#primaryimage\",\"url\":\"https:\\\/\\\/www.fcbarcelonanoticias.com\\\/en\\\/wp-content\\\/uploads\\\/sites\\\/2\\\/2025\\\/04\\\/alejandro-balde-v-alaves.jpeg\",\"contentUrl\":\"https:\\\/\\\/www.fcbarcelonanoticias.com\\\/en\\\/wp-content\\\/uploads\\\/sites\\\/2\\\/2025\\\/04\\\/alejandro-balde-v-alaves.jpeg\",\"width\":1200,\"height\":675},{\"@type\":\"BreadcrumbList\",\"@id\":\"https:\\\/\\\/www.fcbarcelonanoticias.com\\\/en\\\/transfers\\\/is-psg-taking-balde-barcelona-faces-tough-decision-fcbn_312002_102.html#breadcrumb\",\"itemListElement\":[{\"@type\":\"ListItem\",\"position\":1,\"name\":\"Portada\",\"item\":\"https:\\\/\\\/www.fcbarcelonanoticias.com\\\/en\\\/\"},{\"@type\":\"ListItem\",\"position\":2,\"name\":\"PSG Pushes for Balde and Bar\u00e7a Hesitates: Is a Cul\u00e9 Promise Leaving?\"}]},{\"@type\":\"WebSite\",\"@id\":\"https:\\\/\\\/www.fcbarcelonanoticias.com\\\/en\\\/#website\",\"url\":\"https:\\\/\\\/www.fcbarcelonanoticias.com\\\/en\\\/\",\"name\":\"EN - FC Barcelona Noticias\",\"description\":\"\",\"potentialAction\":[{\"@type\":\"SearchAction\",\"target\":{\"@type\":\"EntryPoint\",\"urlTemplate\":\"https:\\\/\\\/www.fcbarcelonanoticias.com\\\/en\\\/?s={search_term_string}\"},\"query-input\":{\"@type\":\"PropertyValueSpecification\",\"valueRequired\":true,\"valueName\":\"search_term_string\"}}],\"inLanguage\":\"en-US\"},{\"@type\":\"Person\",\"@id\":\"https:\\\/\\\/www.fcbarcelonanoticias.com\\\/en\\\/#\\\/schema\\\/person\\\/c2cd9f6fa1af5c0d0eccd0fefa575c88\",\"name\":\"Andr\u00e9s Quiroz\",\"image\":{\"@type\":\"ImageObject\",\"inLanguage\":\"en-US\",\"@id\":\"https:\\\/\\\/secure.gravatar.com\\\/avatar\\\/?s=96&d=mm&r=g\",\"url\":\"https:\\\/\\\/secure.gravatar.com\\\/avatar\\\/?s=96&d=mm&r=g\",\"contentUrl\":\"https:\\\/\\\/secure.gravatar.com\\\/avatar\\\/?s=96&d=mm&r=g\",\"caption\":\"Andr\u00e9s Quiroz\"},\"description\":\"Licenciado en Periodismo por la Universidad de los Andes. Me encargo de analizar y compartir los contenidos m\u00e1s destacados de la\u00a0actualidad del F\u00fatbol Club Barcelona, Mercado de Fichajes y F\u00fatbol Internacional en FCBN. La informaci\u00f3n es poder, pero tambi\u00e9n conocimiento.\",\"url\":\"https:\\\/\\\/www.fcbarcelonanoticias.com\\\/en\\\/fc-barcelona\\\/andres-quiroz_17_115.html\"}]}<\/script>\n<!-- \/ Yoast SEO plugin. -->","yoast_head_json":{"title":"Is PSG Taking Balde? Bar\u00e7a Faces a Tough Decision | FCBN","description":"Balde, the young talent from Bar\u00e7a, in PSG's sights: what will happen?","robots":{"index":"index","follow":"follow","max-snippet":"max-snippet:-1","max-image-preview":"max-image-preview:large","max-video-preview":"max-video-preview:-1"},"canonical":"https:\/\/www.fcbarcelonanoticias.com\/en\/transfers\/is-psg-taking-balde-barcelona-faces-tough-decision-fcbn_312002_102.html","og_locale":"en_US","og_type":"article","og_title":"Is PSG Taking Balde? Bar\u00e7a Faces a Tough Decision | FCBN","og_description":"Balde, the young talent from Bar\u00e7a, in PSG's sights: what will happen?","og_url":"https:\/\/www.fcbarcelonanoticias.com\/en\/transfers\/is-psg-taking-balde-barcelona-faces-tough-decision-fcbn_312002_102.html","og_site_name":"EN - FC Barcelona Noticias","article_published_time":"2025-04-07T00:06:00+00:00","article_modified_time":"2025-04-07T03:39:00+00:00","og_image":[{"width":1200,"height":675,"url":"https:\/\/www.fcbarcelonanoticias.com\/en\/wp-content\/uploads\/sites\/2\/2025\/04\/alejandro-balde-v-alaves.jpeg","type":"image\/jpeg"}],"author":"Andr\u00e9s Quiroz","twitter_card":"summary_large_image","twitter_misc":{"Written by":"Andr\u00e9s Quiroz","Est. reading time":"2 minutes"},"schema":{"@context":"https:\/\/schema.org","@graph":[{"@type":"Article","@id":"https:\/\/www.fcbarcelonanoticias.com\/en\/transfers\/is-psg-taking-balde-barcelona-faces-tough-decision-fcbn_312002_102.html#article","isPartOf":{"@id":"https:\/\/www.fcbarcelonanoticias.com\/en\/transfers\/is-psg-taking-balde-barcelona-faces-tough-decision-fcbn_312002_102.html"},"author":{"name":"Andr\u00e9s Quiroz","@id":"https:\/\/www.fcbarcelonanoticias.com\/en\/#\/schema\/person\/c2cd9f6fa1af5c0d0eccd0fefa575c88"},"headline":"PSG Pushes for Balde and Bar\u00e7a Hesitates: Is a Cul\u00e9 Promise Leaving?","datePublished":"2025-04-07T00:06:00+00:00","dateModified":"2025-04-07T03:39:00+00:00","mainEntityOfPage":{"@id":"https:\/\/www.fcbarcelonanoticias.com\/en\/transfers\/is-psg-taking-balde-barcelona-faces-tough-decision-fcbn_312002_102.html"},"wordCount":407,"image":{"@id":"https:\/\/www.fcbarcelonanoticias.com\/en\/transfers\/is-psg-taking-balde-barcelona-faces-tough-decision-fcbn_312002_102.html#primaryimage"},"thumbnailUrl":"https:\/\/www.fcbarcelonanoticias.com\/en\/wp-content\/uploads\/sites\/2\/2025\/04\/alejandro-balde-v-alaves.jpeg","keywords":["Luis Enrique","Paris Saint-Germain","Transfer Rumors"],"articleSection":["Transfers","Transfers"],"inLanguage":"en-US"},{"@type":"WebPage","@id":"https:\/\/www.fcbarcelonanoticias.com\/en\/transfers\/is-psg-taking-balde-barcelona-faces-tough-decision-fcbn_312002_102.html","url":"https:\/\/www.fcbarcelonanoticias.com\/en\/transfers\/is-psg-taking-balde-barcelona-faces-tough-decision-fcbn_312002_102.html","name":"Is PSG Taking Balde? Bar\u00e7a Faces a Tough Decision | FCBN","isPartOf":{"@id":"https:\/\/www.fcbarcelonanoticias.com\/en\/#website"},"primaryImageOfPage":{"@id":"https:\/\/www.fcbarcelonanoticias.com\/en\/transfers\/is-psg-taking-balde-barcelona-faces-tough-decision-fcbn_312002_102.html#primaryimage"},"image":{"@id":"https:\/\/www.fcbarcelonanoticias.com\/en\/transfers\/is-psg-taking-balde-barcelona-faces-tough-decision-fcbn_312002_102.html#primaryimage"},"thumbnailUrl":"https:\/\/www.fcbarcelonanoticias.com\/en\/wp-content\/uploads\/sites\/2\/2025\/04\/alejandro-balde-v-alaves.jpeg","datePublished":"2025-04-07T00:06:00+00:00","dateModified":"2025-04-07T03:39:00+00:00","author":{"@id":"https:\/\/www.fcbarcelonanoticias.com\/en\/#\/schema\/person\/c2cd9f6fa1af5c0d0eccd0fefa575c88"},"description":"Balde, the young talent from Bar\u00e7a, in PSG's sights: what will happen?","breadcrumb":{"@id":"https:\/\/www.fcbarcelonanoticias.com\/en\/transfers\/is-psg-taking-balde-barcelona-faces-tough-decision-fcbn_312002_102.html#breadcrumb"},"inLanguage":"en-US","potentialAction":[{"@type":"ReadAction","target":["https:\/\/www.fcbarcelonanoticias.com\/en\/transfers\/is-psg-taking-balde-barcelona-faces-tough-decision-fcbn_312002_102.html"]}]},{"@type":"ImageObject","inLanguage":"en-US","@id":"https:\/\/www.fcbarcelonanoticias.com\/en\/transfers\/is-psg-taking-balde-barcelona-faces-tough-decision-fcbn_312002_102.html#primaryimage","url":"https:\/\/www.fcbarcelonanoticias.com\/en\/wp-content\/uploads\/sites\/2\/2025\/04\/alejandro-balde-v-alaves.jpeg","contentUrl":"https:\/\/www.fcbarcelonanoticias.com\/en\/wp-content\/uploads\/sites\/2\/2025\/04\/alejandro-balde-v-alaves.jpeg","width":1200,"height":675},{"@type":"BreadcrumbList","@id":"https:\/\/www.fcbarcelonanoticias.com\/en\/transfers\/is-psg-taking-balde-barcelona-faces-tough-decision-fcbn_312002_102.html#breadcrumb","itemListElement":[{"@type":"ListItem","position":1,"name":"Portada","item":"https:\/\/www.fcbarcelonanoticias.com\/en\/"},{"@type":"ListItem","position":2,"name":"PSG Pushes for Balde and Bar\u00e7a Hesitates: Is a Cul\u00e9 Promise Leaving?"}]},{"@type":"WebSite","@id":"https:\/\/www.fcbarcelonanoticias.com\/en\/#website","url":"https:\/\/www.fcbarcelonanoticias.com\/en\/","name":"EN - FC Barcelona Noticias","description":"","potentialAction":[{"@type":"SearchAction","target":{"@type":"EntryPoint","urlTemplate":"https:\/\/www.fcbarcelonanoticias.com\/en\/?s={search_term_string}"},"query-input":{"@type":"PropertyValueSpecification","valueRequired":true,"valueName":"search_term_string"}}],"inLanguage":"en-US"},{"@type":"Person","@id":"https:\/\/www.fcbarcelonanoticias.com\/en\/#\/schema\/person\/c2cd9f6fa1af5c0d0eccd0fefa575c88","name":"Andr\u00e9s Quiroz","image":{"@type":"ImageObject","inLanguage":"en-US","@id":"https:\/\/secure.gravatar.com\/avatar\/?s=96&d=mm&r=g","url":"https:\/\/secure.gravatar.com\/avatar\/?s=96&d=mm&r=g","contentUrl":"https:\/\/secure.gravatar.com\/avatar\/?s=96&d=mm&r=g","caption":"Andr\u00e9s Quiroz"},"description":"Licenciado en Periodismo por la Universidad de los Andes. Me encargo de analizar y compartir los contenidos m\u00e1s destacados de la\u00a0actualidad del F\u00fatbol Club Barcelona, Mercado de Fichajes y F\u00fatbol Internacional en FCBN. La informaci\u00f3n es poder, pero tambi\u00e9n conocimiento.","url":"https:\/\/www.fcbarcelonanoticias.com\/en\/fc-barcelona\/andres-quiroz_17_115.html"}]}},"_links":{"self":[{"href":"https:\/\/www.fcbarcelonanoticias.com\/en\/wp-json\/wp\/v2\/posts\/98314","targetHints":{"allow":["GET"]}}],"collection":[{"href":"https:\/\/www.fcbarcelonanoticias.com\/en\/wp-json\/wp\/v2\/posts"}],"about":[{"href":"https:\/\/www.fcbarcelonanoticias.com\/en\/wp-json\/wp\/v2\/types\/post"}],"author":[{"embeddable":true,"href":"https:\/\/www.fcbarcelonanoticias.com\/en\/wp-json\/wp\/v2\/users\/347"}],"replies":[{"embeddable":true,"href":"https:\/\/www.fcbarcelonanoticias.com\/en\/wp-json\/wp\/v2\/comments?post=98314"}],"version-history":[{"count":1,"href":"https:\/\/www.fcbarcelonanoticias.com\/en\/wp-json\/wp\/v2\/posts\/98314\/revisions"}],"predecessor-version":[{"id":127460,"href":"https:\/\/www.fcbarcelonanoticias.com\/en\/wp-json\/wp\/v2\/posts\/98314\/revisions\/127460"}],"wp:featuredmedia":[{"embeddable":true,"href":"https:\/\/www.fcbarcelonanoticias.com\/en\/wp-json\/wp\/v2\/media\/98329"}],"wp:attachment":[{"href":"https:\/\/www.fcbarcelonanoticias.com\/en\/wp-json\/wp\/v2\/media?parent=98314"}],"wp:term":[{"taxonomy":"category","embeddable":true,"href":"https:\/\/www.fcbarcelonanoticias.com\/en\/wp-json\/wp\/v2\/categories?post=98314"},{"taxonomy":"post_tag","embeddable":true,"href":"https:\/\/www.fcbarcelonanoticias.com\/en\/wp-json\/wp\/v2\/tags?post=98314"}],"curies":[{"name":"wp","href":"https:\/\/api.w.org\/{rel}","templated":true}]}}