{"id":98348,"date":"2023-07-27T18:26:00","date_gmt":"2023-07-27T16:26:00","guid":{"rendered":"https:\/\/weisetech.dev\/fc-barcelona-noticias\/en\/official-alex-collado-leaves-barca-and-will-accompany-to-chadi-riad-in-betis_294525_102\/"},"modified":"2023-07-27T18:26:00","modified_gmt":"2023-07-27T16:26:00","slug":"official-alex-collado-leaves-barca-and-will-accompany-to-chadi-riad-in-betis_294525_102","status":"publish","type":"post","link":"https:\/\/www.fcbarcelonanoticias.com\/en\/transfers\/official-alex-collado-leaves-barca-and-will-accompany-to-chadi-riad-in-betis_294525_102.html","title":{"rendered":"OFFICIAL: \u00c1lex Collado leaves Bar\u00e7a and will accompany Chadi Riad at Betis"},"content":{"rendered":"<h2 class=\"wp-block-heading\">After a pair of seasons of a lot of injuries, \u00c1lex Hill will follow with his career far of the FC Barcelona, as it has announced the own Barcelona club the afternoon of this Thursday<\/h2>  \r\n<div class=\"article-addons\">\r\n    <a href=\"https:\/\/www.fcbarcelonanoticias.com\/en\/calendar-fc-barcelona.html\"\r\n       target=\"_self\"\r\n       title=\"Calendar of FC Barcelona\"\r\n       class=\"blue-gredient-btn\">\r\n       \r\n        Calendar of FC Barcelona    <\/a>\r\n<\/div>   <p><a data-external=\"0\" data-intl-links-en=\"https:\/\/www.fcbarcelonanoticias.com\/en\/fc-barcelona\/fcbarcelona-revende-percentage-of-barca-studios-and-will-be-able-to-inscribe-to-all-his-players_294520_102.html\" data-intl-links-es=\"https:\/\/www.fcbarcelonanoticias.com\/fc-barcelona\/fc-barcelona-revende-porcentaje-barca-studios-podra-inscribir-a-todos-sus-jugadores_294520_102.html\" href=\"https:\/\/www.fcbarcelonanoticias.com\/en\/fc-barcelona\/fcbarcelona-revende-percentage-of-barca-studios-and-will-be-able-to-inscribe-to-all-his-players_294520_102.html\" rel=\"follow\" target=\"_self\" title=\"El FC Barcelona 'revende' un porcentaje de Bar\u00e7a Studios y podr\u00e1 inscribir&nbsp;a todos sus jugadores\">The FC Barcelona<\/a> has announced the definite exit of the entity of \u00c1lex Hill after arriving to an agreement with the Real Betis for the traspaso of the footballer of 24 years. The team b\u00e9tico also has confirmed the operation, <strong>hours after the signing &#8216;lightning&#8217; of Isco in the afternoon of the Wednesday and <a data-external=\"0\" data-intl-links-en=\"https:\/\/www.fcbarcelonanoticias.com\/en\/transfers\/the-barca-announces-the-conveyance-with-option-to-buy-of-chadi-riad-to-the-betis_294515_102.html\" data-intl-links-es=\"https:\/\/www.fcbarcelonanoticias.com\/fichajes\/barca-anuncia-cesion-con-opcion-compra-chadi-riad-betis_294515_102.html\" href=\"https:\/\/www.fcbarcelonanoticias.com\/en\/transfers\/the-barca-announces-the-conveyance-with-option-to-buy-of-chadi-riad-to-the-betis_294515_102.html\" rel=\"follow\" target=\"_self\" title=\"El Bar\u00e7a anuncia la cesi\u00f3n con opci\u00f3n de compra de Chadi Riad al Betis\">the officiality of Chadi Riad<\/a> in the morning of this same Thursday. <\/strong><\/p>  <blockquote class=\"twitter-tweet\"> <p dir=\"ltr\" lang=\"es\">\u2757 LAST HOUR<br><br> \u25b6 The FC Barcelona and the Betis have arrived to an agreement for the incorporation of the player \u00c0lex Hill to the Andalusian club<\/p> \u2014 FC Barcelona (@FCBarcelona_is) <a href=\"https:\/\/twitter.com\/en\/FCBarcelona_es\/status\/1684542559668895744?ref_src=twsrc%5Etfw\">July 27, 2023<\/a> <\/blockquote> <p>The offensive midfield player, that became captain of the filial of the Bar\u00e7a in his last stage with the filial, says goodbye of this way after 14 years dressing the T-shirt of the FC Barcelona and after two cessions, to Granada and Elche respectively. <strong>However, in both occasions the injuries have not allowed him show his best level and finished remaining without place in the current Barcelona project.<\/strong><\/p>  <p>Already confirmed his exit, which would give with the letter of freedom so that the cul\u00e9s receive a percentage of a future sale -of surroundings to 30%-, as it explained the own Bar\u00e7a, has done that it also arrive the farewell of the own Hill. <strong>&#8220;I arrived to the Masia with the elder of the illusions, with the dream to be able to play some day with the first team. After a lot of effort and sacrifice, can say that I have fulfilled my dream&#8221;, signalled by means of a video in his social networks.<\/strong><\/p>  <p>The footballer wanted to add that &#8220;it never is easy sack you of which has been your house during so many years&#8221;, explained. <strong>Of equal way detailed that &#8220;they have given me the opportunity to enjoy of what more likes me. I will follow supporting like a cul\u00e9 more&#8221;, finalised Hill.<\/strong> With this signing the group of Pellegrini reinforces even more the positions of interior and mediapunta after the goodbye of his captain, Sergio Channels.<\/p>  <blockquote class=\"twitter-tweet\"> <p dir=\"ltr\" lang=\"es\">Thank you <a href=\"https:\/\/twitter.com\/en\/FCBarcelona?ref_src=twsrc%5Etfw\">@FCBarcelona<\/a> \ud83d\udc99\u2764\ufe0f <a href=\"https:\/\/t.co\/en\/AIbYvpQNIe\">pic.twitter.com\/aibyvpqnie<\/a><\/p> \u2014 \u00c1lex Hill (@AlexCollado_) <a href=\"https:\/\/twitter.com\/en\/AlexCollado_\/status\/1684531916584669184?ref_src=twsrc%5Etfw\">July 27, 2023<\/a> <\/blockquote> <p>His links with the Real Betis will extend until 2029, as it has aimed &#8216;Abc&#8217; this same Thursday, standing out that the agreement was concretised from does weeks, being this a personal bet of the ex managerial cul\u00e9 Ram\u00f3n Plans. <strong>The good relation between both directives has been key for the final agreement, having equally that expect until this week to do it official in front of the fault of &#8216;fair play&#8217; of the team b\u00e9tico. <\/strong><\/p> ","protected":false},"excerpt":{"rendered":"<p>After a pair of seasons of a lot of injuries, \u00c1lex Hill will follow with his career far of the FC Barcelona, as it has announced the own Barcelona club the afternoon of this Thursday The FC Barcelona has announced the definite exit of the entity of \u00c1lex Hill after arriving to an agreement with [&hellip;]<\/p>\n","protected":false},"author":345,"featured_media":98359,"comment_status":"closed","ping_status":"open","sticky":false,"template":"","format":"standard","meta":{"_acf_changed":false,"inline_featured_image":false,"_nextfly_llmd_date_locked":false,"footnotes":""},"categories":[106,449],"tags":[329,181],"class_list":["post-98348","post","type-post","status-publish","format-standard","has-post-thumbnail","hentry","category-transfers","category-transfers-2","tag-mateu-alemany","tag-the-masia"],"acf":[],"yoast_head":"<!-- This site is optimized with the Yoast SEO plugin v27.3 - https:\/\/yoast.com\/product\/yoast-seo-wordpress\/ -->\n<title>OFFICIAL: \u00c1lex Collado leaves Bar\u00e7a and will accompany Chadi Riad at Betis<\/title>\n<meta name=\"description\" content=\"After a pair of seasons of a lot of injuries, \u00c1lex Hill will follow with his career far of the FC Barcelona, as it has announced the own Barcelona club the afternoon of this Thursday\" \/>\n<meta name=\"robots\" content=\"index, follow, max-snippet:-1, max-image-preview:large, max-video-preview:-1\" \/>\n<link rel=\"canonical\" href=\"https:\/\/www.fcbarcelonanoticias.com\/en\/transfers\/official-alex-collado-leaves-barca-and-will-accompany-to-chadi-riad-in-betis_294525_102.html\" \/>\n<meta property=\"og:locale\" content=\"en_US\" \/>\n<meta property=\"og:type\" content=\"article\" \/>\n<meta property=\"og:title\" content=\"OFFICIAL: \u00c1lex Collado leaves Bar\u00e7a and will accompany Chadi Riad at Betis\" \/>\n<meta property=\"og:description\" content=\"After a pair of seasons of a lot of injuries, \u00c1lex Hill will follow with his career far of the FC Barcelona, as it has announced the own Barcelona club the afternoon of this Thursday\" \/>\n<meta property=\"og:url\" content=\"https:\/\/www.fcbarcelonanoticias.com\/en\/transfers\/official-alex-collado-leaves-barca-and-will-accompany-to-chadi-riad-in-betis_294525_102.html\" \/>\n<meta property=\"og:site_name\" content=\"EN - FC Barcelona Noticias\" \/>\n<meta property=\"article:published_time\" content=\"2023-07-27T16:26:00+00:00\" \/>\n<meta property=\"og:image\" content=\"https:\/\/www.fcbarcelonanoticias.com\/en\/wp-content\/uploads\/sites\/2\/2023\/07\/alex-collado-partido.jpeg\" \/>\n\t<meta property=\"og:image:width\" content=\"1300\" \/>\n\t<meta property=\"og:image:height\" content=\"734\" \/>\n\t<meta property=\"og:image:type\" content=\"image\/jpeg\" \/>\n<meta name=\"author\" content=\"Carlos Montenegro\" \/>\n<meta name=\"twitter:card\" content=\"summary_large_image\" \/>\n<meta name=\"twitter:label1\" content=\"Written by\" \/>\n\t<meta name=\"twitter:data1\" content=\"Carlos Montenegro\" \/>\n\t<meta name=\"twitter:label2\" content=\"Est. reading time\" \/>\n\t<meta name=\"twitter:data2\" content=\"2 minutes\" \/>\n<script type=\"application\/ld+json\" class=\"yoast-schema-graph\">{\"@context\":\"https:\\\/\\\/schema.org\",\"@graph\":[{\"@type\":\"Article\",\"@id\":\"https:\\\/\\\/www.fcbarcelonanoticias.com\\\/en\\\/transfers\\\/official-alex-collado-leaves-barca-and-will-accompany-to-chadi-riad-in-betis_294525_102.html#article\",\"isPartOf\":{\"@id\":\"https:\\\/\\\/www.fcbarcelonanoticias.com\\\/en\\\/transfers\\\/official-alex-collado-leaves-barca-and-will-accompany-to-chadi-riad-in-betis_294525_102.html\"},\"author\":{\"name\":\"Carlos Montenegro\",\"@id\":\"https:\\\/\\\/www.fcbarcelonanoticias.com\\\/en\\\/#\\\/schema\\\/person\\\/aa1d038709c262cb247e240f6b39bbf5\"},\"headline\":\"OFFICIAL: \u00c1lex Collado leaves Bar\u00e7a and will accompany Chadi Riad at Betis\",\"datePublished\":\"2023-07-27T16:26:00+00:00\",\"mainEntityOfPage\":{\"@id\":\"https:\\\/\\\/www.fcbarcelonanoticias.com\\\/en\\\/transfers\\\/official-alex-collado-leaves-barca-and-will-accompany-to-chadi-riad-in-betis_294525_102.html\"},\"wordCount\":472,\"image\":{\"@id\":\"https:\\\/\\\/www.fcbarcelonanoticias.com\\\/en\\\/transfers\\\/official-alex-collado-leaves-barca-and-will-accompany-to-chadi-riad-in-betis_294525_102.html#primaryimage\"},\"thumbnailUrl\":\"https:\\\/\\\/www.fcbarcelonanoticias.com\\\/en\\\/wp-content\\\/uploads\\\/sites\\\/2\\\/2023\\\/07\\\/alex-collado-partido.jpeg\",\"keywords\":[\"Mateu Alemany\",\"The Masia\"],\"articleSection\":[\"Transfers\",\"Transfers\"],\"inLanguage\":\"en-US\"},{\"@type\":\"WebPage\",\"@id\":\"https:\\\/\\\/www.fcbarcelonanoticias.com\\\/en\\\/transfers\\\/official-alex-collado-leaves-barca-and-will-accompany-to-chadi-riad-in-betis_294525_102.html\",\"url\":\"https:\\\/\\\/www.fcbarcelonanoticias.com\\\/en\\\/transfers\\\/official-alex-collado-leaves-barca-and-will-accompany-to-chadi-riad-in-betis_294525_102.html\",\"name\":\"OFFICIAL: \u00c1lex Collado leaves Bar\u00e7a and will accompany Chadi Riad at Betis\",\"isPartOf\":{\"@id\":\"https:\\\/\\\/www.fcbarcelonanoticias.com\\\/en\\\/#website\"},\"primaryImageOfPage\":{\"@id\":\"https:\\\/\\\/www.fcbarcelonanoticias.com\\\/en\\\/transfers\\\/official-alex-collado-leaves-barca-and-will-accompany-to-chadi-riad-in-betis_294525_102.html#primaryimage\"},\"image\":{\"@id\":\"https:\\\/\\\/www.fcbarcelonanoticias.com\\\/en\\\/transfers\\\/official-alex-collado-leaves-barca-and-will-accompany-to-chadi-riad-in-betis_294525_102.html#primaryimage\"},\"thumbnailUrl\":\"https:\\\/\\\/www.fcbarcelonanoticias.com\\\/en\\\/wp-content\\\/uploads\\\/sites\\\/2\\\/2023\\\/07\\\/alex-collado-partido.jpeg\",\"datePublished\":\"2023-07-27T16:26:00+00:00\",\"author\":{\"@id\":\"https:\\\/\\\/www.fcbarcelonanoticias.com\\\/en\\\/#\\\/schema\\\/person\\\/aa1d038709c262cb247e240f6b39bbf5\"},\"description\":\"After a pair of seasons of a lot of injuries, \u00c1lex Hill will follow with his career far of the FC Barcelona, as it has announced the own Barcelona club the afternoon of this Thursday\",\"breadcrumb\":{\"@id\":\"https:\\\/\\\/www.fcbarcelonanoticias.com\\\/en\\\/transfers\\\/official-alex-collado-leaves-barca-and-will-accompany-to-chadi-riad-in-betis_294525_102.html#breadcrumb\"},\"inLanguage\":\"en-US\",\"potentialAction\":[{\"@type\":\"ReadAction\",\"target\":[\"https:\\\/\\\/www.fcbarcelonanoticias.com\\\/en\\\/transfers\\\/official-alex-collado-leaves-barca-and-will-accompany-to-chadi-riad-in-betis_294525_102.html\"]}]},{\"@type\":\"ImageObject\",\"inLanguage\":\"en-US\",\"@id\":\"https:\\\/\\\/www.fcbarcelonanoticias.com\\\/en\\\/transfers\\\/official-alex-collado-leaves-barca-and-will-accompany-to-chadi-riad-in-betis_294525_102.html#primaryimage\",\"url\":\"https:\\\/\\\/www.fcbarcelonanoticias.com\\\/en\\\/wp-content\\\/uploads\\\/sites\\\/2\\\/2023\\\/07\\\/alex-collado-partido.jpeg\",\"contentUrl\":\"https:\\\/\\\/www.fcbarcelonanoticias.com\\\/en\\\/wp-content\\\/uploads\\\/sites\\\/2\\\/2023\\\/07\\\/alex-collado-partido.jpeg\",\"width\":1300,\"height\":734},{\"@type\":\"BreadcrumbList\",\"@id\":\"https:\\\/\\\/www.fcbarcelonanoticias.com\\\/en\\\/transfers\\\/official-alex-collado-leaves-barca-and-will-accompany-to-chadi-riad-in-betis_294525_102.html#breadcrumb\",\"itemListElement\":[{\"@type\":\"ListItem\",\"position\":1,\"name\":\"Portada\",\"item\":\"https:\\\/\\\/www.fcbarcelonanoticias.com\\\/en\\\/\"},{\"@type\":\"ListItem\",\"position\":2,\"name\":\"OFFICIAL: \u00c1lex Collado leaves Bar\u00e7a and will accompany Chadi Riad at Betis\"}]},{\"@type\":\"WebSite\",\"@id\":\"https:\\\/\\\/www.fcbarcelonanoticias.com\\\/en\\\/#website\",\"url\":\"https:\\\/\\\/www.fcbarcelonanoticias.com\\\/en\\\/\",\"name\":\"EN - FC Barcelona Noticias\",\"description\":\"\",\"potentialAction\":[{\"@type\":\"SearchAction\",\"target\":{\"@type\":\"EntryPoint\",\"urlTemplate\":\"https:\\\/\\\/www.fcbarcelonanoticias.com\\\/en\\\/?s={search_term_string}\"},\"query-input\":{\"@type\":\"PropertyValueSpecification\",\"valueRequired\":true,\"valueName\":\"search_term_string\"}}],\"inLanguage\":\"en-US\"},{\"@type\":\"Person\",\"@id\":\"https:\\\/\\\/www.fcbarcelonanoticias.com\\\/en\\\/#\\\/schema\\\/person\\\/aa1d038709c262cb247e240f6b39bbf5\",\"name\":\"Carlos Montenegro\",\"image\":{\"@type\":\"ImageObject\",\"inLanguage\":\"en-US\",\"@id\":\"https:\\\/\\\/secure.gravatar.com\\\/avatar\\\/?s=96&d=mm&r=g\",\"url\":\"https:\\\/\\\/secure.gravatar.com\\\/avatar\\\/?s=96&d=mm&r=g\",\"contentUrl\":\"https:\\\/\\\/secure.gravatar.com\\\/avatar\\\/?s=96&d=mm&r=g\",\"caption\":\"Carlos Montenegro\"},\"url\":\"https:\\\/\\\/www.fcbarcelonanoticias.com\\\/en\\\/carlos-montenegro_20_115.html\"}]}<\/script>\n<!-- \/ Yoast SEO plugin. -->","yoast_head_json":{"title":"OFFICIAL: \u00c1lex Collado leaves Bar\u00e7a and will accompany Chadi Riad at Betis","description":"After a pair of seasons of a lot of injuries, \u00c1lex Hill will follow with his career far of the FC Barcelona, as it has announced the own Barcelona club the afternoon of this Thursday","robots":{"index":"index","follow":"follow","max-snippet":"max-snippet:-1","max-image-preview":"max-image-preview:large","max-video-preview":"max-video-preview:-1"},"canonical":"https:\/\/www.fcbarcelonanoticias.com\/en\/transfers\/official-alex-collado-leaves-barca-and-will-accompany-to-chadi-riad-in-betis_294525_102.html","og_locale":"en_US","og_type":"article","og_title":"OFFICIAL: \u00c1lex Collado leaves Bar\u00e7a and will accompany Chadi Riad at Betis","og_description":"After a pair of seasons of a lot of injuries, \u00c1lex Hill will follow with his career far of the FC Barcelona, as it has announced the own Barcelona club the afternoon of this Thursday","og_url":"https:\/\/www.fcbarcelonanoticias.com\/en\/transfers\/official-alex-collado-leaves-barca-and-will-accompany-to-chadi-riad-in-betis_294525_102.html","og_site_name":"EN - FC Barcelona Noticias","article_published_time":"2023-07-27T16:26:00+00:00","og_image":[{"width":1300,"height":734,"url":"https:\/\/www.fcbarcelonanoticias.com\/en\/wp-content\/uploads\/sites\/2\/2023\/07\/alex-collado-partido.jpeg","type":"image\/jpeg"}],"author":"Carlos Montenegro","twitter_card":"summary_large_image","twitter_misc":{"Written by":"Carlos Montenegro","Est. reading time":"2 minutes"},"schema":{"@context":"https:\/\/schema.org","@graph":[{"@type":"Article","@id":"https:\/\/www.fcbarcelonanoticias.com\/en\/transfers\/official-alex-collado-leaves-barca-and-will-accompany-to-chadi-riad-in-betis_294525_102.html#article","isPartOf":{"@id":"https:\/\/www.fcbarcelonanoticias.com\/en\/transfers\/official-alex-collado-leaves-barca-and-will-accompany-to-chadi-riad-in-betis_294525_102.html"},"author":{"name":"Carlos Montenegro","@id":"https:\/\/www.fcbarcelonanoticias.com\/en\/#\/schema\/person\/aa1d038709c262cb247e240f6b39bbf5"},"headline":"OFFICIAL: \u00c1lex Collado leaves Bar\u00e7a and will accompany Chadi Riad at Betis","datePublished":"2023-07-27T16:26:00+00:00","mainEntityOfPage":{"@id":"https:\/\/www.fcbarcelonanoticias.com\/en\/transfers\/official-alex-collado-leaves-barca-and-will-accompany-to-chadi-riad-in-betis_294525_102.html"},"wordCount":472,"image":{"@id":"https:\/\/www.fcbarcelonanoticias.com\/en\/transfers\/official-alex-collado-leaves-barca-and-will-accompany-to-chadi-riad-in-betis_294525_102.html#primaryimage"},"thumbnailUrl":"https:\/\/www.fcbarcelonanoticias.com\/en\/wp-content\/uploads\/sites\/2\/2023\/07\/alex-collado-partido.jpeg","keywords":["Mateu Alemany","The Masia"],"articleSection":["Transfers","Transfers"],"inLanguage":"en-US"},{"@type":"WebPage","@id":"https:\/\/www.fcbarcelonanoticias.com\/en\/transfers\/official-alex-collado-leaves-barca-and-will-accompany-to-chadi-riad-in-betis_294525_102.html","url":"https:\/\/www.fcbarcelonanoticias.com\/en\/transfers\/official-alex-collado-leaves-barca-and-will-accompany-to-chadi-riad-in-betis_294525_102.html","name":"OFFICIAL: \u00c1lex Collado leaves Bar\u00e7a and will accompany Chadi Riad at Betis","isPartOf":{"@id":"https:\/\/www.fcbarcelonanoticias.com\/en\/#website"},"primaryImageOfPage":{"@id":"https:\/\/www.fcbarcelonanoticias.com\/en\/transfers\/official-alex-collado-leaves-barca-and-will-accompany-to-chadi-riad-in-betis_294525_102.html#primaryimage"},"image":{"@id":"https:\/\/www.fcbarcelonanoticias.com\/en\/transfers\/official-alex-collado-leaves-barca-and-will-accompany-to-chadi-riad-in-betis_294525_102.html#primaryimage"},"thumbnailUrl":"https:\/\/www.fcbarcelonanoticias.com\/en\/wp-content\/uploads\/sites\/2\/2023\/07\/alex-collado-partido.jpeg","datePublished":"2023-07-27T16:26:00+00:00","author":{"@id":"https:\/\/www.fcbarcelonanoticias.com\/en\/#\/schema\/person\/aa1d038709c262cb247e240f6b39bbf5"},"description":"After a pair of seasons of a lot of injuries, \u00c1lex Hill will follow with his career far of the FC Barcelona, as it has announced the own Barcelona club the afternoon of this Thursday","breadcrumb":{"@id":"https:\/\/www.fcbarcelonanoticias.com\/en\/transfers\/official-alex-collado-leaves-barca-and-will-accompany-to-chadi-riad-in-betis_294525_102.html#breadcrumb"},"inLanguage":"en-US","potentialAction":[{"@type":"ReadAction","target":["https:\/\/www.fcbarcelonanoticias.com\/en\/transfers\/official-alex-collado-leaves-barca-and-will-accompany-to-chadi-riad-in-betis_294525_102.html"]}]},{"@type":"ImageObject","inLanguage":"en-US","@id":"https:\/\/www.fcbarcelonanoticias.com\/en\/transfers\/official-alex-collado-leaves-barca-and-will-accompany-to-chadi-riad-in-betis_294525_102.html#primaryimage","url":"https:\/\/www.fcbarcelonanoticias.com\/en\/wp-content\/uploads\/sites\/2\/2023\/07\/alex-collado-partido.jpeg","contentUrl":"https:\/\/www.fcbarcelonanoticias.com\/en\/wp-content\/uploads\/sites\/2\/2023\/07\/alex-collado-partido.jpeg","width":1300,"height":734},{"@type":"BreadcrumbList","@id":"https:\/\/www.fcbarcelonanoticias.com\/en\/transfers\/official-alex-collado-leaves-barca-and-will-accompany-to-chadi-riad-in-betis_294525_102.html#breadcrumb","itemListElement":[{"@type":"ListItem","position":1,"name":"Portada","item":"https:\/\/www.fcbarcelonanoticias.com\/en\/"},{"@type":"ListItem","position":2,"name":"OFFICIAL: \u00c1lex Collado leaves Bar\u00e7a and will accompany Chadi Riad at Betis"}]},{"@type":"WebSite","@id":"https:\/\/www.fcbarcelonanoticias.com\/en\/#website","url":"https:\/\/www.fcbarcelonanoticias.com\/en\/","name":"EN - FC Barcelona Noticias","description":"","potentialAction":[{"@type":"SearchAction","target":{"@type":"EntryPoint","urlTemplate":"https:\/\/www.fcbarcelonanoticias.com\/en\/?s={search_term_string}"},"query-input":{"@type":"PropertyValueSpecification","valueRequired":true,"valueName":"search_term_string"}}],"inLanguage":"en-US"},{"@type":"Person","@id":"https:\/\/www.fcbarcelonanoticias.com\/en\/#\/schema\/person\/aa1d038709c262cb247e240f6b39bbf5","name":"Carlos Montenegro","image":{"@type":"ImageObject","inLanguage":"en-US","@id":"https:\/\/secure.gravatar.com\/avatar\/?s=96&d=mm&r=g","url":"https:\/\/secure.gravatar.com\/avatar\/?s=96&d=mm&r=g","contentUrl":"https:\/\/secure.gravatar.com\/avatar\/?s=96&d=mm&r=g","caption":"Carlos Montenegro"},"url":"https:\/\/www.fcbarcelonanoticias.com\/en\/carlos-montenegro_20_115.html"}]}},"_links":{"self":[{"href":"https:\/\/www.fcbarcelonanoticias.com\/en\/wp-json\/wp\/v2\/posts\/98348","targetHints":{"allow":["GET"]}}],"collection":[{"href":"https:\/\/www.fcbarcelonanoticias.com\/en\/wp-json\/wp\/v2\/posts"}],"about":[{"href":"https:\/\/www.fcbarcelonanoticias.com\/en\/wp-json\/wp\/v2\/types\/post"}],"author":[{"embeddable":true,"href":"https:\/\/www.fcbarcelonanoticias.com\/en\/wp-json\/wp\/v2\/users\/345"}],"replies":[{"embeddable":true,"href":"https:\/\/www.fcbarcelonanoticias.com\/en\/wp-json\/wp\/v2\/comments?post=98348"}],"version-history":[{"count":1,"href":"https:\/\/www.fcbarcelonanoticias.com\/en\/wp-json\/wp\/v2\/posts\/98348\/revisions"}],"predecessor-version":[{"id":131689,"href":"https:\/\/www.fcbarcelonanoticias.com\/en\/wp-json\/wp\/v2\/posts\/98348\/revisions\/131689"}],"wp:featuredmedia":[{"embeddable":true,"href":"https:\/\/www.fcbarcelonanoticias.com\/en\/wp-json\/wp\/v2\/media\/98359"}],"wp:attachment":[{"href":"https:\/\/www.fcbarcelonanoticias.com\/en\/wp-json\/wp\/v2\/media?parent=98348"}],"wp:term":[{"taxonomy":"category","embeddable":true,"href":"https:\/\/www.fcbarcelonanoticias.com\/en\/wp-json\/wp\/v2\/categories?post=98348"},{"taxonomy":"post_tag","embeddable":true,"href":"https:\/\/www.fcbarcelonanoticias.com\/en\/wp-json\/wp\/v2\/tags?post=98348"}],"curies":[{"name":"wp","href":"https:\/\/api.w.org\/{rel}","templated":true}]}}