{"id":98387,"date":"2024-12-26T22:08:00","date_gmt":"2024-12-26T21:08:00","guid":{"rendered":"https:\/\/weisetech.dev\/fc-barcelona-noticias\/en\/fierce-competition-barcelona-attentive-to-future-of-one-of-best-full-backs-in-laliga_309629_102\/"},"modified":"2024-12-26T22:08:00","modified_gmt":"2024-12-26T21:08:00","slug":"fierce-competition-barcelona-attentive-to-future-of-one-of-best-full-backs-in-laliga_309629_102","status":"publish","type":"post","link":"https:\/\/www.fcbarcelonanoticias.com\/en\/transfers\/fierce-competition-barcelona-attentive-to-future-of-one-of-best-full-backs-in-laliga_309629_102.html","title":{"rendered":"Fierce competition: Bar\u00e7a, attentive to the future of one of the best full-backs in LaLiga"},"content":{"rendered":"<h2 class=\"wp-block-heading\">FC Barcelona could fully enter the bidding for Andrei Ratiu next summer. The right-back from Rayo Vallecano would arrive for a fee of 25 million euros<\/h2>  \r\n<div class=\"article-addons\">\r\n    <a href=\"https:\/\/www.fcbarcelonanoticias.com\/en\/calendar-fc-barcelona.html\"\r\n       target=\"_self\"\r\n       title=\"Calendar of FC Barcelona\"\r\n       class=\"blue-gredient-btn\">\r\n       \r\n        Calendar of FC Barcelona    <\/a>\r\n<\/div>   <p>Andrei Ratiu is shaping up to be one of the possible &#8216;bargains&#8217; of the upcoming summer market in LaLiga. At least regarding right-backs. <strong>The defender from Rayo Vallecano signed with the Madrid team until 2028, but <a data-external=\"0\" data-intl-links-en=\"https:\/\/www.fcbarcelonanoticias.com\/en\/football-soccer\/transfers\" data-intl-links-es=\"https:\/\/www.fcbarcelonanoticias.com\/futbol\/fichajes\" href=\"https:\/\/www.fcbarcelonanoticias.com\/en\/football-soccer\/transfers.html\" rel=\"follow\" target=\"_self\" title=\"Transfers\">his release clause is only 25 million euros<\/a><\/strong>. This factor puts him on the radar of FC Barcelona and other &#8216;heavyweights&#8217; from Spain and Europe, including Atl\u00e9tico de Madrid and Roma.&nbsp;<\/p>  <p>However, Bar\u00e7a would only be interested in the Romanian defender <strong>if they part ways with one of their two available &#8216;stars&#8217; for the right side: Jules Kound\u00e9 and Ronald Ara\u00fajo<\/strong>. The Frenchman is on Arsenal&#8217;s radar, although the &#8216;Gunners&#8217; do not seem willing to pay the 70 million euros that, at a minimum, Bar\u00e7a demands to let him go. The &#8216;Charr\u00faa&#8217;, for his part, will not leave for less than 80 &#8216;kilos&#8217;, provided he returns to his usual level in the first half of 2025.<\/p>  <h3>Villarreal does not rule out acquiring the rest of Andrei Ratiu&#8217;s rights<\/h3>  <p>Additionally, another factor conditions Ratiu&#8217;s future in Vallecas and has to do with <strong>the club that still holds 50% of his sporting rights: Villarreal<\/strong>. The &#8216;Yellow Submarine&#8217; transferred him &#8216;for free&#8217; to Huesca in 2021, while the Aragonese team did the same with Rayo in 2023, receiving only 500,000 euros for the operation.<\/p>  <p><strong>This season, the Romanian has 1 goal and 1 assist in 16 matches (1,373 minutes) with Rayo<\/strong>, having missed only a couple of matches (one of them against Bar\u00e7a) due to injury. Andrei is also on Atl\u00e9tico de Madrid&#8217;s radar, as Diego Simeone does not seem completely satisfied with Marcos Llorente and Nahuel Molina as the only alternatives on the right. Both &#8216;Colchoneros&#8217; and Villarreal could fully enter the bidding for Ratiu starting in January, something unfeasible for Bar\u00e7a, which will not incorporate players in the market that begins next week.<\/p> ","protected":false},"excerpt":{"rendered":"<p>FC Barcelona could fully enter the bidding for Andrei Ratiu next summer. The right-back from Rayo Vallecano would arrive for a fee of 25 million euros Andrei Ratiu is shaping up to be one of the possible &#8216;bargains&#8217; of the upcoming summer market in LaLiga. At least regarding right-backs. The defender from Rayo Vallecano signed [&hellip;]<\/p>\n","protected":false},"author":347,"featured_media":98402,"comment_status":"closed","ping_status":"open","sticky":false,"template":"","format":"standard","meta":{"_acf_changed":false,"inline_featured_image":false,"_nextfly_llmd_date_locked":false,"footnotes":""},"categories":[106,449],"tags":[59,84,93],"class_list":["post-98387","post","type-post","status-publish","format-standard","has-post-thumbnail","hentry","category-transfers","category-transfers-2","tag-atletico-de-madrid","tag-rayo-vallecano","tag-villarreal-cf"],"acf":[],"yoast_head":"<!-- This site is optimized with the Yoast SEO plugin v27.3 - https:\/\/yoast.com\/product\/yoast-seo-wordpress\/ -->\n<title>Fierce competition: Bar\u00e7a, attentive to the future of one of the best full-backs in LaLiga<\/title>\n<meta name=\"description\" content=\"FC Barcelona could fully enter the bidding for Andrei Ratiu next summer. The right-back from Rayo Vallecano would arrive for a fee of 25 million euros\" \/>\n<meta name=\"robots\" content=\"index, follow, max-snippet:-1, max-image-preview:large, max-video-preview:-1\" \/>\n<link rel=\"canonical\" href=\"https:\/\/www.fcbarcelonanoticias.com\/en\/transfers\/fierce-competition-barcelona-attentive-to-future-of-one-of-best-full-backs-in-laliga_309629_102.html\" \/>\n<meta property=\"og:locale\" content=\"en_US\" \/>\n<meta property=\"og:type\" content=\"article\" \/>\n<meta property=\"og:title\" content=\"Fierce competition: Bar\u00e7a, attentive to the future of one of the best full-backs in LaLiga\" \/>\n<meta property=\"og:description\" content=\"FC Barcelona could fully enter the bidding for Andrei Ratiu next summer. The right-back from Rayo Vallecano would arrive for a fee of 25 million euros\" \/>\n<meta property=\"og:url\" content=\"https:\/\/www.fcbarcelonanoticias.com\/en\/transfers\/fierce-competition-barcelona-attentive-to-future-of-one-of-best-full-backs-in-laliga_309629_102.html\" \/>\n<meta property=\"og:site_name\" content=\"EN - FC Barcelona Noticias\" \/>\n<meta property=\"article:published_time\" content=\"2024-12-26T21:08:00+00:00\" \/>\n<meta property=\"og:image\" content=\"https:\/\/www.fcbarcelonanoticias.com\/en\/wp-content\/uploads\/sites\/2\/2024\/12\/jugadores-rayo-vallecano-v-osasuna-scaled.jpeg\" \/>\n\t<meta property=\"og:image:width\" content=\"2560\" \/>\n\t<meta property=\"og:image:height\" content=\"1707\" \/>\n\t<meta property=\"og:image:type\" content=\"image\/jpeg\" \/>\n<meta name=\"author\" content=\"Andr\u00e9s Quiroz\" \/>\n<meta name=\"twitter:card\" content=\"summary_large_image\" \/>\n<meta name=\"twitter:label1\" content=\"Written by\" \/>\n\t<meta name=\"twitter:data1\" content=\"Andr\u00e9s Quiroz\" \/>\n\t<meta name=\"twitter:label2\" content=\"Est. reading time\" \/>\n\t<meta name=\"twitter:data2\" content=\"2 minutes\" \/>\n<script type=\"application\/ld+json\" class=\"yoast-schema-graph\">{\"@context\":\"https:\\\/\\\/schema.org\",\"@graph\":[{\"@type\":\"Article\",\"@id\":\"https:\\\/\\\/www.fcbarcelonanoticias.com\\\/en\\\/transfers\\\/fierce-competition-barcelona-attentive-to-future-of-one-of-best-full-backs-in-laliga_309629_102.html#article\",\"isPartOf\":{\"@id\":\"https:\\\/\\\/www.fcbarcelonanoticias.com\\\/en\\\/transfers\\\/fierce-competition-barcelona-attentive-to-future-of-one-of-best-full-backs-in-laliga_309629_102.html\"},\"author\":{\"name\":\"Andr\u00e9s Quiroz\",\"@id\":\"https:\\\/\\\/www.fcbarcelonanoticias.com\\\/en\\\/#\\\/schema\\\/person\\\/c2cd9f6fa1af5c0d0eccd0fefa575c88\"},\"headline\":\"Fierce competition: Bar\u00e7a, attentive to the future of one of the best full-backs in LaLiga\",\"datePublished\":\"2024-12-26T21:08:00+00:00\",\"mainEntityOfPage\":{\"@id\":\"https:\\\/\\\/www.fcbarcelonanoticias.com\\\/en\\\/transfers\\\/fierce-competition-barcelona-attentive-to-future-of-one-of-best-full-backs-in-laliga_309629_102.html\"},\"wordCount\":349,\"image\":{\"@id\":\"https:\\\/\\\/www.fcbarcelonanoticias.com\\\/en\\\/transfers\\\/fierce-competition-barcelona-attentive-to-future-of-one-of-best-full-backs-in-laliga_309629_102.html#primaryimage\"},\"thumbnailUrl\":\"https:\\\/\\\/www.fcbarcelonanoticias.com\\\/en\\\/wp-content\\\/uploads\\\/sites\\\/2\\\/2024\\\/12\\\/jugadores-rayo-vallecano-v-osasuna-scaled.jpeg\",\"keywords\":[\"Atl\u00e9tico de Madrid\",\"Rayo Vallecano\",\"Villarreal CF\"],\"articleSection\":[\"Transfers\",\"Transfers\"],\"inLanguage\":\"en-US\"},{\"@type\":\"WebPage\",\"@id\":\"https:\\\/\\\/www.fcbarcelonanoticias.com\\\/en\\\/transfers\\\/fierce-competition-barcelona-attentive-to-future-of-one-of-best-full-backs-in-laliga_309629_102.html\",\"url\":\"https:\\\/\\\/www.fcbarcelonanoticias.com\\\/en\\\/transfers\\\/fierce-competition-barcelona-attentive-to-future-of-one-of-best-full-backs-in-laliga_309629_102.html\",\"name\":\"Fierce competition: Bar\u00e7a, attentive to the future of one of the best full-backs in LaLiga\",\"isPartOf\":{\"@id\":\"https:\\\/\\\/www.fcbarcelonanoticias.com\\\/en\\\/#website\"},\"primaryImageOfPage\":{\"@id\":\"https:\\\/\\\/www.fcbarcelonanoticias.com\\\/en\\\/transfers\\\/fierce-competition-barcelona-attentive-to-future-of-one-of-best-full-backs-in-laliga_309629_102.html#primaryimage\"},\"image\":{\"@id\":\"https:\\\/\\\/www.fcbarcelonanoticias.com\\\/en\\\/transfers\\\/fierce-competition-barcelona-attentive-to-future-of-one-of-best-full-backs-in-laliga_309629_102.html#primaryimage\"},\"thumbnailUrl\":\"https:\\\/\\\/www.fcbarcelonanoticias.com\\\/en\\\/wp-content\\\/uploads\\\/sites\\\/2\\\/2024\\\/12\\\/jugadores-rayo-vallecano-v-osasuna-scaled.jpeg\",\"datePublished\":\"2024-12-26T21:08:00+00:00\",\"author\":{\"@id\":\"https:\\\/\\\/www.fcbarcelonanoticias.com\\\/en\\\/#\\\/schema\\\/person\\\/c2cd9f6fa1af5c0d0eccd0fefa575c88\"},\"description\":\"FC Barcelona could fully enter the bidding for Andrei Ratiu next summer. The right-back from Rayo Vallecano would arrive for a fee of 25 million euros\",\"breadcrumb\":{\"@id\":\"https:\\\/\\\/www.fcbarcelonanoticias.com\\\/en\\\/transfers\\\/fierce-competition-barcelona-attentive-to-future-of-one-of-best-full-backs-in-laliga_309629_102.html#breadcrumb\"},\"inLanguage\":\"en-US\",\"potentialAction\":[{\"@type\":\"ReadAction\",\"target\":[\"https:\\\/\\\/www.fcbarcelonanoticias.com\\\/en\\\/transfers\\\/fierce-competition-barcelona-attentive-to-future-of-one-of-best-full-backs-in-laliga_309629_102.html\"]}]},{\"@type\":\"ImageObject\",\"inLanguage\":\"en-US\",\"@id\":\"https:\\\/\\\/www.fcbarcelonanoticias.com\\\/en\\\/transfers\\\/fierce-competition-barcelona-attentive-to-future-of-one-of-best-full-backs-in-laliga_309629_102.html#primaryimage\",\"url\":\"https:\\\/\\\/www.fcbarcelonanoticias.com\\\/en\\\/wp-content\\\/uploads\\\/sites\\\/2\\\/2024\\\/12\\\/jugadores-rayo-vallecano-v-osasuna-scaled.jpeg\",\"contentUrl\":\"https:\\\/\\\/www.fcbarcelonanoticias.com\\\/en\\\/wp-content\\\/uploads\\\/sites\\\/2\\\/2024\\\/12\\\/jugadores-rayo-vallecano-v-osasuna-scaled.jpeg\",\"width\":2560,\"height\":1707},{\"@type\":\"BreadcrumbList\",\"@id\":\"https:\\\/\\\/www.fcbarcelonanoticias.com\\\/en\\\/transfers\\\/fierce-competition-barcelona-attentive-to-future-of-one-of-best-full-backs-in-laliga_309629_102.html#breadcrumb\",\"itemListElement\":[{\"@type\":\"ListItem\",\"position\":1,\"name\":\"Portada\",\"item\":\"https:\\\/\\\/www.fcbarcelonanoticias.com\\\/en\\\/\"},{\"@type\":\"ListItem\",\"position\":2,\"name\":\"Fierce competition: Bar\u00e7a, attentive to the future of one of the best full-backs in LaLiga\"}]},{\"@type\":\"WebSite\",\"@id\":\"https:\\\/\\\/www.fcbarcelonanoticias.com\\\/en\\\/#website\",\"url\":\"https:\\\/\\\/www.fcbarcelonanoticias.com\\\/en\\\/\",\"name\":\"EN - FC Barcelona Noticias\",\"description\":\"\",\"potentialAction\":[{\"@type\":\"SearchAction\",\"target\":{\"@type\":\"EntryPoint\",\"urlTemplate\":\"https:\\\/\\\/www.fcbarcelonanoticias.com\\\/en\\\/?s={search_term_string}\"},\"query-input\":{\"@type\":\"PropertyValueSpecification\",\"valueRequired\":true,\"valueName\":\"search_term_string\"}}],\"inLanguage\":\"en-US\"},{\"@type\":\"Person\",\"@id\":\"https:\\\/\\\/www.fcbarcelonanoticias.com\\\/en\\\/#\\\/schema\\\/person\\\/c2cd9f6fa1af5c0d0eccd0fefa575c88\",\"name\":\"Andr\u00e9s Quiroz\",\"image\":{\"@type\":\"ImageObject\",\"inLanguage\":\"en-US\",\"@id\":\"https:\\\/\\\/secure.gravatar.com\\\/avatar\\\/?s=96&d=mm&r=g\",\"url\":\"https:\\\/\\\/secure.gravatar.com\\\/avatar\\\/?s=96&d=mm&r=g\",\"contentUrl\":\"https:\\\/\\\/secure.gravatar.com\\\/avatar\\\/?s=96&d=mm&r=g\",\"caption\":\"Andr\u00e9s Quiroz\"},\"description\":\"Licenciado en Periodismo por la Universidad de los Andes. Me encargo de analizar y compartir los contenidos m\u00e1s destacados de la\u00a0actualidad del F\u00fatbol Club Barcelona, Mercado de Fichajes y F\u00fatbol Internacional en FCBN. La informaci\u00f3n es poder, pero tambi\u00e9n conocimiento.\",\"url\":\"https:\\\/\\\/www.fcbarcelonanoticias.com\\\/en\\\/fc-barcelona\\\/andres-quiroz_17_115.html\"}]}<\/script>\n<!-- \/ Yoast SEO plugin. -->","yoast_head_json":{"title":"Fierce competition: Bar\u00e7a, attentive to the future of one of the best full-backs in LaLiga","description":"FC Barcelona could fully enter the bidding for Andrei Ratiu next summer. The right-back from Rayo Vallecano would arrive for a fee of 25 million euros","robots":{"index":"index","follow":"follow","max-snippet":"max-snippet:-1","max-image-preview":"max-image-preview:large","max-video-preview":"max-video-preview:-1"},"canonical":"https:\/\/www.fcbarcelonanoticias.com\/en\/transfers\/fierce-competition-barcelona-attentive-to-future-of-one-of-best-full-backs-in-laliga_309629_102.html","og_locale":"en_US","og_type":"article","og_title":"Fierce competition: Bar\u00e7a, attentive to the future of one of the best full-backs in LaLiga","og_description":"FC Barcelona could fully enter the bidding for Andrei Ratiu next summer. The right-back from Rayo Vallecano would arrive for a fee of 25 million euros","og_url":"https:\/\/www.fcbarcelonanoticias.com\/en\/transfers\/fierce-competition-barcelona-attentive-to-future-of-one-of-best-full-backs-in-laliga_309629_102.html","og_site_name":"EN - FC Barcelona Noticias","article_published_time":"2024-12-26T21:08:00+00:00","og_image":[{"width":2560,"height":1707,"url":"https:\/\/www.fcbarcelonanoticias.com\/en\/wp-content\/uploads\/sites\/2\/2024\/12\/jugadores-rayo-vallecano-v-osasuna-scaled.jpeg","type":"image\/jpeg"}],"author":"Andr\u00e9s Quiroz","twitter_card":"summary_large_image","twitter_misc":{"Written by":"Andr\u00e9s Quiroz","Est. reading time":"2 minutes"},"schema":{"@context":"https:\/\/schema.org","@graph":[{"@type":"Article","@id":"https:\/\/www.fcbarcelonanoticias.com\/en\/transfers\/fierce-competition-barcelona-attentive-to-future-of-one-of-best-full-backs-in-laliga_309629_102.html#article","isPartOf":{"@id":"https:\/\/www.fcbarcelonanoticias.com\/en\/transfers\/fierce-competition-barcelona-attentive-to-future-of-one-of-best-full-backs-in-laliga_309629_102.html"},"author":{"name":"Andr\u00e9s Quiroz","@id":"https:\/\/www.fcbarcelonanoticias.com\/en\/#\/schema\/person\/c2cd9f6fa1af5c0d0eccd0fefa575c88"},"headline":"Fierce competition: Bar\u00e7a, attentive to the future of one of the best full-backs in LaLiga","datePublished":"2024-12-26T21:08:00+00:00","mainEntityOfPage":{"@id":"https:\/\/www.fcbarcelonanoticias.com\/en\/transfers\/fierce-competition-barcelona-attentive-to-future-of-one-of-best-full-backs-in-laliga_309629_102.html"},"wordCount":349,"image":{"@id":"https:\/\/www.fcbarcelonanoticias.com\/en\/transfers\/fierce-competition-barcelona-attentive-to-future-of-one-of-best-full-backs-in-laliga_309629_102.html#primaryimage"},"thumbnailUrl":"https:\/\/www.fcbarcelonanoticias.com\/en\/wp-content\/uploads\/sites\/2\/2024\/12\/jugadores-rayo-vallecano-v-osasuna-scaled.jpeg","keywords":["Atl\u00e9tico de Madrid","Rayo Vallecano","Villarreal CF"],"articleSection":["Transfers","Transfers"],"inLanguage":"en-US"},{"@type":"WebPage","@id":"https:\/\/www.fcbarcelonanoticias.com\/en\/transfers\/fierce-competition-barcelona-attentive-to-future-of-one-of-best-full-backs-in-laliga_309629_102.html","url":"https:\/\/www.fcbarcelonanoticias.com\/en\/transfers\/fierce-competition-barcelona-attentive-to-future-of-one-of-best-full-backs-in-laliga_309629_102.html","name":"Fierce competition: Bar\u00e7a, attentive to the future of one of the best full-backs in LaLiga","isPartOf":{"@id":"https:\/\/www.fcbarcelonanoticias.com\/en\/#website"},"primaryImageOfPage":{"@id":"https:\/\/www.fcbarcelonanoticias.com\/en\/transfers\/fierce-competition-barcelona-attentive-to-future-of-one-of-best-full-backs-in-laliga_309629_102.html#primaryimage"},"image":{"@id":"https:\/\/www.fcbarcelonanoticias.com\/en\/transfers\/fierce-competition-barcelona-attentive-to-future-of-one-of-best-full-backs-in-laliga_309629_102.html#primaryimage"},"thumbnailUrl":"https:\/\/www.fcbarcelonanoticias.com\/en\/wp-content\/uploads\/sites\/2\/2024\/12\/jugadores-rayo-vallecano-v-osasuna-scaled.jpeg","datePublished":"2024-12-26T21:08:00+00:00","author":{"@id":"https:\/\/www.fcbarcelonanoticias.com\/en\/#\/schema\/person\/c2cd9f6fa1af5c0d0eccd0fefa575c88"},"description":"FC Barcelona could fully enter the bidding for Andrei Ratiu next summer. The right-back from Rayo Vallecano would arrive for a fee of 25 million euros","breadcrumb":{"@id":"https:\/\/www.fcbarcelonanoticias.com\/en\/transfers\/fierce-competition-barcelona-attentive-to-future-of-one-of-best-full-backs-in-laliga_309629_102.html#breadcrumb"},"inLanguage":"en-US","potentialAction":[{"@type":"ReadAction","target":["https:\/\/www.fcbarcelonanoticias.com\/en\/transfers\/fierce-competition-barcelona-attentive-to-future-of-one-of-best-full-backs-in-laliga_309629_102.html"]}]},{"@type":"ImageObject","inLanguage":"en-US","@id":"https:\/\/www.fcbarcelonanoticias.com\/en\/transfers\/fierce-competition-barcelona-attentive-to-future-of-one-of-best-full-backs-in-laliga_309629_102.html#primaryimage","url":"https:\/\/www.fcbarcelonanoticias.com\/en\/wp-content\/uploads\/sites\/2\/2024\/12\/jugadores-rayo-vallecano-v-osasuna-scaled.jpeg","contentUrl":"https:\/\/www.fcbarcelonanoticias.com\/en\/wp-content\/uploads\/sites\/2\/2024\/12\/jugadores-rayo-vallecano-v-osasuna-scaled.jpeg","width":2560,"height":1707},{"@type":"BreadcrumbList","@id":"https:\/\/www.fcbarcelonanoticias.com\/en\/transfers\/fierce-competition-barcelona-attentive-to-future-of-one-of-best-full-backs-in-laliga_309629_102.html#breadcrumb","itemListElement":[{"@type":"ListItem","position":1,"name":"Portada","item":"https:\/\/www.fcbarcelonanoticias.com\/en\/"},{"@type":"ListItem","position":2,"name":"Fierce competition: Bar\u00e7a, attentive to the future of one of the best full-backs in LaLiga"}]},{"@type":"WebSite","@id":"https:\/\/www.fcbarcelonanoticias.com\/en\/#website","url":"https:\/\/www.fcbarcelonanoticias.com\/en\/","name":"EN - FC Barcelona Noticias","description":"","potentialAction":[{"@type":"SearchAction","target":{"@type":"EntryPoint","urlTemplate":"https:\/\/www.fcbarcelonanoticias.com\/en\/?s={search_term_string}"},"query-input":{"@type":"PropertyValueSpecification","valueRequired":true,"valueName":"search_term_string"}}],"inLanguage":"en-US"},{"@type":"Person","@id":"https:\/\/www.fcbarcelonanoticias.com\/en\/#\/schema\/person\/c2cd9f6fa1af5c0d0eccd0fefa575c88","name":"Andr\u00e9s Quiroz","image":{"@type":"ImageObject","inLanguage":"en-US","@id":"https:\/\/secure.gravatar.com\/avatar\/?s=96&d=mm&r=g","url":"https:\/\/secure.gravatar.com\/avatar\/?s=96&d=mm&r=g","contentUrl":"https:\/\/secure.gravatar.com\/avatar\/?s=96&d=mm&r=g","caption":"Andr\u00e9s Quiroz"},"description":"Licenciado en Periodismo por la Universidad de los Andes. Me encargo de analizar y compartir los contenidos m\u00e1s destacados de la\u00a0actualidad del F\u00fatbol Club Barcelona, Mercado de Fichajes y F\u00fatbol Internacional en FCBN. La informaci\u00f3n es poder, pero tambi\u00e9n conocimiento.","url":"https:\/\/www.fcbarcelonanoticias.com\/en\/fc-barcelona\/andres-quiroz_17_115.html"}]}},"_links":{"self":[{"href":"https:\/\/www.fcbarcelonanoticias.com\/en\/wp-json\/wp\/v2\/posts\/98387","targetHints":{"allow":["GET"]}}],"collection":[{"href":"https:\/\/www.fcbarcelonanoticias.com\/en\/wp-json\/wp\/v2\/posts"}],"about":[{"href":"https:\/\/www.fcbarcelonanoticias.com\/en\/wp-json\/wp\/v2\/types\/post"}],"author":[{"embeddable":true,"href":"https:\/\/www.fcbarcelonanoticias.com\/en\/wp-json\/wp\/v2\/users\/347"}],"replies":[{"embeddable":true,"href":"https:\/\/www.fcbarcelonanoticias.com\/en\/wp-json\/wp\/v2\/comments?post=98387"}],"version-history":[{"count":1,"href":"https:\/\/www.fcbarcelonanoticias.com\/en\/wp-json\/wp\/v2\/posts\/98387\/revisions"}],"predecessor-version":[{"id":127732,"href":"https:\/\/www.fcbarcelonanoticias.com\/en\/wp-json\/wp\/v2\/posts\/98387\/revisions\/127732"}],"wp:featuredmedia":[{"embeddable":true,"href":"https:\/\/www.fcbarcelonanoticias.com\/en\/wp-json\/wp\/v2\/media\/98402"}],"wp:attachment":[{"href":"https:\/\/www.fcbarcelonanoticias.com\/en\/wp-json\/wp\/v2\/media?parent=98387"}],"wp:term":[{"taxonomy":"category","embeddable":true,"href":"https:\/\/www.fcbarcelonanoticias.com\/en\/wp-json\/wp\/v2\/categories?post=98387"},{"taxonomy":"post_tag","embeddable":true,"href":"https:\/\/www.fcbarcelonanoticias.com\/en\/wp-json\/wp\/v2\/tags?post=98387"}],"curies":[{"name":"wp","href":"https:\/\/api.w.org\/{rel}","templated":true}]}}