{"id":98389,"date":"2025-12-27T02:11:00","date_gmt":"2025-12-27T01:11:00","guid":{"rendered":"https:\/\/weisetech.dev\/fc-barcelona-noticias\/en\/david-alaba-confirmed-absence-for-real-madrid-in-2026_315626_102\/"},"modified":"2025-12-27T02:11:00","modified_gmt":"2025-12-27T01:11:00","slug":"david-alaba-confirmed-absence-for-real-madrid-in-2026_315626_102","status":"publish","type":"post","link":"https:\/\/www.fcbarcelonanoticias.com\/en\/transfers\/david-alaba-confirmed-absence-for-real-madrid-in-2026_315626_102.html","title":{"rendered":"After Endrick, Alaba? Real Madrid advances another winter departure"},"content":{"rendered":"<h2 class=\"wp-block-heading\">David Alaba&#8217;s days at Real Madrid seem numbered. The Austrian has played very little in the last two years due to constant injuries, and Los Blancos are not ruling out letting him go in January<\/h2>  \r\n<div class=\"article-addons\">\r\n    <a href=\"https:\/\/www.fcbarcelonanoticias.com\/en\/calendar-fc-barcelona.html\"\r\n       target=\"_self\"\r\n       title=\"Calendar of FC Barcelona\"\r\n       class=\"blue-gredient-btn\">\r\n       \r\n        Calendar of FC Barcelona    <\/a>\r\n<\/div>   <p><strong>Real Madrid<\/strong> is moving forward with its &#8216;departure operation&#8217; ahead of the upcoming winter transfer window. After finalizing the loan of <a data-external=\"0\" data-intl-links-en=\"https:\/\/www.fcbarcelonanoticias.com\/en\/transfers\/official-real-madrid-loans-endrick-to-olympique-lyonnais_315616_102.html\" data-intl-links-es=\"https:\/\/www.fcbarcelonanoticias.com\/fichajes\/real-madrid-cierra-cesion-endrick-por-6-meses-lyon_315616_102.html\" href=\"https:\/\/www.fcbarcelonanoticias.com\/en\/transfers\/official-real-madrid-loans-endrick-to-olympique-lyonnais_315616_102.html\" rel=\"follow\" target=\"_self\" title=\"El Real Madrid cierra la cesi\u00f3n de Endrick por 6 meses al Lyon\">Endrick Felipe<\/a> to <strong>Olympique de Lyon<\/strong>, the &#8216;Merengue&#8217; board is reportedly working on the possible termination of <strong>David Alaba<\/strong>&#8216;s contract. The 33-year-old defender will be a free agent in the summer, but the club does not seem to be counting on him for the remainder of the 25\/26 season.<\/p>  <p><strong>Alaba played barely 4 games (145 minutes) <\/strong>in the first half of the season. A calf injury kept him out from last October 19th until the final stretch of the year. He only returned to the squad list of Xabi Alonso <a data-external=\"0\" data-intl-links-en=\"https:\/\/www.fcbarcelonanoticias.com\/en\/laliga\/real-madrid-2-0-sevilla-bellingham-and-mbappe-save-another-match-point-for-xabi-alonso_315588_102.html\" data-intl-links-es=\"https:\/\/www.fcbarcelonanoticias.com\/laliga\/real-madrid-2-0-sevilla-bellingham-mbappe-salvan-otro-match-point-xabi-alonso_315588_102.html\" href=\"https:\/\/www.fcbarcelonanoticias.com\/en\/laliga\/real-madrid-2-0-sevilla-bellingham-and-mbappe-save-another-match-point-for-xabi-alonso_315588_102.html\" rel=\"follow\" target=\"_self\" title=\"Real Madrid 2-0 Sevilla: Bellingham y Mbapp\u00e9 salvan otro 'match ball' para Xabi Alonso\">against Sevilla (2-0)<\/a>, with the coach relying on the &#8216;4&#8217; due to the multiple defensive injuries for the Madrid team.<\/p>  <p>However, the medical history of the former **Bayern Munich** defender is already chronic regarding muscular problems. In 24\/25, a torn cruciate ligament and another meniscus injury only allowed him to play 14 matches (599 minutes), just 3 more than he managed to play in 23\/24 (17), when his ordeal with left knee problems began<\/p>  <h2>Real Madrid hopes to release David Alaba in 2026<\/h2>  <p>In this regard, journalist <a data-external=\"1\" href=\"https:\/\/x.com\/en\/FabrizioRomano\/status\/2004509804673507485\" rel=\"nofollow\" target=\"_blank\" title=\"Real Madrid will not renew David Alaba\">Fabrizio Romano<\/a> assures that Real Madrid&#8217;s board would have already decided on David Alaba&#8217;s departure in 2026, although the club does not rule out anticipating the end of his contract by six months, giving him a free transfer in January.<\/p>  <p>The Viennese player arrived at the club in 2021 after a very successful spell (ten years) at Bayern. Although he was a starter and a key player in his first two seasons, <strong>since early 2023 he began to suffer from muscle discomfort<\/strong> that did not cease in the following two seasons.<\/p>  <p><strong>More than a dozen injuries<\/strong> have prevented him from regaining his competitive rhythm from late 2023 to the present. However, the 33-year-old defender still believes he can play in the World Cup with Austria as captain, but ideally, he would find a team in the upcoming winter transfer window to gain playing time and confidence.<\/p>  <p>Xabi Alonso has <strong>Dean Huijsen<\/strong> and <strong>Antonio R\u00fcdiger<\/strong> as his main alternatives for the center of his defense, although the level of both has been lamentable in recent months. With <a data-external=\"0\" data-intl-links-en=\"https:\/\/www.fcbarcelonanoticias.com\/en\/real-madrid\/real-madrid-confirms-eder-militao-serious-injury_315460_102.html\" data-intl-links-es=\"https:\/\/www.fcbarcelonanoticias.com\/real-madrid\/mas-problemas-xabi-alonso-real-madrid-confirma-grave-lesion-eder-militao_315460_102.html\" href=\"https:\/\/www.fcbarcelonanoticias.com\/en\/real-madrid\/real-madrid-confirms-eder-militao-serious-injury_315460_102.html\" rel=\"follow\" target=\"_self\" title=\"M\u00e1s problemas para Xabi Alonso: El Real Madrid confirma la grave lesi\u00f3n de \u00c9der Militao\">\u00c9der Militao out<\/a>, probably for the rest of the season, Alaba and <strong>Ra\u00fal Asencio<\/strong> could have many opportunities if they remain healthy and at an acceptable level<\/p>  <h2>Alaba&#8217;s Departure, a Financial Respite for Madrid<\/h2>  <p>However, the Austrian has lost confidence after an endless ordeal of injuries, and **the most sensible option would seem to be to move to a club of lesser stature**, where perhaps having less media and sporting pressure would help the experienced defender to have regularity in the second half of the season.<\/p>  <p>Madrid, for their part, would be delighted to get rid of David&#8217;s contract, as <strong>the defender earns around 22.5 million gross<\/strong> per season. Furthermore, Florentino P\u00e9rez does not rule out signing another center-back in January. In any case, the club does not intend to force his departure, as this would oblige them to pay him, equally, the remaining half year of his contract.<\/p>  <p>Alaba has scored **5 goals and provided 9 assists in 120 official matches** for the &#8216;White House&#8217;, in addition to nine titles including two Champions Leagues. Returning to the Bundesliga or trying his luck away from European elite can be viable options for the Austrian center-back, who left the Austria Vienna academy in 2008 to become a Bavarian legend<\/p> ","protected":false},"excerpt":{"rendered":"<p>David Alaba&#8217;s days at Real Madrid seem numbered. The Austrian has played very little in the last two years due to constant injuries, and Los Blancos are not ruling out letting him go in January Real Madrid is moving forward with its &#8216;departure operation&#8217; ahead of the upcoming winter transfer window. After finalizing the loan [&hellip;]<\/p>\n","protected":false},"author":347,"featured_media":98395,"comment_status":"closed","ping_status":"open","sticky":false,"template":"","format":"standard","meta":{"_acf_changed":false,"inline_featured_image":false,"_nextfly_llmd_date_locked":false,"footnotes":""},"categories":[449,106],"tags":[261],"class_list":["post-98389","post","type-post","status-publish","format-standard","has-post-thumbnail","hentry","category-transfers-2","category-transfers","tag-football-transfer-rumors"],"acf":[],"yoast_head":"<!-- This site is optimized with the Yoast SEO plugin v27.3 - https:\/\/yoast.com\/product\/yoast-seo-wordpress\/ -->\n<title>David Alaba: confirmed absence for Real Madrid in 2026<\/title>\n<meta name=\"description\" content=\"David Alaba&#039;s days at Real Madrid seem numbered. The Austrian&#039;s contract ends in June, but the club does not rule out an early departure\" \/>\n<meta name=\"robots\" content=\"index, follow, max-snippet:-1, max-image-preview:large, max-video-preview:-1\" \/>\n<link rel=\"canonical\" href=\"https:\/\/www.fcbarcelonanoticias.com\/en\/transfers\/david-alaba-confirmed-absence-for-real-madrid-in-2026_315626_102.html\" \/>\n<meta property=\"og:locale\" content=\"en_US\" \/>\n<meta property=\"og:type\" content=\"article\" \/>\n<meta property=\"og:title\" content=\"David Alaba: confirmed absence for Real Madrid in 2026\" \/>\n<meta property=\"og:description\" content=\"David Alaba&#039;s days at Real Madrid seem numbered. The Austrian&#039;s contract ends in June, but the club does not rule out an early departure\" \/>\n<meta property=\"og:url\" content=\"https:\/\/www.fcbarcelonanoticias.com\/en\/transfers\/david-alaba-confirmed-absence-for-real-madrid-in-2026_315626_102.html\" \/>\n<meta property=\"og:site_name\" content=\"EN - FC Barcelona Noticias\" \/>\n<meta property=\"article:published_time\" content=\"2025-12-27T01:11:00+00:00\" \/>\n<meta property=\"og:image\" content=\"https:\/\/www.fcbarcelonanoticias.com\/en\/wp-content\/uploads\/sites\/2\/2025\/12\/david-alaba-real-madrid-25-26.jpeg\" \/>\n\t<meta property=\"og:image:width\" content=\"1300\" \/>\n\t<meta property=\"og:image:height\" content=\"720\" \/>\n\t<meta property=\"og:image:type\" content=\"image\/jpeg\" \/>\n<meta name=\"author\" content=\"Andr\u00e9s Quiroz\" \/>\n<meta name=\"twitter:card\" content=\"summary_large_image\" \/>\n<meta name=\"twitter:label1\" content=\"Written by\" \/>\n\t<meta name=\"twitter:data1\" content=\"Andr\u00e9s Quiroz\" \/>\n\t<meta name=\"twitter:label2\" content=\"Est. reading time\" \/>\n\t<meta name=\"twitter:data2\" content=\"3 minutes\" \/>\n<script type=\"application\/ld+json\" class=\"yoast-schema-graph\">{\"@context\":\"https:\\\/\\\/schema.org\",\"@graph\":[{\"@type\":\"Article\",\"@id\":\"https:\\\/\\\/www.fcbarcelonanoticias.com\\\/en\\\/transfers\\\/david-alaba-confirmed-absence-for-real-madrid-in-2026_315626_102.html#article\",\"isPartOf\":{\"@id\":\"https:\\\/\\\/www.fcbarcelonanoticias.com\\\/en\\\/transfers\\\/david-alaba-confirmed-absence-for-real-madrid-in-2026_315626_102.html\"},\"author\":{\"name\":\"Andr\u00e9s Quiroz\",\"@id\":\"https:\\\/\\\/www.fcbarcelonanoticias.com\\\/en\\\/#\\\/schema\\\/person\\\/c2cd9f6fa1af5c0d0eccd0fefa575c88\"},\"headline\":\"After Endrick, Alaba? Real Madrid advances another winter departure\",\"datePublished\":\"2025-12-27T01:11:00+00:00\",\"mainEntityOfPage\":{\"@id\":\"https:\\\/\\\/www.fcbarcelonanoticias.com\\\/en\\\/transfers\\\/david-alaba-confirmed-absence-for-real-madrid-in-2026_315626_102.html\"},\"wordCount\":615,\"image\":{\"@id\":\"https:\\\/\\\/www.fcbarcelonanoticias.com\\\/en\\\/transfers\\\/david-alaba-confirmed-absence-for-real-madrid-in-2026_315626_102.html#primaryimage\"},\"thumbnailUrl\":\"https:\\\/\\\/www.fcbarcelonanoticias.com\\\/en\\\/wp-content\\\/uploads\\\/sites\\\/2\\\/2025\\\/12\\\/david-alaba-real-madrid-25-26.jpeg\",\"keywords\":[\"Transfer Rumors\"],\"articleSection\":[\"Transfers\",\"Transfers\"],\"inLanguage\":\"en-US\"},{\"@type\":\"WebPage\",\"@id\":\"https:\\\/\\\/www.fcbarcelonanoticias.com\\\/en\\\/transfers\\\/david-alaba-confirmed-absence-for-real-madrid-in-2026_315626_102.html\",\"url\":\"https:\\\/\\\/www.fcbarcelonanoticias.com\\\/en\\\/transfers\\\/david-alaba-confirmed-absence-for-real-madrid-in-2026_315626_102.html\",\"name\":\"David Alaba: confirmed absence for Real Madrid in 2026\",\"isPartOf\":{\"@id\":\"https:\\\/\\\/www.fcbarcelonanoticias.com\\\/en\\\/#website\"},\"primaryImageOfPage\":{\"@id\":\"https:\\\/\\\/www.fcbarcelonanoticias.com\\\/en\\\/transfers\\\/david-alaba-confirmed-absence-for-real-madrid-in-2026_315626_102.html#primaryimage\"},\"image\":{\"@id\":\"https:\\\/\\\/www.fcbarcelonanoticias.com\\\/en\\\/transfers\\\/david-alaba-confirmed-absence-for-real-madrid-in-2026_315626_102.html#primaryimage\"},\"thumbnailUrl\":\"https:\\\/\\\/www.fcbarcelonanoticias.com\\\/en\\\/wp-content\\\/uploads\\\/sites\\\/2\\\/2025\\\/12\\\/david-alaba-real-madrid-25-26.jpeg\",\"datePublished\":\"2025-12-27T01:11:00+00:00\",\"author\":{\"@id\":\"https:\\\/\\\/www.fcbarcelonanoticias.com\\\/en\\\/#\\\/schema\\\/person\\\/c2cd9f6fa1af5c0d0eccd0fefa575c88\"},\"description\":\"David Alaba's days at Real Madrid seem numbered. The Austrian's contract ends in June, but the club does not rule out an early departure\",\"breadcrumb\":{\"@id\":\"https:\\\/\\\/www.fcbarcelonanoticias.com\\\/en\\\/transfers\\\/david-alaba-confirmed-absence-for-real-madrid-in-2026_315626_102.html#breadcrumb\"},\"inLanguage\":\"en-US\",\"potentialAction\":[{\"@type\":\"ReadAction\",\"target\":[\"https:\\\/\\\/www.fcbarcelonanoticias.com\\\/en\\\/transfers\\\/david-alaba-confirmed-absence-for-real-madrid-in-2026_315626_102.html\"]}]},{\"@type\":\"ImageObject\",\"inLanguage\":\"en-US\",\"@id\":\"https:\\\/\\\/www.fcbarcelonanoticias.com\\\/en\\\/transfers\\\/david-alaba-confirmed-absence-for-real-madrid-in-2026_315626_102.html#primaryimage\",\"url\":\"https:\\\/\\\/www.fcbarcelonanoticias.com\\\/en\\\/wp-content\\\/uploads\\\/sites\\\/2\\\/2025\\\/12\\\/david-alaba-real-madrid-25-26.jpeg\",\"contentUrl\":\"https:\\\/\\\/www.fcbarcelonanoticias.com\\\/en\\\/wp-content\\\/uploads\\\/sites\\\/2\\\/2025\\\/12\\\/david-alaba-real-madrid-25-26.jpeg\",\"width\":1300,\"height\":720},{\"@type\":\"BreadcrumbList\",\"@id\":\"https:\\\/\\\/www.fcbarcelonanoticias.com\\\/en\\\/transfers\\\/david-alaba-confirmed-absence-for-real-madrid-in-2026_315626_102.html#breadcrumb\",\"itemListElement\":[{\"@type\":\"ListItem\",\"position\":1,\"name\":\"Portada\",\"item\":\"https:\\\/\\\/www.fcbarcelonanoticias.com\\\/en\\\/\"},{\"@type\":\"ListItem\",\"position\":2,\"name\":\"After Endrick, Alaba? Real Madrid advances another winter departure\"}]},{\"@type\":\"WebSite\",\"@id\":\"https:\\\/\\\/www.fcbarcelonanoticias.com\\\/en\\\/#website\",\"url\":\"https:\\\/\\\/www.fcbarcelonanoticias.com\\\/en\\\/\",\"name\":\"EN - FC Barcelona Noticias\",\"description\":\"\",\"potentialAction\":[{\"@type\":\"SearchAction\",\"target\":{\"@type\":\"EntryPoint\",\"urlTemplate\":\"https:\\\/\\\/www.fcbarcelonanoticias.com\\\/en\\\/?s={search_term_string}\"},\"query-input\":{\"@type\":\"PropertyValueSpecification\",\"valueRequired\":true,\"valueName\":\"search_term_string\"}}],\"inLanguage\":\"en-US\"},{\"@type\":\"Person\",\"@id\":\"https:\\\/\\\/www.fcbarcelonanoticias.com\\\/en\\\/#\\\/schema\\\/person\\\/c2cd9f6fa1af5c0d0eccd0fefa575c88\",\"name\":\"Andr\u00e9s Quiroz\",\"image\":{\"@type\":\"ImageObject\",\"inLanguage\":\"en-US\",\"@id\":\"https:\\\/\\\/secure.gravatar.com\\\/avatar\\\/?s=96&d=mm&r=g\",\"url\":\"https:\\\/\\\/secure.gravatar.com\\\/avatar\\\/?s=96&d=mm&r=g\",\"contentUrl\":\"https:\\\/\\\/secure.gravatar.com\\\/avatar\\\/?s=96&d=mm&r=g\",\"caption\":\"Andr\u00e9s Quiroz\"},\"description\":\"Licenciado en Periodismo por la Universidad de los Andes. Me encargo de analizar y compartir los contenidos m\u00e1s destacados de la\u00a0actualidad del F\u00fatbol Club Barcelona, Mercado de Fichajes y F\u00fatbol Internacional en FCBN. La informaci\u00f3n es poder, pero tambi\u00e9n conocimiento.\",\"url\":\"https:\\\/\\\/www.fcbarcelonanoticias.com\\\/en\\\/fc-barcelona\\\/andres-quiroz_17_115.html\"}]}<\/script>\n<!-- \/ Yoast SEO plugin. -->","yoast_head_json":{"title":"David Alaba: confirmed absence for Real Madrid in 2026","description":"David Alaba's days at Real Madrid seem numbered. The Austrian's contract ends in June, but the club does not rule out an early departure","robots":{"index":"index","follow":"follow","max-snippet":"max-snippet:-1","max-image-preview":"max-image-preview:large","max-video-preview":"max-video-preview:-1"},"canonical":"https:\/\/www.fcbarcelonanoticias.com\/en\/transfers\/david-alaba-confirmed-absence-for-real-madrid-in-2026_315626_102.html","og_locale":"en_US","og_type":"article","og_title":"David Alaba: confirmed absence for Real Madrid in 2026","og_description":"David Alaba's days at Real Madrid seem numbered. The Austrian's contract ends in June, but the club does not rule out an early departure","og_url":"https:\/\/www.fcbarcelonanoticias.com\/en\/transfers\/david-alaba-confirmed-absence-for-real-madrid-in-2026_315626_102.html","og_site_name":"EN - FC Barcelona Noticias","article_published_time":"2025-12-27T01:11:00+00:00","og_image":[{"width":1300,"height":720,"url":"https:\/\/www.fcbarcelonanoticias.com\/en\/wp-content\/uploads\/sites\/2\/2025\/12\/david-alaba-real-madrid-25-26.jpeg","type":"image\/jpeg"}],"author":"Andr\u00e9s Quiroz","twitter_card":"summary_large_image","twitter_misc":{"Written by":"Andr\u00e9s Quiroz","Est. reading time":"3 minutes"},"schema":{"@context":"https:\/\/schema.org","@graph":[{"@type":"Article","@id":"https:\/\/www.fcbarcelonanoticias.com\/en\/transfers\/david-alaba-confirmed-absence-for-real-madrid-in-2026_315626_102.html#article","isPartOf":{"@id":"https:\/\/www.fcbarcelonanoticias.com\/en\/transfers\/david-alaba-confirmed-absence-for-real-madrid-in-2026_315626_102.html"},"author":{"name":"Andr\u00e9s Quiroz","@id":"https:\/\/www.fcbarcelonanoticias.com\/en\/#\/schema\/person\/c2cd9f6fa1af5c0d0eccd0fefa575c88"},"headline":"After Endrick, Alaba? Real Madrid advances another winter departure","datePublished":"2025-12-27T01:11:00+00:00","mainEntityOfPage":{"@id":"https:\/\/www.fcbarcelonanoticias.com\/en\/transfers\/david-alaba-confirmed-absence-for-real-madrid-in-2026_315626_102.html"},"wordCount":615,"image":{"@id":"https:\/\/www.fcbarcelonanoticias.com\/en\/transfers\/david-alaba-confirmed-absence-for-real-madrid-in-2026_315626_102.html#primaryimage"},"thumbnailUrl":"https:\/\/www.fcbarcelonanoticias.com\/en\/wp-content\/uploads\/sites\/2\/2025\/12\/david-alaba-real-madrid-25-26.jpeg","keywords":["Transfer Rumors"],"articleSection":["Transfers","Transfers"],"inLanguage":"en-US"},{"@type":"WebPage","@id":"https:\/\/www.fcbarcelonanoticias.com\/en\/transfers\/david-alaba-confirmed-absence-for-real-madrid-in-2026_315626_102.html","url":"https:\/\/www.fcbarcelonanoticias.com\/en\/transfers\/david-alaba-confirmed-absence-for-real-madrid-in-2026_315626_102.html","name":"David Alaba: confirmed absence for Real Madrid in 2026","isPartOf":{"@id":"https:\/\/www.fcbarcelonanoticias.com\/en\/#website"},"primaryImageOfPage":{"@id":"https:\/\/www.fcbarcelonanoticias.com\/en\/transfers\/david-alaba-confirmed-absence-for-real-madrid-in-2026_315626_102.html#primaryimage"},"image":{"@id":"https:\/\/www.fcbarcelonanoticias.com\/en\/transfers\/david-alaba-confirmed-absence-for-real-madrid-in-2026_315626_102.html#primaryimage"},"thumbnailUrl":"https:\/\/www.fcbarcelonanoticias.com\/en\/wp-content\/uploads\/sites\/2\/2025\/12\/david-alaba-real-madrid-25-26.jpeg","datePublished":"2025-12-27T01:11:00+00:00","author":{"@id":"https:\/\/www.fcbarcelonanoticias.com\/en\/#\/schema\/person\/c2cd9f6fa1af5c0d0eccd0fefa575c88"},"description":"David Alaba's days at Real Madrid seem numbered. The Austrian's contract ends in June, but the club does not rule out an early departure","breadcrumb":{"@id":"https:\/\/www.fcbarcelonanoticias.com\/en\/transfers\/david-alaba-confirmed-absence-for-real-madrid-in-2026_315626_102.html#breadcrumb"},"inLanguage":"en-US","potentialAction":[{"@type":"ReadAction","target":["https:\/\/www.fcbarcelonanoticias.com\/en\/transfers\/david-alaba-confirmed-absence-for-real-madrid-in-2026_315626_102.html"]}]},{"@type":"ImageObject","inLanguage":"en-US","@id":"https:\/\/www.fcbarcelonanoticias.com\/en\/transfers\/david-alaba-confirmed-absence-for-real-madrid-in-2026_315626_102.html#primaryimage","url":"https:\/\/www.fcbarcelonanoticias.com\/en\/wp-content\/uploads\/sites\/2\/2025\/12\/david-alaba-real-madrid-25-26.jpeg","contentUrl":"https:\/\/www.fcbarcelonanoticias.com\/en\/wp-content\/uploads\/sites\/2\/2025\/12\/david-alaba-real-madrid-25-26.jpeg","width":1300,"height":720},{"@type":"BreadcrumbList","@id":"https:\/\/www.fcbarcelonanoticias.com\/en\/transfers\/david-alaba-confirmed-absence-for-real-madrid-in-2026_315626_102.html#breadcrumb","itemListElement":[{"@type":"ListItem","position":1,"name":"Portada","item":"https:\/\/www.fcbarcelonanoticias.com\/en\/"},{"@type":"ListItem","position":2,"name":"After Endrick, Alaba? Real Madrid advances another winter departure"}]},{"@type":"WebSite","@id":"https:\/\/www.fcbarcelonanoticias.com\/en\/#website","url":"https:\/\/www.fcbarcelonanoticias.com\/en\/","name":"EN - FC Barcelona Noticias","description":"","potentialAction":[{"@type":"SearchAction","target":{"@type":"EntryPoint","urlTemplate":"https:\/\/www.fcbarcelonanoticias.com\/en\/?s={search_term_string}"},"query-input":{"@type":"PropertyValueSpecification","valueRequired":true,"valueName":"search_term_string"}}],"inLanguage":"en-US"},{"@type":"Person","@id":"https:\/\/www.fcbarcelonanoticias.com\/en\/#\/schema\/person\/c2cd9f6fa1af5c0d0eccd0fefa575c88","name":"Andr\u00e9s Quiroz","image":{"@type":"ImageObject","inLanguage":"en-US","@id":"https:\/\/secure.gravatar.com\/avatar\/?s=96&d=mm&r=g","url":"https:\/\/secure.gravatar.com\/avatar\/?s=96&d=mm&r=g","contentUrl":"https:\/\/secure.gravatar.com\/avatar\/?s=96&d=mm&r=g","caption":"Andr\u00e9s Quiroz"},"description":"Licenciado en Periodismo por la Universidad de los Andes. Me encargo de analizar y compartir los contenidos m\u00e1s destacados de la\u00a0actualidad del F\u00fatbol Club Barcelona, Mercado de Fichajes y F\u00fatbol Internacional en FCBN. La informaci\u00f3n es poder, pero tambi\u00e9n conocimiento.","url":"https:\/\/www.fcbarcelonanoticias.com\/en\/fc-barcelona\/andres-quiroz_17_115.html"}]}},"_links":{"self":[{"href":"https:\/\/www.fcbarcelonanoticias.com\/en\/wp-json\/wp\/v2\/posts\/98389","targetHints":{"allow":["GET"]}}],"collection":[{"href":"https:\/\/www.fcbarcelonanoticias.com\/en\/wp-json\/wp\/v2\/posts"}],"about":[{"href":"https:\/\/www.fcbarcelonanoticias.com\/en\/wp-json\/wp\/v2\/types\/post"}],"author":[{"embeddable":true,"href":"https:\/\/www.fcbarcelonanoticias.com\/en\/wp-json\/wp\/v2\/users\/347"}],"replies":[{"embeddable":true,"href":"https:\/\/www.fcbarcelonanoticias.com\/en\/wp-json\/wp\/v2\/comments?post=98389"}],"version-history":[{"count":1,"href":"https:\/\/www.fcbarcelonanoticias.com\/en\/wp-json\/wp\/v2\/posts\/98389\/revisions"}],"predecessor-version":[{"id":127907,"href":"https:\/\/www.fcbarcelonanoticias.com\/en\/wp-json\/wp\/v2\/posts\/98389\/revisions\/127907"}],"wp:featuredmedia":[{"embeddable":true,"href":"https:\/\/www.fcbarcelonanoticias.com\/en\/wp-json\/wp\/v2\/media\/98395"}],"wp:attachment":[{"href":"https:\/\/www.fcbarcelonanoticias.com\/en\/wp-json\/wp\/v2\/media?parent=98389"}],"wp:term":[{"taxonomy":"category","embeddable":true,"href":"https:\/\/www.fcbarcelonanoticias.com\/en\/wp-json\/wp\/v2\/categories?post=98389"},{"taxonomy":"post_tag","embeddable":true,"href":"https:\/\/www.fcbarcelonanoticias.com\/en\/wp-json\/wp\/v2\/tags?post=98389"}],"curies":[{"name":"wp","href":"https:\/\/api.w.org\/{rel}","templated":true}]}}