{"id":98398,"date":"2023-08-12T12:51:00","date_gmt":"2023-08-12T10:51:00","guid":{"rendered":"https:\/\/weisetech.dev\/fc-barcelona-noticias\/en\/official-barca-registers-gundogan-will-be-available-getafe_295042_102\/"},"modified":"2023-08-12T12:51:00","modified_gmt":"2023-08-12T10:51:00","slug":"official-barca-registers-gundogan-will-be-available-getafe_295042_102","status":"publish","type":"post","link":"https:\/\/www.fcbarcelonanoticias.com\/en\/transfers\/official-barca-registers-gundogan-will-be-available-getafe_295042_102.html","title":{"rendered":"OFFICIAL: Bar\u00e7a registers a G\u00fcndogan and will be available against Getafe"},"content":{"rendered":"<h2 class=\"wp-block-heading\">The LaLiga website confirms that Ilkay G\u00fcndogan is already registered on the FC Barcelona squad for the start of the season. The German already has a number in the first team<\/h2>  \r\n<div class=\"article-addons\">\r\n    <a href=\"https:\/\/www.fcbarcelonanoticias.com\/en\/calendar-fc-barcelona.html\"\r\n       target=\"_self\"\r\n       title=\"Calendar of FC Barcelona\"\r\n       class=\"blue-gredient-btn\">\r\n       \r\n        Calendar of FC Barcelona    <\/a>\r\n<\/div>   <p>It is official. The portal web of LaLiga has confirmed that Ilkay G\u00fcndogan, one of the incorporations veraniegas of the FC Barcelona, <strong>will be able to be available for the start suspender belt of this Sunday in front of the Getafe.<\/strong> The Barcelona have inscribed him in the payroll of the first team and Xavi Hern\u00e1ndez will have his services in his visit to Madrid.<\/p>  <p>The sportive direction has done all what is to his scope to include him in the staff in front of the eyes of the patronal chaired by Javier Thebes, and <a data-external=\"0\" data-intl-links-en=\"https:\/\/www.fcbarcelonanoticias.com\/en\/club\/dembele-kessie-vitales-registration-players-barcelona_294800_102.html\" data-intl-links-es=\"https:\/\/www.fcbarcelonanoticias.com\/club\/dembele-kessie-vitales-inscripcion-jugadores-barcelona_294800_102.html\" href=\"https:\/\/www.fcbarcelonanoticias.com\/en\/club\/dembele-kessie-vitales-registration-players-barcelona_294800_102.html\" rel=\"follow\" target=\"_self\" title=\"Demb\u00e9l\u00e9 y Kessi\u00e9, vitales para la inscripci\u00f3n de los jugadores del Bar\u00e7a\">have been the sales of Franck Kessi\u00e9 and Ousmane Demb\u00e9l\u00e9<\/a> those that have directed his register. In fact, both exits also <strong>have opened the door so that the club resolve the cases of the other signings and footballers renewed.<\/strong><\/p>  <h2><strong>G\u00fcndogan Already has dorsal<\/strong><\/h2>  <p>Added to this, <strong>the ex Manchester City will use the dorsal &#8217;22&#8217; that Raphinha left free does few days.<\/strong> The Brazilian now <a data-external=\"0\" data-intl-links-en=\"https:\/\/www.fcbarcelonanoticias.com\/en\/players\/official-raphinha-takes-over-of-the-number-of-ferran-that-now-wear-the-7-of-dembele_294952_102.html\" data-intl-links-es=\"https:\/\/www.fcbarcelonanoticias.com\/jugadores\/oficial-raphinha-se-aduena-dorsal-ferran-ahora-lucira-7-dembele_294952_102.html\" href=\"https:\/\/www.fcbarcelonanoticias.com\/en\/players\/official-raphinha-takes-over-of-the-number-of-ferran-that-now-wear-the-7-of-dembele_294952_102.html\" rel=\"follow\" target=\"_self\" title=\"\u00a1OFICIAL! Raphinha se adue\u00f1a del dorsal de un Ferran que ahor\u00e1 lucir\u00e1 el '7' de Demb\u00e9l\u00e9\">will carry the number &#8217;11&#8217; in his back<\/a> whereas Ferran Torres will happen to use the &#8216;7&#8217; that left backwards Demb\u00e9l\u00e9., being this Sunday the day in that they will be able to lucirlo for the first time with the second equipaci\u00f3n of the Bar\u00e7a.<\/p>  <p>It is important to remember that <strong>the cul\u00e9s can inscribe players until five minutes before the start of the party against the Getafe<\/strong> so that they are eligible to play. For the moment, so much I\u00f1aki Crag like Sergi Roberto, Marcos Alonso, I\u00f1igo Mart\u00ednez, Oriol Romeu and &#8216;Ez&#8217; Abde would be missing for inscribing . Alejandro Balde also joins to them, <strong>although his index card of the filial will allow him be of the game for Xavi.<\/strong><\/p>  <p>It will be necessary to see which sucede in the following hours and if the Barcelona finishes speeding up the pending cases for resolving. <strong>Everything aims to that it will be question of time so that all arrive to good port <\/strong>and the staff was entirely made before the start suspender belt.<\/p> ","protected":false},"excerpt":{"rendered":"<p>The LaLiga website confirms that Ilkay G\u00fcndogan is already registered on the FC Barcelona squad for the start of the season. The German already has a number in the first team It is official. The portal web of LaLiga has confirmed that Ilkay G\u00fcndogan, one of the incorporations veraniegas of the FC Barcelona, will be [&hellip;]<\/p>\n","protected":false},"author":0,"featured_media":98407,"comment_status":"closed","ping_status":"open","sticky":false,"template":"","format":"standard","meta":{"_acf_changed":false,"inline_featured_image":false,"_nextfly_llmd_date_locked":false,"footnotes":""},"categories":[449,106],"tags":[170],"class_list":["post-98398","post","type-post","status-publish","format-standard","has-post-thumbnail","hentry","category-transfers-2","category-transfers","tag-ilkay-gundogan"],"acf":[],"yoast_head":"<!-- This site is optimized with the Yoast SEO plugin v27.3 - https:\/\/yoast.com\/product\/yoast-seo-wordpress\/ -->\n<title>OFFICIAL: Bar\u00e7a registers a G\u00fcndogan and will be available against Getafe<\/title>\n<meta name=\"description\" content=\"The LaLiga website confirms that Ilkay G\u00fcndogan is already registered on the FC Barcelona squad for the start of the season. The German already has a number in the first team\" \/>\n<meta name=\"robots\" content=\"index, follow, max-snippet:-1, max-image-preview:large, max-video-preview:-1\" \/>\n<link rel=\"canonical\" href=\"https:\/\/www.fcbarcelonanoticias.com\/en\/transfers\/official-barca-registers-gundogan-will-be-available-getafe_295042_102.html\" \/>\n<meta property=\"og:locale\" content=\"en_US\" \/>\n<meta property=\"og:type\" content=\"article\" \/>\n<meta property=\"og:title\" content=\"OFFICIAL: Bar\u00e7a registers a G\u00fcndogan and will be available against Getafe\" \/>\n<meta property=\"og:description\" content=\"The LaLiga website confirms that Ilkay G\u00fcndogan is already registered on the FC Barcelona squad for the start of the season. The German already has a number in the first team\" \/>\n<meta property=\"og:url\" content=\"https:\/\/www.fcbarcelonanoticias.com\/en\/transfers\/official-barca-registers-gundogan-will-be-available-getafe_295042_102.html\" \/>\n<meta property=\"og:site_name\" content=\"EN - FC Barcelona Noticias\" \/>\n<meta property=\"article:published_time\" content=\"2023-08-12T10:51:00+00:00\" \/>\n<meta property=\"og:image\" content=\"https:\/\/www.fcbarcelonanoticias.com\/en\/wp-content\/uploads\/sites\/2\/2023\/08\/ilkay-gundogan-presentacion2.jpeg\" \/>\n\t<meta property=\"og:image:width\" content=\"1300\" \/>\n\t<meta property=\"og:image:height\" content=\"736\" \/>\n\t<meta property=\"og:image:type\" content=\"image\/jpeg\" \/>\n<meta name=\"twitter:card\" content=\"summary_large_image\" \/>\n<meta name=\"twitter:label1\" content=\"Est. reading time\" \/>\n\t<meta name=\"twitter:data1\" content=\"2 minutes\" \/>\n<script type=\"application\/ld+json\" class=\"yoast-schema-graph\">{\"@context\":\"https:\\\/\\\/schema.org\",\"@graph\":[{\"@type\":\"Article\",\"@id\":\"https:\\\/\\\/www.fcbarcelonanoticias.com\\\/en\\\/transfers\\\/official-barca-registers-gundogan-will-be-available-getafe_295042_102.html#article\",\"isPartOf\":{\"@id\":\"https:\\\/\\\/www.fcbarcelonanoticias.com\\\/en\\\/transfers\\\/official-barca-registers-gundogan-will-be-available-getafe_295042_102.html\"},\"author\":{\"name\":\"\",\"@id\":\"\"},\"headline\":\"OFFICIAL: Bar\u00e7a registers a G\u00fcndogan and will be available against Getafe\",\"datePublished\":\"2023-08-12T10:51:00+00:00\",\"mainEntityOfPage\":{\"@id\":\"https:\\\/\\\/www.fcbarcelonanoticias.com\\\/en\\\/transfers\\\/official-barca-registers-gundogan-will-be-available-getafe_295042_102.html\"},\"wordCount\":386,\"image\":{\"@id\":\"https:\\\/\\\/www.fcbarcelonanoticias.com\\\/en\\\/transfers\\\/official-barca-registers-gundogan-will-be-available-getafe_295042_102.html#primaryimage\"},\"thumbnailUrl\":\"https:\\\/\\\/www.fcbarcelonanoticias.com\\\/en\\\/wp-content\\\/uploads\\\/sites\\\/2\\\/2023\\\/08\\\/ilkay-gundogan-presentacion2.jpeg\",\"keywords\":[\"Ilkay G\u00fcndogan\"],\"articleSection\":[\"Transfers\",\"Transfers\"],\"inLanguage\":\"en-US\"},{\"@type\":\"WebPage\",\"@id\":\"https:\\\/\\\/www.fcbarcelonanoticias.com\\\/en\\\/transfers\\\/official-barca-registers-gundogan-will-be-available-getafe_295042_102.html\",\"url\":\"https:\\\/\\\/www.fcbarcelonanoticias.com\\\/en\\\/transfers\\\/official-barca-registers-gundogan-will-be-available-getafe_295042_102.html\",\"name\":\"OFFICIAL: Bar\u00e7a registers a G\u00fcndogan and will be available against Getafe\",\"isPartOf\":{\"@id\":\"https:\\\/\\\/www.fcbarcelonanoticias.com\\\/en\\\/#website\"},\"primaryImageOfPage\":{\"@id\":\"https:\\\/\\\/www.fcbarcelonanoticias.com\\\/en\\\/transfers\\\/official-barca-registers-gundogan-will-be-available-getafe_295042_102.html#primaryimage\"},\"image\":{\"@id\":\"https:\\\/\\\/www.fcbarcelonanoticias.com\\\/en\\\/transfers\\\/official-barca-registers-gundogan-will-be-available-getafe_295042_102.html#primaryimage\"},\"thumbnailUrl\":\"https:\\\/\\\/www.fcbarcelonanoticias.com\\\/en\\\/wp-content\\\/uploads\\\/sites\\\/2\\\/2023\\\/08\\\/ilkay-gundogan-presentacion2.jpeg\",\"datePublished\":\"2023-08-12T10:51:00+00:00\",\"author\":{\"@id\":\"\"},\"description\":\"The LaLiga website confirms that Ilkay G\u00fcndogan is already registered on the FC Barcelona squad for the start of the season. The German already has a number in the first team\",\"breadcrumb\":{\"@id\":\"https:\\\/\\\/www.fcbarcelonanoticias.com\\\/en\\\/transfers\\\/official-barca-registers-gundogan-will-be-available-getafe_295042_102.html#breadcrumb\"},\"inLanguage\":\"en-US\",\"potentialAction\":[{\"@type\":\"ReadAction\",\"target\":[\"https:\\\/\\\/www.fcbarcelonanoticias.com\\\/en\\\/transfers\\\/official-barca-registers-gundogan-will-be-available-getafe_295042_102.html\"]}]},{\"@type\":\"ImageObject\",\"inLanguage\":\"en-US\",\"@id\":\"https:\\\/\\\/www.fcbarcelonanoticias.com\\\/en\\\/transfers\\\/official-barca-registers-gundogan-will-be-available-getafe_295042_102.html#primaryimage\",\"url\":\"https:\\\/\\\/www.fcbarcelonanoticias.com\\\/en\\\/wp-content\\\/uploads\\\/sites\\\/2\\\/2023\\\/08\\\/ilkay-gundogan-presentacion2.jpeg\",\"contentUrl\":\"https:\\\/\\\/www.fcbarcelonanoticias.com\\\/en\\\/wp-content\\\/uploads\\\/sites\\\/2\\\/2023\\\/08\\\/ilkay-gundogan-presentacion2.jpeg\",\"width\":1300,\"height\":736},{\"@type\":\"BreadcrumbList\",\"@id\":\"https:\\\/\\\/www.fcbarcelonanoticias.com\\\/en\\\/transfers\\\/official-barca-registers-gundogan-will-be-available-getafe_295042_102.html#breadcrumb\",\"itemListElement\":[{\"@type\":\"ListItem\",\"position\":1,\"name\":\"Portada\",\"item\":\"https:\\\/\\\/www.fcbarcelonanoticias.com\\\/en\\\/\"},{\"@type\":\"ListItem\",\"position\":2,\"name\":\"OFFICIAL: Bar\u00e7a registers a G\u00fcndogan and will be available against Getafe\"}]},{\"@type\":\"WebSite\",\"@id\":\"https:\\\/\\\/www.fcbarcelonanoticias.com\\\/en\\\/#website\",\"url\":\"https:\\\/\\\/www.fcbarcelonanoticias.com\\\/en\\\/\",\"name\":\"EN - FC Barcelona Noticias\",\"description\":\"\",\"potentialAction\":[{\"@type\":\"SearchAction\",\"target\":{\"@type\":\"EntryPoint\",\"urlTemplate\":\"https:\\\/\\\/www.fcbarcelonanoticias.com\\\/en\\\/?s={search_term_string}\"},\"query-input\":{\"@type\":\"PropertyValueSpecification\",\"valueRequired\":true,\"valueName\":\"search_term_string\"}}],\"inLanguage\":\"en-US\"}]}<\/script>\n<!-- \/ Yoast SEO plugin. -->","yoast_head_json":{"title":"OFFICIAL: Bar\u00e7a registers a G\u00fcndogan and will be available against Getafe","description":"The LaLiga website confirms that Ilkay G\u00fcndogan is already registered on the FC Barcelona squad for the start of the season. The German already has a number in the first team","robots":{"index":"index","follow":"follow","max-snippet":"max-snippet:-1","max-image-preview":"max-image-preview:large","max-video-preview":"max-video-preview:-1"},"canonical":"https:\/\/www.fcbarcelonanoticias.com\/en\/transfers\/official-barca-registers-gundogan-will-be-available-getafe_295042_102.html","og_locale":"en_US","og_type":"article","og_title":"OFFICIAL: Bar\u00e7a registers a G\u00fcndogan and will be available against Getafe","og_description":"The LaLiga website confirms that Ilkay G\u00fcndogan is already registered on the FC Barcelona squad for the start of the season. The German already has a number in the first team","og_url":"https:\/\/www.fcbarcelonanoticias.com\/en\/transfers\/official-barca-registers-gundogan-will-be-available-getafe_295042_102.html","og_site_name":"EN - FC Barcelona Noticias","article_published_time":"2023-08-12T10:51:00+00:00","og_image":[{"width":1300,"height":736,"url":"https:\/\/www.fcbarcelonanoticias.com\/en\/wp-content\/uploads\/sites\/2\/2023\/08\/ilkay-gundogan-presentacion2.jpeg","type":"image\/jpeg"}],"twitter_card":"summary_large_image","twitter_misc":{"Est. reading time":"2 minutes"},"schema":{"@context":"https:\/\/schema.org","@graph":[{"@type":"Article","@id":"https:\/\/www.fcbarcelonanoticias.com\/en\/transfers\/official-barca-registers-gundogan-will-be-available-getafe_295042_102.html#article","isPartOf":{"@id":"https:\/\/www.fcbarcelonanoticias.com\/en\/transfers\/official-barca-registers-gundogan-will-be-available-getafe_295042_102.html"},"author":{"name":"","@id":""},"headline":"OFFICIAL: Bar\u00e7a registers a G\u00fcndogan and will be available against Getafe","datePublished":"2023-08-12T10:51:00+00:00","mainEntityOfPage":{"@id":"https:\/\/www.fcbarcelonanoticias.com\/en\/transfers\/official-barca-registers-gundogan-will-be-available-getafe_295042_102.html"},"wordCount":386,"image":{"@id":"https:\/\/www.fcbarcelonanoticias.com\/en\/transfers\/official-barca-registers-gundogan-will-be-available-getafe_295042_102.html#primaryimage"},"thumbnailUrl":"https:\/\/www.fcbarcelonanoticias.com\/en\/wp-content\/uploads\/sites\/2\/2023\/08\/ilkay-gundogan-presentacion2.jpeg","keywords":["Ilkay G\u00fcndogan"],"articleSection":["Transfers","Transfers"],"inLanguage":"en-US"},{"@type":"WebPage","@id":"https:\/\/www.fcbarcelonanoticias.com\/en\/transfers\/official-barca-registers-gundogan-will-be-available-getafe_295042_102.html","url":"https:\/\/www.fcbarcelonanoticias.com\/en\/transfers\/official-barca-registers-gundogan-will-be-available-getafe_295042_102.html","name":"OFFICIAL: Bar\u00e7a registers a G\u00fcndogan and will be available against Getafe","isPartOf":{"@id":"https:\/\/www.fcbarcelonanoticias.com\/en\/#website"},"primaryImageOfPage":{"@id":"https:\/\/www.fcbarcelonanoticias.com\/en\/transfers\/official-barca-registers-gundogan-will-be-available-getafe_295042_102.html#primaryimage"},"image":{"@id":"https:\/\/www.fcbarcelonanoticias.com\/en\/transfers\/official-barca-registers-gundogan-will-be-available-getafe_295042_102.html#primaryimage"},"thumbnailUrl":"https:\/\/www.fcbarcelonanoticias.com\/en\/wp-content\/uploads\/sites\/2\/2023\/08\/ilkay-gundogan-presentacion2.jpeg","datePublished":"2023-08-12T10:51:00+00:00","author":{"@id":""},"description":"The LaLiga website confirms that Ilkay G\u00fcndogan is already registered on the FC Barcelona squad for the start of the season. The German already has a number in the first team","breadcrumb":{"@id":"https:\/\/www.fcbarcelonanoticias.com\/en\/transfers\/official-barca-registers-gundogan-will-be-available-getafe_295042_102.html#breadcrumb"},"inLanguage":"en-US","potentialAction":[{"@type":"ReadAction","target":["https:\/\/www.fcbarcelonanoticias.com\/en\/transfers\/official-barca-registers-gundogan-will-be-available-getafe_295042_102.html"]}]},{"@type":"ImageObject","inLanguage":"en-US","@id":"https:\/\/www.fcbarcelonanoticias.com\/en\/transfers\/official-barca-registers-gundogan-will-be-available-getafe_295042_102.html#primaryimage","url":"https:\/\/www.fcbarcelonanoticias.com\/en\/wp-content\/uploads\/sites\/2\/2023\/08\/ilkay-gundogan-presentacion2.jpeg","contentUrl":"https:\/\/www.fcbarcelonanoticias.com\/en\/wp-content\/uploads\/sites\/2\/2023\/08\/ilkay-gundogan-presentacion2.jpeg","width":1300,"height":736},{"@type":"BreadcrumbList","@id":"https:\/\/www.fcbarcelonanoticias.com\/en\/transfers\/official-barca-registers-gundogan-will-be-available-getafe_295042_102.html#breadcrumb","itemListElement":[{"@type":"ListItem","position":1,"name":"Portada","item":"https:\/\/www.fcbarcelonanoticias.com\/en\/"},{"@type":"ListItem","position":2,"name":"OFFICIAL: Bar\u00e7a registers a G\u00fcndogan and will be available against Getafe"}]},{"@type":"WebSite","@id":"https:\/\/www.fcbarcelonanoticias.com\/en\/#website","url":"https:\/\/www.fcbarcelonanoticias.com\/en\/","name":"EN - FC Barcelona Noticias","description":"","potentialAction":[{"@type":"SearchAction","target":{"@type":"EntryPoint","urlTemplate":"https:\/\/www.fcbarcelonanoticias.com\/en\/?s={search_term_string}"},"query-input":{"@type":"PropertyValueSpecification","valueRequired":true,"valueName":"search_term_string"}}],"inLanguage":"en-US"}]}},"_links":{"self":[{"href":"https:\/\/www.fcbarcelonanoticias.com\/en\/wp-json\/wp\/v2\/posts\/98398","targetHints":{"allow":["GET"]}}],"collection":[{"href":"https:\/\/www.fcbarcelonanoticias.com\/en\/wp-json\/wp\/v2\/posts"}],"about":[{"href":"https:\/\/www.fcbarcelonanoticias.com\/en\/wp-json\/wp\/v2\/types\/post"}],"replies":[{"embeddable":true,"href":"https:\/\/www.fcbarcelonanoticias.com\/en\/wp-json\/wp\/v2\/comments?post=98398"}],"version-history":[{"count":1,"href":"https:\/\/www.fcbarcelonanoticias.com\/en\/wp-json\/wp\/v2\/posts\/98398\/revisions"}],"predecessor-version":[{"id":131731,"href":"https:\/\/www.fcbarcelonanoticias.com\/en\/wp-json\/wp\/v2\/posts\/98398\/revisions\/131731"}],"wp:featuredmedia":[{"embeddable":true,"href":"https:\/\/www.fcbarcelonanoticias.com\/en\/wp-json\/wp\/v2\/media\/98407"}],"wp:attachment":[{"href":"https:\/\/www.fcbarcelonanoticias.com\/en\/wp-json\/wp\/v2\/media?parent=98398"}],"wp:term":[{"taxonomy":"category","embeddable":true,"href":"https:\/\/www.fcbarcelonanoticias.com\/en\/wp-json\/wp\/v2\/categories?post=98398"},{"taxonomy":"post_tag","embeddable":true,"href":"https:\/\/www.fcbarcelonanoticias.com\/en\/wp-json\/wp\/v2\/tags?post=98398"}],"curies":[{"name":"wp","href":"https:\/\/api.w.org\/{rel}","templated":true}]}}