{"id":98511,"date":"2024-07-18T21:28:00","date_gmt":"2024-07-18T19:28:00","guid":{"rendered":"https:\/\/weisetech.dev\/fc-barcelona-noticias\/en\/official-aubameyang-leaves-the-marseilles-and-confirms-his-change-of-course_305573_102\/"},"modified":"2024-07-18T21:28:00","modified_gmt":"2024-07-18T19:28:00","slug":"official-aubameyang-leaves-the-marseilles-and-confirms-his-change-of-course_305573_102","status":"publish","type":"post","link":"https:\/\/www.fcbarcelonanoticias.com\/en\/transfers\/official-aubameyang-leaves-the-marseilles-and-confirms-his-change-of-course_305573_102.html","title":{"rendered":"OFFICIAL: Aubameyang leaves Marseille and confirms his change of direction"},"content":{"rendered":"<h2 class=\"wp-block-heading\">Aubameyang says goodbye to Olympique Marseille after being signed by a team from Saudi Arabia. The absence leaves the French club in a complicated situation, as they now only have one center forward in the team<\/h2>  \r\n<div class=\"article-addons\">\r\n    <a href=\"https:\/\/www.fcbarcelonanoticias.com\/en\/calendar-fc-barcelona.html\"\r\n       target=\"_self\"\r\n       title=\"Calendar of FC Barcelona\"\r\n       class=\"blue-gredient-btn\">\r\n       \r\n        Calendar of FC Barcelona    <\/a>\r\n<\/div>   <p>The news of the signing of Aubameyang by a team of Saudi Arabia, finally, was confirmed. The gabon\u00e9s left the Olympique Marseilles to begin a new stage in the To the-Qadsiah. As &#8216;Mark&#8217;, <strong>the forward signed an agreement of 20 million annual euros until the year 2026<\/strong>. The own footballer sacked of the fans &#8216;focenses&#8217; by means of a communiqu\u00e9 published in his social networks.<\/p>  <p>In the text, <strong>the exjugador of the FC Barcelona remembered how had been his arrival to the French club<\/strong>: &#8220;I Have lived a full year of emotions and would like me thank all the club, to the personnel, to my mates of team and to our followers. You have done me stronger and these memories with you will remain with me for ever&#8221;, commented the &#8216;crack&#8217;.<\/p>  <blockquote class=\"instagram-media\" data-instgrm-captioned=\"\" data-instgrm-permalink=\"https:\/\/www.instagram.com\/reel\/C9hUo2jtC91\/?utm_source=ig_embed&amp;utm_campaign=loading\" data-instgrm-version=\"14\" style=\" background:#FFF; border:0; border-radius:3px; box-shadow:0 0 1px 0 rgba(0,0,0,0.5),0 1px 10px 0 rgba(0,0,0,0.15); margin: 1px; max-width:540px; min-width:326px; padding:0; width:99.375%; width:-webkit-calc(100% - 2px); width:calc(100% - 2px);\"> <div style=\"padding:16px;\"> <div style=\" display: flex; flex-direction: row; align-items: center;\"> <div style=\"background-color: #F4F4F4; border-radius: 50%; flex-grow: 0; height: 40px; margin-right: 14px; width: 40px;\">&nbsp;<\/div>  <div style=\"display: flex; flex-direction: column; flex-grow: 1; justify-content: center;\"> <div style=\" background-color: #F4F4F4; border-radius: 4px; flex-grow: 0; height: 14px; margin-bottom: 6px; width: 100px;\">&nbsp;<\/div>  <div style=\" background-color: #F4F4F4; border-radius: 4px; flex-grow: 0; height: 14px; width: 60px;\">&nbsp;<\/div> <\/div> <\/div>  <div style=\"padding: 19% 0;\">&nbsp;<\/div>  <div style=\"display:block; height:50px; margin:0 auto 12px; width:50px;\"><a href=\"https:\/\/www.instagram.com\/en\/reel\/C9hUo2jtC91\/?utm_source=ig_embed&amp;utm_campaign=loading\" style=\" background:#FFFFFF; line-height:0; padding:0 0; text-align:center; text-decoration:none; width:100%;\" target=\"_blank\"><svg height=\"50px\" version=\"1.1\" viewBox=\"0 0 60 60\" width=\"50px\" xmlns=\"https:\/\/www.w3.org\/2000\/svg\" xmlns:xlink=\"https:\/\/www.w3.org\/1999\/xlink\"><g fill=\"none\" fill-rule=\"evenodd\" stroke=\"none\" stroke-width=\"1\"><g fill=\"#000000\" transform=\"translate(-511.000000, -20.000000)\"><g><path d=\"M556.869,30.41 C554.814,30.41 553.148,32.076 553.148,34.131 C553.148,36.186 554.814,37.852 556.869,37.852 C558.924,37.852 560.59,36.186 560.59,34.131 C560.59,32.076 558.924,30.41 556.869,30.41 M541,60.657 C535.114,60.657 530.342,55.887 530.342,50 C530.342,44.114 535.114,39.342 541,39.342 C546.887,39.342 551.658,44.114 551.658,50 C551.658,55.887 546.887,60.657 541,60.657 M541,33.886 C532.1,33.886 524.886,41.1 524.886,50 C524.886,58.899 532.1,66.113 541,66.113 C549.9,66.113 557.115,58.899 557.115,50 C557.115,41.1 549.9,33.886 541,33.886 M565.378,62.101 C565.244,65.022 564.756,66.606 564.346,67.663 C563.803,69.06 563.154,70.057 562.106,71.106 C561.058,72.155 560.06,72.803 558.662,73.347 C557.607,73.757 556.021,74.244 553.102,74.378 C549.944,74.521 548.997,74.552 541,74.552 C533.003,74.552 532.056,74.521 528.898,74.378 C525.979,74.244 524.393,73.757 523.338,73.347 C521.94,72.803 520.942,72.155 519.894,71.106 C518.846,70.057 518.197,69.06 517.654,67.663 C517.244,66.606 516.755,65.022 516.623,62.101 C516.479,58.943 516.448,57.996 516.448,50 C516.448,42.003 516.479,41.056 516.623,37.899 C516.755,34.978 517.244,33.391 517.654,32.338 C518.197,30.938 518.846,29.942 519.894,28.894 C520.942,27.846 521.94,27.196 523.338,26.654 C524.393,26.244 525.979,25.756 528.898,25.623 C532.057,25.479 533.004,25.448 541,25.448 C548.997,25.448 549.943,25.479 553.102,25.623 C556.021,25.756 557.607,26.244 558.662,26.654 C560.06,27.196 561.058,27.846 562.106,28.894 C563.154,29.942 563.803,30.938 564.346,32.338 C564.756,33.391 565.244,34.978 565.378,37.899 C565.522,41.056 565.552,42.003 565.552,50 C565.552,57.996 565.522,58.943 565.378,62.101 M570.82,37.631 C570.674,34.438 570.167,32.258 569.425,30.349 C568.659,28.377 567.633,26.702 565.965,25.035 C564.297,23.368 562.623,22.342 560.652,21.575 C558.743,20.834 556.562,20.326 553.369,20.18 C550.169,20.033 549.148,20 541,20 C532.853,20 531.831,20.033 528.631,20.18 C525.438,20.326 523.257,20.834 521.349,21.575 C519.376,22.342 517.703,23.368 516.035,25.035 C514.368,26.702 513.342,28.377 512.574,30.349 C511.834,32.258 511.326,34.438 511.181,37.631 C511.035,40.831 511,41.851 511,50 C511,58.147 511.035,59.17 511.181,62.369 C511.326,65.562 511.834,67.743 512.574,69.651 C513.342,71.625 514.368,73.296 516.035,74.965 C517.703,76.634 519.376,77.658 521.349,78.425 C523.257,79.167 525.438,79.673 528.631,79.82 C531.831,79.965 532.853,80.001 541,80.001 C549.148,80.001 550.169,79.965 553.369,79.82 C556.562,79.673 558.743,79.167 560.652,78.425 C562.623,77.658 564.297,76.634 565.965,74.965 C567.633,73.296 568.659,71.625 569.425,69.651 C570.167,67.743 570.674,65.562 570.82,62.369 C570.966,59.17 571,58.147 571,50 C571,41.851 570.966,40.831 570.82,37.631\"><\/path><\/g><\/g><\/g><\/svg><\/a><\/div>  <div style=\"padding-top: 8px;\"> <div style=\" color:#3897f0; font-family:Arial,sans-serif; font-size:14px; font-style:normal; font-weight:550; line-height:18px;\"><a href=\"https:\/\/www.instagram.com\/en\/reel\/C9hUo2jtC91\/?utm_source=ig_embed&amp;utm_campaign=loading\" style=\" background:#FFFFFF; line-height:0; padding:0 0; text-align:center; text-decoration:none; width:100%;\" target=\"_blank\">See this publication in Instagram<\/a><\/div> <\/div>  <div style=\"padding: 12.5% 0;\">&nbsp;<\/div>  <div style=\"display: flex; flex-direction: row; margin-bottom: 14px; align-items: center;\"> <div> <div style=\"background-color: #F4F4F4; border-radius: 50%; height: 12.5px; width: 12.5px; transform: translateX(0px) translateY(7px);\">&nbsp;<\/div>  <div style=\"background-color: #F4F4F4; height: 12.5px; transform: rotate(-45deg) translateX(3px) translateY(1px); width: 12.5px; flex-grow: 0; margin-right: 14px; margin-left: 2px;\">&nbsp;<\/div>  <div style=\"background-color: #F4F4F4; border-radius: 50%; height: 12.5px; width: 12.5px; transform: translateX(9px) translateY(-18px);\">&nbsp;<\/div> <\/div>  <div style=\"margin-left: 8px;\"> <div style=\" background-color: #F4F4F4; border-radius: 50%; flex-grow: 0; height: 20px; width: 20px;\">&nbsp;<\/div>  <div style=\" width: 0; height: 0; border-top: 2px solid transparent; border-left: 6px solid #f4f4f4; border-bottom: 2px solid transparent; transform: translateX(16px) translateY(-4px) rotate(30deg)\">&nbsp;<\/div> <\/div>  <div style=\"margin-left: auto;\"> <div style=\" width: 0px; border-top: 8px solid #F4F4F4; border-right: 8px solid transparent; transform: translateY(16px);\">&nbsp;<\/div>  <div style=\" background-color: #F4F4F4; flex-grow: 0; height: 12px; width: 16px; transform: translateY(-4px);\">&nbsp;<\/div>  <div style=\" width: 0; height: 0; border-top: 8px solid #F4F4F4; border-left: 8px solid transparent; transform: translateY(-4px) translateX(8px);\">&nbsp;<\/div> <\/div> <\/div>  <div style=\"display: flex; flex-direction: column; flex-grow: 1; justify-content: center; margin-bottom: 24px;\"> <div style=\" background-color: #F4F4F4; border-radius: 4px; flex-grow: 0; height: 14px; margin-bottom: 6px; width: 224px;\">&nbsp;<\/div>  <div style=\" background-color: #F4F4F4; border-radius: 4px; flex-grow: 0; height: 14px; width: 144px;\">&nbsp;<\/div> <\/div>  <p style=\" color:#c9c8cd; font-family:Arial,sans-serif; font-size:14px; line-height:17px; margin-bottom:0; margin-top:8px; overflow:hidden; padding:8px 0 7px; text-align:center; text-overflow:ellipsis; white-space:nowrap;\"><a href=\"https:\/\/www.instagram.com\/en\/reel\/C9hUo2jtC91\/?utm_source=ig_embed&amp;utm_campaign=loading\" style=\" color:#c9c8cd; font-family:Arial,sans-serif; font-size:14px; font-style:normal; font-weight:normal; line-height:17px; text-decoration:none;\" target=\"_blank\">A publication shared of Pierre-Emerick Aubameyang (@auba)<\/a><\/p> <\/div> <\/blockquote> <p>In the same message, <a data-external=\"0\" data-intl-links-en=\"https:\/\/www.fcbarcelonanoticias.com\/en\/transfers\/surprising-decision-of-aubameyang-on-his-future_305472_102.html\" data-intl-links-es=\"https:\/\/www.fcbarcelonanoticias.com\/fichajes\/sorprendente-decision-aubameyang-sobre-su-futuro_305472_102.html\" href=\"https:\/\/www.fcbarcelonanoticias.com\/en\/transfers\/surprising-decision-of-aubameyang-on-his-future_305472_102.html\" rel=\"follow\" target=\"_self\" title=\"Sorprendente decisi\u00f3n de Aubameyang sobre su futuro\">Aubameyang devoted him some words of gratitude to Frank McCourt, owner of the Marseilles Olympique, and to Pablo Longoria, sportive director<\/a>. The forward underlined that both had supported it a lot during his stay in the French team. However, the course of the forward to Saudi Arabia is a hard hit for &#8216;The Focenses&#8217;.<\/p>  <h2>The substitute of the footballer<\/h2>  <p>Now<strong> the French club has to centre his aim in achieving a substitute of the exjugador of Chelsea because the team has remained with a leading solo centre, Faris Moumbagna<\/strong>. The captain of the selection of Gabon arrived the past season to the French club after a stage complicated in <a data-external=\"0\" data-intl-links-en=\"https:\/\/www.fcbarcelonanoticias.com\/en\/tags\/chelsea\" data-intl-links-es=\"https:\/\/www.fcbarcelonanoticias.com\/tags\/chelsea\" href=\"https:\/\/www.fcbarcelonanoticias.com\/en\/tags\/chelsea.html\" rel=\"follow\" target=\"_self\" title=\"Chelsea\">Chelsea<\/a>. In this context, his period in V\u00e9ledrome was stood out to level of statistics: 29 goals and 11 assistances. Now only it is missing to see if the attacker can surpass or equate his level of game and profile goleador in the To the-Qadsiah.<\/p> ","protected":false},"excerpt":{"rendered":"<p>Aubameyang says goodbye to Olympique Marseille after being signed by a team from Saudi Arabia. The absence leaves the French club in a complicated situation, as they now only have one center forward in the team The news of the signing of Aubameyang by a team of Saudi Arabia, finally, was confirmed. The gabon\u00e9s left [&hellip;]<\/p>\n","protected":false},"author":350,"featured_media":98522,"comment_status":"closed","ping_status":"open","sticky":false,"template":"","format":"standard","meta":{"_acf_changed":false,"inline_featured_image":false,"_nextfly_llmd_date_locked":false,"footnotes":""},"categories":[106,449],"tags":[230],"class_list":["post-98511","post","type-post","status-publish","format-standard","has-post-thumbnail","hentry","category-transfers","category-transfers-2","tag-aubameyang"],"acf":[],"yoast_head":"<!-- This site is optimized with the Yoast SEO plugin v27.3 - https:\/\/yoast.com\/product\/yoast-seo-wordpress\/ -->\n<title>OFFICIAL: Aubameyang leaves the Marseilles and confirms his change of course<\/title>\n<meta name=\"description\" content=\"Aubameyang Sacks of the Olympique of Marseilles after being fichado by a team of Saudi Arabia. The absence leaves to the French club in a situation complicated, since now only have a leading centre in the team\" \/>\n<meta name=\"robots\" content=\"index, follow, max-snippet:-1, max-image-preview:large, max-video-preview:-1\" \/>\n<link rel=\"canonical\" href=\"https:\/\/www.fcbarcelonanoticias.com\/en\/transfers\/official-aubameyang-leaves-the-marseilles-and-confirms-his-change-of-course_305573_102.html\" \/>\n<meta property=\"og:locale\" content=\"en_US\" \/>\n<meta property=\"og:type\" content=\"article\" \/>\n<meta property=\"og:title\" content=\"OFFICIAL: Aubameyang leaves the Marseilles and confirms his change of course\" \/>\n<meta property=\"og:description\" content=\"Aubameyang Sacks of the Olympique of Marseilles after being fichado by a team of Saudi Arabia. The absence leaves to the French club in a situation complicated, since now only have a leading centre in the team\" \/>\n<meta property=\"og:url\" content=\"https:\/\/www.fcbarcelonanoticias.com\/en\/transfers\/official-aubameyang-leaves-the-marseilles-and-confirms-his-change-of-course_305573_102.html\" \/>\n<meta property=\"og:site_name\" content=\"EN - FC Barcelona Noticias\" \/>\n<meta property=\"article:published_time\" content=\"2024-07-18T19:28:00+00:00\" \/>\n<meta property=\"og:image\" content=\"https:\/\/www.fcbarcelonanoticias.com\/en\/wp-content\/uploads\/sites\/2\/2024\/07\/aubameyang-en-un-partido.gif\" \/>\n\t<meta property=\"og:image:width\" content=\"1300\" \/>\n\t<meta property=\"og:image:height\" content=\"723\" \/>\n\t<meta property=\"og:image:type\" content=\"image\/gif\" \/>\n<meta name=\"author\" content=\"Jes\u00fas Bol\u00edvar\" \/>\n<meta name=\"twitter:card\" content=\"summary_large_image\" \/>\n<meta name=\"twitter:label1\" content=\"Written by\" \/>\n\t<meta name=\"twitter:data1\" content=\"Jes\u00fas Bol\u00edvar\" \/>\n\t<meta name=\"twitter:label2\" content=\"Est. reading time\" \/>\n\t<meta name=\"twitter:data2\" content=\"2 minutes\" \/>\n<script type=\"application\/ld+json\" class=\"yoast-schema-graph\">{\"@context\":\"https:\\\/\\\/schema.org\",\"@graph\":[{\"@type\":\"Article\",\"@id\":\"https:\\\/\\\/www.fcbarcelonanoticias.com\\\/en\\\/transfers\\\/official-aubameyang-leaves-the-marseilles-and-confirms-his-change-of-course_305573_102.html#article\",\"isPartOf\":{\"@id\":\"https:\\\/\\\/www.fcbarcelonanoticias.com\\\/en\\\/transfers\\\/official-aubameyang-leaves-the-marseilles-and-confirms-his-change-of-course_305573_102.html\"},\"author\":{\"name\":\"Jes\u00fas Bol\u00edvar\",\"@id\":\"https:\\\/\\\/www.fcbarcelonanoticias.com\\\/en\\\/#\\\/schema\\\/person\\\/5dbbcfa0643340852c9294383c353679\"},\"headline\":\"OFFICIAL: Aubameyang leaves Marseille and confirms his change of direction\",\"datePublished\":\"2024-07-18T19:28:00+00:00\",\"mainEntityOfPage\":{\"@id\":\"https:\\\/\\\/www.fcbarcelonanoticias.com\\\/en\\\/transfers\\\/official-aubameyang-leaves-the-marseilles-and-confirms-his-change-of-course_305573_102.html\"},\"wordCount\":360,\"image\":{\"@id\":\"https:\\\/\\\/www.fcbarcelonanoticias.com\\\/en\\\/transfers\\\/official-aubameyang-leaves-the-marseilles-and-confirms-his-change-of-course_305573_102.html#primaryimage\"},\"thumbnailUrl\":\"https:\\\/\\\/www.fcbarcelonanoticias.com\\\/en\\\/wp-content\\\/uploads\\\/sites\\\/2\\\/2024\\\/07\\\/aubameyang-en-un-partido.gif\",\"keywords\":[\"Aubameyang\"],\"articleSection\":[\"Transfers\",\"Transfers\"],\"inLanguage\":\"en-US\"},{\"@type\":\"WebPage\",\"@id\":\"https:\\\/\\\/www.fcbarcelonanoticias.com\\\/en\\\/transfers\\\/official-aubameyang-leaves-the-marseilles-and-confirms-his-change-of-course_305573_102.html\",\"url\":\"https:\\\/\\\/www.fcbarcelonanoticias.com\\\/en\\\/transfers\\\/official-aubameyang-leaves-the-marseilles-and-confirms-his-change-of-course_305573_102.html\",\"name\":\"OFFICIAL: Aubameyang leaves the Marseilles and confirms his change of course\",\"isPartOf\":{\"@id\":\"https:\\\/\\\/www.fcbarcelonanoticias.com\\\/en\\\/#website\"},\"primaryImageOfPage\":{\"@id\":\"https:\\\/\\\/www.fcbarcelonanoticias.com\\\/en\\\/transfers\\\/official-aubameyang-leaves-the-marseilles-and-confirms-his-change-of-course_305573_102.html#primaryimage\"},\"image\":{\"@id\":\"https:\\\/\\\/www.fcbarcelonanoticias.com\\\/en\\\/transfers\\\/official-aubameyang-leaves-the-marseilles-and-confirms-his-change-of-course_305573_102.html#primaryimage\"},\"thumbnailUrl\":\"https:\\\/\\\/www.fcbarcelonanoticias.com\\\/en\\\/wp-content\\\/uploads\\\/sites\\\/2\\\/2024\\\/07\\\/aubameyang-en-un-partido.gif\",\"datePublished\":\"2024-07-18T19:28:00+00:00\",\"author\":{\"@id\":\"https:\\\/\\\/www.fcbarcelonanoticias.com\\\/en\\\/#\\\/schema\\\/person\\\/5dbbcfa0643340852c9294383c353679\"},\"description\":\"Aubameyang Sacks of the Olympique of Marseilles after being fichado by a team of Saudi Arabia. The absence leaves to the French club in a situation complicated, since now only have a leading centre in the team\",\"breadcrumb\":{\"@id\":\"https:\\\/\\\/www.fcbarcelonanoticias.com\\\/en\\\/transfers\\\/official-aubameyang-leaves-the-marseilles-and-confirms-his-change-of-course_305573_102.html#breadcrumb\"},\"inLanguage\":\"en-US\",\"potentialAction\":[{\"@type\":\"ReadAction\",\"target\":[\"https:\\\/\\\/www.fcbarcelonanoticias.com\\\/en\\\/transfers\\\/official-aubameyang-leaves-the-marseilles-and-confirms-his-change-of-course_305573_102.html\"]}]},{\"@type\":\"ImageObject\",\"inLanguage\":\"en-US\",\"@id\":\"https:\\\/\\\/www.fcbarcelonanoticias.com\\\/en\\\/transfers\\\/official-aubameyang-leaves-the-marseilles-and-confirms-his-change-of-course_305573_102.html#primaryimage\",\"url\":\"https:\\\/\\\/www.fcbarcelonanoticias.com\\\/en\\\/wp-content\\\/uploads\\\/sites\\\/2\\\/2024\\\/07\\\/aubameyang-en-un-partido.gif\",\"contentUrl\":\"https:\\\/\\\/www.fcbarcelonanoticias.com\\\/en\\\/wp-content\\\/uploads\\\/sites\\\/2\\\/2024\\\/07\\\/aubameyang-en-un-partido.gif\",\"width\":1300,\"height\":723},{\"@type\":\"BreadcrumbList\",\"@id\":\"https:\\\/\\\/www.fcbarcelonanoticias.com\\\/en\\\/transfers\\\/official-aubameyang-leaves-the-marseilles-and-confirms-his-change-of-course_305573_102.html#breadcrumb\",\"itemListElement\":[{\"@type\":\"ListItem\",\"position\":1,\"name\":\"Portada\",\"item\":\"https:\\\/\\\/www.fcbarcelonanoticias.com\\\/en\\\/\"},{\"@type\":\"ListItem\",\"position\":2,\"name\":\"OFFICIAL: Aubameyang leaves Marseille and confirms his change of direction\"}]},{\"@type\":\"WebSite\",\"@id\":\"https:\\\/\\\/www.fcbarcelonanoticias.com\\\/en\\\/#website\",\"url\":\"https:\\\/\\\/www.fcbarcelonanoticias.com\\\/en\\\/\",\"name\":\"EN - FC Barcelona Noticias\",\"description\":\"\",\"potentialAction\":[{\"@type\":\"SearchAction\",\"target\":{\"@type\":\"EntryPoint\",\"urlTemplate\":\"https:\\\/\\\/www.fcbarcelonanoticias.com\\\/en\\\/?s={search_term_string}\"},\"query-input\":{\"@type\":\"PropertyValueSpecification\",\"valueRequired\":true,\"valueName\":\"search_term_string\"}}],\"inLanguage\":\"en-US\"},{\"@type\":\"Person\",\"@id\":\"https:\\\/\\\/www.fcbarcelonanoticias.com\\\/en\\\/#\\\/schema\\\/person\\\/5dbbcfa0643340852c9294383c353679\",\"name\":\"Jes\u00fas Bol\u00edvar\",\"image\":{\"@type\":\"ImageObject\",\"inLanguage\":\"en-US\",\"@id\":\"https:\\\/\\\/secure.gravatar.com\\\/avatar\\\/?s=96&d=mm&r=g\",\"url\":\"https:\\\/\\\/secure.gravatar.com\\\/avatar\\\/?s=96&d=mm&r=g\",\"contentUrl\":\"https:\\\/\\\/secure.gravatar.com\\\/avatar\\\/?s=96&d=mm&r=g\",\"caption\":\"Jes\u00fas Bol\u00edvar\"},\"url\":\"https:\\\/\\\/www.fcbarcelonanoticias.com\\\/en\\\/jesus-bolivar_28_115.html\"}]}<\/script>\n<!-- \/ Yoast SEO plugin. -->","yoast_head_json":{"title":"OFFICIAL: Aubameyang leaves the Marseilles and confirms his change of course","description":"Aubameyang Sacks of the Olympique of Marseilles after being fichado by a team of Saudi Arabia. The absence leaves to the French club in a situation complicated, since now only have a leading centre in the team","robots":{"index":"index","follow":"follow","max-snippet":"max-snippet:-1","max-image-preview":"max-image-preview:large","max-video-preview":"max-video-preview:-1"},"canonical":"https:\/\/www.fcbarcelonanoticias.com\/en\/transfers\/official-aubameyang-leaves-the-marseilles-and-confirms-his-change-of-course_305573_102.html","og_locale":"en_US","og_type":"article","og_title":"OFFICIAL: Aubameyang leaves the Marseilles and confirms his change of course","og_description":"Aubameyang Sacks of the Olympique of Marseilles after being fichado by a team of Saudi Arabia. The absence leaves to the French club in a situation complicated, since now only have a leading centre in the team","og_url":"https:\/\/www.fcbarcelonanoticias.com\/en\/transfers\/official-aubameyang-leaves-the-marseilles-and-confirms-his-change-of-course_305573_102.html","og_site_name":"EN - FC Barcelona Noticias","article_published_time":"2024-07-18T19:28:00+00:00","og_image":[{"width":1300,"height":723,"url":"https:\/\/www.fcbarcelonanoticias.com\/en\/wp-content\/uploads\/sites\/2\/2024\/07\/aubameyang-en-un-partido.gif","type":"image\/gif"}],"author":"Jes\u00fas Bol\u00edvar","twitter_card":"summary_large_image","twitter_misc":{"Written by":"Jes\u00fas Bol\u00edvar","Est. reading time":"2 minutes"},"schema":{"@context":"https:\/\/schema.org","@graph":[{"@type":"Article","@id":"https:\/\/www.fcbarcelonanoticias.com\/en\/transfers\/official-aubameyang-leaves-the-marseilles-and-confirms-his-change-of-course_305573_102.html#article","isPartOf":{"@id":"https:\/\/www.fcbarcelonanoticias.com\/en\/transfers\/official-aubameyang-leaves-the-marseilles-and-confirms-his-change-of-course_305573_102.html"},"author":{"name":"Jes\u00fas Bol\u00edvar","@id":"https:\/\/www.fcbarcelonanoticias.com\/en\/#\/schema\/person\/5dbbcfa0643340852c9294383c353679"},"headline":"OFFICIAL: Aubameyang leaves Marseille and confirms his change of direction","datePublished":"2024-07-18T19:28:00+00:00","mainEntityOfPage":{"@id":"https:\/\/www.fcbarcelonanoticias.com\/en\/transfers\/official-aubameyang-leaves-the-marseilles-and-confirms-his-change-of-course_305573_102.html"},"wordCount":360,"image":{"@id":"https:\/\/www.fcbarcelonanoticias.com\/en\/transfers\/official-aubameyang-leaves-the-marseilles-and-confirms-his-change-of-course_305573_102.html#primaryimage"},"thumbnailUrl":"https:\/\/www.fcbarcelonanoticias.com\/en\/wp-content\/uploads\/sites\/2\/2024\/07\/aubameyang-en-un-partido.gif","keywords":["Aubameyang"],"articleSection":["Transfers","Transfers"],"inLanguage":"en-US"},{"@type":"WebPage","@id":"https:\/\/www.fcbarcelonanoticias.com\/en\/transfers\/official-aubameyang-leaves-the-marseilles-and-confirms-his-change-of-course_305573_102.html","url":"https:\/\/www.fcbarcelonanoticias.com\/en\/transfers\/official-aubameyang-leaves-the-marseilles-and-confirms-his-change-of-course_305573_102.html","name":"OFFICIAL: Aubameyang leaves the Marseilles and confirms his change of course","isPartOf":{"@id":"https:\/\/www.fcbarcelonanoticias.com\/en\/#website"},"primaryImageOfPage":{"@id":"https:\/\/www.fcbarcelonanoticias.com\/en\/transfers\/official-aubameyang-leaves-the-marseilles-and-confirms-his-change-of-course_305573_102.html#primaryimage"},"image":{"@id":"https:\/\/www.fcbarcelonanoticias.com\/en\/transfers\/official-aubameyang-leaves-the-marseilles-and-confirms-his-change-of-course_305573_102.html#primaryimage"},"thumbnailUrl":"https:\/\/www.fcbarcelonanoticias.com\/en\/wp-content\/uploads\/sites\/2\/2024\/07\/aubameyang-en-un-partido.gif","datePublished":"2024-07-18T19:28:00+00:00","author":{"@id":"https:\/\/www.fcbarcelonanoticias.com\/en\/#\/schema\/person\/5dbbcfa0643340852c9294383c353679"},"description":"Aubameyang Sacks of the Olympique of Marseilles after being fichado by a team of Saudi Arabia. The absence leaves to the French club in a situation complicated, since now only have a leading centre in the team","breadcrumb":{"@id":"https:\/\/www.fcbarcelonanoticias.com\/en\/transfers\/official-aubameyang-leaves-the-marseilles-and-confirms-his-change-of-course_305573_102.html#breadcrumb"},"inLanguage":"en-US","potentialAction":[{"@type":"ReadAction","target":["https:\/\/www.fcbarcelonanoticias.com\/en\/transfers\/official-aubameyang-leaves-the-marseilles-and-confirms-his-change-of-course_305573_102.html"]}]},{"@type":"ImageObject","inLanguage":"en-US","@id":"https:\/\/www.fcbarcelonanoticias.com\/en\/transfers\/official-aubameyang-leaves-the-marseilles-and-confirms-his-change-of-course_305573_102.html#primaryimage","url":"https:\/\/www.fcbarcelonanoticias.com\/en\/wp-content\/uploads\/sites\/2\/2024\/07\/aubameyang-en-un-partido.gif","contentUrl":"https:\/\/www.fcbarcelonanoticias.com\/en\/wp-content\/uploads\/sites\/2\/2024\/07\/aubameyang-en-un-partido.gif","width":1300,"height":723},{"@type":"BreadcrumbList","@id":"https:\/\/www.fcbarcelonanoticias.com\/en\/transfers\/official-aubameyang-leaves-the-marseilles-and-confirms-his-change-of-course_305573_102.html#breadcrumb","itemListElement":[{"@type":"ListItem","position":1,"name":"Portada","item":"https:\/\/www.fcbarcelonanoticias.com\/en\/"},{"@type":"ListItem","position":2,"name":"OFFICIAL: Aubameyang leaves Marseille and confirms his change of direction"}]},{"@type":"WebSite","@id":"https:\/\/www.fcbarcelonanoticias.com\/en\/#website","url":"https:\/\/www.fcbarcelonanoticias.com\/en\/","name":"EN - FC Barcelona Noticias","description":"","potentialAction":[{"@type":"SearchAction","target":{"@type":"EntryPoint","urlTemplate":"https:\/\/www.fcbarcelonanoticias.com\/en\/?s={search_term_string}"},"query-input":{"@type":"PropertyValueSpecification","valueRequired":true,"valueName":"search_term_string"}}],"inLanguage":"en-US"},{"@type":"Person","@id":"https:\/\/www.fcbarcelonanoticias.com\/en\/#\/schema\/person\/5dbbcfa0643340852c9294383c353679","name":"Jes\u00fas Bol\u00edvar","image":{"@type":"ImageObject","inLanguage":"en-US","@id":"https:\/\/secure.gravatar.com\/avatar\/?s=96&d=mm&r=g","url":"https:\/\/secure.gravatar.com\/avatar\/?s=96&d=mm&r=g","contentUrl":"https:\/\/secure.gravatar.com\/avatar\/?s=96&d=mm&r=g","caption":"Jes\u00fas Bol\u00edvar"},"url":"https:\/\/www.fcbarcelonanoticias.com\/en\/jesus-bolivar_28_115.html"}]}},"_links":{"self":[{"href":"https:\/\/www.fcbarcelonanoticias.com\/en\/wp-json\/wp\/v2\/posts\/98511","targetHints":{"allow":["GET"]}}],"collection":[{"href":"https:\/\/www.fcbarcelonanoticias.com\/en\/wp-json\/wp\/v2\/posts"}],"about":[{"href":"https:\/\/www.fcbarcelonanoticias.com\/en\/wp-json\/wp\/v2\/types\/post"}],"author":[{"embeddable":true,"href":"https:\/\/www.fcbarcelonanoticias.com\/en\/wp-json\/wp\/v2\/users\/350"}],"replies":[{"embeddable":true,"href":"https:\/\/www.fcbarcelonanoticias.com\/en\/wp-json\/wp\/v2\/comments?post=98511"}],"version-history":[{"count":1,"href":"https:\/\/www.fcbarcelonanoticias.com\/en\/wp-json\/wp\/v2\/posts\/98511\/revisions"}],"predecessor-version":[{"id":131814,"href":"https:\/\/www.fcbarcelonanoticias.com\/en\/wp-json\/wp\/v2\/posts\/98511\/revisions\/131814"}],"wp:featuredmedia":[{"embeddable":true,"href":"https:\/\/www.fcbarcelonanoticias.com\/en\/wp-json\/wp\/v2\/media\/98522"}],"wp:attachment":[{"href":"https:\/\/www.fcbarcelonanoticias.com\/en\/wp-json\/wp\/v2\/media?parent=98511"}],"wp:term":[{"taxonomy":"category","embeddable":true,"href":"https:\/\/www.fcbarcelonanoticias.com\/en\/wp-json\/wp\/v2\/categories?post=98511"},{"taxonomy":"post_tag","embeddable":true,"href":"https:\/\/www.fcbarcelonanoticias.com\/en\/wp-json\/wp\/v2\/tags?post=98511"}],"curies":[{"name":"wp","href":"https:\/\/api.w.org\/{rel}","templated":true}]}}