{"id":98586,"date":"2022-07-05T21:24:00","date_gmt":"2022-07-05T19:24:00","guid":{"rendered":"https:\/\/weisetech.dev\/fc-barcelona-noticias\/en\/isco-passes-rome-its-future-is-still-in-the-air_281917_102\/"},"modified":"2022-07-05T21:24:00","modified_gmt":"2022-07-05T19:24:00","slug":"isco-passes-rome-its-future-is-still-in-the-air_281917_102","status":"publish","type":"post","link":"https:\/\/www.fcbarcelonanoticias.com\/en\/transfers\/isco-passes-rome-its-future-is-still-in-the-air_281917_102.html","title":{"rendered":"Isco &#8216;passes&#8217; Roma and his future is still up in the air"},"content":{"rendered":"<h2 class=\"wp-block-heading\">After leaving Real Madrid, Isco is looking for a new team. In that sense, Roma was shown to be one of the most interested in taking over his services, but the midfielder rejected the offer<\/h2>  \r\n<div class=\"article-addons\">\r\n    <a href=\"https:\/\/www.fcbarcelonanoticias.com\/en\/calendar-fc-barcelona.html\"\r\n       target=\"_self\"\r\n       title=\"Calendar of FC Barcelona\"\r\n       class=\"blue-gredient-btn\">\r\n       \r\n        Calendar of FC Barcelona    <\/a>\r\n<\/div>   <p>The &#8216;adventure&#8217; of Francisco Alarc\u00f3n &#8216;<a data-external=\"0\" data-intl-links-en=\"https:\/\/www.fcbarcelonanoticias.com\/en\/tags\/isco\" data-intl-links-es=\"https:\/\/www.fcbarcelonanoticias.com\/tags\/isco\" href=\"https:\/\/www.fcbarcelonanoticias.com\/en\/tags\/isco.html\" rel=\"follow\" target=\"_self\" title=\"Isco\">Isco<\/a>&#8216; in <a data-external=\"0\" data-intl-links-en=\"https:\/\/www.fcbarcelonanoticias.com\/en\/tags\/atletico-de-madrid\" data-intl-links-es=\"https:\/\/www.fcbarcelonanoticias.com\/tags\/atletico-de-madrid\" href=\"https:\/\/www.fcbarcelonanoticias.com\/en\/tags\/atletico-de-madrid.html\" rel=\"follow\" target=\"_self\" title=\"Atl\u00e9tico de Madrid\">the Real Madrid<\/a> came to an end this summer. The agreement of the mediocampista with the entity madridista expired the past 30 June and from the offices of Santiago Bernab\u00e9u took the decision of not extending his stay in Chamart\u00edn. Of this way, the footballer put him end to a stage that lasted 9 years, <strong>in which it won 5 Champions, 3 Leagues, 3 Supercopas of Spain, 3 Supercopas of Europe, 4 World-wide of Clubs and 1 Glass of Rey, being one of the more winners in the history of the club<\/strong>.<\/p>  <p>Now, the international with the Spanish selection is in research of a new team, and several clubs have showed interested in doing with his services. In spite of having gone of more to less in his last years dressing the T-shirt merengue, the player still has poster in the big leagues of Europe, such as the Premier and, specifically, the Series To, <strong>where the Rome of Jos\u00e9 Mourinho wished to carry to the of Brook of the Honey to his rows<\/strong>.<\/p>  <p>The current champion of the Conference League expected to fill the &#8217;empty&#8217; that left Henrikh Mkhitaryan with his course to the Inter with the malague\u00f1o, <strong>but this &#8216;decided&#8217; happen of the opportunity to play in the Italian capital and refused the proposal, as it has informed the newspaper &#8216;ACE&#8217;<\/strong>. The newspaper ensures that the &#8216;Wolf&#8217; launched with everything to by the mediocampista since they considered him key to reinforce his medullary, but Isco there would be descartado the offer since it would prefer to follow studying his options.<\/p>  <p>The reasons of the refusal of &#8216;Magic&#8217; to the Rome would be merely sportive. <strong>The footballer has like priority continue playing in Spain, or in his defect, put course to a team that go to contest the next edition of the Champions League<\/strong>. In spite of that the same Mourinho transmitted him to the Spanish his wish to have the in his staff and the good economic proposal made by the club, Alarc\u00f3n has very clear his aim and thus it gave him the &#8220;no&#8221; to the Romans.<\/p>  <h3>In LaLiga there is interest<\/h3>  <p>In the meantime, diverse informations sustain that the player has called the attention of some teams of LaLiga. Specifically in Andalucia, <strong>where so much the Seville like the Betis would have him in his &#8216;diary&#8217; of futuribles<\/strong>. Lopetegui Is a big fanatical of the game of Isco, to the one who already had under his orders during his brief periplo in the Madrid, by what would want to retell with him in his team. In the meantime, Manuel Pellegrini also would have him like main candidate to reinforce the medullary, even above the ex canterano b\u00e9tico Dani Ceballos, and would be in the &#8216;bidding&#8217; by his services.<\/p> ","protected":false},"excerpt":{"rendered":"<p>After leaving Real Madrid, Isco is looking for a new team. In that sense, Roma was shown to be one of the most interested in taking over his services, but the midfielder rejected the offer The &#8216;adventure&#8217; of Francisco Alarc\u00f3n &#8216;Isco&#8216; in the Real Madrid came to an end this summer. The agreement of the [&hellip;]<\/p>\n","protected":false},"author":358,"featured_media":98594,"comment_status":"closed","ping_status":"open","sticky":false,"template":"","format":"standard","meta":{"_acf_changed":false,"inline_featured_image":false,"_nextfly_llmd_date_locked":false,"footnotes":""},"categories":[106,449],"tags":[236,351,176],"class_list":["post-98586","post","type-post","status-publish","format-standard","has-post-thumbnail","hentry","category-transfers","category-transfers-2","tag-as-roma","tag-isco","tag-jose-mourinho"],"acf":[],"yoast_head":"<!-- This site is optimized with the Yoast SEO plugin v27.3 - https:\/\/yoast.com\/product\/yoast-seo-wordpress\/ -->\n<title>Isco &#039;Raisin&#039; of the Rome and his future is still in the &#039;air&#039;<\/title>\n<meta name=\"description\" content=\"After going out of the Real Madrid, Isco is in research of a new team. In this sense, the Rome showed like one of the most interested in doing with...\" \/>\n<meta name=\"robots\" content=\"index, follow, max-snippet:-1, max-image-preview:large, max-video-preview:-1\" \/>\n<link rel=\"canonical\" href=\"https:\/\/www.fcbarcelonanoticias.com\/en\/transfers\/isco-passes-rome-its-future-is-still-in-the-air_281917_102.html\" \/>\n<meta property=\"og:locale\" content=\"en_US\" \/>\n<meta property=\"og:type\" content=\"article\" \/>\n<meta property=\"og:title\" content=\"Isco &#039;Raisin&#039; of the Rome and his future is still in the &#039;air&#039;\" \/>\n<meta property=\"og:description\" content=\"After going out of the Real Madrid, Isco is in research of a new team. In this sense, the Rome showed like one of the most interested in doing with...\" \/>\n<meta property=\"og:url\" content=\"https:\/\/www.fcbarcelonanoticias.com\/en\/transfers\/isco-passes-rome-its-future-is-still-in-the-air_281917_102.html\" \/>\n<meta property=\"og:site_name\" content=\"EN - FC Barcelona Noticias\" \/>\n<meta property=\"article:published_time\" content=\"2022-07-05T19:24:00+00:00\" \/>\n<meta property=\"og:image\" content=\"https:\/\/www.fcbarcelonanoticias.com\/en\/wp-content\/uploads\/sites\/2\/2022\/07\/isco-celebrando-un-gol.jpeg\" \/>\n\t<meta property=\"og:image:width\" content=\"1300\" \/>\n\t<meta property=\"og:image:height\" content=\"737\" \/>\n\t<meta property=\"og:image:type\" content=\"image\/jpeg\" \/>\n<meta name=\"author\" content=\"Juan Pablo Berdugo\" \/>\n<meta name=\"twitter:card\" content=\"summary_large_image\" \/>\n<meta name=\"twitter:label1\" content=\"Written by\" \/>\n\t<meta name=\"twitter:data1\" content=\"Juan Pablo Berdugo\" \/>\n\t<meta name=\"twitter:label2\" content=\"Est. reading time\" \/>\n\t<meta name=\"twitter:data2\" content=\"3 minutes\" \/>\n<script type=\"application\/ld+json\" class=\"yoast-schema-graph\">{\"@context\":\"https:\\\/\\\/schema.org\",\"@graph\":[{\"@type\":\"Article\",\"@id\":\"https:\\\/\\\/www.fcbarcelonanoticias.com\\\/en\\\/transfers\\\/isco-passes-rome-its-future-is-still-in-the-air_281917_102.html#article\",\"isPartOf\":{\"@id\":\"https:\\\/\\\/www.fcbarcelonanoticias.com\\\/en\\\/transfers\\\/isco-passes-rome-its-future-is-still-in-the-air_281917_102.html\"},\"author\":{\"name\":\"Juan Pablo Berdugo\",\"@id\":\"https:\\\/\\\/www.fcbarcelonanoticias.com\\\/en\\\/#\\\/schema\\\/person\\\/88d756918a0a1ae9fa593b5edddd1815\"},\"headline\":\"Isco &#8216;passes&#8217; Roma and his future is still up in the air\",\"datePublished\":\"2022-07-05T19:24:00+00:00\",\"mainEntityOfPage\":{\"@id\":\"https:\\\/\\\/www.fcbarcelonanoticias.com\\\/en\\\/transfers\\\/isco-passes-rome-its-future-is-still-in-the-air_281917_102.html\"},\"wordCount\":513,\"image\":{\"@id\":\"https:\\\/\\\/www.fcbarcelonanoticias.com\\\/en\\\/transfers\\\/isco-passes-rome-its-future-is-still-in-the-air_281917_102.html#primaryimage\"},\"thumbnailUrl\":\"https:\\\/\\\/www.fcbarcelonanoticias.com\\\/en\\\/wp-content\\\/uploads\\\/sites\\\/2\\\/2022\\\/07\\\/isco-celebrando-un-gol.jpeg\",\"keywords\":[\"AS Roma\",\"Isco\",\"Jos\u00e9 Mourinho\"],\"articleSection\":[\"Transfers\",\"Transfers\"],\"inLanguage\":\"en-US\"},{\"@type\":\"WebPage\",\"@id\":\"https:\\\/\\\/www.fcbarcelonanoticias.com\\\/en\\\/transfers\\\/isco-passes-rome-its-future-is-still-in-the-air_281917_102.html\",\"url\":\"https:\\\/\\\/www.fcbarcelonanoticias.com\\\/en\\\/transfers\\\/isco-passes-rome-its-future-is-still-in-the-air_281917_102.html\",\"name\":\"Isco 'Raisin' of the Rome and his future is still in the 'air'\",\"isPartOf\":{\"@id\":\"https:\\\/\\\/www.fcbarcelonanoticias.com\\\/en\\\/#website\"},\"primaryImageOfPage\":{\"@id\":\"https:\\\/\\\/www.fcbarcelonanoticias.com\\\/en\\\/transfers\\\/isco-passes-rome-its-future-is-still-in-the-air_281917_102.html#primaryimage\"},\"image\":{\"@id\":\"https:\\\/\\\/www.fcbarcelonanoticias.com\\\/en\\\/transfers\\\/isco-passes-rome-its-future-is-still-in-the-air_281917_102.html#primaryimage\"},\"thumbnailUrl\":\"https:\\\/\\\/www.fcbarcelonanoticias.com\\\/en\\\/wp-content\\\/uploads\\\/sites\\\/2\\\/2022\\\/07\\\/isco-celebrando-un-gol.jpeg\",\"datePublished\":\"2022-07-05T19:24:00+00:00\",\"author\":{\"@id\":\"https:\\\/\\\/www.fcbarcelonanoticias.com\\\/en\\\/#\\\/schema\\\/person\\\/88d756918a0a1ae9fa593b5edddd1815\"},\"description\":\"After going out of the Real Madrid, Isco is in research of a new team. In this sense, the Rome showed like one of the most interested in doing with...\",\"breadcrumb\":{\"@id\":\"https:\\\/\\\/www.fcbarcelonanoticias.com\\\/en\\\/transfers\\\/isco-passes-rome-its-future-is-still-in-the-air_281917_102.html#breadcrumb\"},\"inLanguage\":\"en-US\",\"potentialAction\":[{\"@type\":\"ReadAction\",\"target\":[\"https:\\\/\\\/www.fcbarcelonanoticias.com\\\/en\\\/transfers\\\/isco-passes-rome-its-future-is-still-in-the-air_281917_102.html\"]}]},{\"@type\":\"ImageObject\",\"inLanguage\":\"en-US\",\"@id\":\"https:\\\/\\\/www.fcbarcelonanoticias.com\\\/en\\\/transfers\\\/isco-passes-rome-its-future-is-still-in-the-air_281917_102.html#primaryimage\",\"url\":\"https:\\\/\\\/www.fcbarcelonanoticias.com\\\/en\\\/wp-content\\\/uploads\\\/sites\\\/2\\\/2022\\\/07\\\/isco-celebrando-un-gol.jpeg\",\"contentUrl\":\"https:\\\/\\\/www.fcbarcelonanoticias.com\\\/en\\\/wp-content\\\/uploads\\\/sites\\\/2\\\/2022\\\/07\\\/isco-celebrando-un-gol.jpeg\",\"width\":1300,\"height\":737},{\"@type\":\"BreadcrumbList\",\"@id\":\"https:\\\/\\\/www.fcbarcelonanoticias.com\\\/en\\\/transfers\\\/isco-passes-rome-its-future-is-still-in-the-air_281917_102.html#breadcrumb\",\"itemListElement\":[{\"@type\":\"ListItem\",\"position\":1,\"name\":\"Portada\",\"item\":\"https:\\\/\\\/www.fcbarcelonanoticias.com\\\/en\\\/\"},{\"@type\":\"ListItem\",\"position\":2,\"name\":\"Isco &#8216;passes&#8217; Roma and his future is still up in the air\"}]},{\"@type\":\"WebSite\",\"@id\":\"https:\\\/\\\/www.fcbarcelonanoticias.com\\\/en\\\/#website\",\"url\":\"https:\\\/\\\/www.fcbarcelonanoticias.com\\\/en\\\/\",\"name\":\"EN - FC Barcelona Noticias\",\"description\":\"\",\"potentialAction\":[{\"@type\":\"SearchAction\",\"target\":{\"@type\":\"EntryPoint\",\"urlTemplate\":\"https:\\\/\\\/www.fcbarcelonanoticias.com\\\/en\\\/?s={search_term_string}\"},\"query-input\":{\"@type\":\"PropertyValueSpecification\",\"valueRequired\":true,\"valueName\":\"search_term_string\"}}],\"inLanguage\":\"en-US\"},{\"@type\":\"Person\",\"@id\":\"https:\\\/\\\/www.fcbarcelonanoticias.com\\\/en\\\/#\\\/schema\\\/person\\\/88d756918a0a1ae9fa593b5edddd1815\",\"name\":\"Juan Pablo Berdugo\",\"image\":{\"@type\":\"ImageObject\",\"inLanguage\":\"en-US\",\"@id\":\"https:\\\/\\\/secure.gravatar.com\\\/avatar\\\/?s=96&d=mm&r=g\",\"url\":\"https:\\\/\\\/secure.gravatar.com\\\/avatar\\\/?s=96&d=mm&r=g\",\"contentUrl\":\"https:\\\/\\\/secure.gravatar.com\\\/avatar\\\/?s=96&d=mm&r=g\",\"caption\":\"Juan Pablo Berdugo\"},\"description\":\"Juan Pablo Berdugo es graduado en Periodismo. Colabora con FCBN como especialista en informaci\u00f3n del primer equipo del FC Barcelona, f\u00fatbol internacional y mercado de fichajes. Destaca por su enfoque anal\u00edtico, su rigor informativo y su capacidad para detectar tendencias emergentes en el f\u00fatbol global.\",\"url\":\"https:\\\/\\\/www.fcbarcelonanoticias.com\\\/en\\\/fc-barcelona\\\/juan-pablo-berdugo_18_115.html\"}]}<\/script>\n<!-- \/ Yoast SEO plugin. -->","yoast_head_json":{"title":"Isco 'Raisin' of the Rome and his future is still in the 'air'","description":"After going out of the Real Madrid, Isco is in research of a new team. In this sense, the Rome showed like one of the most interested in doing with...","robots":{"index":"index","follow":"follow","max-snippet":"max-snippet:-1","max-image-preview":"max-image-preview:large","max-video-preview":"max-video-preview:-1"},"canonical":"https:\/\/www.fcbarcelonanoticias.com\/en\/transfers\/isco-passes-rome-its-future-is-still-in-the-air_281917_102.html","og_locale":"en_US","og_type":"article","og_title":"Isco 'Raisin' of the Rome and his future is still in the 'air'","og_description":"After going out of the Real Madrid, Isco is in research of a new team. In this sense, the Rome showed like one of the most interested in doing with...","og_url":"https:\/\/www.fcbarcelonanoticias.com\/en\/transfers\/isco-passes-rome-its-future-is-still-in-the-air_281917_102.html","og_site_name":"EN - FC Barcelona Noticias","article_published_time":"2022-07-05T19:24:00+00:00","og_image":[{"width":1300,"height":737,"url":"https:\/\/www.fcbarcelonanoticias.com\/en\/wp-content\/uploads\/sites\/2\/2022\/07\/isco-celebrando-un-gol.jpeg","type":"image\/jpeg"}],"author":"Juan Pablo Berdugo","twitter_card":"summary_large_image","twitter_misc":{"Written by":"Juan Pablo Berdugo","Est. reading time":"3 minutes"},"schema":{"@context":"https:\/\/schema.org","@graph":[{"@type":"Article","@id":"https:\/\/www.fcbarcelonanoticias.com\/en\/transfers\/isco-passes-rome-its-future-is-still-in-the-air_281917_102.html#article","isPartOf":{"@id":"https:\/\/www.fcbarcelonanoticias.com\/en\/transfers\/isco-passes-rome-its-future-is-still-in-the-air_281917_102.html"},"author":{"name":"Juan Pablo Berdugo","@id":"https:\/\/www.fcbarcelonanoticias.com\/en\/#\/schema\/person\/88d756918a0a1ae9fa593b5edddd1815"},"headline":"Isco &#8216;passes&#8217; Roma and his future is still up in the air","datePublished":"2022-07-05T19:24:00+00:00","mainEntityOfPage":{"@id":"https:\/\/www.fcbarcelonanoticias.com\/en\/transfers\/isco-passes-rome-its-future-is-still-in-the-air_281917_102.html"},"wordCount":513,"image":{"@id":"https:\/\/www.fcbarcelonanoticias.com\/en\/transfers\/isco-passes-rome-its-future-is-still-in-the-air_281917_102.html#primaryimage"},"thumbnailUrl":"https:\/\/www.fcbarcelonanoticias.com\/en\/wp-content\/uploads\/sites\/2\/2022\/07\/isco-celebrando-un-gol.jpeg","keywords":["AS Roma","Isco","Jos\u00e9 Mourinho"],"articleSection":["Transfers","Transfers"],"inLanguage":"en-US"},{"@type":"WebPage","@id":"https:\/\/www.fcbarcelonanoticias.com\/en\/transfers\/isco-passes-rome-its-future-is-still-in-the-air_281917_102.html","url":"https:\/\/www.fcbarcelonanoticias.com\/en\/transfers\/isco-passes-rome-its-future-is-still-in-the-air_281917_102.html","name":"Isco 'Raisin' of the Rome and his future is still in the 'air'","isPartOf":{"@id":"https:\/\/www.fcbarcelonanoticias.com\/en\/#website"},"primaryImageOfPage":{"@id":"https:\/\/www.fcbarcelonanoticias.com\/en\/transfers\/isco-passes-rome-its-future-is-still-in-the-air_281917_102.html#primaryimage"},"image":{"@id":"https:\/\/www.fcbarcelonanoticias.com\/en\/transfers\/isco-passes-rome-its-future-is-still-in-the-air_281917_102.html#primaryimage"},"thumbnailUrl":"https:\/\/www.fcbarcelonanoticias.com\/en\/wp-content\/uploads\/sites\/2\/2022\/07\/isco-celebrando-un-gol.jpeg","datePublished":"2022-07-05T19:24:00+00:00","author":{"@id":"https:\/\/www.fcbarcelonanoticias.com\/en\/#\/schema\/person\/88d756918a0a1ae9fa593b5edddd1815"},"description":"After going out of the Real Madrid, Isco is in research of a new team. In this sense, the Rome showed like one of the most interested in doing with...","breadcrumb":{"@id":"https:\/\/www.fcbarcelonanoticias.com\/en\/transfers\/isco-passes-rome-its-future-is-still-in-the-air_281917_102.html#breadcrumb"},"inLanguage":"en-US","potentialAction":[{"@type":"ReadAction","target":["https:\/\/www.fcbarcelonanoticias.com\/en\/transfers\/isco-passes-rome-its-future-is-still-in-the-air_281917_102.html"]}]},{"@type":"ImageObject","inLanguage":"en-US","@id":"https:\/\/www.fcbarcelonanoticias.com\/en\/transfers\/isco-passes-rome-its-future-is-still-in-the-air_281917_102.html#primaryimage","url":"https:\/\/www.fcbarcelonanoticias.com\/en\/wp-content\/uploads\/sites\/2\/2022\/07\/isco-celebrando-un-gol.jpeg","contentUrl":"https:\/\/www.fcbarcelonanoticias.com\/en\/wp-content\/uploads\/sites\/2\/2022\/07\/isco-celebrando-un-gol.jpeg","width":1300,"height":737},{"@type":"BreadcrumbList","@id":"https:\/\/www.fcbarcelonanoticias.com\/en\/transfers\/isco-passes-rome-its-future-is-still-in-the-air_281917_102.html#breadcrumb","itemListElement":[{"@type":"ListItem","position":1,"name":"Portada","item":"https:\/\/www.fcbarcelonanoticias.com\/en\/"},{"@type":"ListItem","position":2,"name":"Isco &#8216;passes&#8217; Roma and his future is still up in the air"}]},{"@type":"WebSite","@id":"https:\/\/www.fcbarcelonanoticias.com\/en\/#website","url":"https:\/\/www.fcbarcelonanoticias.com\/en\/","name":"EN - FC Barcelona Noticias","description":"","potentialAction":[{"@type":"SearchAction","target":{"@type":"EntryPoint","urlTemplate":"https:\/\/www.fcbarcelonanoticias.com\/en\/?s={search_term_string}"},"query-input":{"@type":"PropertyValueSpecification","valueRequired":true,"valueName":"search_term_string"}}],"inLanguage":"en-US"},{"@type":"Person","@id":"https:\/\/www.fcbarcelonanoticias.com\/en\/#\/schema\/person\/88d756918a0a1ae9fa593b5edddd1815","name":"Juan Pablo Berdugo","image":{"@type":"ImageObject","inLanguage":"en-US","@id":"https:\/\/secure.gravatar.com\/avatar\/?s=96&d=mm&r=g","url":"https:\/\/secure.gravatar.com\/avatar\/?s=96&d=mm&r=g","contentUrl":"https:\/\/secure.gravatar.com\/avatar\/?s=96&d=mm&r=g","caption":"Juan Pablo Berdugo"},"description":"Juan Pablo Berdugo es graduado en Periodismo. Colabora con FCBN como especialista en informaci\u00f3n del primer equipo del FC Barcelona, f\u00fatbol internacional y mercado de fichajes. Destaca por su enfoque anal\u00edtico, su rigor informativo y su capacidad para detectar tendencias emergentes en el f\u00fatbol global.","url":"https:\/\/www.fcbarcelonanoticias.com\/en\/fc-barcelona\/juan-pablo-berdugo_18_115.html"}]}},"_links":{"self":[{"href":"https:\/\/www.fcbarcelonanoticias.com\/en\/wp-json\/wp\/v2\/posts\/98586","targetHints":{"allow":["GET"]}}],"collection":[{"href":"https:\/\/www.fcbarcelonanoticias.com\/en\/wp-json\/wp\/v2\/posts"}],"about":[{"href":"https:\/\/www.fcbarcelonanoticias.com\/en\/wp-json\/wp\/v2\/types\/post"}],"author":[{"embeddable":true,"href":"https:\/\/www.fcbarcelonanoticias.com\/en\/wp-json\/wp\/v2\/users\/358"}],"replies":[{"embeddable":true,"href":"https:\/\/www.fcbarcelonanoticias.com\/en\/wp-json\/wp\/v2\/comments?post=98586"}],"version-history":[{"count":1,"href":"https:\/\/www.fcbarcelonanoticias.com\/en\/wp-json\/wp\/v2\/posts\/98586\/revisions"}],"predecessor-version":[{"id":127477,"href":"https:\/\/www.fcbarcelonanoticias.com\/en\/wp-json\/wp\/v2\/posts\/98586\/revisions\/127477"}],"wp:featuredmedia":[{"embeddable":true,"href":"https:\/\/www.fcbarcelonanoticias.com\/en\/wp-json\/wp\/v2\/media\/98594"}],"wp:attachment":[{"href":"https:\/\/www.fcbarcelonanoticias.com\/en\/wp-json\/wp\/v2\/media?parent=98586"}],"wp:term":[{"taxonomy":"category","embeddable":true,"href":"https:\/\/www.fcbarcelonanoticias.com\/en\/wp-json\/wp\/v2\/categories?post=98586"},{"taxonomy":"post_tag","embeddable":true,"href":"https:\/\/www.fcbarcelonanoticias.com\/en\/wp-json\/wp\/v2\/tags?post=98586"}],"curies":[{"name":"wp","href":"https:\/\/api.w.org\/{rel}","templated":true}]}}