{"id":98655,"date":"2025-03-22T01:13:00","date_gmt":"2025-03-22T00:13:00","guid":{"rendered":"https:\/\/weisetech.dev\/fc-barcelona-noticias\/en\/darwin-nunez-and-his-desire-to-join-barcelona-reality-or-dream_311648_102\/"},"modified":"2025-03-22T01:13:00","modified_gmt":"2025-03-22T00:13:00","slug":"darwin-nunez-and-his-desire-to-join-barcelona-reality-or-dream_311648_102","status":"publish","type":"post","link":"https:\/\/www.fcbarcelonanoticias.com\/en\/transfers\/darwin-nunez-and-his-desire-to-join-barcelona-reality-or-dream_311648_102.html","title":{"rendered":"Darwin N\u00fa\u00f1ez pressures Jorge Mendes: Is he the next &#8216;bomb&#8217; signing for Bar\u00e7a?"},"content":{"rendered":"<h2 class=\"wp-block-heading\">Darwin N\u00fa\u00f1ez sees Bar\u00e7a as his ideal destination. Will he convince Jorge Mendes to bring him to the Catalans?<\/h2>  \r\n<div class=\"article-addons\">\r\n    <a href=\"https:\/\/www.fcbarcelonanoticias.com\/en\/calendar-fc-barcelona.html\"\r\n       target=\"_self\"\r\n       title=\"Calendar of FC Barcelona\"\r\n       class=\"blue-gredient-btn\">\r\n       \r\n        Calendar of FC Barcelona    <\/a>\r\n<\/div>   <p>FC Barcelona will have an advantage in the &#8216;race&#8217; for Darwin N\u00fa\u00f1ez next summer. At least this is what the Uruguayan forward is betting on, who will leave Liverpool at the end of the current season, probably on loan. <strong>The &#8216;9&#8217; has had a forgettable 2024-25 season and Anfield Road is already looking for his replacement<\/strong>, while the forward pressures his representative, Jorge Mendes, to get him closer to Bar\u00e7a.<\/p>  <p>The latest information indicates the insistence of the player from Artigas to approach the azulgrana team, knowing the interest of the Catalans in adding another striker for the 2025-26 season. Although <a data-external=\"0\" data-intl-links-en=\"https:\/\/www.fcbarcelonanoticias.com\/en\/transfers\/barcelona-and-alexander-isak-lewandowski-as-key-obstacle_311626_102.html\" data-intl-links-es=\"https:\/\/www.fcbarcelonanoticias.com\/fichajes\/lewandowski-frena-opciones-barcelona-ir-por-alexander-isak_311626_102.html\" href=\"https:\/\/www.fcbarcelonanoticias.com\/en\/transfers\/barcelona-and-alexander-isak-lewandowski-as-key-obstacle_311626_102.html\" rel=\"follow\" target=\"_self\" title=\"Lewandowski slows down Bar\u00e7a's options to go for Alexander Isak\">Robert Lewandowski&#8217;s continuity is not in doubt<\/a>, the board&#8217;s idea is to bring in another &#8216;9&#8217; capable of covering for the Polish player, a role that Ferran Torres has performed well this season.<\/p>  <p>In this sense, the future of the &#8216;Shark&#8217; could be decisive in a possible interest in N\u00fa\u00f1ez or any other area reference. If the Valencian decides to listen to offers, it is almost certain that Bar\u00e7a will look for another &#8216;9&#8217;, as Pau V\u00edctor will also leave in the next transfer window. Conversely, if the &#8216;7&#8217; insists on staying, the club will prioritize <a data-external=\"0\" data-intl-links-en=\"https:\/\/www.fcbarcelonanoticias.com\/en\/transfers\/luis-diaz-continues-to-gain-ground-as-fc-barcelona-left-winger_310916_102.html\" data-intl-links-es=\"https:\/\/www.fcbarcelonanoticias.com\/fichajes\/luis-diaz-sigue-ganando-enteros-reforzar-extremo-izquierdo-fc-barcelona_310916_102.html\" href=\"https:\/\/www.fcbarcelonanoticias.com\/en\/transfers\/luis-diaz-continues-to-gain-ground-as-fc-barcelona-left-winger_310916_102.html\" rel=\"follow\" target=\"_self\" title=\"Luis D\u00edaz continues to gain ground to strengthen the left wing of FC Barcelona\">the signing of a left winger as the only offensive reinforcement<\/a>.<\/p>  <h2>The reasons for Darwin N\u00fa\u00f1ez to offer himself to Bar\u00e7a<\/h2>  <p>Beyond this scenario, Darwin N\u00fa\u00f1ez has expressed his desire to leave Liverpool and has offered himself to Bar\u00e7a as a possible replacement for Lewandowski. <strong>The Uruguayan international has a connection with Spain, where he played for Almer\u00eda before signing with Benfica in 2020<\/strong>. In his only season with the Andalusian team, he scored 16 goals and provided 3 assists in 32 matches.&nbsp;<\/p>  <p>Liverpool paid 85 million euros for N\u00fa\u00f1ez in 2022, which makes any transfer costly. However, Bar\u00e7a could close his signing for a considerably lower amount or even <strong>negotiate a loan for a year, without a mandatory purchase option<\/strong>.&nbsp;<\/p>  <p>Although there are currently no formal approaches between Bar\u00e7a and Liverpool, it is expected that Jorge Mendes will work on his exit. Bar\u00e7a could consider a loan <strong>as long as it is for a low amount and assuming a smaller percentage of his salary<\/strong>, considering the excellent relationship of the Portuguese agent with the azulgrana board.<\/p> ","protected":false},"excerpt":{"rendered":"<p>Darwin N\u00fa\u00f1ez sees Bar\u00e7a as his ideal destination. Will he convince Jorge Mendes to bring him to the Catalans? FC Barcelona will have an advantage in the &#8216;race&#8217; for Darwin N\u00fa\u00f1ez next summer. At least this is what the Uruguayan forward is betting on, who will leave Liverpool at the end of the current season, [&hellip;]<\/p>\n","protected":false},"author":347,"featured_media":98661,"comment_status":"closed","ping_status":"open","sticky":false,"template":"","format":"standard","meta":{"_acf_changed":false,"inline_featured_image":false,"_nextfly_llmd_date_locked":false,"footnotes":""},"categories":[449,106],"tags":[335,364],"class_list":["post-98655","post","type-post","status-publish","format-standard","has-post-thumbnail","hentry","category-transfers-2","category-transfers","tag-deco","tag-luis-diaz"],"acf":[],"yoast_head":"<!-- This site is optimized with the Yoast SEO plugin v27.3 - https:\/\/yoast.com\/product\/yoast-seo-wordpress\/ -->\n<title>Darwin N\u00fa\u00f1ez and his desire to join Bar\u00e7a: reality or dream?<\/title>\n<meta name=\"description\" content=\"Darwin N\u00fa\u00f1ez sees Bar\u00e7a as his ideal destination. Will he convince Jorge Mendes to bring him to the Catalans?\" \/>\n<meta name=\"robots\" content=\"index, follow, max-snippet:-1, max-image-preview:large, max-video-preview:-1\" \/>\n<link rel=\"canonical\" href=\"https:\/\/www.fcbarcelonanoticias.com\/en\/transfers\/darwin-nunez-and-his-desire-to-join-barcelona-reality-or-dream_311648_102.html\" \/>\n<meta property=\"og:locale\" content=\"en_US\" \/>\n<meta property=\"og:type\" content=\"article\" \/>\n<meta property=\"og:title\" content=\"Darwin N\u00fa\u00f1ez and his desire to join Bar\u00e7a: reality or dream?\" \/>\n<meta property=\"og:description\" content=\"Darwin N\u00fa\u00f1ez sees Bar\u00e7a as his ideal destination. Will he convince Jorge Mendes to bring him to the Catalans?\" \/>\n<meta property=\"og:url\" content=\"https:\/\/www.fcbarcelonanoticias.com\/en\/transfers\/darwin-nunez-and-his-desire-to-join-barcelona-reality-or-dream_311648_102.html\" \/>\n<meta property=\"og:site_name\" content=\"EN - FC Barcelona Noticias\" \/>\n<meta property=\"article:published_time\" content=\"2025-03-22T00:13:00+00:00\" \/>\n<meta property=\"og:image\" content=\"https:\/\/www.fcbarcelonanoticias.com\/en\/wp-content\/uploads\/sites\/2\/2025\/03\/darwin-nunez-liverpool.webp\" \/>\n\t<meta property=\"og:image:width\" content=\"1200\" \/>\n\t<meta property=\"og:image:height\" content=\"675\" \/>\n\t<meta property=\"og:image:type\" content=\"image\/webp\" \/>\n<meta name=\"author\" content=\"Andr\u00e9s Quiroz\" \/>\n<meta name=\"twitter:card\" content=\"summary_large_image\" \/>\n<meta name=\"twitter:label1\" content=\"Written by\" \/>\n\t<meta name=\"twitter:data1\" content=\"Andr\u00e9s Quiroz\" \/>\n\t<meta name=\"twitter:label2\" content=\"Est. reading time\" \/>\n\t<meta name=\"twitter:data2\" content=\"2 minutes\" \/>\n<script type=\"application\/ld+json\" class=\"yoast-schema-graph\">{\"@context\":\"https:\\\/\\\/schema.org\",\"@graph\":[{\"@type\":\"Article\",\"@id\":\"https:\\\/\\\/www.fcbarcelonanoticias.com\\\/en\\\/transfers\\\/darwin-nunez-and-his-desire-to-join-barcelona-reality-or-dream_311648_102.html#article\",\"isPartOf\":{\"@id\":\"https:\\\/\\\/www.fcbarcelonanoticias.com\\\/en\\\/transfers\\\/darwin-nunez-and-his-desire-to-join-barcelona-reality-or-dream_311648_102.html\"},\"author\":{\"name\":\"Andr\u00e9s Quiroz\",\"@id\":\"https:\\\/\\\/www.fcbarcelonanoticias.com\\\/en\\\/#\\\/schema\\\/person\\\/c2cd9f6fa1af5c0d0eccd0fefa575c88\"},\"headline\":\"Darwin N\u00fa\u00f1ez pressures Jorge Mendes: Is he the next &#8216;bomb&#8217; signing for Bar\u00e7a?\",\"datePublished\":\"2025-03-22T00:13:00+00:00\",\"mainEntityOfPage\":{\"@id\":\"https:\\\/\\\/www.fcbarcelonanoticias.com\\\/en\\\/transfers\\\/darwin-nunez-and-his-desire-to-join-barcelona-reality-or-dream_311648_102.html\"},\"wordCount\":418,\"image\":{\"@id\":\"https:\\\/\\\/www.fcbarcelonanoticias.com\\\/en\\\/transfers\\\/darwin-nunez-and-his-desire-to-join-barcelona-reality-or-dream_311648_102.html#primaryimage\"},\"thumbnailUrl\":\"https:\\\/\\\/www.fcbarcelonanoticias.com\\\/en\\\/wp-content\\\/uploads\\\/sites\\\/2\\\/2025\\\/03\\\/darwin-nunez-liverpool.webp\",\"keywords\":[\"Deco\",\"Luis D\u00edaz\"],\"articleSection\":[\"Transfers\",\"Transfers\"],\"inLanguage\":\"en-US\"},{\"@type\":\"WebPage\",\"@id\":\"https:\\\/\\\/www.fcbarcelonanoticias.com\\\/en\\\/transfers\\\/darwin-nunez-and-his-desire-to-join-barcelona-reality-or-dream_311648_102.html\",\"url\":\"https:\\\/\\\/www.fcbarcelonanoticias.com\\\/en\\\/transfers\\\/darwin-nunez-and-his-desire-to-join-barcelona-reality-or-dream_311648_102.html\",\"name\":\"Darwin N\u00fa\u00f1ez and his desire to join Bar\u00e7a: reality or dream?\",\"isPartOf\":{\"@id\":\"https:\\\/\\\/www.fcbarcelonanoticias.com\\\/en\\\/#website\"},\"primaryImageOfPage\":{\"@id\":\"https:\\\/\\\/www.fcbarcelonanoticias.com\\\/en\\\/transfers\\\/darwin-nunez-and-his-desire-to-join-barcelona-reality-or-dream_311648_102.html#primaryimage\"},\"image\":{\"@id\":\"https:\\\/\\\/www.fcbarcelonanoticias.com\\\/en\\\/transfers\\\/darwin-nunez-and-his-desire-to-join-barcelona-reality-or-dream_311648_102.html#primaryimage\"},\"thumbnailUrl\":\"https:\\\/\\\/www.fcbarcelonanoticias.com\\\/en\\\/wp-content\\\/uploads\\\/sites\\\/2\\\/2025\\\/03\\\/darwin-nunez-liverpool.webp\",\"datePublished\":\"2025-03-22T00:13:00+00:00\",\"author\":{\"@id\":\"https:\\\/\\\/www.fcbarcelonanoticias.com\\\/en\\\/#\\\/schema\\\/person\\\/c2cd9f6fa1af5c0d0eccd0fefa575c88\"},\"description\":\"Darwin N\u00fa\u00f1ez sees Bar\u00e7a as his ideal destination. Will he convince Jorge Mendes to bring him to the Catalans?\",\"breadcrumb\":{\"@id\":\"https:\\\/\\\/www.fcbarcelonanoticias.com\\\/en\\\/transfers\\\/darwin-nunez-and-his-desire-to-join-barcelona-reality-or-dream_311648_102.html#breadcrumb\"},\"inLanguage\":\"en-US\",\"potentialAction\":[{\"@type\":\"ReadAction\",\"target\":[\"https:\\\/\\\/www.fcbarcelonanoticias.com\\\/en\\\/transfers\\\/darwin-nunez-and-his-desire-to-join-barcelona-reality-or-dream_311648_102.html\"]}]},{\"@type\":\"ImageObject\",\"inLanguage\":\"en-US\",\"@id\":\"https:\\\/\\\/www.fcbarcelonanoticias.com\\\/en\\\/transfers\\\/darwin-nunez-and-his-desire-to-join-barcelona-reality-or-dream_311648_102.html#primaryimage\",\"url\":\"https:\\\/\\\/www.fcbarcelonanoticias.com\\\/en\\\/wp-content\\\/uploads\\\/sites\\\/2\\\/2025\\\/03\\\/darwin-nunez-liverpool.webp\",\"contentUrl\":\"https:\\\/\\\/www.fcbarcelonanoticias.com\\\/en\\\/wp-content\\\/uploads\\\/sites\\\/2\\\/2025\\\/03\\\/darwin-nunez-liverpool.webp\",\"width\":1200,\"height\":675},{\"@type\":\"BreadcrumbList\",\"@id\":\"https:\\\/\\\/www.fcbarcelonanoticias.com\\\/en\\\/transfers\\\/darwin-nunez-and-his-desire-to-join-barcelona-reality-or-dream_311648_102.html#breadcrumb\",\"itemListElement\":[{\"@type\":\"ListItem\",\"position\":1,\"name\":\"Portada\",\"item\":\"https:\\\/\\\/www.fcbarcelonanoticias.com\\\/en\\\/\"},{\"@type\":\"ListItem\",\"position\":2,\"name\":\"Darwin N\u00fa\u00f1ez pressures Jorge Mendes: Is he the next &#8216;bomb&#8217; signing for Bar\u00e7a?\"}]},{\"@type\":\"WebSite\",\"@id\":\"https:\\\/\\\/www.fcbarcelonanoticias.com\\\/en\\\/#website\",\"url\":\"https:\\\/\\\/www.fcbarcelonanoticias.com\\\/en\\\/\",\"name\":\"EN - FC Barcelona Noticias\",\"description\":\"\",\"potentialAction\":[{\"@type\":\"SearchAction\",\"target\":{\"@type\":\"EntryPoint\",\"urlTemplate\":\"https:\\\/\\\/www.fcbarcelonanoticias.com\\\/en\\\/?s={search_term_string}\"},\"query-input\":{\"@type\":\"PropertyValueSpecification\",\"valueRequired\":true,\"valueName\":\"search_term_string\"}}],\"inLanguage\":\"en-US\"},{\"@type\":\"Person\",\"@id\":\"https:\\\/\\\/www.fcbarcelonanoticias.com\\\/en\\\/#\\\/schema\\\/person\\\/c2cd9f6fa1af5c0d0eccd0fefa575c88\",\"name\":\"Andr\u00e9s Quiroz\",\"image\":{\"@type\":\"ImageObject\",\"inLanguage\":\"en-US\",\"@id\":\"https:\\\/\\\/secure.gravatar.com\\\/avatar\\\/?s=96&d=mm&r=g\",\"url\":\"https:\\\/\\\/secure.gravatar.com\\\/avatar\\\/?s=96&d=mm&r=g\",\"contentUrl\":\"https:\\\/\\\/secure.gravatar.com\\\/avatar\\\/?s=96&d=mm&r=g\",\"caption\":\"Andr\u00e9s Quiroz\"},\"description\":\"Licenciado en Periodismo por la Universidad de los Andes. Me encargo de analizar y compartir los contenidos m\u00e1s destacados de la\u00a0actualidad del F\u00fatbol Club Barcelona, Mercado de Fichajes y F\u00fatbol Internacional en FCBN. La informaci\u00f3n es poder, pero tambi\u00e9n conocimiento.\",\"url\":\"https:\\\/\\\/www.fcbarcelonanoticias.com\\\/en\\\/fc-barcelona\\\/andres-quiroz_17_115.html\"}]}<\/script>\n<!-- \/ Yoast SEO plugin. -->","yoast_head_json":{"title":"Darwin N\u00fa\u00f1ez and his desire to join Bar\u00e7a: reality or dream?","description":"Darwin N\u00fa\u00f1ez sees Bar\u00e7a as his ideal destination. Will he convince Jorge Mendes to bring him to the Catalans?","robots":{"index":"index","follow":"follow","max-snippet":"max-snippet:-1","max-image-preview":"max-image-preview:large","max-video-preview":"max-video-preview:-1"},"canonical":"https:\/\/www.fcbarcelonanoticias.com\/en\/transfers\/darwin-nunez-and-his-desire-to-join-barcelona-reality-or-dream_311648_102.html","og_locale":"en_US","og_type":"article","og_title":"Darwin N\u00fa\u00f1ez and his desire to join Bar\u00e7a: reality or dream?","og_description":"Darwin N\u00fa\u00f1ez sees Bar\u00e7a as his ideal destination. Will he convince Jorge Mendes to bring him to the Catalans?","og_url":"https:\/\/www.fcbarcelonanoticias.com\/en\/transfers\/darwin-nunez-and-his-desire-to-join-barcelona-reality-or-dream_311648_102.html","og_site_name":"EN - FC Barcelona Noticias","article_published_time":"2025-03-22T00:13:00+00:00","og_image":[{"width":1200,"height":675,"url":"https:\/\/www.fcbarcelonanoticias.com\/en\/wp-content\/uploads\/sites\/2\/2025\/03\/darwin-nunez-liverpool.webp","type":"image\/webp"}],"author":"Andr\u00e9s Quiroz","twitter_card":"summary_large_image","twitter_misc":{"Written by":"Andr\u00e9s Quiroz","Est. reading time":"2 minutes"},"schema":{"@context":"https:\/\/schema.org","@graph":[{"@type":"Article","@id":"https:\/\/www.fcbarcelonanoticias.com\/en\/transfers\/darwin-nunez-and-his-desire-to-join-barcelona-reality-or-dream_311648_102.html#article","isPartOf":{"@id":"https:\/\/www.fcbarcelonanoticias.com\/en\/transfers\/darwin-nunez-and-his-desire-to-join-barcelona-reality-or-dream_311648_102.html"},"author":{"name":"Andr\u00e9s Quiroz","@id":"https:\/\/www.fcbarcelonanoticias.com\/en\/#\/schema\/person\/c2cd9f6fa1af5c0d0eccd0fefa575c88"},"headline":"Darwin N\u00fa\u00f1ez pressures Jorge Mendes: Is he the next &#8216;bomb&#8217; signing for Bar\u00e7a?","datePublished":"2025-03-22T00:13:00+00:00","mainEntityOfPage":{"@id":"https:\/\/www.fcbarcelonanoticias.com\/en\/transfers\/darwin-nunez-and-his-desire-to-join-barcelona-reality-or-dream_311648_102.html"},"wordCount":418,"image":{"@id":"https:\/\/www.fcbarcelonanoticias.com\/en\/transfers\/darwin-nunez-and-his-desire-to-join-barcelona-reality-or-dream_311648_102.html#primaryimage"},"thumbnailUrl":"https:\/\/www.fcbarcelonanoticias.com\/en\/wp-content\/uploads\/sites\/2\/2025\/03\/darwin-nunez-liverpool.webp","keywords":["Deco","Luis D\u00edaz"],"articleSection":["Transfers","Transfers"],"inLanguage":"en-US"},{"@type":"WebPage","@id":"https:\/\/www.fcbarcelonanoticias.com\/en\/transfers\/darwin-nunez-and-his-desire-to-join-barcelona-reality-or-dream_311648_102.html","url":"https:\/\/www.fcbarcelonanoticias.com\/en\/transfers\/darwin-nunez-and-his-desire-to-join-barcelona-reality-or-dream_311648_102.html","name":"Darwin N\u00fa\u00f1ez and his desire to join Bar\u00e7a: reality or dream?","isPartOf":{"@id":"https:\/\/www.fcbarcelonanoticias.com\/en\/#website"},"primaryImageOfPage":{"@id":"https:\/\/www.fcbarcelonanoticias.com\/en\/transfers\/darwin-nunez-and-his-desire-to-join-barcelona-reality-or-dream_311648_102.html#primaryimage"},"image":{"@id":"https:\/\/www.fcbarcelonanoticias.com\/en\/transfers\/darwin-nunez-and-his-desire-to-join-barcelona-reality-or-dream_311648_102.html#primaryimage"},"thumbnailUrl":"https:\/\/www.fcbarcelonanoticias.com\/en\/wp-content\/uploads\/sites\/2\/2025\/03\/darwin-nunez-liverpool.webp","datePublished":"2025-03-22T00:13:00+00:00","author":{"@id":"https:\/\/www.fcbarcelonanoticias.com\/en\/#\/schema\/person\/c2cd9f6fa1af5c0d0eccd0fefa575c88"},"description":"Darwin N\u00fa\u00f1ez sees Bar\u00e7a as his ideal destination. Will he convince Jorge Mendes to bring him to the Catalans?","breadcrumb":{"@id":"https:\/\/www.fcbarcelonanoticias.com\/en\/transfers\/darwin-nunez-and-his-desire-to-join-barcelona-reality-or-dream_311648_102.html#breadcrumb"},"inLanguage":"en-US","potentialAction":[{"@type":"ReadAction","target":["https:\/\/www.fcbarcelonanoticias.com\/en\/transfers\/darwin-nunez-and-his-desire-to-join-barcelona-reality-or-dream_311648_102.html"]}]},{"@type":"ImageObject","inLanguage":"en-US","@id":"https:\/\/www.fcbarcelonanoticias.com\/en\/transfers\/darwin-nunez-and-his-desire-to-join-barcelona-reality-or-dream_311648_102.html#primaryimage","url":"https:\/\/www.fcbarcelonanoticias.com\/en\/wp-content\/uploads\/sites\/2\/2025\/03\/darwin-nunez-liverpool.webp","contentUrl":"https:\/\/www.fcbarcelonanoticias.com\/en\/wp-content\/uploads\/sites\/2\/2025\/03\/darwin-nunez-liverpool.webp","width":1200,"height":675},{"@type":"BreadcrumbList","@id":"https:\/\/www.fcbarcelonanoticias.com\/en\/transfers\/darwin-nunez-and-his-desire-to-join-barcelona-reality-or-dream_311648_102.html#breadcrumb","itemListElement":[{"@type":"ListItem","position":1,"name":"Portada","item":"https:\/\/www.fcbarcelonanoticias.com\/en\/"},{"@type":"ListItem","position":2,"name":"Darwin N\u00fa\u00f1ez pressures Jorge Mendes: Is he the next &#8216;bomb&#8217; signing for Bar\u00e7a?"}]},{"@type":"WebSite","@id":"https:\/\/www.fcbarcelonanoticias.com\/en\/#website","url":"https:\/\/www.fcbarcelonanoticias.com\/en\/","name":"EN - FC Barcelona Noticias","description":"","potentialAction":[{"@type":"SearchAction","target":{"@type":"EntryPoint","urlTemplate":"https:\/\/www.fcbarcelonanoticias.com\/en\/?s={search_term_string}"},"query-input":{"@type":"PropertyValueSpecification","valueRequired":true,"valueName":"search_term_string"}}],"inLanguage":"en-US"},{"@type":"Person","@id":"https:\/\/www.fcbarcelonanoticias.com\/en\/#\/schema\/person\/c2cd9f6fa1af5c0d0eccd0fefa575c88","name":"Andr\u00e9s Quiroz","image":{"@type":"ImageObject","inLanguage":"en-US","@id":"https:\/\/secure.gravatar.com\/avatar\/?s=96&d=mm&r=g","url":"https:\/\/secure.gravatar.com\/avatar\/?s=96&d=mm&r=g","contentUrl":"https:\/\/secure.gravatar.com\/avatar\/?s=96&d=mm&r=g","caption":"Andr\u00e9s Quiroz"},"description":"Licenciado en Periodismo por la Universidad de los Andes. Me encargo de analizar y compartir los contenidos m\u00e1s destacados de la\u00a0actualidad del F\u00fatbol Club Barcelona, Mercado de Fichajes y F\u00fatbol Internacional en FCBN. La informaci\u00f3n es poder, pero tambi\u00e9n conocimiento.","url":"https:\/\/www.fcbarcelonanoticias.com\/en\/fc-barcelona\/andres-quiroz_17_115.html"}]}},"_links":{"self":[{"href":"https:\/\/www.fcbarcelonanoticias.com\/en\/wp-json\/wp\/v2\/posts\/98655","targetHints":{"allow":["GET"]}}],"collection":[{"href":"https:\/\/www.fcbarcelonanoticias.com\/en\/wp-json\/wp\/v2\/posts"}],"about":[{"href":"https:\/\/www.fcbarcelonanoticias.com\/en\/wp-json\/wp\/v2\/types\/post"}],"author":[{"embeddable":true,"href":"https:\/\/www.fcbarcelonanoticias.com\/en\/wp-json\/wp\/v2\/users\/347"}],"replies":[{"embeddable":true,"href":"https:\/\/www.fcbarcelonanoticias.com\/en\/wp-json\/wp\/v2\/comments?post=98655"}],"version-history":[{"count":1,"href":"https:\/\/www.fcbarcelonanoticias.com\/en\/wp-json\/wp\/v2\/posts\/98655\/revisions"}],"predecessor-version":[{"id":127830,"href":"https:\/\/www.fcbarcelonanoticias.com\/en\/wp-json\/wp\/v2\/posts\/98655\/revisions\/127830"}],"wp:featuredmedia":[{"embeddable":true,"href":"https:\/\/www.fcbarcelonanoticias.com\/en\/wp-json\/wp\/v2\/media\/98661"}],"wp:attachment":[{"href":"https:\/\/www.fcbarcelonanoticias.com\/en\/wp-json\/wp\/v2\/media?parent=98655"}],"wp:term":[{"taxonomy":"category","embeddable":true,"href":"https:\/\/www.fcbarcelonanoticias.com\/en\/wp-json\/wp\/v2\/categories?post=98655"},{"taxonomy":"post_tag","embeddable":true,"href":"https:\/\/www.fcbarcelonanoticias.com\/en\/wp-json\/wp\/v2\/tags?post=98655"}],"curies":[{"name":"wp","href":"https:\/\/api.w.org\/{rel}","templated":true}]}}