{"id":98666,"date":"2022-06-26T21:03:00","date_gmt":"2022-06-26T19:03:00","guid":{"rendered":"https:\/\/weisetech.dev\/fc-barcelona-noticias\/en\/madrid-ends-rumors-rules-out-paulo-dybala_281628_102\/"},"modified":"2026-04-16T09:14:45","modified_gmt":"2026-04-16T07:14:45","slug":"madrid-ends-rumors-rules-out-paulo-dybala_281628_102","status":"publish","type":"post","link":"https:\/\/www.fcbarcelonanoticias.com\/en\/transfers\/madrid-ends-rumors-rules-out-paulo-dybala_281628_102.html","title":{"rendered":"Madrid put an end to the rumors and rule out Paulo Dybala"},"content":{"rendered":"<h2 class=\"wp-block-heading\">Real Madrid has put an end to the rumors that linked the club with Paulo Dybala and have ruled out his signing. The meringues would be handling other options and Inter Milan seems to be the Argentine&#8217;s destiny<\/h2>  \r\n<div class=\"article-addons\">\r\n    <a href=\"https:\/\/www.fcbarcelonanoticias.com\/en\/calendar-fc-barcelona.html\"\r\n       target=\"_self\"\r\n       title=\"Calendar of FC Barcelona\"\r\n       class=\"blue-gredient-btn\">\r\n       \r\n        Calendar of FC Barcelona    <\/a>\r\n<\/div>   <p>The <a href=\"https:\/\/www.fcbarcelonanoticias.com\/futbol\/real-madrid.html\" title=\"Real Madrid\">Real Madrid<\/a> follows handling the market of signings with &#8216;caution&#8217;. The group merengue already has oficializado the arrival of Antonio R\u00fcdiger and Aureli\u00e9n Tchouam\u00e9ni for &#8216;apuntalar&#8217; the defence and the medullary of the team, and now will concentrate in his &#8216;operation gone out&#8217;. The whites will look for to give off of the players that do not go in in the plans of his trainer, <strong>and after sacking to Gareth Bleat, Isco and Marcelo (whose agreements expired), several footballers are to the &#8217;embroider&#8217; of the &#8216;cornice&#8217;<\/strong>.<\/p>  <p>In this sense, the forward of the club would be the most affected zone. In addition to the Welsh, Mariano D\u00edaz and Luka Jovic are two of the pointed to leave the rows of the group directed by Carlo Ancelotti. However, this list would not remain here,<strong> and is that Marco Asensio also go out of Chamart\u00edn<\/strong>. The Balearic, that began being &#8216;indisputable&#8217; for &#8216;Carletto&#8217; in the eleven headline, was losing leadership during the end of the campaign in hands of Rodrygo and Valverde until being relegado to the ostracism, remaining in the bench in the majority of the parties, included the final of the League of Champions.<\/p>  <p>&#8220;I want to keep growing and I am hungry of a lot of more. It will be necessary to see. Already I will take a decision this year. If no, it will be the one who comes. <strong>I want to grow in everything and have continuity all the year, no three or four months<\/strong>. It is necessary to respect the decisions of the trainer and be ready when it give you the opportunity&#8221;, even said the ex of the Mallorca in the chain &#8216;Be&#8217; leaving in evidence his disconformidad with his role in the team, reason whereby would be considering ask a traspaso.<\/p>  <p>Thus, the club begins to work in the research of his hypothetical replacement and one of the names that had been linked in the last days was the one of Paulo Dybala. The Argentinian will abandon the rows of the Juventus of Tur\u00edn like free agent and diverse informations ensured that the player was in the &#8216;radar&#8217; of the vikingos. However, the newspaper &#8216;Mark&#8217; has given to know that <strong>from the entity merengue never have considered to the cordob\u00e9s like alternative<\/strong>, by what the future of east seems to be in the Inter of Milan.<\/p>  <h3>Gnabry Is the favourite<\/h3>  <p>By his part, the &#8216;White House&#8217; would have a list of futuribles to substitute to the, for now, &#8217;11&#8217; madridista, of which would form splits names like Raheem Sterling, Heung-Ming Are and Serge Gnabry. Precisely, it is the German of the Bayern of Munich the one who better planted is in the &#8216;career&#8217; to reinforce the attack of the ones of Ancelotti, <strong>since it does not finish to renew his agreement with the Bavarians and has showed good predisposition to put course to Chamart\u00edn<\/strong>, by what his signing would be to &#8216;shot&#8217;.<\/p> ","protected":false},"excerpt":{"rendered":"<p>Real Madrid has put an end to the rumors that linked the club with Paulo Dybala and have ruled out his signing. The meringues would be handling other options and Inter Milan seems to be the Argentine&#8217;s destiny The Real Madrid follows handling the market of signings with &#8216;caution&#8217;. The group merengue already has oficializado [&hellip;]<\/p>\n","protected":false},"author":358,"featured_media":98674,"comment_status":"closed","ping_status":"open","sticky":false,"template":"","format":"standard","meta":{"_acf_changed":false,"inline_featured_image":false,"_nextfly_llmd_date_locked":false,"footnotes":""},"categories":[106,449],"tags":[100,105,288],"class_list":["post-98666","post","type-post","status-publish","format-standard","has-post-thumbnail","hentry","category-transfers","category-transfers-2","tag-inter-milan","tag-juventus","tag-paulo-dybala"],"acf":[],"yoast_head":"<!-- This site is optimized with the Yoast SEO plugin v27.3 - https:\/\/yoast.com\/product\/yoast-seo-wordpress\/ -->\n<title>Madrid put an end to the rumors and rule out Paulo Dybala<\/title>\n<meta name=\"description\" content=\"The Real Madrid has put him end to the rumours that linked to the club with Paulo Dybala and have descartado his signing. The merengues would be handling other opc...\" \/>\n<meta name=\"robots\" content=\"index, follow, max-snippet:-1, max-image-preview:large, max-video-preview:-1\" \/>\n<link rel=\"canonical\" href=\"https:\/\/www.fcbarcelonanoticias.com\/en\/transfers\/madrid-ends-rumors-rules-out-paulo-dybala_281628_102.html\" \/>\n<meta property=\"og:locale\" content=\"en_US\" \/>\n<meta property=\"og:type\" content=\"article\" \/>\n<meta property=\"og:title\" content=\"Madrid put an end to the rumors and rule out Paulo Dybala\" \/>\n<meta property=\"og:description\" content=\"The Real Madrid has put him end to the rumours that linked to the club with Paulo Dybala and have descartado his signing. The merengues would be handling other opc...\" \/>\n<meta property=\"og:url\" content=\"https:\/\/www.fcbarcelonanoticias.com\/en\/transfers\/madrid-ends-rumors-rules-out-paulo-dybala_281628_102.html\" \/>\n<meta property=\"og:site_name\" content=\"EN - FC Barcelona Noticias\" \/>\n<meta property=\"article:published_time\" content=\"2022-06-26T19:03:00+00:00\" \/>\n<meta property=\"article:modified_time\" content=\"2026-04-16T07:14:45+00:00\" \/>\n<meta property=\"og:image\" content=\"https:\/\/www.fcbarcelonanoticias.com\/en\/wp-content\/uploads\/sites\/2\/2022\/06\/juventus-v-us-salernitana-serie-a-1.jpeg\" \/>\n\t<meta property=\"og:image:width\" content=\"1200\" \/>\n\t<meta property=\"og:image:height\" content=\"737\" \/>\n\t<meta property=\"og:image:type\" content=\"image\/jpeg\" \/>\n<meta name=\"author\" content=\"Juan Pablo Berdugo\" \/>\n<meta name=\"twitter:card\" content=\"summary_large_image\" \/>\n<meta name=\"twitter:label1\" content=\"Written by\" \/>\n\t<meta name=\"twitter:data1\" content=\"Juan Pablo Berdugo\" \/>\n\t<meta name=\"twitter:label2\" content=\"Est. reading time\" \/>\n\t<meta name=\"twitter:data2\" content=\"3 minutes\" \/>\n<script type=\"application\/ld+json\" class=\"yoast-schema-graph\">{\"@context\":\"https:\\\/\\\/schema.org\",\"@graph\":[{\"@type\":\"Article\",\"@id\":\"https:\\\/\\\/www.fcbarcelonanoticias.com\\\/en\\\/transfers\\\/madrid-ends-rumors-rules-out-paulo-dybala_281628_102.html#article\",\"isPartOf\":{\"@id\":\"https:\\\/\\\/www.fcbarcelonanoticias.com\\\/en\\\/transfers\\\/madrid-ends-rumors-rules-out-paulo-dybala_281628_102.html\"},\"author\":{\"name\":\"Juan Pablo Berdugo\",\"@id\":\"https:\\\/\\\/www.fcbarcelonanoticias.com\\\/en\\\/#\\\/schema\\\/person\\\/88d756918a0a1ae9fa593b5edddd1815\"},\"headline\":\"Madrid put an end to the rumors and rule out Paulo Dybala\",\"datePublished\":\"2022-06-26T19:03:00+00:00\",\"dateModified\":\"2026-04-16T07:14:45+00:00\",\"mainEntityOfPage\":{\"@id\":\"https:\\\/\\\/www.fcbarcelonanoticias.com\\\/en\\\/transfers\\\/madrid-ends-rumors-rules-out-paulo-dybala_281628_102.html\"},\"wordCount\":547,\"image\":{\"@id\":\"https:\\\/\\\/www.fcbarcelonanoticias.com\\\/en\\\/transfers\\\/madrid-ends-rumors-rules-out-paulo-dybala_281628_102.html#primaryimage\"},\"thumbnailUrl\":\"https:\\\/\\\/www.fcbarcelonanoticias.com\\\/en\\\/wp-content\\\/uploads\\\/sites\\\/2\\\/2022\\\/06\\\/juventus-v-us-salernitana-serie-a-1.jpeg\",\"keywords\":[\"Inter Milan\",\"Juventus\",\"Paulo Dybala\"],\"articleSection\":[\"Transfers\",\"Transfers\"],\"inLanguage\":\"en-US\"},{\"@type\":\"WebPage\",\"@id\":\"https:\\\/\\\/www.fcbarcelonanoticias.com\\\/en\\\/transfers\\\/madrid-ends-rumors-rules-out-paulo-dybala_281628_102.html\",\"url\":\"https:\\\/\\\/www.fcbarcelonanoticias.com\\\/en\\\/transfers\\\/madrid-ends-rumors-rules-out-paulo-dybala_281628_102.html\",\"name\":\"Madrid put an end to the rumors and rule out Paulo Dybala\",\"isPartOf\":{\"@id\":\"https:\\\/\\\/www.fcbarcelonanoticias.com\\\/en\\\/#website\"},\"primaryImageOfPage\":{\"@id\":\"https:\\\/\\\/www.fcbarcelonanoticias.com\\\/en\\\/transfers\\\/madrid-ends-rumors-rules-out-paulo-dybala_281628_102.html#primaryimage\"},\"image\":{\"@id\":\"https:\\\/\\\/www.fcbarcelonanoticias.com\\\/en\\\/transfers\\\/madrid-ends-rumors-rules-out-paulo-dybala_281628_102.html#primaryimage\"},\"thumbnailUrl\":\"https:\\\/\\\/www.fcbarcelonanoticias.com\\\/en\\\/wp-content\\\/uploads\\\/sites\\\/2\\\/2022\\\/06\\\/juventus-v-us-salernitana-serie-a-1.jpeg\",\"datePublished\":\"2022-06-26T19:03:00+00:00\",\"dateModified\":\"2026-04-16T07:14:45+00:00\",\"author\":{\"@id\":\"https:\\\/\\\/www.fcbarcelonanoticias.com\\\/en\\\/#\\\/schema\\\/person\\\/88d756918a0a1ae9fa593b5edddd1815\"},\"description\":\"The Real Madrid has put him end to the rumours that linked to the club with Paulo Dybala and have descartado his signing. The merengues would be handling other opc...\",\"breadcrumb\":{\"@id\":\"https:\\\/\\\/www.fcbarcelonanoticias.com\\\/en\\\/transfers\\\/madrid-ends-rumors-rules-out-paulo-dybala_281628_102.html#breadcrumb\"},\"inLanguage\":\"en-US\",\"potentialAction\":[{\"@type\":\"ReadAction\",\"target\":[\"https:\\\/\\\/www.fcbarcelonanoticias.com\\\/en\\\/transfers\\\/madrid-ends-rumors-rules-out-paulo-dybala_281628_102.html\"]}]},{\"@type\":\"ImageObject\",\"inLanguage\":\"en-US\",\"@id\":\"https:\\\/\\\/www.fcbarcelonanoticias.com\\\/en\\\/transfers\\\/madrid-ends-rumors-rules-out-paulo-dybala_281628_102.html#primaryimage\",\"url\":\"https:\\\/\\\/www.fcbarcelonanoticias.com\\\/en\\\/wp-content\\\/uploads\\\/sites\\\/2\\\/2022\\\/06\\\/juventus-v-us-salernitana-serie-a-1.jpeg\",\"contentUrl\":\"https:\\\/\\\/www.fcbarcelonanoticias.com\\\/en\\\/wp-content\\\/uploads\\\/sites\\\/2\\\/2022\\\/06\\\/juventus-v-us-salernitana-serie-a-1.jpeg\",\"width\":1200,\"height\":737},{\"@type\":\"BreadcrumbList\",\"@id\":\"https:\\\/\\\/www.fcbarcelonanoticias.com\\\/en\\\/transfers\\\/madrid-ends-rumors-rules-out-paulo-dybala_281628_102.html#breadcrumb\",\"itemListElement\":[{\"@type\":\"ListItem\",\"position\":1,\"name\":\"Portada\",\"item\":\"https:\\\/\\\/www.fcbarcelonanoticias.com\\\/en\\\/\"},{\"@type\":\"ListItem\",\"position\":2,\"name\":\"Madrid put an end to the rumors and rule out Paulo Dybala\"}]},{\"@type\":\"WebSite\",\"@id\":\"https:\\\/\\\/www.fcbarcelonanoticias.com\\\/en\\\/#website\",\"url\":\"https:\\\/\\\/www.fcbarcelonanoticias.com\\\/en\\\/\",\"name\":\"EN - FC Barcelona Noticias\",\"description\":\"\",\"potentialAction\":[{\"@type\":\"SearchAction\",\"target\":{\"@type\":\"EntryPoint\",\"urlTemplate\":\"https:\\\/\\\/www.fcbarcelonanoticias.com\\\/en\\\/?s={search_term_string}\"},\"query-input\":{\"@type\":\"PropertyValueSpecification\",\"valueRequired\":true,\"valueName\":\"search_term_string\"}}],\"inLanguage\":\"en-US\"},{\"@type\":\"Person\",\"@id\":\"https:\\\/\\\/www.fcbarcelonanoticias.com\\\/en\\\/#\\\/schema\\\/person\\\/88d756918a0a1ae9fa593b5edddd1815\",\"name\":\"Juan Pablo Berdugo\",\"image\":{\"@type\":\"ImageObject\",\"inLanguage\":\"en-US\",\"@id\":\"https:\\\/\\\/secure.gravatar.com\\\/avatar\\\/?s=96&d=mm&r=g\",\"url\":\"https:\\\/\\\/secure.gravatar.com\\\/avatar\\\/?s=96&d=mm&r=g\",\"contentUrl\":\"https:\\\/\\\/secure.gravatar.com\\\/avatar\\\/?s=96&d=mm&r=g\",\"caption\":\"Juan Pablo Berdugo\"},\"description\":\"Juan Pablo Berdugo es graduado en Periodismo. Colabora con FCBN como especialista en informaci\u00f3n del primer equipo del FC Barcelona, f\u00fatbol internacional y mercado de fichajes. Destaca por su enfoque anal\u00edtico, su rigor informativo y su capacidad para detectar tendencias emergentes en el f\u00fatbol global.\",\"url\":\"https:\\\/\\\/www.fcbarcelonanoticias.com\\\/en\\\/fc-barcelona\\\/juan-pablo-berdugo_18_115.html\"}]}<\/script>\n<!-- \/ Yoast SEO plugin. -->","yoast_head_json":{"title":"Madrid put an end to the rumors and rule out Paulo Dybala","description":"The Real Madrid has put him end to the rumours that linked to the club with Paulo Dybala and have descartado his signing. The merengues would be handling other opc...","robots":{"index":"index","follow":"follow","max-snippet":"max-snippet:-1","max-image-preview":"max-image-preview:large","max-video-preview":"max-video-preview:-1"},"canonical":"https:\/\/www.fcbarcelonanoticias.com\/en\/transfers\/madrid-ends-rumors-rules-out-paulo-dybala_281628_102.html","og_locale":"en_US","og_type":"article","og_title":"Madrid put an end to the rumors and rule out Paulo Dybala","og_description":"The Real Madrid has put him end to the rumours that linked to the club with Paulo Dybala and have descartado his signing. The merengues would be handling other opc...","og_url":"https:\/\/www.fcbarcelonanoticias.com\/en\/transfers\/madrid-ends-rumors-rules-out-paulo-dybala_281628_102.html","og_site_name":"EN - FC Barcelona Noticias","article_published_time":"2022-06-26T19:03:00+00:00","article_modified_time":"2026-04-16T07:14:45+00:00","og_image":[{"width":1200,"height":737,"url":"https:\/\/www.fcbarcelonanoticias.com\/en\/wp-content\/uploads\/sites\/2\/2022\/06\/juventus-v-us-salernitana-serie-a-1.jpeg","type":"image\/jpeg"}],"author":"Juan Pablo Berdugo","twitter_card":"summary_large_image","twitter_misc":{"Written by":"Juan Pablo Berdugo","Est. reading time":"3 minutes"},"schema":{"@context":"https:\/\/schema.org","@graph":[{"@type":"Article","@id":"https:\/\/www.fcbarcelonanoticias.com\/en\/transfers\/madrid-ends-rumors-rules-out-paulo-dybala_281628_102.html#article","isPartOf":{"@id":"https:\/\/www.fcbarcelonanoticias.com\/en\/transfers\/madrid-ends-rumors-rules-out-paulo-dybala_281628_102.html"},"author":{"name":"Juan Pablo Berdugo","@id":"https:\/\/www.fcbarcelonanoticias.com\/en\/#\/schema\/person\/88d756918a0a1ae9fa593b5edddd1815"},"headline":"Madrid put an end to the rumors and rule out Paulo Dybala","datePublished":"2022-06-26T19:03:00+00:00","dateModified":"2026-04-16T07:14:45+00:00","mainEntityOfPage":{"@id":"https:\/\/www.fcbarcelonanoticias.com\/en\/transfers\/madrid-ends-rumors-rules-out-paulo-dybala_281628_102.html"},"wordCount":547,"image":{"@id":"https:\/\/www.fcbarcelonanoticias.com\/en\/transfers\/madrid-ends-rumors-rules-out-paulo-dybala_281628_102.html#primaryimage"},"thumbnailUrl":"https:\/\/www.fcbarcelonanoticias.com\/en\/wp-content\/uploads\/sites\/2\/2022\/06\/juventus-v-us-salernitana-serie-a-1.jpeg","keywords":["Inter Milan","Juventus","Paulo Dybala"],"articleSection":["Transfers","Transfers"],"inLanguage":"en-US"},{"@type":"WebPage","@id":"https:\/\/www.fcbarcelonanoticias.com\/en\/transfers\/madrid-ends-rumors-rules-out-paulo-dybala_281628_102.html","url":"https:\/\/www.fcbarcelonanoticias.com\/en\/transfers\/madrid-ends-rumors-rules-out-paulo-dybala_281628_102.html","name":"Madrid put an end to the rumors and rule out Paulo Dybala","isPartOf":{"@id":"https:\/\/www.fcbarcelonanoticias.com\/en\/#website"},"primaryImageOfPage":{"@id":"https:\/\/www.fcbarcelonanoticias.com\/en\/transfers\/madrid-ends-rumors-rules-out-paulo-dybala_281628_102.html#primaryimage"},"image":{"@id":"https:\/\/www.fcbarcelonanoticias.com\/en\/transfers\/madrid-ends-rumors-rules-out-paulo-dybala_281628_102.html#primaryimage"},"thumbnailUrl":"https:\/\/www.fcbarcelonanoticias.com\/en\/wp-content\/uploads\/sites\/2\/2022\/06\/juventus-v-us-salernitana-serie-a-1.jpeg","datePublished":"2022-06-26T19:03:00+00:00","dateModified":"2026-04-16T07:14:45+00:00","author":{"@id":"https:\/\/www.fcbarcelonanoticias.com\/en\/#\/schema\/person\/88d756918a0a1ae9fa593b5edddd1815"},"description":"The Real Madrid has put him end to the rumours that linked to the club with Paulo Dybala and have descartado his signing. The merengues would be handling other opc...","breadcrumb":{"@id":"https:\/\/www.fcbarcelonanoticias.com\/en\/transfers\/madrid-ends-rumors-rules-out-paulo-dybala_281628_102.html#breadcrumb"},"inLanguage":"en-US","potentialAction":[{"@type":"ReadAction","target":["https:\/\/www.fcbarcelonanoticias.com\/en\/transfers\/madrid-ends-rumors-rules-out-paulo-dybala_281628_102.html"]}]},{"@type":"ImageObject","inLanguage":"en-US","@id":"https:\/\/www.fcbarcelonanoticias.com\/en\/transfers\/madrid-ends-rumors-rules-out-paulo-dybala_281628_102.html#primaryimage","url":"https:\/\/www.fcbarcelonanoticias.com\/en\/wp-content\/uploads\/sites\/2\/2022\/06\/juventus-v-us-salernitana-serie-a-1.jpeg","contentUrl":"https:\/\/www.fcbarcelonanoticias.com\/en\/wp-content\/uploads\/sites\/2\/2022\/06\/juventus-v-us-salernitana-serie-a-1.jpeg","width":1200,"height":737},{"@type":"BreadcrumbList","@id":"https:\/\/www.fcbarcelonanoticias.com\/en\/transfers\/madrid-ends-rumors-rules-out-paulo-dybala_281628_102.html#breadcrumb","itemListElement":[{"@type":"ListItem","position":1,"name":"Portada","item":"https:\/\/www.fcbarcelonanoticias.com\/en\/"},{"@type":"ListItem","position":2,"name":"Madrid put an end to the rumors and rule out Paulo Dybala"}]},{"@type":"WebSite","@id":"https:\/\/www.fcbarcelonanoticias.com\/en\/#website","url":"https:\/\/www.fcbarcelonanoticias.com\/en\/","name":"EN - FC Barcelona Noticias","description":"","potentialAction":[{"@type":"SearchAction","target":{"@type":"EntryPoint","urlTemplate":"https:\/\/www.fcbarcelonanoticias.com\/en\/?s={search_term_string}"},"query-input":{"@type":"PropertyValueSpecification","valueRequired":true,"valueName":"search_term_string"}}],"inLanguage":"en-US"},{"@type":"Person","@id":"https:\/\/www.fcbarcelonanoticias.com\/en\/#\/schema\/person\/88d756918a0a1ae9fa593b5edddd1815","name":"Juan Pablo Berdugo","image":{"@type":"ImageObject","inLanguage":"en-US","@id":"https:\/\/secure.gravatar.com\/avatar\/?s=96&d=mm&r=g","url":"https:\/\/secure.gravatar.com\/avatar\/?s=96&d=mm&r=g","contentUrl":"https:\/\/secure.gravatar.com\/avatar\/?s=96&d=mm&r=g","caption":"Juan Pablo Berdugo"},"description":"Juan Pablo Berdugo es graduado en Periodismo. Colabora con FCBN como especialista en informaci\u00f3n del primer equipo del FC Barcelona, f\u00fatbol internacional y mercado de fichajes. Destaca por su enfoque anal\u00edtico, su rigor informativo y su capacidad para detectar tendencias emergentes en el f\u00fatbol global.","url":"https:\/\/www.fcbarcelonanoticias.com\/en\/fc-barcelona\/juan-pablo-berdugo_18_115.html"}]}},"_links":{"self":[{"href":"https:\/\/www.fcbarcelonanoticias.com\/en\/wp-json\/wp\/v2\/posts\/98666","targetHints":{"allow":["GET"]}}],"collection":[{"href":"https:\/\/www.fcbarcelonanoticias.com\/en\/wp-json\/wp\/v2\/posts"}],"about":[{"href":"https:\/\/www.fcbarcelonanoticias.com\/en\/wp-json\/wp\/v2\/types\/post"}],"author":[{"embeddable":true,"href":"https:\/\/www.fcbarcelonanoticias.com\/en\/wp-json\/wp\/v2\/users\/358"}],"replies":[{"embeddable":true,"href":"https:\/\/www.fcbarcelonanoticias.com\/en\/wp-json\/wp\/v2\/comments?post=98666"}],"version-history":[{"count":2,"href":"https:\/\/www.fcbarcelonanoticias.com\/en\/wp-json\/wp\/v2\/posts\/98666\/revisions"}],"predecessor-version":[{"id":169924,"href":"https:\/\/www.fcbarcelonanoticias.com\/en\/wp-json\/wp\/v2\/posts\/98666\/revisions\/169924"}],"wp:featuredmedia":[{"embeddable":true,"href":"https:\/\/www.fcbarcelonanoticias.com\/en\/wp-json\/wp\/v2\/media\/98674"}],"wp:attachment":[{"href":"https:\/\/www.fcbarcelonanoticias.com\/en\/wp-json\/wp\/v2\/media?parent=98666"}],"wp:term":[{"taxonomy":"category","embeddable":true,"href":"https:\/\/www.fcbarcelonanoticias.com\/en\/wp-json\/wp\/v2\/categories?post=98666"},{"taxonomy":"post_tag","embeddable":true,"href":"https:\/\/www.fcbarcelonanoticias.com\/en\/wp-json\/wp\/v2\/tags?post=98666"}],"curies":[{"name":"wp","href":"https:\/\/api.w.org\/{rel}","templated":true}]}}