{"id":98761,"date":"2023-05-31T16:40:00","date_gmt":"2023-05-31T14:40:00","guid":{"rendered":"https:\/\/weisetech.dev\/fc-barcelona-noticias\/en\/madrid-lags-behind-of-barca-in-the-race-for-the-signing-of-gabri-veiga_292816_102\/"},"modified":"2023-05-31T16:40:00","modified_gmt":"2023-05-31T14:40:00","slug":"madrid-lags-behind-of-barca-in-the-race-for-the-signing-of-gabri-veiga_292816_102","status":"publish","type":"post","link":"https:\/\/www.fcbarcelonanoticias.com\/en\/transfers\/madrid-lags-behind-of-barca-in-the-race-for-the-signing-of-gabri-veiga_292816_102.html","title":{"rendered":"Madrid lags behind Bar\u00e7a in the &#8216;race&#8217; for the signing of Gabri Veiga"},"content":{"rendered":"<h2 class=\"wp-block-heading\">There are still many interested in the signing of Gabri Veiga for this summer, although surprisingly Bar\u00e7a would have taken advantage in the race for the midfielder<\/h2>  \r\n<div class=\"article-addons\">\r\n    <a href=\"https:\/\/www.fcbarcelonanoticias.com\/en\/calendar-fc-barcelona.html\"\r\n       target=\"_self\"\r\n       title=\"Calendar of FC Barcelona\"\r\n       class=\"blue-gredient-btn\">\r\n       \r\n        Calendar of FC Barcelona    <\/a>\r\n<\/div>   <p>Gabri Veiga Burst into this season in the first team of the Celtic of Vigo and consolidated like one of the best mediocampistas of <a data-external=\"0\" data-intl-links-en=\"https:\/\/www.fcbarcelonanoticias.com\/en\/transfers\/wait-messi-laliga-give-answer-barca-next-week_292813_102.html\" data-intl-links-es=\"https:\/\/www.fcbarcelonanoticias.com\/fichajes\/esperara-messi-laliga-dara-respuesta-barca-proxima-semana_292813_102.html\" href=\"https:\/\/www.fcbarcelonanoticias.com\/en\/transfers\/wait-messi-laliga-give-answer-barca-next-week_292813_102.html\" rel=\"follow\" target=\"_self\" title=\"\u00bfEsperar\u00e1 Messi? LaLiga dar\u00e1 respuesta al Bar\u00e7a la pr\u00f3xima semana\">all LaLiga<\/a> to his 20, now 21 years of age. The footballer of Porri\u00f1o stood out by his gone and turn in the Galician team<strong> and this Sunday will close the season confronting to the FC Barcelona with the obligation to add to ensure the permanence.<\/strong><\/p>  <p>With this stage the Spanish player, that adds nine goals and four assistances in the championship, is one of the proper names of the next market of summer and this includes to the Barcelona team, as well as also to the Real Madrid. <strong>The team merengue, in full renewal of his midfield, has followed closely to the youngster, although the situation has changed in favour of the cul\u00e9s.<\/strong><\/p>  <h2>The favourite for the operation has changed<\/h2>  <p>Like this it aims it &#8216;ACE&#8217; this Wednesday, standing out that although the whites follow considering seriously pay his clause of 40 million euros, <strong>the main option for Veiga right now is the Bar\u00e7a.<\/strong> The information signals that the team cul\u00e9 will expect the final resolution of LaLiga regarding his economic control to define if it can face the operation, but already has advanced in the conversations with the surroundings of the player.<\/p>  <p>What yes seems clear is that Gabri Veiga will not be still in the Celtic, where see impossible to retain it in front of the incessant proposals and approaches of a lot of clubs. <strong>The mediocampista keeps opened to a lot of options, all of very high level like Manchester United, City and Chelsea in the Premier or of the Bayern of Munich in the Bundesliga.<\/strong><\/p>  <h2>It is not an absolute priority by the moment<\/h2>  <p>So much the Madrid like the Bar\u00e7a consider to the player for his midfield, thinking especially in his age, although both entities have subjects that define first. <strong>In the case of the team of Xavi Hern\u00e1ndez still look for to close the arrival of a right side, a mediocentro and <a bar=\"\" data-external=\"0\" data-intl-links-en=\"https:\/\/www.fcbarcelonanoticias.com\/en\/transfers\/xavi-passes-hot-potato-leo-messi-his-signing-for-barcelona-depends_292807_102.html\" data-intl-links-es=\"https:\/\/www.fcbarcelonanoticias.com\/fichajes\/xavi-pasa-patata-caliente-leo-messi-su-fichaje-por-barcelona-depende_292807_102.html\" el=\"\" fichaje=\"\" href=\"https:\/\/www.fcbarcelonanoticias.com\/en\/transfers\/xavi-passes-hot-potato-leo-messi-his-signing-for-barcelona-depends_292807_102.html\" por=\"\" rel=\"follow\" su=\"\" target=\"_self\" title=\"Xavi pasa la patata caliente a Leo Messi: \">the return of Leo Messi<\/a>,<\/strong> whereas in the Bernab\u00e9u will act depending of the agreement that can achieve by Jude Bellingham.<\/p> ","protected":false},"excerpt":{"rendered":"<p>There are still many interested in the signing of Gabri Veiga for this summer, although surprisingly Bar\u00e7a would have taken advantage in the race for the midfielder Gabri Veiga Burst into this season in the first team of the Celtic of Vigo and consolidated like one of the best mediocampistas of all LaLiga to his [&hellip;]<\/p>\n","protected":false},"author":345,"featured_media":98774,"comment_status":"closed","ping_status":"open","sticky":false,"template":"","format":"standard","meta":{"_acf_changed":false,"inline_featured_image":false,"_nextfly_llmd_date_locked":false,"footnotes":""},"categories":[449,106],"tags":[177,158,48],"class_list":["post-98761","post","type-post","status-publish","format-standard","has-post-thumbnail","hentry","category-transfers-2","category-transfers","tag-florentino-perez","tag-joan-laporta","tag-xavi-hernandez"],"acf":[],"yoast_head":"<!-- This site is optimized with the Yoast SEO plugin v27.3 - https:\/\/yoast.com\/product\/yoast-seo-wordpress\/ -->\n<title>Madrid lags behind Bar\u00e7a in the &#039;race&#039; for the signing of Gabri Veiga<\/title>\n<meta name=\"description\" content=\"There are still many interested in the signing of Gabri Veiga for this summer, although surprisingly Bar\u00e7a would have taken advantage in the race for the midfielder\" \/>\n<meta name=\"robots\" content=\"index, follow, max-snippet:-1, max-image-preview:large, max-video-preview:-1\" \/>\n<link rel=\"canonical\" href=\"https:\/\/www.fcbarcelonanoticias.com\/en\/transfers\/madrid-lags-behind-of-barca-in-the-race-for-the-signing-of-gabri-veiga_292816_102.html\" \/>\n<meta property=\"og:locale\" content=\"en_US\" \/>\n<meta property=\"og:type\" content=\"article\" \/>\n<meta property=\"og:title\" content=\"Madrid lags behind Bar\u00e7a in the &#039;race&#039; for the signing of Gabri Veiga\" \/>\n<meta property=\"og:description\" content=\"There are still many interested in the signing of Gabri Veiga for this summer, although surprisingly Bar\u00e7a would have taken advantage in the race for the midfielder\" \/>\n<meta property=\"og:url\" content=\"https:\/\/www.fcbarcelonanoticias.com\/en\/transfers\/madrid-lags-behind-of-barca-in-the-race-for-the-signing-of-gabri-veiga_292816_102.html\" \/>\n<meta property=\"og:site_name\" content=\"EN - FC Barcelona Noticias\" \/>\n<meta property=\"article:published_time\" content=\"2023-05-31T14:40:00+00:00\" \/>\n<meta property=\"og:image\" content=\"https:\/\/www.fcbarcelonanoticias.com\/en\/wp-content\/uploads\/sites\/2\/2023\/05\/gabriel-veiga-v-sevilla.jpeg\" \/>\n\t<meta property=\"og:image:width\" content=\"1300\" \/>\n\t<meta property=\"og:image:height\" content=\"732\" \/>\n\t<meta property=\"og:image:type\" content=\"image\/jpeg\" \/>\n<meta name=\"author\" content=\"Carlos Montenegro\" \/>\n<meta name=\"twitter:card\" content=\"summary_large_image\" \/>\n<meta name=\"twitter:label1\" content=\"Written by\" \/>\n\t<meta name=\"twitter:data1\" content=\"Carlos Montenegro\" \/>\n\t<meta name=\"twitter:label2\" content=\"Est. reading time\" \/>\n\t<meta name=\"twitter:data2\" content=\"2 minutes\" \/>\n<script type=\"application\/ld+json\" class=\"yoast-schema-graph\">{\"@context\":\"https:\\\/\\\/schema.org\",\"@graph\":[{\"@type\":\"Article\",\"@id\":\"https:\\\/\\\/www.fcbarcelonanoticias.com\\\/en\\\/transfers\\\/madrid-lags-behind-of-barca-in-the-race-for-the-signing-of-gabri-veiga_292816_102.html#article\",\"isPartOf\":{\"@id\":\"https:\\\/\\\/www.fcbarcelonanoticias.com\\\/en\\\/transfers\\\/madrid-lags-behind-of-barca-in-the-race-for-the-signing-of-gabri-veiga_292816_102.html\"},\"author\":{\"name\":\"Carlos Montenegro\",\"@id\":\"https:\\\/\\\/www.fcbarcelonanoticias.com\\\/en\\\/#\\\/schema\\\/person\\\/aa1d038709c262cb247e240f6b39bbf5\"},\"headline\":\"Madrid lags behind Bar\u00e7a in the &#8216;race&#8217; for the signing of Gabri Veiga\",\"datePublished\":\"2023-05-31T14:40:00+00:00\",\"mainEntityOfPage\":{\"@id\":\"https:\\\/\\\/www.fcbarcelonanoticias.com\\\/en\\\/transfers\\\/madrid-lags-behind-of-barca-in-the-race-for-the-signing-of-gabri-veiga_292816_102.html\"},\"wordCount\":409,\"image\":{\"@id\":\"https:\\\/\\\/www.fcbarcelonanoticias.com\\\/en\\\/transfers\\\/madrid-lags-behind-of-barca-in-the-race-for-the-signing-of-gabri-veiga_292816_102.html#primaryimage\"},\"thumbnailUrl\":\"https:\\\/\\\/www.fcbarcelonanoticias.com\\\/en\\\/wp-content\\\/uploads\\\/sites\\\/2\\\/2023\\\/05\\\/gabriel-veiga-v-sevilla.jpeg\",\"keywords\":[\"Florentino P\u00e9rez\",\"Joan Laporta\",\"Xavi Hern\u00e1ndez\"],\"articleSection\":[\"Transfers\",\"Transfers\"],\"inLanguage\":\"en-US\"},{\"@type\":\"WebPage\",\"@id\":\"https:\\\/\\\/www.fcbarcelonanoticias.com\\\/en\\\/transfers\\\/madrid-lags-behind-of-barca-in-the-race-for-the-signing-of-gabri-veiga_292816_102.html\",\"url\":\"https:\\\/\\\/www.fcbarcelonanoticias.com\\\/en\\\/transfers\\\/madrid-lags-behind-of-barca-in-the-race-for-the-signing-of-gabri-veiga_292816_102.html\",\"name\":\"Madrid lags behind Bar\u00e7a in the 'race' for the signing of Gabri Veiga\",\"isPartOf\":{\"@id\":\"https:\\\/\\\/www.fcbarcelonanoticias.com\\\/en\\\/#website\"},\"primaryImageOfPage\":{\"@id\":\"https:\\\/\\\/www.fcbarcelonanoticias.com\\\/en\\\/transfers\\\/madrid-lags-behind-of-barca-in-the-race-for-the-signing-of-gabri-veiga_292816_102.html#primaryimage\"},\"image\":{\"@id\":\"https:\\\/\\\/www.fcbarcelonanoticias.com\\\/en\\\/transfers\\\/madrid-lags-behind-of-barca-in-the-race-for-the-signing-of-gabri-veiga_292816_102.html#primaryimage\"},\"thumbnailUrl\":\"https:\\\/\\\/www.fcbarcelonanoticias.com\\\/en\\\/wp-content\\\/uploads\\\/sites\\\/2\\\/2023\\\/05\\\/gabriel-veiga-v-sevilla.jpeg\",\"datePublished\":\"2023-05-31T14:40:00+00:00\",\"author\":{\"@id\":\"https:\\\/\\\/www.fcbarcelonanoticias.com\\\/en\\\/#\\\/schema\\\/person\\\/aa1d038709c262cb247e240f6b39bbf5\"},\"description\":\"There are still many interested in the signing of Gabri Veiga for this summer, although surprisingly Bar\u00e7a would have taken advantage in the race for the midfielder\",\"breadcrumb\":{\"@id\":\"https:\\\/\\\/www.fcbarcelonanoticias.com\\\/en\\\/transfers\\\/madrid-lags-behind-of-barca-in-the-race-for-the-signing-of-gabri-veiga_292816_102.html#breadcrumb\"},\"inLanguage\":\"en-US\",\"potentialAction\":[{\"@type\":\"ReadAction\",\"target\":[\"https:\\\/\\\/www.fcbarcelonanoticias.com\\\/en\\\/transfers\\\/madrid-lags-behind-of-barca-in-the-race-for-the-signing-of-gabri-veiga_292816_102.html\"]}]},{\"@type\":\"ImageObject\",\"inLanguage\":\"en-US\",\"@id\":\"https:\\\/\\\/www.fcbarcelonanoticias.com\\\/en\\\/transfers\\\/madrid-lags-behind-of-barca-in-the-race-for-the-signing-of-gabri-veiga_292816_102.html#primaryimage\",\"url\":\"https:\\\/\\\/www.fcbarcelonanoticias.com\\\/en\\\/wp-content\\\/uploads\\\/sites\\\/2\\\/2023\\\/05\\\/gabriel-veiga-v-sevilla.jpeg\",\"contentUrl\":\"https:\\\/\\\/www.fcbarcelonanoticias.com\\\/en\\\/wp-content\\\/uploads\\\/sites\\\/2\\\/2023\\\/05\\\/gabriel-veiga-v-sevilla.jpeg\",\"width\":1300,\"height\":732},{\"@type\":\"BreadcrumbList\",\"@id\":\"https:\\\/\\\/www.fcbarcelonanoticias.com\\\/en\\\/transfers\\\/madrid-lags-behind-of-barca-in-the-race-for-the-signing-of-gabri-veiga_292816_102.html#breadcrumb\",\"itemListElement\":[{\"@type\":\"ListItem\",\"position\":1,\"name\":\"Portada\",\"item\":\"https:\\\/\\\/www.fcbarcelonanoticias.com\\\/en\\\/\"},{\"@type\":\"ListItem\",\"position\":2,\"name\":\"Madrid lags behind Bar\u00e7a in the &#8216;race&#8217; for the signing of Gabri Veiga\"}]},{\"@type\":\"WebSite\",\"@id\":\"https:\\\/\\\/www.fcbarcelonanoticias.com\\\/en\\\/#website\",\"url\":\"https:\\\/\\\/www.fcbarcelonanoticias.com\\\/en\\\/\",\"name\":\"EN - FC Barcelona Noticias\",\"description\":\"\",\"potentialAction\":[{\"@type\":\"SearchAction\",\"target\":{\"@type\":\"EntryPoint\",\"urlTemplate\":\"https:\\\/\\\/www.fcbarcelonanoticias.com\\\/en\\\/?s={search_term_string}\"},\"query-input\":{\"@type\":\"PropertyValueSpecification\",\"valueRequired\":true,\"valueName\":\"search_term_string\"}}],\"inLanguage\":\"en-US\"},{\"@type\":\"Person\",\"@id\":\"https:\\\/\\\/www.fcbarcelonanoticias.com\\\/en\\\/#\\\/schema\\\/person\\\/aa1d038709c262cb247e240f6b39bbf5\",\"name\":\"Carlos Montenegro\",\"image\":{\"@type\":\"ImageObject\",\"inLanguage\":\"en-US\",\"@id\":\"https:\\\/\\\/secure.gravatar.com\\\/avatar\\\/?s=96&d=mm&r=g\",\"url\":\"https:\\\/\\\/secure.gravatar.com\\\/avatar\\\/?s=96&d=mm&r=g\",\"contentUrl\":\"https:\\\/\\\/secure.gravatar.com\\\/avatar\\\/?s=96&d=mm&r=g\",\"caption\":\"Carlos Montenegro\"},\"url\":\"https:\\\/\\\/www.fcbarcelonanoticias.com\\\/en\\\/carlos-montenegro_20_115.html\"}]}<\/script>\n<!-- \/ Yoast SEO plugin. -->","yoast_head_json":{"title":"Madrid lags behind Bar\u00e7a in the 'race' for the signing of Gabri Veiga","description":"There are still many interested in the signing of Gabri Veiga for this summer, although surprisingly Bar\u00e7a would have taken advantage in the race for the midfielder","robots":{"index":"index","follow":"follow","max-snippet":"max-snippet:-1","max-image-preview":"max-image-preview:large","max-video-preview":"max-video-preview:-1"},"canonical":"https:\/\/www.fcbarcelonanoticias.com\/en\/transfers\/madrid-lags-behind-of-barca-in-the-race-for-the-signing-of-gabri-veiga_292816_102.html","og_locale":"en_US","og_type":"article","og_title":"Madrid lags behind Bar\u00e7a in the 'race' for the signing of Gabri Veiga","og_description":"There are still many interested in the signing of Gabri Veiga for this summer, although surprisingly Bar\u00e7a would have taken advantage in the race for the midfielder","og_url":"https:\/\/www.fcbarcelonanoticias.com\/en\/transfers\/madrid-lags-behind-of-barca-in-the-race-for-the-signing-of-gabri-veiga_292816_102.html","og_site_name":"EN - FC Barcelona Noticias","article_published_time":"2023-05-31T14:40:00+00:00","og_image":[{"width":1300,"height":732,"url":"https:\/\/www.fcbarcelonanoticias.com\/en\/wp-content\/uploads\/sites\/2\/2023\/05\/gabriel-veiga-v-sevilla.jpeg","type":"image\/jpeg"}],"author":"Carlos Montenegro","twitter_card":"summary_large_image","twitter_misc":{"Written by":"Carlos Montenegro","Est. reading time":"2 minutes"},"schema":{"@context":"https:\/\/schema.org","@graph":[{"@type":"Article","@id":"https:\/\/www.fcbarcelonanoticias.com\/en\/transfers\/madrid-lags-behind-of-barca-in-the-race-for-the-signing-of-gabri-veiga_292816_102.html#article","isPartOf":{"@id":"https:\/\/www.fcbarcelonanoticias.com\/en\/transfers\/madrid-lags-behind-of-barca-in-the-race-for-the-signing-of-gabri-veiga_292816_102.html"},"author":{"name":"Carlos Montenegro","@id":"https:\/\/www.fcbarcelonanoticias.com\/en\/#\/schema\/person\/aa1d038709c262cb247e240f6b39bbf5"},"headline":"Madrid lags behind Bar\u00e7a in the &#8216;race&#8217; for the signing of Gabri Veiga","datePublished":"2023-05-31T14:40:00+00:00","mainEntityOfPage":{"@id":"https:\/\/www.fcbarcelonanoticias.com\/en\/transfers\/madrid-lags-behind-of-barca-in-the-race-for-the-signing-of-gabri-veiga_292816_102.html"},"wordCount":409,"image":{"@id":"https:\/\/www.fcbarcelonanoticias.com\/en\/transfers\/madrid-lags-behind-of-barca-in-the-race-for-the-signing-of-gabri-veiga_292816_102.html#primaryimage"},"thumbnailUrl":"https:\/\/www.fcbarcelonanoticias.com\/en\/wp-content\/uploads\/sites\/2\/2023\/05\/gabriel-veiga-v-sevilla.jpeg","keywords":["Florentino P\u00e9rez","Joan Laporta","Xavi Hern\u00e1ndez"],"articleSection":["Transfers","Transfers"],"inLanguage":"en-US"},{"@type":"WebPage","@id":"https:\/\/www.fcbarcelonanoticias.com\/en\/transfers\/madrid-lags-behind-of-barca-in-the-race-for-the-signing-of-gabri-veiga_292816_102.html","url":"https:\/\/www.fcbarcelonanoticias.com\/en\/transfers\/madrid-lags-behind-of-barca-in-the-race-for-the-signing-of-gabri-veiga_292816_102.html","name":"Madrid lags behind Bar\u00e7a in the 'race' for the signing of Gabri Veiga","isPartOf":{"@id":"https:\/\/www.fcbarcelonanoticias.com\/en\/#website"},"primaryImageOfPage":{"@id":"https:\/\/www.fcbarcelonanoticias.com\/en\/transfers\/madrid-lags-behind-of-barca-in-the-race-for-the-signing-of-gabri-veiga_292816_102.html#primaryimage"},"image":{"@id":"https:\/\/www.fcbarcelonanoticias.com\/en\/transfers\/madrid-lags-behind-of-barca-in-the-race-for-the-signing-of-gabri-veiga_292816_102.html#primaryimage"},"thumbnailUrl":"https:\/\/www.fcbarcelonanoticias.com\/en\/wp-content\/uploads\/sites\/2\/2023\/05\/gabriel-veiga-v-sevilla.jpeg","datePublished":"2023-05-31T14:40:00+00:00","author":{"@id":"https:\/\/www.fcbarcelonanoticias.com\/en\/#\/schema\/person\/aa1d038709c262cb247e240f6b39bbf5"},"description":"There are still many interested in the signing of Gabri Veiga for this summer, although surprisingly Bar\u00e7a would have taken advantage in the race for the midfielder","breadcrumb":{"@id":"https:\/\/www.fcbarcelonanoticias.com\/en\/transfers\/madrid-lags-behind-of-barca-in-the-race-for-the-signing-of-gabri-veiga_292816_102.html#breadcrumb"},"inLanguage":"en-US","potentialAction":[{"@type":"ReadAction","target":["https:\/\/www.fcbarcelonanoticias.com\/en\/transfers\/madrid-lags-behind-of-barca-in-the-race-for-the-signing-of-gabri-veiga_292816_102.html"]}]},{"@type":"ImageObject","inLanguage":"en-US","@id":"https:\/\/www.fcbarcelonanoticias.com\/en\/transfers\/madrid-lags-behind-of-barca-in-the-race-for-the-signing-of-gabri-veiga_292816_102.html#primaryimage","url":"https:\/\/www.fcbarcelonanoticias.com\/en\/wp-content\/uploads\/sites\/2\/2023\/05\/gabriel-veiga-v-sevilla.jpeg","contentUrl":"https:\/\/www.fcbarcelonanoticias.com\/en\/wp-content\/uploads\/sites\/2\/2023\/05\/gabriel-veiga-v-sevilla.jpeg","width":1300,"height":732},{"@type":"BreadcrumbList","@id":"https:\/\/www.fcbarcelonanoticias.com\/en\/transfers\/madrid-lags-behind-of-barca-in-the-race-for-the-signing-of-gabri-veiga_292816_102.html#breadcrumb","itemListElement":[{"@type":"ListItem","position":1,"name":"Portada","item":"https:\/\/www.fcbarcelonanoticias.com\/en\/"},{"@type":"ListItem","position":2,"name":"Madrid lags behind Bar\u00e7a in the &#8216;race&#8217; for the signing of Gabri Veiga"}]},{"@type":"WebSite","@id":"https:\/\/www.fcbarcelonanoticias.com\/en\/#website","url":"https:\/\/www.fcbarcelonanoticias.com\/en\/","name":"EN - FC Barcelona Noticias","description":"","potentialAction":[{"@type":"SearchAction","target":{"@type":"EntryPoint","urlTemplate":"https:\/\/www.fcbarcelonanoticias.com\/en\/?s={search_term_string}"},"query-input":{"@type":"PropertyValueSpecification","valueRequired":true,"valueName":"search_term_string"}}],"inLanguage":"en-US"},{"@type":"Person","@id":"https:\/\/www.fcbarcelonanoticias.com\/en\/#\/schema\/person\/aa1d038709c262cb247e240f6b39bbf5","name":"Carlos Montenegro","image":{"@type":"ImageObject","inLanguage":"en-US","@id":"https:\/\/secure.gravatar.com\/avatar\/?s=96&d=mm&r=g","url":"https:\/\/secure.gravatar.com\/avatar\/?s=96&d=mm&r=g","contentUrl":"https:\/\/secure.gravatar.com\/avatar\/?s=96&d=mm&r=g","caption":"Carlos Montenegro"},"url":"https:\/\/www.fcbarcelonanoticias.com\/en\/carlos-montenegro_20_115.html"}]}},"_links":{"self":[{"href":"https:\/\/www.fcbarcelonanoticias.com\/en\/wp-json\/wp\/v2\/posts\/98761","targetHints":{"allow":["GET"]}}],"collection":[{"href":"https:\/\/www.fcbarcelonanoticias.com\/en\/wp-json\/wp\/v2\/posts"}],"about":[{"href":"https:\/\/www.fcbarcelonanoticias.com\/en\/wp-json\/wp\/v2\/types\/post"}],"author":[{"embeddable":true,"href":"https:\/\/www.fcbarcelonanoticias.com\/en\/wp-json\/wp\/v2\/users\/345"}],"replies":[{"embeddable":true,"href":"https:\/\/www.fcbarcelonanoticias.com\/en\/wp-json\/wp\/v2\/comments?post=98761"}],"version-history":[{"count":1,"href":"https:\/\/www.fcbarcelonanoticias.com\/en\/wp-json\/wp\/v2\/posts\/98761\/revisions"}],"predecessor-version":[{"id":131885,"href":"https:\/\/www.fcbarcelonanoticias.com\/en\/wp-json\/wp\/v2\/posts\/98761\/revisions\/131885"}],"wp:featuredmedia":[{"embeddable":true,"href":"https:\/\/www.fcbarcelonanoticias.com\/en\/wp-json\/wp\/v2\/media\/98774"}],"wp:attachment":[{"href":"https:\/\/www.fcbarcelonanoticias.com\/en\/wp-json\/wp\/v2\/media?parent=98761"}],"wp:term":[{"taxonomy":"category","embeddable":true,"href":"https:\/\/www.fcbarcelonanoticias.com\/en\/wp-json\/wp\/v2\/categories?post=98761"},{"taxonomy":"post_tag","embeddable":true,"href":"https:\/\/www.fcbarcelonanoticias.com\/en\/wp-json\/wp\/v2\/tags?post=98761"}],"curies":[{"name":"wp","href":"https:\/\/api.w.org\/{rel}","templated":true}]}}