{"id":98766,"date":"2023-08-10T10:11:00","date_gmt":"2023-08-10T08:11:00","guid":{"rendered":"https:\/\/weisetech.dev\/fc-barcelona-noticias\/en\/final-push-psg-discard-kylian-mbappe-his-debut-in-ligue-1_294977_102\/"},"modified":"2023-08-10T10:12:00","modified_gmt":"2023-08-10T08:12:00","slug":"final-push-psg-discard-kylian-mbappe-his-debut-in-ligue-1_294977_102","status":"publish","type":"post","link":"https:\/\/www.fcbarcelonanoticias.com\/en\/transfers\/final-push-psg-discard-kylian-mbappe-his-debut-in-ligue-1_294977_102.html","title":{"rendered":"Final push? PSG rules out Kylian Mbapp\u00e9 for his debut in Ligue 1"},"content":{"rendered":"<h2 class=\"wp-block-heading\">The war between Paris Saint-Germain and Kylian Mbapp\u00e9 does not have an expiration date, but he could live one of his most decisive &#8216;chapters&#8217; this Saturday with the debut of the Parisians in Ligue 1. Bondy&#8217;s will not be present<\/h2>  \r\n<div class=\"article-addons\">\r\n    <a href=\"https:\/\/www.fcbarcelonanoticias.com\/en\/calendar-fc-barcelona.html\"\r\n       target=\"_self\"\r\n       title=\"Calendar of FC Barcelona\"\r\n       class=\"blue-gredient-btn\">\r\n       \r\n        Calendar of FC Barcelona    <\/a>\r\n<\/div>   <p><strong>The &#8216;novel&#8217; in which it has converted the future of <a data-external=\"0\" data-intl-links-en=\"https:\/\/www.fcbarcelonanoticias.com\/en\/tags\/mbappe\" data-intl-links-es=\"https:\/\/www.fcbarcelonanoticias.com\/tags\/mbappe\" href=\"https:\/\/www.fcbarcelonanoticias.com\/en\/tags\/mbappe.html\" rel=\"follow\" target=\"_self\" title=\"Mbapp\u00e9\">Kylian Mbapp\u00e9<\/a> can add his en\u00e9simo chapter this weekend.<\/strong> After losing turns it of pre-season by Asia, be separated of the trainings with his mates and form part of the group of the unwanted, in addition to ausentarse of the &#8216;Half Day&#8217;, the attacker of 24 years could remain was, also, of the announcement of Luis Enrique for the debut of the Paris Saint-Germain in Tie it 1.<\/p>  <p>The Park of the Princes will receive, this Saturday 12, the first day of the championship French suspender belt. <strong>The PSG will receive to the Lorient in a night in which, except unexpected twist of script, will not be Mbapp\u00e9<\/strong>. The order that has arrived from Qatar is the one to exclude it and, besides, follow pushing it was. No descarta that the ultras of the club can manifest against of the footballer. The aim is that it seats that it is &#8216;was&#8217; of the club and take the definite decision on his future.<\/p>  <h2>There will be reaction of Mbapp\u00e9?<\/h2>  <p>It does not be necessary to overlook that, up to now, the posture of Mbapp\u00e9 has not changed since in June confirmed that it would not extend his agreement until 2025. At all times it has left clear that it wants to remain by a season more and go out free in 2024, something that do not want to allow from Doha. Recently, as it has informed , <a data-external=\"0\" data-intl-links-en=\"https:\/\/www.fcbarcelonanoticias.com\/en\/international-football\/unusual-psg-insists-with-mbappe-makes-another-offer-renewal_294950_102.html\" data-intl-links-es=\"https:\/\/www.fcbarcelonanoticias.com\/futbol-internacional\/insolito-psg-insiste-con-mbappe-hace-otra-oferta-renovacion_294950_102.html\" href=\"https:\/\/www.fcbarcelonanoticias.com\/en\/international-football\/unusual-psg-insists-with-mbappe-makes-another-offer-renewal_294950_102.html\" rel=\"follow\" target=\"_self\" title=\"\u00a1Ins\u00f3lito! El PSG insiste con Mbapp\u00e9 y le hace otra oferta de renovaci\u00f3n\">they arrived him to offer a new agreement<\/a> so that it remain a year more with the &#8216;security&#8217; that they would access to sell him during the summer of the next year, but the one of Bondy did case omiso and denied to negotiate it.<\/p>  <p>From &#8216;ACE&#8217; have insisted in that what live in the Park of the Princes this Saturday can mark the difference in the surroundings of the player. His posture can change in case that, also, lose the backrest of the fans that has supported him, in general lines, in all these years. It is not a secret for anybody that, if it goes out, only would be to play in the Real Madrid and from the next week could be decisive to know if it can concretise his movement this summer. <strong>If no, to the PSG will not remain him more remedy that have Mbapp\u00e9 a year more.<\/strong><\/p> ","protected":false},"excerpt":{"rendered":"<p>The war between Paris Saint-Germain and Kylian Mbapp\u00e9 does not have an expiration date, but he could live one of his most decisive &#8216;chapters&#8217; this Saturday with the debut of the Parisians in Ligue 1. Bondy&#8217;s will not be present The &#8216;novel&#8217; in which it has converted the future of Kylian Mbapp\u00e9 can add his [&hellip;]<\/p>\n","protected":false},"author":353,"featured_media":98784,"comment_status":"closed","ping_status":"open","sticky":false,"template":"","format":"standard","meta":{"_acf_changed":false,"inline_featured_image":false,"_nextfly_llmd_date_locked":false,"footnotes":""},"categories":[106,449],"tags":[171,88],"class_list":["post-98766","post","type-post","status-publish","format-standard","has-post-thumbnail","hentry","category-transfers","category-transfers-2","tag-mbappe","tag-paris-saint-germain"],"acf":[],"yoast_head":"<!-- This site is optimized with the Yoast SEO plugin v27.3 - https:\/\/yoast.com\/product\/yoast-seo-wordpress\/ -->\n<title>Final push? PSG rules out Kylian Mbapp\u00e9 for his debut in Ligue 1<\/title>\n<meta name=\"description\" content=\"The war between the Paris Saint-Germain and Kylian Mbapp\u00e9 does not have date of caducity, but could live one of his &#039;chapters&#039; more decisive this Saturday with the debut of the Parisians in Tie it 1. The one of Bondy will not be present\" \/>\n<meta name=\"robots\" content=\"index, follow, max-snippet:-1, max-image-preview:large, max-video-preview:-1\" \/>\n<link rel=\"canonical\" href=\"https:\/\/www.fcbarcelonanoticias.com\/en\/transfers\/final-push-psg-discard-kylian-mbappe-his-debut-in-ligue-1_294977_102.html\" \/>\n<meta property=\"og:locale\" content=\"en_US\" \/>\n<meta property=\"og:type\" content=\"article\" \/>\n<meta property=\"og:title\" content=\"Final push? PSG rules out Kylian Mbapp\u00e9 for his debut in Ligue 1\" \/>\n<meta property=\"og:description\" content=\"The war between the Paris Saint-Germain and Kylian Mbapp\u00e9 does not have date of caducity, but could live one of his &#039;chapters&#039; more decisive this Saturday with the debut of the Parisians in Tie it 1. The one of Bondy will not be present\" \/>\n<meta property=\"og:url\" content=\"https:\/\/www.fcbarcelonanoticias.com\/en\/transfers\/final-push-psg-discard-kylian-mbappe-his-debut-in-ligue-1_294977_102.html\" \/>\n<meta property=\"og:site_name\" content=\"EN - FC Barcelona Noticias\" \/>\n<meta property=\"article:published_time\" content=\"2023-08-10T08:11:00+00:00\" \/>\n<meta property=\"article:modified_time\" content=\"2023-08-10T08:12:00+00:00\" \/>\n<meta property=\"og:image\" content=\"https:\/\/www.fcbarcelonanoticias.com\/en\/wp-content\/uploads\/sites\/2\/2023\/08\/kylian-mbappe-entrenando-con-el-psg.jpeg\" \/>\n\t<meta property=\"og:image:width\" content=\"1250\" \/>\n\t<meta property=\"og:image:height\" content=\"750\" \/>\n\t<meta property=\"og:image:type\" content=\"image\/jpeg\" \/>\n<meta name=\"author\" content=\"FC Barcelona Noticias\" \/>\n<meta name=\"twitter:card\" content=\"summary_large_image\" \/>\n<meta name=\"twitter:label1\" content=\"Written by\" \/>\n\t<meta name=\"twitter:data1\" content=\"FC Barcelona Noticias\" \/>\n\t<meta name=\"twitter:label2\" content=\"Est. reading time\" \/>\n\t<meta name=\"twitter:data2\" content=\"2 minutes\" \/>\n<script type=\"application\/ld+json\" class=\"yoast-schema-graph\">{\"@context\":\"https:\\\/\\\/schema.org\",\"@graph\":[{\"@type\":\"Article\",\"@id\":\"https:\\\/\\\/www.fcbarcelonanoticias.com\\\/en\\\/transfers\\\/final-push-psg-discard-kylian-mbappe-his-debut-in-ligue-1_294977_102.html#article\",\"isPartOf\":{\"@id\":\"https:\\\/\\\/www.fcbarcelonanoticias.com\\\/en\\\/transfers\\\/final-push-psg-discard-kylian-mbappe-his-debut-in-ligue-1_294977_102.html\"},\"author\":{\"name\":\"FC Barcelona Noticias\",\"@id\":\"https:\\\/\\\/www.fcbarcelonanoticias.com\\\/en\\\/#\\\/schema\\\/person\\\/0f2810101d27606974cdb8edb54fa54b\"},\"headline\":\"Final push? PSG rules out Kylian Mbapp\u00e9 for his debut in Ligue 1\",\"datePublished\":\"2023-08-10T08:11:00+00:00\",\"dateModified\":\"2023-08-10T08:12:00+00:00\",\"mainEntityOfPage\":{\"@id\":\"https:\\\/\\\/www.fcbarcelonanoticias.com\\\/en\\\/transfers\\\/final-push-psg-discard-kylian-mbappe-his-debut-in-ligue-1_294977_102.html\"},\"wordCount\":445,\"image\":{\"@id\":\"https:\\\/\\\/www.fcbarcelonanoticias.com\\\/en\\\/transfers\\\/final-push-psg-discard-kylian-mbappe-his-debut-in-ligue-1_294977_102.html#primaryimage\"},\"thumbnailUrl\":\"https:\\\/\\\/www.fcbarcelonanoticias.com\\\/en\\\/wp-content\\\/uploads\\\/sites\\\/2\\\/2023\\\/08\\\/kylian-mbappe-entrenando-con-el-psg.jpeg\",\"keywords\":[\"Mbapp\u00e9\",\"Paris Saint-Germain\"],\"articleSection\":[\"Transfers\",\"Transfers\"],\"inLanguage\":\"en-US\"},{\"@type\":\"WebPage\",\"@id\":\"https:\\\/\\\/www.fcbarcelonanoticias.com\\\/en\\\/transfers\\\/final-push-psg-discard-kylian-mbappe-his-debut-in-ligue-1_294977_102.html\",\"url\":\"https:\\\/\\\/www.fcbarcelonanoticias.com\\\/en\\\/transfers\\\/final-push-psg-discard-kylian-mbappe-his-debut-in-ligue-1_294977_102.html\",\"name\":\"Final push? PSG rules out Kylian Mbapp\u00e9 for his debut in Ligue 1\",\"isPartOf\":{\"@id\":\"https:\\\/\\\/www.fcbarcelonanoticias.com\\\/en\\\/#website\"},\"primaryImageOfPage\":{\"@id\":\"https:\\\/\\\/www.fcbarcelonanoticias.com\\\/en\\\/transfers\\\/final-push-psg-discard-kylian-mbappe-his-debut-in-ligue-1_294977_102.html#primaryimage\"},\"image\":{\"@id\":\"https:\\\/\\\/www.fcbarcelonanoticias.com\\\/en\\\/transfers\\\/final-push-psg-discard-kylian-mbappe-his-debut-in-ligue-1_294977_102.html#primaryimage\"},\"thumbnailUrl\":\"https:\\\/\\\/www.fcbarcelonanoticias.com\\\/en\\\/wp-content\\\/uploads\\\/sites\\\/2\\\/2023\\\/08\\\/kylian-mbappe-entrenando-con-el-psg.jpeg\",\"datePublished\":\"2023-08-10T08:11:00+00:00\",\"dateModified\":\"2023-08-10T08:12:00+00:00\",\"author\":{\"@id\":\"https:\\\/\\\/www.fcbarcelonanoticias.com\\\/en\\\/#\\\/schema\\\/person\\\/0f2810101d27606974cdb8edb54fa54b\"},\"description\":\"The war between the Paris Saint-Germain and Kylian Mbapp\u00e9 does not have date of caducity, but could live one of his 'chapters' more decisive this Saturday with the debut of the Parisians in Tie it 1. The one of Bondy will not be present\",\"breadcrumb\":{\"@id\":\"https:\\\/\\\/www.fcbarcelonanoticias.com\\\/en\\\/transfers\\\/final-push-psg-discard-kylian-mbappe-his-debut-in-ligue-1_294977_102.html#breadcrumb\"},\"inLanguage\":\"en-US\",\"potentialAction\":[{\"@type\":\"ReadAction\",\"target\":[\"https:\\\/\\\/www.fcbarcelonanoticias.com\\\/en\\\/transfers\\\/final-push-psg-discard-kylian-mbappe-his-debut-in-ligue-1_294977_102.html\"]}]},{\"@type\":\"ImageObject\",\"inLanguage\":\"en-US\",\"@id\":\"https:\\\/\\\/www.fcbarcelonanoticias.com\\\/en\\\/transfers\\\/final-push-psg-discard-kylian-mbappe-his-debut-in-ligue-1_294977_102.html#primaryimage\",\"url\":\"https:\\\/\\\/www.fcbarcelonanoticias.com\\\/en\\\/wp-content\\\/uploads\\\/sites\\\/2\\\/2023\\\/08\\\/kylian-mbappe-entrenando-con-el-psg.jpeg\",\"contentUrl\":\"https:\\\/\\\/www.fcbarcelonanoticias.com\\\/en\\\/wp-content\\\/uploads\\\/sites\\\/2\\\/2023\\\/08\\\/kylian-mbappe-entrenando-con-el-psg.jpeg\",\"width\":1250,\"height\":750},{\"@type\":\"BreadcrumbList\",\"@id\":\"https:\\\/\\\/www.fcbarcelonanoticias.com\\\/en\\\/transfers\\\/final-push-psg-discard-kylian-mbappe-his-debut-in-ligue-1_294977_102.html#breadcrumb\",\"itemListElement\":[{\"@type\":\"ListItem\",\"position\":1,\"name\":\"Portada\",\"item\":\"https:\\\/\\\/www.fcbarcelonanoticias.com\\\/en\\\/\"},{\"@type\":\"ListItem\",\"position\":2,\"name\":\"Final push? PSG rules out Kylian Mbapp\u00e9 for his debut in Ligue 1\"}]},{\"@type\":\"WebSite\",\"@id\":\"https:\\\/\\\/www.fcbarcelonanoticias.com\\\/en\\\/#website\",\"url\":\"https:\\\/\\\/www.fcbarcelonanoticias.com\\\/en\\\/\",\"name\":\"EN - FC Barcelona Noticias\",\"description\":\"\",\"potentialAction\":[{\"@type\":\"SearchAction\",\"target\":{\"@type\":\"EntryPoint\",\"urlTemplate\":\"https:\\\/\\\/www.fcbarcelonanoticias.com\\\/en\\\/?s={search_term_string}\"},\"query-input\":{\"@type\":\"PropertyValueSpecification\",\"valueRequired\":true,\"valueName\":\"search_term_string\"}}],\"inLanguage\":\"en-US\"},{\"@type\":\"Person\",\"@id\":\"https:\\\/\\\/www.fcbarcelonanoticias.com\\\/en\\\/#\\\/schema\\\/person\\\/0f2810101d27606974cdb8edb54fa54b\",\"name\":\"FC Barcelona Noticias\",\"image\":{\"@type\":\"ImageObject\",\"inLanguage\":\"en-US\",\"@id\":\"https:\\\/\\\/secure.gravatar.com\\\/avatar\\\/?s=96&d=mm&r=g\",\"url\":\"https:\\\/\\\/secure.gravatar.com\\\/avatar\\\/?s=96&d=mm&r=g\",\"contentUrl\":\"https:\\\/\\\/secure.gravatar.com\\\/avatar\\\/?s=96&d=mm&r=g\",\"caption\":\"FC Barcelona Noticias\"},\"url\":\"https:\\\/\\\/www.fcbarcelonanoticias.com\\\/en\\\/fc-barcelona\\\/fcbn-writing-fc-barcelona-news_6_115.html\"}]}<\/script>\n<!-- \/ Yoast SEO plugin. -->","yoast_head_json":{"title":"Final push? PSG rules out Kylian Mbapp\u00e9 for his debut in Ligue 1","description":"The war between the Paris Saint-Germain and Kylian Mbapp\u00e9 does not have date of caducity, but could live one of his 'chapters' more decisive this Saturday with the debut of the Parisians in Tie it 1. The one of Bondy will not be present","robots":{"index":"index","follow":"follow","max-snippet":"max-snippet:-1","max-image-preview":"max-image-preview:large","max-video-preview":"max-video-preview:-1"},"canonical":"https:\/\/www.fcbarcelonanoticias.com\/en\/transfers\/final-push-psg-discard-kylian-mbappe-his-debut-in-ligue-1_294977_102.html","og_locale":"en_US","og_type":"article","og_title":"Final push? PSG rules out Kylian Mbapp\u00e9 for his debut in Ligue 1","og_description":"The war between the Paris Saint-Germain and Kylian Mbapp\u00e9 does not have date of caducity, but could live one of his 'chapters' more decisive this Saturday with the debut of the Parisians in Tie it 1. The one of Bondy will not be present","og_url":"https:\/\/www.fcbarcelonanoticias.com\/en\/transfers\/final-push-psg-discard-kylian-mbappe-his-debut-in-ligue-1_294977_102.html","og_site_name":"EN - FC Barcelona Noticias","article_published_time":"2023-08-10T08:11:00+00:00","article_modified_time":"2023-08-10T08:12:00+00:00","og_image":[{"width":1250,"height":750,"url":"https:\/\/www.fcbarcelonanoticias.com\/en\/wp-content\/uploads\/sites\/2\/2023\/08\/kylian-mbappe-entrenando-con-el-psg.jpeg","type":"image\/jpeg"}],"author":"FC Barcelona Noticias","twitter_card":"summary_large_image","twitter_misc":{"Written by":"FC Barcelona Noticias","Est. reading time":"2 minutes"},"schema":{"@context":"https:\/\/schema.org","@graph":[{"@type":"Article","@id":"https:\/\/www.fcbarcelonanoticias.com\/en\/transfers\/final-push-psg-discard-kylian-mbappe-his-debut-in-ligue-1_294977_102.html#article","isPartOf":{"@id":"https:\/\/www.fcbarcelonanoticias.com\/en\/transfers\/final-push-psg-discard-kylian-mbappe-his-debut-in-ligue-1_294977_102.html"},"author":{"name":"FC Barcelona Noticias","@id":"https:\/\/www.fcbarcelonanoticias.com\/en\/#\/schema\/person\/0f2810101d27606974cdb8edb54fa54b"},"headline":"Final push? PSG rules out Kylian Mbapp\u00e9 for his debut in Ligue 1","datePublished":"2023-08-10T08:11:00+00:00","dateModified":"2023-08-10T08:12:00+00:00","mainEntityOfPage":{"@id":"https:\/\/www.fcbarcelonanoticias.com\/en\/transfers\/final-push-psg-discard-kylian-mbappe-his-debut-in-ligue-1_294977_102.html"},"wordCount":445,"image":{"@id":"https:\/\/www.fcbarcelonanoticias.com\/en\/transfers\/final-push-psg-discard-kylian-mbappe-his-debut-in-ligue-1_294977_102.html#primaryimage"},"thumbnailUrl":"https:\/\/www.fcbarcelonanoticias.com\/en\/wp-content\/uploads\/sites\/2\/2023\/08\/kylian-mbappe-entrenando-con-el-psg.jpeg","keywords":["Mbapp\u00e9","Paris Saint-Germain"],"articleSection":["Transfers","Transfers"],"inLanguage":"en-US"},{"@type":"WebPage","@id":"https:\/\/www.fcbarcelonanoticias.com\/en\/transfers\/final-push-psg-discard-kylian-mbappe-his-debut-in-ligue-1_294977_102.html","url":"https:\/\/www.fcbarcelonanoticias.com\/en\/transfers\/final-push-psg-discard-kylian-mbappe-his-debut-in-ligue-1_294977_102.html","name":"Final push? PSG rules out Kylian Mbapp\u00e9 for his debut in Ligue 1","isPartOf":{"@id":"https:\/\/www.fcbarcelonanoticias.com\/en\/#website"},"primaryImageOfPage":{"@id":"https:\/\/www.fcbarcelonanoticias.com\/en\/transfers\/final-push-psg-discard-kylian-mbappe-his-debut-in-ligue-1_294977_102.html#primaryimage"},"image":{"@id":"https:\/\/www.fcbarcelonanoticias.com\/en\/transfers\/final-push-psg-discard-kylian-mbappe-his-debut-in-ligue-1_294977_102.html#primaryimage"},"thumbnailUrl":"https:\/\/www.fcbarcelonanoticias.com\/en\/wp-content\/uploads\/sites\/2\/2023\/08\/kylian-mbappe-entrenando-con-el-psg.jpeg","datePublished":"2023-08-10T08:11:00+00:00","dateModified":"2023-08-10T08:12:00+00:00","author":{"@id":"https:\/\/www.fcbarcelonanoticias.com\/en\/#\/schema\/person\/0f2810101d27606974cdb8edb54fa54b"},"description":"The war between the Paris Saint-Germain and Kylian Mbapp\u00e9 does not have date of caducity, but could live one of his 'chapters' more decisive this Saturday with the debut of the Parisians in Tie it 1. The one of Bondy will not be present","breadcrumb":{"@id":"https:\/\/www.fcbarcelonanoticias.com\/en\/transfers\/final-push-psg-discard-kylian-mbappe-his-debut-in-ligue-1_294977_102.html#breadcrumb"},"inLanguage":"en-US","potentialAction":[{"@type":"ReadAction","target":["https:\/\/www.fcbarcelonanoticias.com\/en\/transfers\/final-push-psg-discard-kylian-mbappe-his-debut-in-ligue-1_294977_102.html"]}]},{"@type":"ImageObject","inLanguage":"en-US","@id":"https:\/\/www.fcbarcelonanoticias.com\/en\/transfers\/final-push-psg-discard-kylian-mbappe-his-debut-in-ligue-1_294977_102.html#primaryimage","url":"https:\/\/www.fcbarcelonanoticias.com\/en\/wp-content\/uploads\/sites\/2\/2023\/08\/kylian-mbappe-entrenando-con-el-psg.jpeg","contentUrl":"https:\/\/www.fcbarcelonanoticias.com\/en\/wp-content\/uploads\/sites\/2\/2023\/08\/kylian-mbappe-entrenando-con-el-psg.jpeg","width":1250,"height":750},{"@type":"BreadcrumbList","@id":"https:\/\/www.fcbarcelonanoticias.com\/en\/transfers\/final-push-psg-discard-kylian-mbappe-his-debut-in-ligue-1_294977_102.html#breadcrumb","itemListElement":[{"@type":"ListItem","position":1,"name":"Portada","item":"https:\/\/www.fcbarcelonanoticias.com\/en\/"},{"@type":"ListItem","position":2,"name":"Final push? PSG rules out Kylian Mbapp\u00e9 for his debut in Ligue 1"}]},{"@type":"WebSite","@id":"https:\/\/www.fcbarcelonanoticias.com\/en\/#website","url":"https:\/\/www.fcbarcelonanoticias.com\/en\/","name":"EN - FC Barcelona Noticias","description":"","potentialAction":[{"@type":"SearchAction","target":{"@type":"EntryPoint","urlTemplate":"https:\/\/www.fcbarcelonanoticias.com\/en\/?s={search_term_string}"},"query-input":{"@type":"PropertyValueSpecification","valueRequired":true,"valueName":"search_term_string"}}],"inLanguage":"en-US"},{"@type":"Person","@id":"https:\/\/www.fcbarcelonanoticias.com\/en\/#\/schema\/person\/0f2810101d27606974cdb8edb54fa54b","name":"FC Barcelona Noticias","image":{"@type":"ImageObject","inLanguage":"en-US","@id":"https:\/\/secure.gravatar.com\/avatar\/?s=96&d=mm&r=g","url":"https:\/\/secure.gravatar.com\/avatar\/?s=96&d=mm&r=g","contentUrl":"https:\/\/secure.gravatar.com\/avatar\/?s=96&d=mm&r=g","caption":"FC Barcelona Noticias"},"url":"https:\/\/www.fcbarcelonanoticias.com\/en\/fc-barcelona\/fcbn-writing-fc-barcelona-news_6_115.html"}]}},"_links":{"self":[{"href":"https:\/\/www.fcbarcelonanoticias.com\/en\/wp-json\/wp\/v2\/posts\/98766","targetHints":{"allow":["GET"]}}],"collection":[{"href":"https:\/\/www.fcbarcelonanoticias.com\/en\/wp-json\/wp\/v2\/posts"}],"about":[{"href":"https:\/\/www.fcbarcelonanoticias.com\/en\/wp-json\/wp\/v2\/types\/post"}],"author":[{"embeddable":true,"href":"https:\/\/www.fcbarcelonanoticias.com\/en\/wp-json\/wp\/v2\/users\/353"}],"replies":[{"embeddable":true,"href":"https:\/\/www.fcbarcelonanoticias.com\/en\/wp-json\/wp\/v2\/comments?post=98766"}],"version-history":[{"count":1,"href":"https:\/\/www.fcbarcelonanoticias.com\/en\/wp-json\/wp\/v2\/posts\/98766\/revisions"}],"predecessor-version":[{"id":127906,"href":"https:\/\/www.fcbarcelonanoticias.com\/en\/wp-json\/wp\/v2\/posts\/98766\/revisions\/127906"}],"wp:featuredmedia":[{"embeddable":true,"href":"https:\/\/www.fcbarcelonanoticias.com\/en\/wp-json\/wp\/v2\/media\/98784"}],"wp:attachment":[{"href":"https:\/\/www.fcbarcelonanoticias.com\/en\/wp-json\/wp\/v2\/media?parent=98766"}],"wp:term":[{"taxonomy":"category","embeddable":true,"href":"https:\/\/www.fcbarcelonanoticias.com\/en\/wp-json\/wp\/v2\/categories?post=98766"},{"taxonomy":"post_tag","embeddable":true,"href":"https:\/\/www.fcbarcelonanoticias.com\/en\/wp-json\/wp\/v2\/tags?post=98766"}],"curies":[{"name":"wp","href":"https:\/\/api.w.org\/{rel}","templated":true}]}}