{"id":98822,"date":"2026-01-26T17:00:00","date_gmt":"2026-01-26T16:00:00","guid":{"rendered":"https:\/\/weisetech.dev\/fc-barcelona-noticias\/en\/final-departure-price-of-dro-fernandez-from-barcelona_315843_102\/"},"modified":"2026-01-26T17:00:00","modified_gmt":"2026-01-26T16:00:00","slug":"final-departure-price-of-dro-fernandez-from-barcelona_315843_102","status":"publish","type":"post","link":"https:\/\/www.fcbarcelonanoticias.com\/en\/transfers\/final-departure-price-of-dro-fernandez-from-barcelona_315843_102.html","title":{"rendered":"The money Barcelona will receive for the transfer of &#8216;Dro&#8217; Fern\u00e1ndez"},"content":{"rendered":"<h2 class=\"wp-block-heading\">Pedro &#8216;Dro&#8217; Fern\u00e1ndez will be presented shortly as a PSG player. The 18-year-old midfielder will finally be transferred, leaving an amount slightly higher than his release clause<\/h2>  \r\n<div class=\"article-addons\">\r\n    <a href=\"https:\/\/www.fcbarcelonanoticias.com\/en\/calendar-fc-barcelona.html\"\r\n       target=\"_self\"\r\n       title=\"Calendar of FC Barcelona\"\r\n       class=\"blue-gredient-btn\">\r\n       \r\n        Calendar of FC Barcelona    <\/a>\r\n<\/div>   <p><strong>FC Barcelona<\/strong> and <strong>Paris Saint-Germain<\/strong> are finalizing the details of the transfer of <strong>Pedro &#8216;Dro&#8217; Fern\u00e1ndez<\/strong>. After the dispute of the <a data-external=\"0\" data-intl-links-en=\"https:\/\/www.fcbarcelonanoticias.com\/en\/spanish-super-cup\" data-intl-links-es=\"https:\/\/www.fcbarcelonanoticias.com\/supercopa-de-espana\" href=\"https:\/\/www.fcbarcelonanoticias.com\/en\/spanish-super-cup.html\" rel=\"follow\" target=\"_self\" title=\"Supercopa de Espa\u00f1a\">2026 Spanish Super Cup<\/a>, the 18-year-old midfielder informed the Catalan club of his desire to leave, once his agent, <strong>Iv\u00e1n de la Pe\u00f1a<\/strong>, reached an agreement with PSG for his signing with immediate effect, in the current winter transfer window.<\/p>  <p>The news took the management and coaching staff by surprise, generating unease and sadness as it concerned a youth academy player with fantastic potential in the first team. <strong>Hansi Flick<\/strong> called up the player from Nigr\u00e1n for all official matches of the season while he was available, <strong>giving him minutes (148) in the League (89&#8242;) and Champions League (59&#8242;)<\/strong>.<\/p>  <p>&#8216;Dro&#8217;, in fact, started against <a data-external=\"0\" data-intl-links-en=\"https:\/\/www.fcbarcelonanoticias.com\/en\/laliga\/dro-fernandez-debuts-as-starter-with-barcelona-in-laliga_314862_102.html\" data-intl-links-es=\"https:\/\/www.fcbarcelonanoticias.com\/laliga\/dro-fernandez-debuta-como-titular-con-barcelona-laliga_314862_102.html\" href=\"https:\/\/www.fcbarcelonanoticias.com\/en\/laliga\/dro-fernandez-debuts-as-starter-with-barcelona-in-laliga_314862_102.html\" rel=\"follow\" target=\"_self\" title=\"Dro Fern\u00e1ndez debuta como titular con el Barcelona en LaLiga\">Real Sociedad<\/a> (2-1) and <a data-external=\"0\" data-intl-links-en=\"https:\/\/www.fcbarcelonanoticias.com\/en\/champions-league\/dro-fernandez-surprise-in-barcelona-starting-xi-against-olympiacos_315081_102.html\" data-intl-links-es=\"https:\/\/www.fcbarcelonanoticias.com\/champions-league\/dro-fernandez-debuta-como-titular-champions-descanso-frenkie-de-jong_315081_102.html\" href=\"https:\/\/www.fcbarcelonanoticias.com\/en\/champions-league\/dro-fernandez-surprise-in-barcelona-starting-xi-against-olympiacos_315081_102.html\" rel=\"follow\" target=\"_self\" title=\"Dro Fern\u00e1ndez debuta como titular en Champions: descanso para Frenkie de Jong\">Olympiacos<\/a> (6-1), but he preferred to accept the Parisian offer. In principle, the team managed by <strong>Luis Enrique<\/strong> would pay the player&#8217;s release clause (6 million euros), but finally Bar\u00e7a will let their academy player go for a slightly higher amount, via transfer<\/p>  <h2>How much money will Bar\u00e7a earn from the sale of &#8216;Dro&#8217; Fern\u00e1ndez?<\/h2>  <p>The latest information indicates that Paris Saint-Germain will pay <strong>a total of 8.5 million euros<\/strong> for the transfer of &#8216;Dro&#8217; Fern\u00e1ndez, which will be made official this week, once the midfielder passes his medical examination and the parties sign all the legal documentation.<\/p>  <p>The Barcelona board managed to get a little more out of the departure of the 18-year-old midfielder, <strong>whose current market value is around 10 &#8216;kilos&#8217; on the &#8216;Transfermarkt&#8217; website<\/strong>. PSG, although they will pay an amount higher than the player&#8217;s release clause, also benefits by saving money on taxes derived from the operation.<\/p>  <p>The player from Nigr\u00e1n will immediately join the Parisian first team squad, where he will compete for a place in the midfield currently dominated by Vitinha, Fabi\u00e1n Ruiz, and Joao Neves. With the latter injured, as is South Korean Kang-in Lee, &#8216;Dro&#8217; will have to fight for minutes with Parisian academy players **Senny Mayulu** and **Warren Za\u00efre-Emery**, both 19 years old.<\/p>  <p>In Barcelona, Hansi Flick keeps **Dani Olmo** and **Ferm\u00edn L\u00f3pez** as main options for the attacking midfield position, awaiting **Pablo Gavi**&#8217;s return at the end of February. Competition for a spot in the Bar\u00e7a XI was by no means easy, but the coaching staff trusted in their medium and long-term projection.<\/p>  <h2>Barcelona&#8217;s Stance on &#8216;Dro&#8217;s&#8217; Departure<\/h2>  <p>In this regard, beyond respecting the footballer&#8217;s decision to change scenery, Flick did not hesitate to remove Pedro Fern\u00e1ndez from the squad once his intention to leave was confirmed. The manager was firm in his stance, lamenting the factors that may have influenced the departure of the 18-year-old academy player.<\/p>  <p>&#8220;Things happen in football. You may not agree, but&nbsp;<strong>they are 18-year-old players, adults, who make decisions. And there are adults who can incite them&#8230;&nbsp;<\/strong>I&#8217;ve said enough,&#8221; said the Bar\u00e7a coach on the eve of the match against Real Sociedad.<\/p>  <p>Likewise, <strong>Joan Laporta<\/strong> described the &#8216;Dro case&#8217; as &#8220;<strong>an unpleasant situation<\/strong>&#8220;. The Bar\u00e7a president revealed that the club&#8217;s intention was to extend the midfielder&#8217;s contract (which ends in 2027), but <strong>Iv\u00e1n de la Pe\u00f1a ruled out this option due to the offer from Paris<\/strong>, where his client will triple his current salary.<\/p>  <p>&#8220;<strong>We&#8217;ll talk about it when it&#8217;s all done. He has announced that he will not continue. <\/strong>We&#8217;ll be able to redirect the situation from how it had been planned,&#8221; Laporta said in an interview for &#8216;Catalunya R\u00e0dio&#8217;. In turn, he reiterated that the board will do everything possible to resolve the operation in favor of Bar\u00e7a&#8217;s interests.&nbsp;<\/p>  <p>&#8220;We had agreed on another solution for Dro for when he turned 18 and, <strong>surprisingly, his agent told us we couldn&#8217;t fulfill what we had agreed upon<\/strong>,&#8221; &#8216;Jan&#8217; pointed out. While the transfer is being finalized, Fern\u00e1ndez continues to train at the Ciutat Esportiva, separate from the first team and the reserves.<\/p> ","protected":false},"excerpt":{"rendered":"<p>Pedro &#8216;Dro&#8217; Fern\u00e1ndez will be presented shortly as a PSG player. The 18-year-old midfielder will finally be transferred, leaving an amount slightly higher than his release clause FC Barcelona and Paris Saint-Germain are finalizing the details of the transfer of Pedro &#8216;Dro&#8217; Fern\u00e1ndez. After the dispute of the 2026 Spanish Super Cup, the 18-year-old midfielder [&hellip;]<\/p>\n","protected":false},"author":347,"featured_media":98833,"comment_status":"closed","ping_status":"open","sticky":false,"template":"","format":"standard","meta":{"_acf_changed":false,"inline_featured_image":false,"_nextfly_llmd_date_locked":false,"footnotes":""},"categories":[106,449],"tags":[284,470,88],"class_list":["post-98822","post","type-post","status-publish","format-standard","has-post-thumbnail","hentry","category-transfers","category-transfers-2","tag-dro-fernandez","tag-dro-fernandez-2","tag-paris-saint-germain"],"acf":[],"yoast_head":"<!-- This site is optimized with the Yoast SEO plugin v27.3 - https:\/\/yoast.com\/product\/yoast-seo-wordpress\/ -->\n<title>The final departure price of &#039;Dro&#039; Fern\u00e1ndez from Barcelona<\/title>\n<meta name=\"description\" content=\"Pedro &#039;Dro&#039; Fern\u00e1ndez leaves Bar\u00e7a for PSG for a sum slightly above his release clause. Discover the details of the transfer\" \/>\n<meta name=\"robots\" content=\"index, follow, max-snippet:-1, max-image-preview:large, max-video-preview:-1\" \/>\n<link rel=\"canonical\" href=\"https:\/\/www.fcbarcelonanoticias.com\/en\/transfers\/final-departure-price-of-dro-fernandez-from-barcelona_315843_102.html\" \/>\n<meta property=\"og:locale\" content=\"en_US\" \/>\n<meta property=\"og:type\" content=\"article\" \/>\n<meta property=\"og:title\" content=\"The final departure price of &#039;Dro&#039; Fern\u00e1ndez from Barcelona\" \/>\n<meta property=\"og:description\" content=\"Pedro &#039;Dro&#039; Fern\u00e1ndez leaves Bar\u00e7a for PSG for a sum slightly above his release clause. Discover the details of the transfer\" \/>\n<meta property=\"og:url\" content=\"https:\/\/www.fcbarcelonanoticias.com\/en\/transfers\/final-departure-price-of-dro-fernandez-from-barcelona_315843_102.html\" \/>\n<meta property=\"og:site_name\" content=\"EN - FC Barcelona Noticias\" \/>\n<meta property=\"article:published_time\" content=\"2026-01-26T16:00:00+00:00\" \/>\n<meta property=\"og:image\" content=\"https:\/\/www.fcbarcelonanoticias.com\/en\/wp-content\/uploads\/sites\/2\/2026\/01\/dro-fernandez-fc-bacelona-25-26.jpeg\" \/>\n\t<meta property=\"og:image:width\" content=\"1300\" \/>\n\t<meta property=\"og:image:height\" content=\"732\" \/>\n\t<meta property=\"og:image:type\" content=\"image\/jpeg\" \/>\n<meta name=\"author\" content=\"Andr\u00e9s Quiroz\" \/>\n<meta name=\"twitter:card\" content=\"summary_large_image\" \/>\n<meta name=\"twitter:label1\" content=\"Written by\" \/>\n\t<meta name=\"twitter:data1\" content=\"Andr\u00e9s Quiroz\" \/>\n\t<meta name=\"twitter:label2\" content=\"Est. reading time\" \/>\n\t<meta name=\"twitter:data2\" content=\"3 minutes\" \/>\n<script type=\"application\/ld+json\" class=\"yoast-schema-graph\">{\"@context\":\"https:\\\/\\\/schema.org\",\"@graph\":[{\"@type\":\"Article\",\"@id\":\"https:\\\/\\\/www.fcbarcelonanoticias.com\\\/en\\\/transfers\\\/final-departure-price-of-dro-fernandez-from-barcelona_315843_102.html#article\",\"isPartOf\":{\"@id\":\"https:\\\/\\\/www.fcbarcelonanoticias.com\\\/en\\\/transfers\\\/final-departure-price-of-dro-fernandez-from-barcelona_315843_102.html\"},\"author\":{\"name\":\"Andr\u00e9s Quiroz\",\"@id\":\"https:\\\/\\\/www.fcbarcelonanoticias.com\\\/en\\\/#\\\/schema\\\/person\\\/c2cd9f6fa1af5c0d0eccd0fefa575c88\"},\"headline\":\"The money Barcelona will receive for the transfer of &#8216;Dro&#8217; Fern\u00e1ndez\",\"datePublished\":\"2026-01-26T16:00:00+00:00\",\"mainEntityOfPage\":{\"@id\":\"https:\\\/\\\/www.fcbarcelonanoticias.com\\\/en\\\/transfers\\\/final-departure-price-of-dro-fernandez-from-barcelona_315843_102.html\"},\"wordCount\":718,\"image\":{\"@id\":\"https:\\\/\\\/www.fcbarcelonanoticias.com\\\/en\\\/transfers\\\/final-departure-price-of-dro-fernandez-from-barcelona_315843_102.html#primaryimage\"},\"thumbnailUrl\":\"https:\\\/\\\/www.fcbarcelonanoticias.com\\\/en\\\/wp-content\\\/uploads\\\/sites\\\/2\\\/2026\\\/01\\\/dro-fernandez-fc-bacelona-25-26.jpeg\",\"keywords\":[\"Dro Fern\u00e1ndez\",\"Dro Fern\u00e1ndez\",\"Paris Saint-Germain\"],\"articleSection\":[\"Transfers\",\"Transfers\"],\"inLanguage\":\"en-US\"},{\"@type\":\"WebPage\",\"@id\":\"https:\\\/\\\/www.fcbarcelonanoticias.com\\\/en\\\/transfers\\\/final-departure-price-of-dro-fernandez-from-barcelona_315843_102.html\",\"url\":\"https:\\\/\\\/www.fcbarcelonanoticias.com\\\/en\\\/transfers\\\/final-departure-price-of-dro-fernandez-from-barcelona_315843_102.html\",\"name\":\"The final departure price of 'Dro' Fern\u00e1ndez from Barcelona\",\"isPartOf\":{\"@id\":\"https:\\\/\\\/www.fcbarcelonanoticias.com\\\/en\\\/#website\"},\"primaryImageOfPage\":{\"@id\":\"https:\\\/\\\/www.fcbarcelonanoticias.com\\\/en\\\/transfers\\\/final-departure-price-of-dro-fernandez-from-barcelona_315843_102.html#primaryimage\"},\"image\":{\"@id\":\"https:\\\/\\\/www.fcbarcelonanoticias.com\\\/en\\\/transfers\\\/final-departure-price-of-dro-fernandez-from-barcelona_315843_102.html#primaryimage\"},\"thumbnailUrl\":\"https:\\\/\\\/www.fcbarcelonanoticias.com\\\/en\\\/wp-content\\\/uploads\\\/sites\\\/2\\\/2026\\\/01\\\/dro-fernandez-fc-bacelona-25-26.jpeg\",\"datePublished\":\"2026-01-26T16:00:00+00:00\",\"author\":{\"@id\":\"https:\\\/\\\/www.fcbarcelonanoticias.com\\\/en\\\/#\\\/schema\\\/person\\\/c2cd9f6fa1af5c0d0eccd0fefa575c88\"},\"description\":\"Pedro 'Dro' Fern\u00e1ndez leaves Bar\u00e7a for PSG for a sum slightly above his release clause. Discover the details of the transfer\",\"breadcrumb\":{\"@id\":\"https:\\\/\\\/www.fcbarcelonanoticias.com\\\/en\\\/transfers\\\/final-departure-price-of-dro-fernandez-from-barcelona_315843_102.html#breadcrumb\"},\"inLanguage\":\"en-US\",\"potentialAction\":[{\"@type\":\"ReadAction\",\"target\":[\"https:\\\/\\\/www.fcbarcelonanoticias.com\\\/en\\\/transfers\\\/final-departure-price-of-dro-fernandez-from-barcelona_315843_102.html\"]}]},{\"@type\":\"ImageObject\",\"inLanguage\":\"en-US\",\"@id\":\"https:\\\/\\\/www.fcbarcelonanoticias.com\\\/en\\\/transfers\\\/final-departure-price-of-dro-fernandez-from-barcelona_315843_102.html#primaryimage\",\"url\":\"https:\\\/\\\/www.fcbarcelonanoticias.com\\\/en\\\/wp-content\\\/uploads\\\/sites\\\/2\\\/2026\\\/01\\\/dro-fernandez-fc-bacelona-25-26.jpeg\",\"contentUrl\":\"https:\\\/\\\/www.fcbarcelonanoticias.com\\\/en\\\/wp-content\\\/uploads\\\/sites\\\/2\\\/2026\\\/01\\\/dro-fernandez-fc-bacelona-25-26.jpeg\",\"width\":1300,\"height\":732},{\"@type\":\"BreadcrumbList\",\"@id\":\"https:\\\/\\\/www.fcbarcelonanoticias.com\\\/en\\\/transfers\\\/final-departure-price-of-dro-fernandez-from-barcelona_315843_102.html#breadcrumb\",\"itemListElement\":[{\"@type\":\"ListItem\",\"position\":1,\"name\":\"Portada\",\"item\":\"https:\\\/\\\/www.fcbarcelonanoticias.com\\\/en\\\/\"},{\"@type\":\"ListItem\",\"position\":2,\"name\":\"The money Barcelona will receive for the transfer of &#8216;Dro&#8217; Fern\u00e1ndez\"}]},{\"@type\":\"WebSite\",\"@id\":\"https:\\\/\\\/www.fcbarcelonanoticias.com\\\/en\\\/#website\",\"url\":\"https:\\\/\\\/www.fcbarcelonanoticias.com\\\/en\\\/\",\"name\":\"EN - FC Barcelona Noticias\",\"description\":\"\",\"potentialAction\":[{\"@type\":\"SearchAction\",\"target\":{\"@type\":\"EntryPoint\",\"urlTemplate\":\"https:\\\/\\\/www.fcbarcelonanoticias.com\\\/en\\\/?s={search_term_string}\"},\"query-input\":{\"@type\":\"PropertyValueSpecification\",\"valueRequired\":true,\"valueName\":\"search_term_string\"}}],\"inLanguage\":\"en-US\"},{\"@type\":\"Person\",\"@id\":\"https:\\\/\\\/www.fcbarcelonanoticias.com\\\/en\\\/#\\\/schema\\\/person\\\/c2cd9f6fa1af5c0d0eccd0fefa575c88\",\"name\":\"Andr\u00e9s Quiroz\",\"image\":{\"@type\":\"ImageObject\",\"inLanguage\":\"en-US\",\"@id\":\"https:\\\/\\\/secure.gravatar.com\\\/avatar\\\/?s=96&d=mm&r=g\",\"url\":\"https:\\\/\\\/secure.gravatar.com\\\/avatar\\\/?s=96&d=mm&r=g\",\"contentUrl\":\"https:\\\/\\\/secure.gravatar.com\\\/avatar\\\/?s=96&d=mm&r=g\",\"caption\":\"Andr\u00e9s Quiroz\"},\"description\":\"Licenciado en Periodismo por la Universidad de los Andes. Me encargo de analizar y compartir los contenidos m\u00e1s destacados de la\u00a0actualidad del F\u00fatbol Club Barcelona, Mercado de Fichajes y F\u00fatbol Internacional en FCBN. La informaci\u00f3n es poder, pero tambi\u00e9n conocimiento.\",\"url\":\"https:\\\/\\\/www.fcbarcelonanoticias.com\\\/en\\\/fc-barcelona\\\/andres-quiroz_17_115.html\"}]}<\/script>\n<!-- \/ Yoast SEO plugin. -->","yoast_head_json":{"title":"The final departure price of 'Dro' Fern\u00e1ndez from Barcelona","description":"Pedro 'Dro' Fern\u00e1ndez leaves Bar\u00e7a for PSG for a sum slightly above his release clause. Discover the details of the transfer","robots":{"index":"index","follow":"follow","max-snippet":"max-snippet:-1","max-image-preview":"max-image-preview:large","max-video-preview":"max-video-preview:-1"},"canonical":"https:\/\/www.fcbarcelonanoticias.com\/en\/transfers\/final-departure-price-of-dro-fernandez-from-barcelona_315843_102.html","og_locale":"en_US","og_type":"article","og_title":"The final departure price of 'Dro' Fern\u00e1ndez from Barcelona","og_description":"Pedro 'Dro' Fern\u00e1ndez leaves Bar\u00e7a for PSG for a sum slightly above his release clause. Discover the details of the transfer","og_url":"https:\/\/www.fcbarcelonanoticias.com\/en\/transfers\/final-departure-price-of-dro-fernandez-from-barcelona_315843_102.html","og_site_name":"EN - FC Barcelona Noticias","article_published_time":"2026-01-26T16:00:00+00:00","og_image":[{"width":1300,"height":732,"url":"https:\/\/www.fcbarcelonanoticias.com\/en\/wp-content\/uploads\/sites\/2\/2026\/01\/dro-fernandez-fc-bacelona-25-26.jpeg","type":"image\/jpeg"}],"author":"Andr\u00e9s Quiroz","twitter_card":"summary_large_image","twitter_misc":{"Written by":"Andr\u00e9s Quiroz","Est. reading time":"3 minutes"},"schema":{"@context":"https:\/\/schema.org","@graph":[{"@type":"Article","@id":"https:\/\/www.fcbarcelonanoticias.com\/en\/transfers\/final-departure-price-of-dro-fernandez-from-barcelona_315843_102.html#article","isPartOf":{"@id":"https:\/\/www.fcbarcelonanoticias.com\/en\/transfers\/final-departure-price-of-dro-fernandez-from-barcelona_315843_102.html"},"author":{"name":"Andr\u00e9s Quiroz","@id":"https:\/\/www.fcbarcelonanoticias.com\/en\/#\/schema\/person\/c2cd9f6fa1af5c0d0eccd0fefa575c88"},"headline":"The money Barcelona will receive for the transfer of &#8216;Dro&#8217; Fern\u00e1ndez","datePublished":"2026-01-26T16:00:00+00:00","mainEntityOfPage":{"@id":"https:\/\/www.fcbarcelonanoticias.com\/en\/transfers\/final-departure-price-of-dro-fernandez-from-barcelona_315843_102.html"},"wordCount":718,"image":{"@id":"https:\/\/www.fcbarcelonanoticias.com\/en\/transfers\/final-departure-price-of-dro-fernandez-from-barcelona_315843_102.html#primaryimage"},"thumbnailUrl":"https:\/\/www.fcbarcelonanoticias.com\/en\/wp-content\/uploads\/sites\/2\/2026\/01\/dro-fernandez-fc-bacelona-25-26.jpeg","keywords":["Dro Fern\u00e1ndez","Dro Fern\u00e1ndez","Paris Saint-Germain"],"articleSection":["Transfers","Transfers"],"inLanguage":"en-US"},{"@type":"WebPage","@id":"https:\/\/www.fcbarcelonanoticias.com\/en\/transfers\/final-departure-price-of-dro-fernandez-from-barcelona_315843_102.html","url":"https:\/\/www.fcbarcelonanoticias.com\/en\/transfers\/final-departure-price-of-dro-fernandez-from-barcelona_315843_102.html","name":"The final departure price of 'Dro' Fern\u00e1ndez from Barcelona","isPartOf":{"@id":"https:\/\/www.fcbarcelonanoticias.com\/en\/#website"},"primaryImageOfPage":{"@id":"https:\/\/www.fcbarcelonanoticias.com\/en\/transfers\/final-departure-price-of-dro-fernandez-from-barcelona_315843_102.html#primaryimage"},"image":{"@id":"https:\/\/www.fcbarcelonanoticias.com\/en\/transfers\/final-departure-price-of-dro-fernandez-from-barcelona_315843_102.html#primaryimage"},"thumbnailUrl":"https:\/\/www.fcbarcelonanoticias.com\/en\/wp-content\/uploads\/sites\/2\/2026\/01\/dro-fernandez-fc-bacelona-25-26.jpeg","datePublished":"2026-01-26T16:00:00+00:00","author":{"@id":"https:\/\/www.fcbarcelonanoticias.com\/en\/#\/schema\/person\/c2cd9f6fa1af5c0d0eccd0fefa575c88"},"description":"Pedro 'Dro' Fern\u00e1ndez leaves Bar\u00e7a for PSG for a sum slightly above his release clause. Discover the details of the transfer","breadcrumb":{"@id":"https:\/\/www.fcbarcelonanoticias.com\/en\/transfers\/final-departure-price-of-dro-fernandez-from-barcelona_315843_102.html#breadcrumb"},"inLanguage":"en-US","potentialAction":[{"@type":"ReadAction","target":["https:\/\/www.fcbarcelonanoticias.com\/en\/transfers\/final-departure-price-of-dro-fernandez-from-barcelona_315843_102.html"]}]},{"@type":"ImageObject","inLanguage":"en-US","@id":"https:\/\/www.fcbarcelonanoticias.com\/en\/transfers\/final-departure-price-of-dro-fernandez-from-barcelona_315843_102.html#primaryimage","url":"https:\/\/www.fcbarcelonanoticias.com\/en\/wp-content\/uploads\/sites\/2\/2026\/01\/dro-fernandez-fc-bacelona-25-26.jpeg","contentUrl":"https:\/\/www.fcbarcelonanoticias.com\/en\/wp-content\/uploads\/sites\/2\/2026\/01\/dro-fernandez-fc-bacelona-25-26.jpeg","width":1300,"height":732},{"@type":"BreadcrumbList","@id":"https:\/\/www.fcbarcelonanoticias.com\/en\/transfers\/final-departure-price-of-dro-fernandez-from-barcelona_315843_102.html#breadcrumb","itemListElement":[{"@type":"ListItem","position":1,"name":"Portada","item":"https:\/\/www.fcbarcelonanoticias.com\/en\/"},{"@type":"ListItem","position":2,"name":"The money Barcelona will receive for the transfer of &#8216;Dro&#8217; Fern\u00e1ndez"}]},{"@type":"WebSite","@id":"https:\/\/www.fcbarcelonanoticias.com\/en\/#website","url":"https:\/\/www.fcbarcelonanoticias.com\/en\/","name":"EN - FC Barcelona Noticias","description":"","potentialAction":[{"@type":"SearchAction","target":{"@type":"EntryPoint","urlTemplate":"https:\/\/www.fcbarcelonanoticias.com\/en\/?s={search_term_string}"},"query-input":{"@type":"PropertyValueSpecification","valueRequired":true,"valueName":"search_term_string"}}],"inLanguage":"en-US"},{"@type":"Person","@id":"https:\/\/www.fcbarcelonanoticias.com\/en\/#\/schema\/person\/c2cd9f6fa1af5c0d0eccd0fefa575c88","name":"Andr\u00e9s Quiroz","image":{"@type":"ImageObject","inLanguage":"en-US","@id":"https:\/\/secure.gravatar.com\/avatar\/?s=96&d=mm&r=g","url":"https:\/\/secure.gravatar.com\/avatar\/?s=96&d=mm&r=g","contentUrl":"https:\/\/secure.gravatar.com\/avatar\/?s=96&d=mm&r=g","caption":"Andr\u00e9s Quiroz"},"description":"Licenciado en Periodismo por la Universidad de los Andes. Me encargo de analizar y compartir los contenidos m\u00e1s destacados de la\u00a0actualidad del F\u00fatbol Club Barcelona, Mercado de Fichajes y F\u00fatbol Internacional en FCBN. La informaci\u00f3n es poder, pero tambi\u00e9n conocimiento.","url":"https:\/\/www.fcbarcelonanoticias.com\/en\/fc-barcelona\/andres-quiroz_17_115.html"}]}},"_links":{"self":[{"href":"https:\/\/www.fcbarcelonanoticias.com\/en\/wp-json\/wp\/v2\/posts\/98822","targetHints":{"allow":["GET"]}}],"collection":[{"href":"https:\/\/www.fcbarcelonanoticias.com\/en\/wp-json\/wp\/v2\/posts"}],"about":[{"href":"https:\/\/www.fcbarcelonanoticias.com\/en\/wp-json\/wp\/v2\/types\/post"}],"author":[{"embeddable":true,"href":"https:\/\/www.fcbarcelonanoticias.com\/en\/wp-json\/wp\/v2\/users\/347"}],"replies":[{"embeddable":true,"href":"https:\/\/www.fcbarcelonanoticias.com\/en\/wp-json\/wp\/v2\/comments?post=98822"}],"version-history":[{"count":1,"href":"https:\/\/www.fcbarcelonanoticias.com\/en\/wp-json\/wp\/v2\/posts\/98822\/revisions"}],"predecessor-version":[{"id":127857,"href":"https:\/\/www.fcbarcelonanoticias.com\/en\/wp-json\/wp\/v2\/posts\/98822\/revisions\/127857"}],"wp:featuredmedia":[{"embeddable":true,"href":"https:\/\/www.fcbarcelonanoticias.com\/en\/wp-json\/wp\/v2\/media\/98833"}],"wp:attachment":[{"href":"https:\/\/www.fcbarcelonanoticias.com\/en\/wp-json\/wp\/v2\/media?parent=98822"}],"wp:term":[{"taxonomy":"category","embeddable":true,"href":"https:\/\/www.fcbarcelonanoticias.com\/en\/wp-json\/wp\/v2\/categories?post=98822"},{"taxonomy":"post_tag","embeddable":true,"href":"https:\/\/www.fcbarcelonanoticias.com\/en\/wp-json\/wp\/v2\/tags?post=98822"}],"curies":[{"name":"wp","href":"https:\/\/api.w.org\/{rel}","templated":true}]}}