{"id":98829,"date":"2015-12-23T09:22:00","date_gmt":"2015-12-23T08:22:00","guid":{"rendered":"https:\/\/weisetech.dev\/fc-barcelona-noticias\/en\/benitez-can-be-destituido-and-his-substitute-would-be-mourinho_36791_102\/"},"modified":"2015-12-23T09:22:00","modified_gmt":"2015-12-23T08:22:00","slug":"benitez-can-be-destituido-and-his-substitute-would-be-mourinho_36791_102","status":"publish","type":"post","link":"https:\/\/www.fcbarcelonanoticias.com\/en\/transfers\/benitez-can-be-destituido-and-his-substitute-would-be-mourinho_36791_102.html","title":{"rendered":"Ben\u00edtez Can be destituido and his substitute would be Mourinho"},"content":{"rendered":"\r\n<div class=\"article-addons\">\r\n    <a href=\"https:\/\/www.fcbarcelonanoticias.com\/en\/calendar-fc-barcelona.html\"\r\n       target=\"_self\"\r\n       title=\"Calendar of FC Barcelona\"\r\n       class=\"blue-gredient-btn\">\r\n       \r\n        Calendar of FC Barcelona    <\/a>\r\n<\/div>   <div class=\"separator\" style=\"clear: both; text-align: center;\"><a href=\"https:\/\/3.bp.blogspot.com\/en\/-UP5gP5wMiC8\/Vno-4e2eZZI\/AAAAAAAAFjA\/NQ2Ah0p84zs\/s1600\/benitez-destituido-sustituto-mourinho.jpg\" imageanchor=\"1\" style=\"margin-left: 1em; margin-right: 1em;\"><\/a><\/div> <br><b>According to information appeared in the last hours in the &#8220;Chain BE&#8221;, the Madrilenian technician could have the hours explained because of his bad relation with the changing room merengue. They affirm that it would not arrive to the party in front of the Real and warn that Mourinho would be his substitute<\/b><br><br><span style=\"font-size: large;\"><b><span style=\"color: #990000;\">Ticket<\/span><\/b> &#8211; <b><u><a href=\"http:\/\/www.viagogo.es\/en\/Entradas-Deportes\/Futbol\/La-Liga-Primera-Division\/FC-Barcelona-Entradas\/E-1073690?AffiliateID=1558&amp;PCID=AFFESIAFF1558A548FCBFC6-05\" rel=\"nofollow\" target=\"_blank\">Gone in FC Barcelona vs Betis &#8211; League J17<\/a><\/u><\/b><\/span><br><span style=\"font-size: large;\"><b><span style=\"color: #990000;\">The Classical<\/span><\/b> &#8211; <b><u><a href=\"http:\/\/www.viagogo.es\/en\/Entradas-Deportes\/Futbol\/La-Liga-Primera-Division\/FC-Barcelona-Entradas\/E-1073691?AffiliateID=1558&amp;PCID=AFFESIAFF1558A548FCBFC6-05\" rel=\"nofollow\" target=\"_blank\">Gone in \/ Ticket FC Barcelona vs Real Madrid<\/a><\/u><\/b><\/span><br><span style=\"font-size: large;\"><b><span style=\"color: #990000;\">Ticket<\/span><\/b> &#8211; <b><u><a href=\"http:\/\/www.viagogo.es\/en\/Entradas-Deportes\/Futbol\/La-Liga-Primera-Division\/FC-Barcelona-Entradas?AffiliateID=1558&amp;PCID=AFFESIAFF1558A548FCBFC6-05\" rel=\"nofollow\" target=\"_blank\">Gone in for all the parties of the FC Barcelona<\/a><\/u><\/b><\/span><br><br>In <b>the Real Madrid of Florentino P\u00e9rez<\/b> the things keep on being rarer that never. It seems that, a month afterwards, follow without having assumed well <b>the goleada of the FC Barcelona<\/b> in the Bernab\u00e9u and that left totally touched to the team and to the institution merengue. In front of this and the problems record between technicians and staff, <b>Florentino would look for a solution sacking to the trainer Rafael Ben\u00edtez<\/b>.<br><br>All this according to an information that appeared in the program &#8220;The Crossbar&#8221; of the &#8220;Chain Be&#8221;. Here it gave  almost by safe <b>the dismissal of Ben\u00edtez in &#8220;the next days or even hours&#8221;<\/b>. In fact according to these informations the trainer no longer would be in the bench madridista the next 30 January in front of the <b>Real Sociedad. Florentino<\/b> would have listened like this to the representatives of the changing room that complained several times of the methods of the white trainer.<br><br>Heavy weights like<b> Sergio Bouquets<\/b> left to fall some pulla after the goleada in front of the <b>Ray Vallecano<\/b>, in which the fans in spite of the defeat followed pitando ostensiblemente to the trainer merengue.&#8221;If the president says that Ben\u00edtez is the solution, will be it. <b>We are labourers and he is the king&#8221;<\/b>, even said the Andalusian after finalising the meeting. But of good safe that the solution that will propose the white president will not like him neither to the central neither to other leaders of the changing room: Jos\u00e9 Mourinho.<br><br>Ddespu\u00e9s Of his exit the past week of Chelsea, now spoke  of his signing by <b>the Manchester United,<\/b> something that has denied his agent <b>Jorge Mendes<\/b>. In front of this, and always according to the &#8220;Chain BE&#8221;, the Madrid will launch  to achieve the contracting of the Portuguese trainer to put in waist to the changing room madridista. The contacts would make  this week to more take.<br><br> ","protected":false},"excerpt":{"rendered":"<p>According to information appeared in the last hours in the &#8220;Chain BE&#8221;, the Madrilenian technician could have the hours explained because of his bad relation with the changing room merengue. They affirm that it would not arrive to the party in front of the Real and warn that Mourinho would be his substitute Ticket &#8211; [&hellip;]<\/p>\n","protected":false},"author":477,"featured_media":98840,"comment_status":"closed","ping_status":"open","sticky":false,"template":"","format":"standard","meta":{"_acf_changed":false,"inline_featured_image":false,"_nextfly_llmd_date_locked":false,"footnotes":""},"categories":[449,106],"tags":[177,176,258],"class_list":["post-98829","post","type-post","status-publish","format-standard","has-post-thumbnail","hentry","category-transfers-2","category-transfers","tag-florentino-perez","tag-jose-mourinho","tag-rafa-benitez"],"acf":[],"yoast_head":"<!-- This site is optimized with the Yoast SEO plugin v27.3 - https:\/\/yoast.com\/product\/yoast-seo-wordpress\/ -->\n<title>Ben\u00edtez Can be destituido and his substitute would be Mourinho<\/title>\n<meta name=\"description\" content=\"FCBarcelonaNoticias.com\" \/>\n<meta name=\"robots\" content=\"index, follow, max-snippet:-1, max-image-preview:large, max-video-preview:-1\" \/>\n<link rel=\"canonical\" href=\"https:\/\/www.fcbarcelonanoticias.com\/en\/transfers\/benitez-can-be-destituido-and-his-substitute-would-be-mourinho_36791_102.html\" \/>\n<meta property=\"og:locale\" content=\"en_US\" \/>\n<meta property=\"og:type\" content=\"article\" \/>\n<meta property=\"og:title\" content=\"Ben\u00edtez Can be destituido and his substitute would be Mourinho\" \/>\n<meta property=\"og:description\" content=\"FCBarcelonaNoticias.com\" \/>\n<meta property=\"og:url\" content=\"https:\/\/www.fcbarcelonanoticias.com\/en\/transfers\/benitez-can-be-destituido-and-his-substitute-would-be-mourinho_36791_102.html\" \/>\n<meta property=\"og:site_name\" content=\"EN - FC Barcelona Noticias\" \/>\n<meta property=\"article:published_time\" content=\"2015-12-23T08:22:00+00:00\" \/>\n<meta property=\"og:image\" content=\"https:\/\/www.fcbarcelonanoticias.com\/en\/wp-content\/uploads\/sites\/2\/2015\/12\/benitez-destituido-sustituto-mourinho-36803.jpeg\" \/>\n\t<meta property=\"og:image:width\" content=\"610\" \/>\n\t<meta property=\"og:image:height\" content=\"343\" \/>\n\t<meta property=\"og:image:type\" content=\"image\/jpeg\" \/>\n<meta name=\"author\" content=\"user_4133\" \/>\n<meta name=\"twitter:card\" content=\"summary_large_image\" \/>\n<meta name=\"twitter:label1\" content=\"Written by\" \/>\n\t<meta name=\"twitter:data1\" content=\"user_4133\" \/>\n\t<meta name=\"twitter:label2\" content=\"Est. reading time\" \/>\n\t<meta name=\"twitter:data2\" content=\"2 minutes\" \/>\n<script type=\"application\/ld+json\" class=\"yoast-schema-graph\">{\"@context\":\"https:\\\/\\\/schema.org\",\"@graph\":[{\"@type\":\"Article\",\"@id\":\"https:\\\/\\\/www.fcbarcelonanoticias.com\\\/en\\\/transfers\\\/benitez-can-be-destituido-and-his-substitute-would-be-mourinho_36791_102.html#article\",\"isPartOf\":{\"@id\":\"https:\\\/\\\/www.fcbarcelonanoticias.com\\\/en\\\/transfers\\\/benitez-can-be-destituido-and-his-substitute-would-be-mourinho_36791_102.html\"},\"author\":{\"name\":\"user_4133\",\"@id\":\"https:\\\/\\\/www.fcbarcelonanoticias.com\\\/en\\\/#\\\/schema\\\/person\\\/ed5bb7a7aee68f98a042a7ff1a74c6dd\"},\"headline\":\"Ben\u00edtez Can be destituido and his substitute would be Mourinho\",\"datePublished\":\"2015-12-23T08:22:00+00:00\",\"mainEntityOfPage\":{\"@id\":\"https:\\\/\\\/www.fcbarcelonanoticias.com\\\/en\\\/transfers\\\/benitez-can-be-destituido-and-his-substitute-would-be-mourinho_36791_102.html\"},\"wordCount\":420,\"image\":{\"@id\":\"https:\\\/\\\/www.fcbarcelonanoticias.com\\\/en\\\/transfers\\\/benitez-can-be-destituido-and-his-substitute-would-be-mourinho_36791_102.html#primaryimage\"},\"thumbnailUrl\":\"https:\\\/\\\/www.fcbarcelonanoticias.com\\\/en\\\/wp-content\\\/uploads\\\/sites\\\/2\\\/2015\\\/12\\\/benitez-destituido-sustituto-mourinho-36803.jpeg\",\"keywords\":[\"Florentino P\u00e9rez\",\"Jos\u00e9 Mourinho\",\"Rafa Ben\u00edtez\"],\"articleSection\":[\"Transfers\",\"Transfers\"],\"inLanguage\":\"en-US\"},{\"@type\":\"WebPage\",\"@id\":\"https:\\\/\\\/www.fcbarcelonanoticias.com\\\/en\\\/transfers\\\/benitez-can-be-destituido-and-his-substitute-would-be-mourinho_36791_102.html\",\"url\":\"https:\\\/\\\/www.fcbarcelonanoticias.com\\\/en\\\/transfers\\\/benitez-can-be-destituido-and-his-substitute-would-be-mourinho_36791_102.html\",\"name\":\"Ben\u00edtez Can be destituido and his substitute would be Mourinho\",\"isPartOf\":{\"@id\":\"https:\\\/\\\/www.fcbarcelonanoticias.com\\\/en\\\/#website\"},\"primaryImageOfPage\":{\"@id\":\"https:\\\/\\\/www.fcbarcelonanoticias.com\\\/en\\\/transfers\\\/benitez-can-be-destituido-and-his-substitute-would-be-mourinho_36791_102.html#primaryimage\"},\"image\":{\"@id\":\"https:\\\/\\\/www.fcbarcelonanoticias.com\\\/en\\\/transfers\\\/benitez-can-be-destituido-and-his-substitute-would-be-mourinho_36791_102.html#primaryimage\"},\"thumbnailUrl\":\"https:\\\/\\\/www.fcbarcelonanoticias.com\\\/en\\\/wp-content\\\/uploads\\\/sites\\\/2\\\/2015\\\/12\\\/benitez-destituido-sustituto-mourinho-36803.jpeg\",\"datePublished\":\"2015-12-23T08:22:00+00:00\",\"author\":{\"@id\":\"https:\\\/\\\/www.fcbarcelonanoticias.com\\\/en\\\/#\\\/schema\\\/person\\\/ed5bb7a7aee68f98a042a7ff1a74c6dd\"},\"description\":\"FCBarcelonaNoticias.com\",\"breadcrumb\":{\"@id\":\"https:\\\/\\\/www.fcbarcelonanoticias.com\\\/en\\\/transfers\\\/benitez-can-be-destituido-and-his-substitute-would-be-mourinho_36791_102.html#breadcrumb\"},\"inLanguage\":\"en-US\",\"potentialAction\":[{\"@type\":\"ReadAction\",\"target\":[\"https:\\\/\\\/www.fcbarcelonanoticias.com\\\/en\\\/transfers\\\/benitez-can-be-destituido-and-his-substitute-would-be-mourinho_36791_102.html\"]}]},{\"@type\":\"ImageObject\",\"inLanguage\":\"en-US\",\"@id\":\"https:\\\/\\\/www.fcbarcelonanoticias.com\\\/en\\\/transfers\\\/benitez-can-be-destituido-and-his-substitute-would-be-mourinho_36791_102.html#primaryimage\",\"url\":\"https:\\\/\\\/www.fcbarcelonanoticias.com\\\/en\\\/wp-content\\\/uploads\\\/sites\\\/2\\\/2015\\\/12\\\/benitez-destituido-sustituto-mourinho-36803.jpeg\",\"contentUrl\":\"https:\\\/\\\/www.fcbarcelonanoticias.com\\\/en\\\/wp-content\\\/uploads\\\/sites\\\/2\\\/2015\\\/12\\\/benitez-destituido-sustituto-mourinho-36803.jpeg\",\"width\":610,\"height\":343},{\"@type\":\"BreadcrumbList\",\"@id\":\"https:\\\/\\\/www.fcbarcelonanoticias.com\\\/en\\\/transfers\\\/benitez-can-be-destituido-and-his-substitute-would-be-mourinho_36791_102.html#breadcrumb\",\"itemListElement\":[{\"@type\":\"ListItem\",\"position\":1,\"name\":\"Portada\",\"item\":\"https:\\\/\\\/www.fcbarcelonanoticias.com\\\/en\\\/\"},{\"@type\":\"ListItem\",\"position\":2,\"name\":\"Ben\u00edtez Can be destituido and his substitute would be Mourinho\"}]},{\"@type\":\"WebSite\",\"@id\":\"https:\\\/\\\/www.fcbarcelonanoticias.com\\\/en\\\/#website\",\"url\":\"https:\\\/\\\/www.fcbarcelonanoticias.com\\\/en\\\/\",\"name\":\"EN - FC Barcelona Noticias\",\"description\":\"\",\"potentialAction\":[{\"@type\":\"SearchAction\",\"target\":{\"@type\":\"EntryPoint\",\"urlTemplate\":\"https:\\\/\\\/www.fcbarcelonanoticias.com\\\/en\\\/?s={search_term_string}\"},\"query-input\":{\"@type\":\"PropertyValueSpecification\",\"valueRequired\":true,\"valueName\":\"search_term_string\"}}],\"inLanguage\":\"en-US\"},{\"@type\":\"Person\",\"@id\":\"https:\\\/\\\/www.fcbarcelonanoticias.com\\\/en\\\/#\\\/schema\\\/person\\\/ed5bb7a7aee68f98a042a7ff1a74c6dd\",\"name\":\"user_4133\",\"image\":{\"@type\":\"ImageObject\",\"inLanguage\":\"en-US\",\"@id\":\"https:\\\/\\\/secure.gravatar.com\\\/avatar\\\/?s=96&d=mm&r=g\",\"url\":\"https:\\\/\\\/secure.gravatar.com\\\/avatar\\\/?s=96&d=mm&r=g\",\"contentUrl\":\"https:\\\/\\\/secure.gravatar.com\\\/avatar\\\/?s=96&d=mm&r=g\",\"caption\":\"user_4133\"},\"url\":\"https:\\\/\\\/www.fcbarcelonanoticias.com\\\/en\\\/user_4133.html\"}]}<\/script>\n<!-- \/ Yoast SEO plugin. -->","yoast_head_json":{"title":"Ben\u00edtez Can be destituido and his substitute would be Mourinho","description":"FCBarcelonaNoticias.com","robots":{"index":"index","follow":"follow","max-snippet":"max-snippet:-1","max-image-preview":"max-image-preview:large","max-video-preview":"max-video-preview:-1"},"canonical":"https:\/\/www.fcbarcelonanoticias.com\/en\/transfers\/benitez-can-be-destituido-and-his-substitute-would-be-mourinho_36791_102.html","og_locale":"en_US","og_type":"article","og_title":"Ben\u00edtez Can be destituido and his substitute would be Mourinho","og_description":"FCBarcelonaNoticias.com","og_url":"https:\/\/www.fcbarcelonanoticias.com\/en\/transfers\/benitez-can-be-destituido-and-his-substitute-would-be-mourinho_36791_102.html","og_site_name":"EN - FC Barcelona Noticias","article_published_time":"2015-12-23T08:22:00+00:00","og_image":[{"width":610,"height":343,"url":"https:\/\/www.fcbarcelonanoticias.com\/en\/wp-content\/uploads\/sites\/2\/2015\/12\/benitez-destituido-sustituto-mourinho-36803.jpeg","type":"image\/jpeg"}],"author":"user_4133","twitter_card":"summary_large_image","twitter_misc":{"Written by":"user_4133","Est. reading time":"2 minutes"},"schema":{"@context":"https:\/\/schema.org","@graph":[{"@type":"Article","@id":"https:\/\/www.fcbarcelonanoticias.com\/en\/transfers\/benitez-can-be-destituido-and-his-substitute-would-be-mourinho_36791_102.html#article","isPartOf":{"@id":"https:\/\/www.fcbarcelonanoticias.com\/en\/transfers\/benitez-can-be-destituido-and-his-substitute-would-be-mourinho_36791_102.html"},"author":{"name":"user_4133","@id":"https:\/\/www.fcbarcelonanoticias.com\/en\/#\/schema\/person\/ed5bb7a7aee68f98a042a7ff1a74c6dd"},"headline":"Ben\u00edtez Can be destituido and his substitute would be Mourinho","datePublished":"2015-12-23T08:22:00+00:00","mainEntityOfPage":{"@id":"https:\/\/www.fcbarcelonanoticias.com\/en\/transfers\/benitez-can-be-destituido-and-his-substitute-would-be-mourinho_36791_102.html"},"wordCount":420,"image":{"@id":"https:\/\/www.fcbarcelonanoticias.com\/en\/transfers\/benitez-can-be-destituido-and-his-substitute-would-be-mourinho_36791_102.html#primaryimage"},"thumbnailUrl":"https:\/\/www.fcbarcelonanoticias.com\/en\/wp-content\/uploads\/sites\/2\/2015\/12\/benitez-destituido-sustituto-mourinho-36803.jpeg","keywords":["Florentino P\u00e9rez","Jos\u00e9 Mourinho","Rafa Ben\u00edtez"],"articleSection":["Transfers","Transfers"],"inLanguage":"en-US"},{"@type":"WebPage","@id":"https:\/\/www.fcbarcelonanoticias.com\/en\/transfers\/benitez-can-be-destituido-and-his-substitute-would-be-mourinho_36791_102.html","url":"https:\/\/www.fcbarcelonanoticias.com\/en\/transfers\/benitez-can-be-destituido-and-his-substitute-would-be-mourinho_36791_102.html","name":"Ben\u00edtez Can be destituido and his substitute would be Mourinho","isPartOf":{"@id":"https:\/\/www.fcbarcelonanoticias.com\/en\/#website"},"primaryImageOfPage":{"@id":"https:\/\/www.fcbarcelonanoticias.com\/en\/transfers\/benitez-can-be-destituido-and-his-substitute-would-be-mourinho_36791_102.html#primaryimage"},"image":{"@id":"https:\/\/www.fcbarcelonanoticias.com\/en\/transfers\/benitez-can-be-destituido-and-his-substitute-would-be-mourinho_36791_102.html#primaryimage"},"thumbnailUrl":"https:\/\/www.fcbarcelonanoticias.com\/en\/wp-content\/uploads\/sites\/2\/2015\/12\/benitez-destituido-sustituto-mourinho-36803.jpeg","datePublished":"2015-12-23T08:22:00+00:00","author":{"@id":"https:\/\/www.fcbarcelonanoticias.com\/en\/#\/schema\/person\/ed5bb7a7aee68f98a042a7ff1a74c6dd"},"description":"FCBarcelonaNoticias.com","breadcrumb":{"@id":"https:\/\/www.fcbarcelonanoticias.com\/en\/transfers\/benitez-can-be-destituido-and-his-substitute-would-be-mourinho_36791_102.html#breadcrumb"},"inLanguage":"en-US","potentialAction":[{"@type":"ReadAction","target":["https:\/\/www.fcbarcelonanoticias.com\/en\/transfers\/benitez-can-be-destituido-and-his-substitute-would-be-mourinho_36791_102.html"]}]},{"@type":"ImageObject","inLanguage":"en-US","@id":"https:\/\/www.fcbarcelonanoticias.com\/en\/transfers\/benitez-can-be-destituido-and-his-substitute-would-be-mourinho_36791_102.html#primaryimage","url":"https:\/\/www.fcbarcelonanoticias.com\/en\/wp-content\/uploads\/sites\/2\/2015\/12\/benitez-destituido-sustituto-mourinho-36803.jpeg","contentUrl":"https:\/\/www.fcbarcelonanoticias.com\/en\/wp-content\/uploads\/sites\/2\/2015\/12\/benitez-destituido-sustituto-mourinho-36803.jpeg","width":610,"height":343},{"@type":"BreadcrumbList","@id":"https:\/\/www.fcbarcelonanoticias.com\/en\/transfers\/benitez-can-be-destituido-and-his-substitute-would-be-mourinho_36791_102.html#breadcrumb","itemListElement":[{"@type":"ListItem","position":1,"name":"Portada","item":"https:\/\/www.fcbarcelonanoticias.com\/en\/"},{"@type":"ListItem","position":2,"name":"Ben\u00edtez Can be destituido and his substitute would be Mourinho"}]},{"@type":"WebSite","@id":"https:\/\/www.fcbarcelonanoticias.com\/en\/#website","url":"https:\/\/www.fcbarcelonanoticias.com\/en\/","name":"EN - FC Barcelona Noticias","description":"","potentialAction":[{"@type":"SearchAction","target":{"@type":"EntryPoint","urlTemplate":"https:\/\/www.fcbarcelonanoticias.com\/en\/?s={search_term_string}"},"query-input":{"@type":"PropertyValueSpecification","valueRequired":true,"valueName":"search_term_string"}}],"inLanguage":"en-US"},{"@type":"Person","@id":"https:\/\/www.fcbarcelonanoticias.com\/en\/#\/schema\/person\/ed5bb7a7aee68f98a042a7ff1a74c6dd","name":"user_4133","image":{"@type":"ImageObject","inLanguage":"en-US","@id":"https:\/\/secure.gravatar.com\/avatar\/?s=96&d=mm&r=g","url":"https:\/\/secure.gravatar.com\/avatar\/?s=96&d=mm&r=g","contentUrl":"https:\/\/secure.gravatar.com\/avatar\/?s=96&d=mm&r=g","caption":"user_4133"},"url":"https:\/\/www.fcbarcelonanoticias.com\/en\/user_4133.html"}]}},"_links":{"self":[{"href":"https:\/\/www.fcbarcelonanoticias.com\/en\/wp-json\/wp\/v2\/posts\/98829","targetHints":{"allow":["GET"]}}],"collection":[{"href":"https:\/\/www.fcbarcelonanoticias.com\/en\/wp-json\/wp\/v2\/posts"}],"about":[{"href":"https:\/\/www.fcbarcelonanoticias.com\/en\/wp-json\/wp\/v2\/types\/post"}],"author":[{"embeddable":true,"href":"https:\/\/www.fcbarcelonanoticias.com\/en\/wp-json\/wp\/v2\/users\/477"}],"replies":[{"embeddable":true,"href":"https:\/\/www.fcbarcelonanoticias.com\/en\/wp-json\/wp\/v2\/comments?post=98829"}],"version-history":[{"count":1,"href":"https:\/\/www.fcbarcelonanoticias.com\/en\/wp-json\/wp\/v2\/posts\/98829\/revisions"}],"predecessor-version":[{"id":125652,"href":"https:\/\/www.fcbarcelonanoticias.com\/en\/wp-json\/wp\/v2\/posts\/98829\/revisions\/125652"}],"wp:featuredmedia":[{"embeddable":true,"href":"https:\/\/www.fcbarcelonanoticias.com\/en\/wp-json\/wp\/v2\/media\/98840"}],"wp:attachment":[{"href":"https:\/\/www.fcbarcelonanoticias.com\/en\/wp-json\/wp\/v2\/media?parent=98829"}],"wp:term":[{"taxonomy":"category","embeddable":true,"href":"https:\/\/www.fcbarcelonanoticias.com\/en\/wp-json\/wp\/v2\/categories?post=98829"},{"taxonomy":"post_tag","embeddable":true,"href":"https:\/\/www.fcbarcelonanoticias.com\/en\/wp-json\/wp\/v2\/tags?post=98829"}],"curies":[{"name":"wp","href":"https:\/\/api.w.org\/{rel}","templated":true}]}}