{"id":98851,"date":"2023-08-12T11:08:00","date_gmt":"2023-08-12T09:08:00","guid":{"rendered":"https:\/\/weisetech.dev\/fc-barcelona-noticias\/en\/official-figures-transfer-ousmane-dembele-psg_295041_102\/"},"modified":"2023-08-12T11:08:00","modified_gmt":"2023-08-12T09:08:00","slug":"official-figures-transfer-ousmane-dembele-psg_295041_102","status":"publish","type":"post","link":"https:\/\/www.fcbarcelonanoticias.com\/en\/transfers\/official-figures-transfer-ousmane-dembele-psg_295041_102.html","title":{"rendered":"The official figures of the transfer of Ousmane Demb\u00e9l\u00e9 to PSG"},"content":{"rendered":"<h2 class=\"wp-block-heading\">This Saturday the agreement between FC Barcelona and Paris Saint-Germain for the transfer of Ousmane Demb\u00e9l\u00e9, who will play in the Parque de los Pr\u00edncipes until the summer of 2028, has been confirmed. From Barcelona they have revealed the details of the operation<\/h2>  \r\n<div class=\"article-addons\">\r\n    <a href=\"https:\/\/www.fcbarcelonanoticias.com\/en\/calendar-fc-barcelona.html\"\r\n       target=\"_self\"\r\n       title=\"Calendar of FC Barcelona\"\r\n       class=\"blue-gredient-btn\">\r\n       \r\n        Calendar of FC Barcelona    <\/a>\r\n<\/div>   <p><strong>The &#8216;serial&#8217; of Ousmane Demb\u00e9l\u00e9 has arrived to his final. <\/strong>The FC Barcelona has confirmed<a data-external=\"0\" data-intl-links-en=\"https:\/\/www.fcbarcelonanoticias.com\/en\/transfers\/official-ousmane-dembele-leaves-fc-barcelona-with-destination-psg_294620_102.html\" data-intl-links-es=\"https:\/\/www.fcbarcelonanoticias.com\/fichajes\/oficial-ousmane-dembele-deja-fc-barcelona-con-destino-psg_294620_102.html\" href=\"https:\/\/www.fcbarcelonanoticias.com\/en\/transfers\/official-ousmane-dembele-leaves-fc-barcelona-with-destination-psg_294620_102.html\" rel=\"follow\" target=\"_self\" title=\"OFICIAL: \u00a1Ousmane Demb\u00e9l\u00e9 deja el FC Barcelona con destino al PSG!\"> his exit this summer, with destination to the Paris Saint-Germain<\/a> after six years in the City Condal and after several controversies by the clause that finally have activated so that the extreme, of 26 years, add to the staff of the Parisian group by the next five seasons, until the summer of 2028.<\/p>  <p>The group blaugrana has published an escueto communicated to confirm the traspaso of Demb\u00e9l\u00e9, in which they have not offered a lot of details of how effected the operation, but confirmed that the traspaso closed in 50,4 million euros. <strong>It remains slope for knowing how much is the percentage that corresponds him to the club, put the clause &#8216;private&#8217; that had the agreement of Demb\u00e9l\u00e9<\/strong>, extended in 2022, established that if it went out this summer the half of the mount corresponded him to him and his surroundings.<\/p>  <h2>Lio With the traspaso of Demb\u00e9l\u00e9<\/h2>  <p>The Bar\u00e7a was in conversations to reduce the percentage that him &#8216;touched&#8217; to the French, arguing that it was based in variables that did not fulfil during the last year, but would not have found a lot of solutions, as it seems. Although it still has not confirmed , according to the information of the journalist Gerard Romero,<strong> the club ingresar\u00e1 the half of the mount (25,2 million euros), whereas 15 millions will be for the &#8216;Mosquito&#8217; and other ten for his agent, Moussa Sissoko. <\/strong><\/p>  <p>The intention of the blaugrana was to delete or reduce the mount that ingresar\u00eda the agent, but everything is in discussion to fault that in the City Condal offer more details<strong>. The next days will be key to define how much has ingresado the Bar\u00e7a, but foresees that before the party against the Getafe by the debut in LaLiga, was Mateu Alemany, director of the area of football, the one who offer details on the operation.<\/strong><\/p>  <h2>The agreement of Demb\u00e9l\u00e9 in Paris<\/h2>  <p>On the other hand, &#8216;Dembouz&#8217; has added to the PSG by the next five seasons, with the intention to turn into one of the leaders of the project of Luis Enrique in front of the possible exits of Kylian Mbapp\u00e9 and Neymar Jr this summer. It foresees that ingresar\u00e1 100 million euros in wage by all the seasons that contest, that is to say, 20 &#8216;kilos&#8217; by year. That had been, precisely, the mount that it had asked to the Bar\u00e7a to renew until 2027, but for the Catalans was an impossible mission reach these figures.<\/p> ","protected":false},"excerpt":{"rendered":"<p>This Saturday the agreement between FC Barcelona and Paris Saint-Germain for the transfer of Ousmane Demb\u00e9l\u00e9, who will play in the Parque de los Pr\u00edncipes until the summer of 2028, has been confirmed. From Barcelona they have revealed the details of the operation The &#8216;serial&#8217; of Ousmane Demb\u00e9l\u00e9 has arrived to his final. The FC [&hellip;]<\/p>\n","protected":false},"author":0,"featured_media":98863,"comment_status":"closed","ping_status":"open","sticky":false,"template":"","format":"standard","meta":{"_acf_changed":false,"inline_featured_image":false,"_nextfly_llmd_date_locked":false,"footnotes":""},"categories":[449,106],"tags":[146,88],"class_list":["post-98851","post","type-post","status-publish","format-standard","has-post-thumbnail","hentry","category-transfers-2","category-transfers","tag-dembele","tag-paris-saint-germain"],"acf":[],"yoast_head":"<!-- This site is optimized with the Yoast SEO plugin v27.3 - https:\/\/yoast.com\/product\/yoast-seo-wordpress\/ -->\n<title>The official figures of the transfer of Ousmane Demb\u00e9l\u00e9 to PSG<\/title>\n<meta name=\"description\" content=\"This Saturday has confirmed the agreement between FC Barcelona and Paris Saint-Germain for the traspaso of Ousmane Demb\u00e9l\u00e9, the one who will play in the Park of the Princes until the summer of 2028. From the City Condal have desvelado the details of the operation\" \/>\n<meta name=\"robots\" content=\"index, follow, max-snippet:-1, max-image-preview:large, max-video-preview:-1\" \/>\n<link rel=\"canonical\" href=\"https:\/\/www.fcbarcelonanoticias.com\/en\/transfers\/official-figures-transfer-ousmane-dembele-psg_295041_102.html\" \/>\n<meta property=\"og:locale\" content=\"en_US\" \/>\n<meta property=\"og:type\" content=\"article\" \/>\n<meta property=\"og:title\" content=\"The official figures of the transfer of Ousmane Demb\u00e9l\u00e9 to PSG\" \/>\n<meta property=\"og:description\" content=\"This Saturday has confirmed the agreement between FC Barcelona and Paris Saint-Germain for the traspaso of Ousmane Demb\u00e9l\u00e9, the one who will play in the Park of the Princes until the summer of 2028. From the City Condal have desvelado the details of the operation\" \/>\n<meta property=\"og:url\" content=\"https:\/\/www.fcbarcelonanoticias.com\/en\/transfers\/official-figures-transfer-ousmane-dembele-psg_295041_102.html\" \/>\n<meta property=\"og:site_name\" content=\"EN - FC Barcelona Noticias\" \/>\n<meta property=\"article:published_time\" content=\"2023-08-12T09:08:00+00:00\" \/>\n<meta property=\"og:image\" content=\"https:\/\/www.fcbarcelonanoticias.com\/en\/wp-content\/uploads\/sites\/2\/2023\/08\/ousmane-dembele-durante-la-gira-por-estados-unidos-2.jpeg\" \/>\n\t<meta property=\"og:image:width\" content=\"1250\" \/>\n\t<meta property=\"og:image:height\" content=\"750\" \/>\n\t<meta property=\"og:image:type\" content=\"image\/jpeg\" \/>\n<meta name=\"twitter:card\" content=\"summary_large_image\" \/>\n<meta name=\"twitter:label1\" content=\"Est. reading time\" \/>\n\t<meta name=\"twitter:data1\" content=\"2 minutes\" \/>\n<script type=\"application\/ld+json\" class=\"yoast-schema-graph\">{\"@context\":\"https:\\\/\\\/schema.org\",\"@graph\":[{\"@type\":\"Article\",\"@id\":\"https:\\\/\\\/www.fcbarcelonanoticias.com\\\/en\\\/transfers\\\/official-figures-transfer-ousmane-dembele-psg_295041_102.html#article\",\"isPartOf\":{\"@id\":\"https:\\\/\\\/www.fcbarcelonanoticias.com\\\/en\\\/transfers\\\/official-figures-transfer-ousmane-dembele-psg_295041_102.html\"},\"author\":{\"name\":\"\",\"@id\":\"\"},\"headline\":\"The official figures of the transfer of Ousmane Demb\u00e9l\u00e9 to PSG\",\"datePublished\":\"2023-08-12T09:08:00+00:00\",\"mainEntityOfPage\":{\"@id\":\"https:\\\/\\\/www.fcbarcelonanoticias.com\\\/en\\\/transfers\\\/official-figures-transfer-ousmane-dembele-psg_295041_102.html\"},\"wordCount\":480,\"image\":{\"@id\":\"https:\\\/\\\/www.fcbarcelonanoticias.com\\\/en\\\/transfers\\\/official-figures-transfer-ousmane-dembele-psg_295041_102.html#primaryimage\"},\"thumbnailUrl\":\"https:\\\/\\\/www.fcbarcelonanoticias.com\\\/en\\\/wp-content\\\/uploads\\\/sites\\\/2\\\/2023\\\/08\\\/ousmane-dembele-durante-la-gira-por-estados-unidos-2.jpeg\",\"keywords\":[\"Demb\u00e9l\u00e9\",\"Paris Saint-Germain\"],\"articleSection\":[\"Transfers\",\"Transfers\"],\"inLanguage\":\"en-US\"},{\"@type\":\"WebPage\",\"@id\":\"https:\\\/\\\/www.fcbarcelonanoticias.com\\\/en\\\/transfers\\\/official-figures-transfer-ousmane-dembele-psg_295041_102.html\",\"url\":\"https:\\\/\\\/www.fcbarcelonanoticias.com\\\/en\\\/transfers\\\/official-figures-transfer-ousmane-dembele-psg_295041_102.html\",\"name\":\"The official figures of the transfer of Ousmane Demb\u00e9l\u00e9 to PSG\",\"isPartOf\":{\"@id\":\"https:\\\/\\\/www.fcbarcelonanoticias.com\\\/en\\\/#website\"},\"primaryImageOfPage\":{\"@id\":\"https:\\\/\\\/www.fcbarcelonanoticias.com\\\/en\\\/transfers\\\/official-figures-transfer-ousmane-dembele-psg_295041_102.html#primaryimage\"},\"image\":{\"@id\":\"https:\\\/\\\/www.fcbarcelonanoticias.com\\\/en\\\/transfers\\\/official-figures-transfer-ousmane-dembele-psg_295041_102.html#primaryimage\"},\"thumbnailUrl\":\"https:\\\/\\\/www.fcbarcelonanoticias.com\\\/en\\\/wp-content\\\/uploads\\\/sites\\\/2\\\/2023\\\/08\\\/ousmane-dembele-durante-la-gira-por-estados-unidos-2.jpeg\",\"datePublished\":\"2023-08-12T09:08:00+00:00\",\"author\":{\"@id\":\"\"},\"description\":\"This Saturday has confirmed the agreement between FC Barcelona and Paris Saint-Germain for the traspaso of Ousmane Demb\u00e9l\u00e9, the one who will play in the Park of the Princes until the summer of 2028. From the City Condal have desvelado the details of the operation\",\"breadcrumb\":{\"@id\":\"https:\\\/\\\/www.fcbarcelonanoticias.com\\\/en\\\/transfers\\\/official-figures-transfer-ousmane-dembele-psg_295041_102.html#breadcrumb\"},\"inLanguage\":\"en-US\",\"potentialAction\":[{\"@type\":\"ReadAction\",\"target\":[\"https:\\\/\\\/www.fcbarcelonanoticias.com\\\/en\\\/transfers\\\/official-figures-transfer-ousmane-dembele-psg_295041_102.html\"]}]},{\"@type\":\"ImageObject\",\"inLanguage\":\"en-US\",\"@id\":\"https:\\\/\\\/www.fcbarcelonanoticias.com\\\/en\\\/transfers\\\/official-figures-transfer-ousmane-dembele-psg_295041_102.html#primaryimage\",\"url\":\"https:\\\/\\\/www.fcbarcelonanoticias.com\\\/en\\\/wp-content\\\/uploads\\\/sites\\\/2\\\/2023\\\/08\\\/ousmane-dembele-durante-la-gira-por-estados-unidos-2.jpeg\",\"contentUrl\":\"https:\\\/\\\/www.fcbarcelonanoticias.com\\\/en\\\/wp-content\\\/uploads\\\/sites\\\/2\\\/2023\\\/08\\\/ousmane-dembele-durante-la-gira-por-estados-unidos-2.jpeg\",\"width\":1250,\"height\":750},{\"@type\":\"BreadcrumbList\",\"@id\":\"https:\\\/\\\/www.fcbarcelonanoticias.com\\\/en\\\/transfers\\\/official-figures-transfer-ousmane-dembele-psg_295041_102.html#breadcrumb\",\"itemListElement\":[{\"@type\":\"ListItem\",\"position\":1,\"name\":\"Portada\",\"item\":\"https:\\\/\\\/www.fcbarcelonanoticias.com\\\/en\\\/\"},{\"@type\":\"ListItem\",\"position\":2,\"name\":\"The official figures of the transfer of Ousmane Demb\u00e9l\u00e9 to PSG\"}]},{\"@type\":\"WebSite\",\"@id\":\"https:\\\/\\\/www.fcbarcelonanoticias.com\\\/en\\\/#website\",\"url\":\"https:\\\/\\\/www.fcbarcelonanoticias.com\\\/en\\\/\",\"name\":\"EN - FC Barcelona Noticias\",\"description\":\"\",\"potentialAction\":[{\"@type\":\"SearchAction\",\"target\":{\"@type\":\"EntryPoint\",\"urlTemplate\":\"https:\\\/\\\/www.fcbarcelonanoticias.com\\\/en\\\/?s={search_term_string}\"},\"query-input\":{\"@type\":\"PropertyValueSpecification\",\"valueRequired\":true,\"valueName\":\"search_term_string\"}}],\"inLanguage\":\"en-US\"}]}<\/script>\n<!-- \/ Yoast SEO plugin. -->","yoast_head_json":{"title":"The official figures of the transfer of Ousmane Demb\u00e9l\u00e9 to PSG","description":"This Saturday has confirmed the agreement between FC Barcelona and Paris Saint-Germain for the traspaso of Ousmane Demb\u00e9l\u00e9, the one who will play in the Park of the Princes until the summer of 2028. From the City Condal have desvelado the details of the operation","robots":{"index":"index","follow":"follow","max-snippet":"max-snippet:-1","max-image-preview":"max-image-preview:large","max-video-preview":"max-video-preview:-1"},"canonical":"https:\/\/www.fcbarcelonanoticias.com\/en\/transfers\/official-figures-transfer-ousmane-dembele-psg_295041_102.html","og_locale":"en_US","og_type":"article","og_title":"The official figures of the transfer of Ousmane Demb\u00e9l\u00e9 to PSG","og_description":"This Saturday has confirmed the agreement between FC Barcelona and Paris Saint-Germain for the traspaso of Ousmane Demb\u00e9l\u00e9, the one who will play in the Park of the Princes until the summer of 2028. From the City Condal have desvelado the details of the operation","og_url":"https:\/\/www.fcbarcelonanoticias.com\/en\/transfers\/official-figures-transfer-ousmane-dembele-psg_295041_102.html","og_site_name":"EN - FC Barcelona Noticias","article_published_time":"2023-08-12T09:08:00+00:00","og_image":[{"width":1250,"height":750,"url":"https:\/\/www.fcbarcelonanoticias.com\/en\/wp-content\/uploads\/sites\/2\/2023\/08\/ousmane-dembele-durante-la-gira-por-estados-unidos-2.jpeg","type":"image\/jpeg"}],"twitter_card":"summary_large_image","twitter_misc":{"Est. reading time":"2 minutes"},"schema":{"@context":"https:\/\/schema.org","@graph":[{"@type":"Article","@id":"https:\/\/www.fcbarcelonanoticias.com\/en\/transfers\/official-figures-transfer-ousmane-dembele-psg_295041_102.html#article","isPartOf":{"@id":"https:\/\/www.fcbarcelonanoticias.com\/en\/transfers\/official-figures-transfer-ousmane-dembele-psg_295041_102.html"},"author":{"name":"","@id":""},"headline":"The official figures of the transfer of Ousmane Demb\u00e9l\u00e9 to PSG","datePublished":"2023-08-12T09:08:00+00:00","mainEntityOfPage":{"@id":"https:\/\/www.fcbarcelonanoticias.com\/en\/transfers\/official-figures-transfer-ousmane-dembele-psg_295041_102.html"},"wordCount":480,"image":{"@id":"https:\/\/www.fcbarcelonanoticias.com\/en\/transfers\/official-figures-transfer-ousmane-dembele-psg_295041_102.html#primaryimage"},"thumbnailUrl":"https:\/\/www.fcbarcelonanoticias.com\/en\/wp-content\/uploads\/sites\/2\/2023\/08\/ousmane-dembele-durante-la-gira-por-estados-unidos-2.jpeg","keywords":["Demb\u00e9l\u00e9","Paris Saint-Germain"],"articleSection":["Transfers","Transfers"],"inLanguage":"en-US"},{"@type":"WebPage","@id":"https:\/\/www.fcbarcelonanoticias.com\/en\/transfers\/official-figures-transfer-ousmane-dembele-psg_295041_102.html","url":"https:\/\/www.fcbarcelonanoticias.com\/en\/transfers\/official-figures-transfer-ousmane-dembele-psg_295041_102.html","name":"The official figures of the transfer of Ousmane Demb\u00e9l\u00e9 to PSG","isPartOf":{"@id":"https:\/\/www.fcbarcelonanoticias.com\/en\/#website"},"primaryImageOfPage":{"@id":"https:\/\/www.fcbarcelonanoticias.com\/en\/transfers\/official-figures-transfer-ousmane-dembele-psg_295041_102.html#primaryimage"},"image":{"@id":"https:\/\/www.fcbarcelonanoticias.com\/en\/transfers\/official-figures-transfer-ousmane-dembele-psg_295041_102.html#primaryimage"},"thumbnailUrl":"https:\/\/www.fcbarcelonanoticias.com\/en\/wp-content\/uploads\/sites\/2\/2023\/08\/ousmane-dembele-durante-la-gira-por-estados-unidos-2.jpeg","datePublished":"2023-08-12T09:08:00+00:00","author":{"@id":""},"description":"This Saturday has confirmed the agreement between FC Barcelona and Paris Saint-Germain for the traspaso of Ousmane Demb\u00e9l\u00e9, the one who will play in the Park of the Princes until the summer of 2028. From the City Condal have desvelado the details of the operation","breadcrumb":{"@id":"https:\/\/www.fcbarcelonanoticias.com\/en\/transfers\/official-figures-transfer-ousmane-dembele-psg_295041_102.html#breadcrumb"},"inLanguage":"en-US","potentialAction":[{"@type":"ReadAction","target":["https:\/\/www.fcbarcelonanoticias.com\/en\/transfers\/official-figures-transfer-ousmane-dembele-psg_295041_102.html"]}]},{"@type":"ImageObject","inLanguage":"en-US","@id":"https:\/\/www.fcbarcelonanoticias.com\/en\/transfers\/official-figures-transfer-ousmane-dembele-psg_295041_102.html#primaryimage","url":"https:\/\/www.fcbarcelonanoticias.com\/en\/wp-content\/uploads\/sites\/2\/2023\/08\/ousmane-dembele-durante-la-gira-por-estados-unidos-2.jpeg","contentUrl":"https:\/\/www.fcbarcelonanoticias.com\/en\/wp-content\/uploads\/sites\/2\/2023\/08\/ousmane-dembele-durante-la-gira-por-estados-unidos-2.jpeg","width":1250,"height":750},{"@type":"BreadcrumbList","@id":"https:\/\/www.fcbarcelonanoticias.com\/en\/transfers\/official-figures-transfer-ousmane-dembele-psg_295041_102.html#breadcrumb","itemListElement":[{"@type":"ListItem","position":1,"name":"Portada","item":"https:\/\/www.fcbarcelonanoticias.com\/en\/"},{"@type":"ListItem","position":2,"name":"The official figures of the transfer of Ousmane Demb\u00e9l\u00e9 to PSG"}]},{"@type":"WebSite","@id":"https:\/\/www.fcbarcelonanoticias.com\/en\/#website","url":"https:\/\/www.fcbarcelonanoticias.com\/en\/","name":"EN - FC Barcelona Noticias","description":"","potentialAction":[{"@type":"SearchAction","target":{"@type":"EntryPoint","urlTemplate":"https:\/\/www.fcbarcelonanoticias.com\/en\/?s={search_term_string}"},"query-input":{"@type":"PropertyValueSpecification","valueRequired":true,"valueName":"search_term_string"}}],"inLanguage":"en-US"}]}},"_links":{"self":[{"href":"https:\/\/www.fcbarcelonanoticias.com\/en\/wp-json\/wp\/v2\/posts\/98851","targetHints":{"allow":["GET"]}}],"collection":[{"href":"https:\/\/www.fcbarcelonanoticias.com\/en\/wp-json\/wp\/v2\/posts"}],"about":[{"href":"https:\/\/www.fcbarcelonanoticias.com\/en\/wp-json\/wp\/v2\/types\/post"}],"replies":[{"embeddable":true,"href":"https:\/\/www.fcbarcelonanoticias.com\/en\/wp-json\/wp\/v2\/comments?post=98851"}],"version-history":[{"count":1,"href":"https:\/\/www.fcbarcelonanoticias.com\/en\/wp-json\/wp\/v2\/posts\/98851\/revisions"}],"predecessor-version":[{"id":131939,"href":"https:\/\/www.fcbarcelonanoticias.com\/en\/wp-json\/wp\/v2\/posts\/98851\/revisions\/131939"}],"wp:featuredmedia":[{"embeddable":true,"href":"https:\/\/www.fcbarcelonanoticias.com\/en\/wp-json\/wp\/v2\/media\/98863"}],"wp:attachment":[{"href":"https:\/\/www.fcbarcelonanoticias.com\/en\/wp-json\/wp\/v2\/media?parent=98851"}],"wp:term":[{"taxonomy":"category","embeddable":true,"href":"https:\/\/www.fcbarcelonanoticias.com\/en\/wp-json\/wp\/v2\/categories?post=98851"},{"taxonomy":"post_tag","embeddable":true,"href":"https:\/\/www.fcbarcelonanoticias.com\/en\/wp-json\/wp\/v2\/tags?post=98851"}],"curies":[{"name":"wp","href":"https:\/\/api.w.org\/{rel}","templated":true}]}}