{"id":98912,"date":"2025-10-14T18:42:00","date_gmt":"2025-10-14T16:42:00","guid":{"rendered":"https:\/\/weisetech.dev\/fc-barcelona-noticias\/en\/de-jong-will-renew-until-2029-this-wednesday-with-barcelona_315024_102\/"},"modified":"2026-03-27T11:35:19","modified_gmt":"2026-03-27T10:35:19","slug":"de-jong-will-renew-until-2029-this-wednesday-with-barcelona_315024_102","status":"publish","type":"post","link":"https:\/\/www.fcbarcelonanoticias.com\/en\/transfers\/de-jong-will-renew-until-2029-this-wednesday-with-barcelona_315024_102.html","title":{"rendered":"Frenkie de Jong will renew with Barcelona until 2029 this Wednesday"},"content":{"rendered":"<h2 class=\"wp-block-heading\">Bar\u00e7a will hold the renewal ceremony for Frenkie de Jong this Wednesday. The 28-year-old midfielder will sign until 2029, maintaining his release clause at 500 million euros<\/h2>  \r\n<div class=\"article-addons\">\r\n    <a href=\"https:\/\/www.fcbarcelonanoticias.com\/en\/calendar-fc-barcelona.html\"\r\n       target=\"_self\"\r\n       title=\"Calendar of FC Barcelona\"\r\n       class=\"blue-gredient-btn\">\r\n       \r\n        Calendar of FC Barcelona    <\/a>\r\n<\/div>   <p>The board of <strong>FC Barcelona<\/strong> will finalize the renewal of <strong>Frenkie de Jong<\/strong> this Wednesday, October 15. The event will take place in President Joan Laporta&#8217;s office starting at 13:30 CEST. <a data-external=\"1\" href=\"https:\/\/www.youtube.com\/en\/watch?v=KOlO3MIp9zA\" rel=\"nofollow\" target=\"_blank\" title=\"Live broadcast of Frenkie's renewal with Bar\u00e7a\">The Bar\u00e7a YouTube channel<\/a> will broadcast the signing live, this being the first of the four pending renewals in the squad that the club has managed to close.<\/p>  <p>Along with Frenkie, <strong>Eric Garc\u00eda<\/strong>, <strong>Robert Lewandowski<\/strong>, and <strong>Andreas Christensen<\/strong> also have contracts ending in June 2026. All three intend to stay, but only the one from Martorell seems to have options to sign a new contract soon.<\/p>  <p>With De Jong, <a data-external=\"0\" data-intl-links-en=\"https:\/\/www.fcbarcelonanoticias.com\/en\/fc-barcelona\/fc-barcelona-frenkie-jong-renews-until-2029_314922_102.html\" data-intl-links-es=\"https:\/\/www.fcbarcelonanoticias.com\/fc-barcelona\/deco-cierra-renovacion-frenkie-jong-hasta-2029_314922_102.html\" href=\"https:\/\/www.fcbarcelonanoticias.com\/en\/fc-barcelona\/fc-barcelona-frenkie-jong-renews-until-2029_314922_102.html\" rel=\"follow\" target=\"_self\" title=\"Deco cierra la renovaci\u00f3n de Frenkie de Jong hasta 2029\">everything had been agreed upon several weeks ago<\/a>, but the signing was postponed while the midfielder resolved the termination of the contract with his previous agent,&nbsp;<strong>Ali Dursun<\/strong>. Once these loose ends are resolved, the &#8217;21&#8217; will sign for three more years, until June 2029.<\/p>  <h2>Frenkie de Jong&#8217;s release clause rises to 500 million euros<\/h2>  <p>The main novelty of the Gorinchem native&#8217;s new contract has to do with an adjustment to his release clause. <strong>It will now be 500 million euros, 100 &#8216;kilos&#8217; more<\/strong> than the amount set in his previous contract.<\/p>  <p>In addition, there will be an adjustment to the Dutch player&#8217;s contract, effective next summer. In 25\/26, <strong>Frenkie will maintain his net salary at 19 million per year<\/strong>. In principle, his emoluments will not undergo a considerable adjustment, but there will be a reduction in the bonuses that raised his benefits to 25 million net.<\/p>  <div class=\"media media-image\" data-ck-asset-wrapper=\"\"> <div class=\"media-item\"> <img loading=\"lazy\" decoding=\"async\" alt=\"Frenkie de Jong during Bar\u00e7a-PSG (1-2)\" data-id=\"1524835\" data-resize=\"9\" height=\"563\" src=\"https:\/\/www.fcbarcelonanoticias.com\/wp-content\/uploads\/sites\/2\/2025\/10\/fcbn-222ca9bb05e007ae85643634be994826.webp\" title=\"Frenkie de Jong during Bar\u00e7a-PSG (1-2)\" width=\"1000\"><div class=\"media-title\">Frenkie de Jong during Bar\u00e7a-PSG (1-2)<\/div> <\/div> <\/div>  <p>Bar\u00e7a&#8217;s idea is to keep <a data-external=\"0\" data-intl-links-en=\"https:\/\/www.fcbarcelonanoticias.com\/en\/lamine-yamal-fc-barcelona-player.html\" data-intl-links-es=\"https:\/\/www.fcbarcelonanoticias.com\/lamine-yamal.html\" href=\"https:\/\/www.fcbarcelonanoticias.com\/en\/lamine-yamal-fc-barcelona-player.html\" rel=\"follow\" target=\"_self\" title=\"Lamine Yamal\">Lamine Yamal<\/a> as a franchise player and, therefore, the highest paid in the squad from 26\/27. This season, Lewandowski, with a net salary of 26 million, is still the player who receives the most money in the first team.<\/p>  <p>In that sense, the most likely outcome is that the Pole will leave on a free transfer next summer. <strong>De Jong also jeopardized his continuity at the end of 2023<\/strong> when his agent rejected the club&#8217;s first renewal offer. However, the midfielder managed to steer the negotiations back on track, knowing he is a key piece of Hansi Flick&#8217;s scheme.<\/p>  <ul> <li>\ud83d\udc49Don&#8217;t miss the latest rumors from the FC Barcelona and LaLiga market in our <a data-external=\"0\" data-intl-links-en=\"https:\/\/www.fcbarcelonanoticias.com\/en\/transfers\" data-intl-links-es=\"https:\/\/www.fcbarcelonanoticias.com\/fichajes\" href=\"https:\/\/www.fcbarcelonanoticias.com\/en\/fc-barcelona\/transfers.html\" rel=\"follow\" target=\"_self\" title=\"Fichajes\">TRANSFERS<\/a> section.<\/li> <\/ul> <h2>Bar\u00e7a Secures Long-Term Future of Pedri-De Jong Duo<\/h2>  <p>Alongside Pedri, Frenkie has formed one of the most solid partnerships in Europe, leading Bar\u00e7a to win three of the four titles at stake last season. Once his problems in his right ankle were overcome, <strong>the &#8217;21&#8217; has performed at an exceptional level this 2025<\/strong> and Flick considers him untouchable in his scheme.<\/p>  <p>So far in the 25\/26 season, <strong>De Jong has played 643 minutes spread across 8 matches<\/strong>. He only missed the match against Levante due to permission and the one against Valencia as a precaution. Furthermore, in seven years, <strong>he has accumulated 267 official appearances and 6 trophies with the Bar\u00e7a jersey<\/strong>, including a pair of La Liga titles and the same number of Copa del Rey and Spanish Super Cups.<\/p>  <p>The only thing missing from his record is the Champions League, the main objective for the &#8220;cul\u00e9s&#8221; in the 25\/26 season. <strong>With Ajax, he won an Eredivisie and a cup<\/strong> before landing in Catalonia in the summer of 2019. Bar\u00e7a paid a fixed 75 million plus an extra 11 million in variables to secure his transfer.<\/p>  <table align=\"center\" border=\"1\" cellpadding=\"1\" cellspacing=\"1\" style=\"width:100%;\"> <caption>FRENKIE DE JONG&#8217;S RECORDS WITH BARCELONA (2019-2025)<\/caption> \t<thead><tr> <th scope=\"col\">MP<\/th> \t\t\t<th scope=\"col\">G<\/th> \t\t\t<th scope=\"col\">A<\/th> \t\t\t<th scope=\"col\">YC<\/th> \t\t\t<th scope=\"col\">RC<\/th> \t\t\t<th scope=\"col\">MIN<\/th> \t\t<\/tr><\/thead> <tbody><tr> <td style=\"text-align: center;\">267<\/td> \t\t\t<td style=\"text-align: center;\">19<\/td> \t\t\t<td style=\"text-align: center;\">24<\/td> \t\t\t<td style=\"text-align: center;\">39<\/td> \t\t\t<td style=\"text-align: center;\">2<\/td> \t\t\t<td style=\"text-align: center;\">20.174<\/td> \t\t<\/tr><\/tbody> <\/table> <ul> <li> <strong>PJ<\/strong>: games played<\/li> \t<li> <strong>G<\/strong>: goals A: assists<\/li> \t<li> <strong>TA<\/strong>: yellow cards<\/li> \t<li> <strong>TR<\/strong>: red cards<\/li> \t<li> <strong>MIN<\/strong>: minutes played<\/li> <\/ul> ","protected":false},"excerpt":{"rendered":"<p>Bar\u00e7a will hold the renewal ceremony for Frenkie de Jong this Wednesday. The 28-year-old midfielder will sign until 2029, maintaining his release clause at 500 million euros The board of FC Barcelona will finalize the renewal of Frenkie de Jong this Wednesday, October 15. The event will take place in President Joan Laporta&#8217;s office starting [&hellip;]<\/p>\n","protected":false},"author":347,"featured_media":98920,"comment_status":"closed","ping_status":"open","sticky":false,"template":"","format":"standard","meta":{"_acf_changed":false,"inline_featured_image":false,"_nextfly_llmd_date_locked":false,"footnotes":""},"categories":[106,449],"tags":[273],"class_list":["post-98912","post","type-post","status-publish","format-standard","has-post-thumbnail","hentry","category-transfers","category-transfers-2","tag-de-jong"],"acf":[],"yoast_head":"<!-- This site is optimized with the Yoast SEO plugin v27.3 - https:\/\/yoast.com\/product\/yoast-seo-wordpress\/ -->\n<title>De Jong will renew until 2029 this Wednesday with Bar\u00e7a<\/title>\n<meta name=\"description\" content=\"Bar\u00e7a will hold the renewal ceremony for Frenkie de Jong this Wednesday. Find out all the details of the Dutchman&#039;s new contract\" \/>\n<meta name=\"robots\" content=\"index, follow, max-snippet:-1, max-image-preview:large, max-video-preview:-1\" \/>\n<link rel=\"canonical\" href=\"https:\/\/www.fcbarcelonanoticias.com\/en\/transfers\/de-jong-will-renew-until-2029-this-wednesday-with-barcelona_315024_102.html\" \/>\n<meta property=\"og:locale\" content=\"en_US\" \/>\n<meta property=\"og:type\" content=\"article\" \/>\n<meta property=\"og:title\" content=\"De Jong will renew until 2029 this Wednesday with Bar\u00e7a\" \/>\n<meta property=\"og:description\" content=\"Bar\u00e7a will hold the renewal ceremony for Frenkie de Jong this Wednesday. Find out all the details of the Dutchman&#039;s new contract\" \/>\n<meta property=\"og:url\" content=\"https:\/\/www.fcbarcelonanoticias.com\/en\/transfers\/de-jong-will-renew-until-2029-this-wednesday-with-barcelona_315024_102.html\" \/>\n<meta property=\"og:site_name\" content=\"EN - FC Barcelona Noticias\" \/>\n<meta property=\"article:published_time\" content=\"2025-10-14T16:42:00+00:00\" \/>\n<meta property=\"article:modified_time\" content=\"2026-03-27T10:35:19+00:00\" \/>\n<meta property=\"og:image\" content=\"https:\/\/www.fcbarcelonanoticias.com\/en\/wp-content\/uploads\/sites\/2\/2025\/10\/frenkie-de-jong-trofeo-joan-gamper-2025.webp\" \/>\n\t<meta property=\"og:image:width\" content=\"1200\" \/>\n\t<meta property=\"og:image:height\" content=\"675\" \/>\n\t<meta property=\"og:image:type\" content=\"image\/webp\" \/>\n<meta name=\"author\" content=\"Andr\u00e9s Quiroz\" \/>\n<meta name=\"twitter:card\" content=\"summary_large_image\" \/>\n<meta name=\"twitter:label1\" content=\"Written by\" \/>\n\t<meta name=\"twitter:data1\" content=\"Andr\u00e9s Quiroz\" \/>\n\t<meta name=\"twitter:label2\" content=\"Est. reading time\" \/>\n\t<meta name=\"twitter:data2\" content=\"3 minutes\" \/>\n<script type=\"application\/ld+json\" class=\"yoast-schema-graph\">{\"@context\":\"https:\\\/\\\/schema.org\",\"@graph\":[{\"@type\":\"Article\",\"@id\":\"https:\\\/\\\/www.fcbarcelonanoticias.com\\\/en\\\/transfers\\\/de-jong-will-renew-until-2029-this-wednesday-with-barcelona_315024_102.html#article\",\"isPartOf\":{\"@id\":\"https:\\\/\\\/www.fcbarcelonanoticias.com\\\/en\\\/transfers\\\/de-jong-will-renew-until-2029-this-wednesday-with-barcelona_315024_102.html\"},\"author\":{\"name\":\"Andr\u00e9s Quiroz\",\"@id\":\"https:\\\/\\\/www.fcbarcelonanoticias.com\\\/en\\\/#\\\/schema\\\/person\\\/c2cd9f6fa1af5c0d0eccd0fefa575c88\"},\"headline\":\"Frenkie de Jong will renew with Barcelona until 2029 this Wednesday\",\"datePublished\":\"2025-10-14T16:42:00+00:00\",\"dateModified\":\"2026-03-27T10:35:19+00:00\",\"mainEntityOfPage\":{\"@id\":\"https:\\\/\\\/www.fcbarcelonanoticias.com\\\/en\\\/transfers\\\/de-jong-will-renew-until-2029-this-wednesday-with-barcelona_315024_102.html\"},\"wordCount\":619,\"image\":{\"@id\":\"https:\\\/\\\/www.fcbarcelonanoticias.com\\\/en\\\/transfers\\\/de-jong-will-renew-until-2029-this-wednesday-with-barcelona_315024_102.html#primaryimage\"},\"thumbnailUrl\":\"https:\\\/\\\/www.fcbarcelonanoticias.com\\\/en\\\/wp-content\\\/uploads\\\/sites\\\/2\\\/2025\\\/10\\\/frenkie-de-jong-trofeo-joan-gamper-2025.webp\",\"keywords\":[\"Frenkie de Jong\"],\"articleSection\":[\"Transfers\",\"Transfers\"],\"inLanguage\":\"en-US\"},{\"@type\":\"WebPage\",\"@id\":\"https:\\\/\\\/www.fcbarcelonanoticias.com\\\/en\\\/transfers\\\/de-jong-will-renew-until-2029-this-wednesday-with-barcelona_315024_102.html\",\"url\":\"https:\\\/\\\/www.fcbarcelonanoticias.com\\\/en\\\/transfers\\\/de-jong-will-renew-until-2029-this-wednesday-with-barcelona_315024_102.html\",\"name\":\"De Jong will renew until 2029 this Wednesday with Bar\u00e7a\",\"isPartOf\":{\"@id\":\"https:\\\/\\\/www.fcbarcelonanoticias.com\\\/en\\\/#website\"},\"primaryImageOfPage\":{\"@id\":\"https:\\\/\\\/www.fcbarcelonanoticias.com\\\/en\\\/transfers\\\/de-jong-will-renew-until-2029-this-wednesday-with-barcelona_315024_102.html#primaryimage\"},\"image\":{\"@id\":\"https:\\\/\\\/www.fcbarcelonanoticias.com\\\/en\\\/transfers\\\/de-jong-will-renew-until-2029-this-wednesday-with-barcelona_315024_102.html#primaryimage\"},\"thumbnailUrl\":\"https:\\\/\\\/www.fcbarcelonanoticias.com\\\/en\\\/wp-content\\\/uploads\\\/sites\\\/2\\\/2025\\\/10\\\/frenkie-de-jong-trofeo-joan-gamper-2025.webp\",\"datePublished\":\"2025-10-14T16:42:00+00:00\",\"dateModified\":\"2026-03-27T10:35:19+00:00\",\"author\":{\"@id\":\"https:\\\/\\\/www.fcbarcelonanoticias.com\\\/en\\\/#\\\/schema\\\/person\\\/c2cd9f6fa1af5c0d0eccd0fefa575c88\"},\"description\":\"Bar\u00e7a will hold the renewal ceremony for Frenkie de Jong this Wednesday. Find out all the details of the Dutchman's new contract\",\"breadcrumb\":{\"@id\":\"https:\\\/\\\/www.fcbarcelonanoticias.com\\\/en\\\/transfers\\\/de-jong-will-renew-until-2029-this-wednesday-with-barcelona_315024_102.html#breadcrumb\"},\"inLanguage\":\"en-US\",\"potentialAction\":[{\"@type\":\"ReadAction\",\"target\":[\"https:\\\/\\\/www.fcbarcelonanoticias.com\\\/en\\\/transfers\\\/de-jong-will-renew-until-2029-this-wednesday-with-barcelona_315024_102.html\"]}]},{\"@type\":\"ImageObject\",\"inLanguage\":\"en-US\",\"@id\":\"https:\\\/\\\/www.fcbarcelonanoticias.com\\\/en\\\/transfers\\\/de-jong-will-renew-until-2029-this-wednesday-with-barcelona_315024_102.html#primaryimage\",\"url\":\"https:\\\/\\\/www.fcbarcelonanoticias.com\\\/en\\\/wp-content\\\/uploads\\\/sites\\\/2\\\/2025\\\/10\\\/frenkie-de-jong-trofeo-joan-gamper-2025.webp\",\"contentUrl\":\"https:\\\/\\\/www.fcbarcelonanoticias.com\\\/en\\\/wp-content\\\/uploads\\\/sites\\\/2\\\/2025\\\/10\\\/frenkie-de-jong-trofeo-joan-gamper-2025.webp\",\"width\":1200,\"height\":675},{\"@type\":\"BreadcrumbList\",\"@id\":\"https:\\\/\\\/www.fcbarcelonanoticias.com\\\/en\\\/transfers\\\/de-jong-will-renew-until-2029-this-wednesday-with-barcelona_315024_102.html#breadcrumb\",\"itemListElement\":[{\"@type\":\"ListItem\",\"position\":1,\"name\":\"Portada\",\"item\":\"https:\\\/\\\/www.fcbarcelonanoticias.com\\\/en\\\/\"},{\"@type\":\"ListItem\",\"position\":2,\"name\":\"Frenkie de Jong will renew with Barcelona until 2029 this Wednesday\"}]},{\"@type\":\"WebSite\",\"@id\":\"https:\\\/\\\/www.fcbarcelonanoticias.com\\\/en\\\/#website\",\"url\":\"https:\\\/\\\/www.fcbarcelonanoticias.com\\\/en\\\/\",\"name\":\"EN - FC Barcelona Noticias\",\"description\":\"\",\"potentialAction\":[{\"@type\":\"SearchAction\",\"target\":{\"@type\":\"EntryPoint\",\"urlTemplate\":\"https:\\\/\\\/www.fcbarcelonanoticias.com\\\/en\\\/?s={search_term_string}\"},\"query-input\":{\"@type\":\"PropertyValueSpecification\",\"valueRequired\":true,\"valueName\":\"search_term_string\"}}],\"inLanguage\":\"en-US\"},{\"@type\":\"Person\",\"@id\":\"https:\\\/\\\/www.fcbarcelonanoticias.com\\\/en\\\/#\\\/schema\\\/person\\\/c2cd9f6fa1af5c0d0eccd0fefa575c88\",\"name\":\"Andr\u00e9s Quiroz\",\"image\":{\"@type\":\"ImageObject\",\"inLanguage\":\"en-US\",\"@id\":\"https:\\\/\\\/secure.gravatar.com\\\/avatar\\\/?s=96&d=mm&r=g\",\"url\":\"https:\\\/\\\/secure.gravatar.com\\\/avatar\\\/?s=96&d=mm&r=g\",\"contentUrl\":\"https:\\\/\\\/secure.gravatar.com\\\/avatar\\\/?s=96&d=mm&r=g\",\"caption\":\"Andr\u00e9s Quiroz\"},\"description\":\"Licenciado en Periodismo por la Universidad de los Andes. Me encargo de analizar y compartir los contenidos m\u00e1s destacados de la\u00a0actualidad del F\u00fatbol Club Barcelona, Mercado de Fichajes y F\u00fatbol Internacional en FCBN. La informaci\u00f3n es poder, pero tambi\u00e9n conocimiento.\",\"url\":\"https:\\\/\\\/www.fcbarcelonanoticias.com\\\/en\\\/fc-barcelona\\\/andres-quiroz_17_115.html\"}]}<\/script>\n<!-- \/ Yoast SEO plugin. -->","yoast_head_json":{"title":"De Jong will renew until 2029 this Wednesday with Bar\u00e7a","description":"Bar\u00e7a will hold the renewal ceremony for Frenkie de Jong this Wednesday. Find out all the details of the Dutchman's new contract","robots":{"index":"index","follow":"follow","max-snippet":"max-snippet:-1","max-image-preview":"max-image-preview:large","max-video-preview":"max-video-preview:-1"},"canonical":"https:\/\/www.fcbarcelonanoticias.com\/en\/transfers\/de-jong-will-renew-until-2029-this-wednesday-with-barcelona_315024_102.html","og_locale":"en_US","og_type":"article","og_title":"De Jong will renew until 2029 this Wednesday with Bar\u00e7a","og_description":"Bar\u00e7a will hold the renewal ceremony for Frenkie de Jong this Wednesday. Find out all the details of the Dutchman's new contract","og_url":"https:\/\/www.fcbarcelonanoticias.com\/en\/transfers\/de-jong-will-renew-until-2029-this-wednesday-with-barcelona_315024_102.html","og_site_name":"EN - FC Barcelona Noticias","article_published_time":"2025-10-14T16:42:00+00:00","article_modified_time":"2026-03-27T10:35:19+00:00","og_image":[{"width":1200,"height":675,"url":"https:\/\/www.fcbarcelonanoticias.com\/en\/wp-content\/uploads\/sites\/2\/2025\/10\/frenkie-de-jong-trofeo-joan-gamper-2025.webp","type":"image\/webp"}],"author":"Andr\u00e9s Quiroz","twitter_card":"summary_large_image","twitter_misc":{"Written by":"Andr\u00e9s Quiroz","Est. reading time":"3 minutes"},"schema":{"@context":"https:\/\/schema.org","@graph":[{"@type":"Article","@id":"https:\/\/www.fcbarcelonanoticias.com\/en\/transfers\/de-jong-will-renew-until-2029-this-wednesday-with-barcelona_315024_102.html#article","isPartOf":{"@id":"https:\/\/www.fcbarcelonanoticias.com\/en\/transfers\/de-jong-will-renew-until-2029-this-wednesday-with-barcelona_315024_102.html"},"author":{"name":"Andr\u00e9s Quiroz","@id":"https:\/\/www.fcbarcelonanoticias.com\/en\/#\/schema\/person\/c2cd9f6fa1af5c0d0eccd0fefa575c88"},"headline":"Frenkie de Jong will renew with Barcelona until 2029 this Wednesday","datePublished":"2025-10-14T16:42:00+00:00","dateModified":"2026-03-27T10:35:19+00:00","mainEntityOfPage":{"@id":"https:\/\/www.fcbarcelonanoticias.com\/en\/transfers\/de-jong-will-renew-until-2029-this-wednesday-with-barcelona_315024_102.html"},"wordCount":619,"image":{"@id":"https:\/\/www.fcbarcelonanoticias.com\/en\/transfers\/de-jong-will-renew-until-2029-this-wednesday-with-barcelona_315024_102.html#primaryimage"},"thumbnailUrl":"https:\/\/www.fcbarcelonanoticias.com\/en\/wp-content\/uploads\/sites\/2\/2025\/10\/frenkie-de-jong-trofeo-joan-gamper-2025.webp","keywords":["Frenkie de Jong"],"articleSection":["Transfers","Transfers"],"inLanguage":"en-US"},{"@type":"WebPage","@id":"https:\/\/www.fcbarcelonanoticias.com\/en\/transfers\/de-jong-will-renew-until-2029-this-wednesday-with-barcelona_315024_102.html","url":"https:\/\/www.fcbarcelonanoticias.com\/en\/transfers\/de-jong-will-renew-until-2029-this-wednesday-with-barcelona_315024_102.html","name":"De Jong will renew until 2029 this Wednesday with Bar\u00e7a","isPartOf":{"@id":"https:\/\/www.fcbarcelonanoticias.com\/en\/#website"},"primaryImageOfPage":{"@id":"https:\/\/www.fcbarcelonanoticias.com\/en\/transfers\/de-jong-will-renew-until-2029-this-wednesday-with-barcelona_315024_102.html#primaryimage"},"image":{"@id":"https:\/\/www.fcbarcelonanoticias.com\/en\/transfers\/de-jong-will-renew-until-2029-this-wednesday-with-barcelona_315024_102.html#primaryimage"},"thumbnailUrl":"https:\/\/www.fcbarcelonanoticias.com\/en\/wp-content\/uploads\/sites\/2\/2025\/10\/frenkie-de-jong-trofeo-joan-gamper-2025.webp","datePublished":"2025-10-14T16:42:00+00:00","dateModified":"2026-03-27T10:35:19+00:00","author":{"@id":"https:\/\/www.fcbarcelonanoticias.com\/en\/#\/schema\/person\/c2cd9f6fa1af5c0d0eccd0fefa575c88"},"description":"Bar\u00e7a will hold the renewal ceremony for Frenkie de Jong this Wednesday. Find out all the details of the Dutchman's new contract","breadcrumb":{"@id":"https:\/\/www.fcbarcelonanoticias.com\/en\/transfers\/de-jong-will-renew-until-2029-this-wednesday-with-barcelona_315024_102.html#breadcrumb"},"inLanguage":"en-US","potentialAction":[{"@type":"ReadAction","target":["https:\/\/www.fcbarcelonanoticias.com\/en\/transfers\/de-jong-will-renew-until-2029-this-wednesday-with-barcelona_315024_102.html"]}]},{"@type":"ImageObject","inLanguage":"en-US","@id":"https:\/\/www.fcbarcelonanoticias.com\/en\/transfers\/de-jong-will-renew-until-2029-this-wednesday-with-barcelona_315024_102.html#primaryimage","url":"https:\/\/www.fcbarcelonanoticias.com\/en\/wp-content\/uploads\/sites\/2\/2025\/10\/frenkie-de-jong-trofeo-joan-gamper-2025.webp","contentUrl":"https:\/\/www.fcbarcelonanoticias.com\/en\/wp-content\/uploads\/sites\/2\/2025\/10\/frenkie-de-jong-trofeo-joan-gamper-2025.webp","width":1200,"height":675},{"@type":"BreadcrumbList","@id":"https:\/\/www.fcbarcelonanoticias.com\/en\/transfers\/de-jong-will-renew-until-2029-this-wednesday-with-barcelona_315024_102.html#breadcrumb","itemListElement":[{"@type":"ListItem","position":1,"name":"Portada","item":"https:\/\/www.fcbarcelonanoticias.com\/en\/"},{"@type":"ListItem","position":2,"name":"Frenkie de Jong will renew with Barcelona until 2029 this Wednesday"}]},{"@type":"WebSite","@id":"https:\/\/www.fcbarcelonanoticias.com\/en\/#website","url":"https:\/\/www.fcbarcelonanoticias.com\/en\/","name":"EN - FC Barcelona Noticias","description":"","potentialAction":[{"@type":"SearchAction","target":{"@type":"EntryPoint","urlTemplate":"https:\/\/www.fcbarcelonanoticias.com\/en\/?s={search_term_string}"},"query-input":{"@type":"PropertyValueSpecification","valueRequired":true,"valueName":"search_term_string"}}],"inLanguage":"en-US"},{"@type":"Person","@id":"https:\/\/www.fcbarcelonanoticias.com\/en\/#\/schema\/person\/c2cd9f6fa1af5c0d0eccd0fefa575c88","name":"Andr\u00e9s Quiroz","image":{"@type":"ImageObject","inLanguage":"en-US","@id":"https:\/\/secure.gravatar.com\/avatar\/?s=96&d=mm&r=g","url":"https:\/\/secure.gravatar.com\/avatar\/?s=96&d=mm&r=g","contentUrl":"https:\/\/secure.gravatar.com\/avatar\/?s=96&d=mm&r=g","caption":"Andr\u00e9s Quiroz"},"description":"Licenciado en Periodismo por la Universidad de los Andes. Me encargo de analizar y compartir los contenidos m\u00e1s destacados de la\u00a0actualidad del F\u00fatbol Club Barcelona, Mercado de Fichajes y F\u00fatbol Internacional en FCBN. La informaci\u00f3n es poder, pero tambi\u00e9n conocimiento.","url":"https:\/\/www.fcbarcelonanoticias.com\/en\/fc-barcelona\/andres-quiroz_17_115.html"}]}},"_links":{"self":[{"href":"https:\/\/www.fcbarcelonanoticias.com\/en\/wp-json\/wp\/v2\/posts\/98912","targetHints":{"allow":["GET"]}}],"collection":[{"href":"https:\/\/www.fcbarcelonanoticias.com\/en\/wp-json\/wp\/v2\/posts"}],"about":[{"href":"https:\/\/www.fcbarcelonanoticias.com\/en\/wp-json\/wp\/v2\/types\/post"}],"author":[{"embeddable":true,"href":"https:\/\/www.fcbarcelonanoticias.com\/en\/wp-json\/wp\/v2\/users\/347"}],"replies":[{"embeddable":true,"href":"https:\/\/www.fcbarcelonanoticias.com\/en\/wp-json\/wp\/v2\/comments?post=98912"}],"version-history":[{"count":2,"href":"https:\/\/www.fcbarcelonanoticias.com\/en\/wp-json\/wp\/v2\/posts\/98912\/revisions"}],"predecessor-version":[{"id":159806,"href":"https:\/\/www.fcbarcelonanoticias.com\/en\/wp-json\/wp\/v2\/posts\/98912\/revisions\/159806"}],"wp:featuredmedia":[{"embeddable":true,"href":"https:\/\/www.fcbarcelonanoticias.com\/en\/wp-json\/wp\/v2\/media\/98920"}],"wp:attachment":[{"href":"https:\/\/www.fcbarcelonanoticias.com\/en\/wp-json\/wp\/v2\/media?parent=98912"}],"wp:term":[{"taxonomy":"category","embeddable":true,"href":"https:\/\/www.fcbarcelonanoticias.com\/en\/wp-json\/wp\/v2\/categories?post=98912"},{"taxonomy":"post_tag","embeddable":true,"href":"https:\/\/www.fcbarcelonanoticias.com\/en\/wp-json\/wp\/v2\/tags?post=98912"}],"curies":[{"name":"wp","href":"https:\/\/api.w.org\/{rel}","templated":true}]}}