{"id":98923,"date":"2024-04-08T00:35:00","date_gmt":"2024-04-07T22:35:00","guid":{"rendered":"https:\/\/weisetech.dev\/fc-barcelona-noticias\/en\/benjamin-e-ko-an-option-as-unnecessary-as-it-is-complicated-for-barca_302411_102\/"},"modified":"2024-04-08T00:36:00","modified_gmt":"2024-04-07T22:36:00","slug":"benjamin-e-ko-an-option-as-unnecessary-as-it-is-complicated-for-barca_302411_102","status":"publish","type":"post","link":"https:\/\/www.fcbarcelonanoticias.com\/en\/transfers\/benjamin-e-ko-an-option-as-unnecessary-as-it-is-complicated-for-barca_302411_102.html","title":{"rendered":"Benjamin \u0160e\u0161ko, an option as unnecessary as it is complicated for Bar\u00e7a"},"content":{"rendered":"<h2 class=\"wp-block-heading\">FC Barcelona could be interested in signing Benjamin \u0160e\u0161ko, a Slovenian striker who is establishing himself as one of the most outstanding promises at international level. However, its incorporation is not seen as a simple process<\/h2>  \r\n<div class=\"article-addons\">\r\n    <a href=\"https:\/\/www.fcbarcelonanoticias.com\/en\/calendar-fc-barcelona.html\"\r\n       target=\"_self\"\r\n       title=\"Calendar of FC Barcelona\"\r\n       class=\"blue-gredient-btn\">\r\n       \r\n        Calendar of FC Barcelona    <\/a>\r\n<\/div>   <p>It needs really the FC Barcelona add another &#8216;9&#8217; to his rows? At first sight, it seems that no, since Robert Lewandowski has showed to be more valid that never, accumulating 20 annotations and nine assistances in 40 commitments contested in what it goes of course 2023-24. Besides, behind him, they are <strong>Vitor Roque and Marc Guiu, those who, in spite of his youth, seem to be in way to turn into the next big &#8216;gunboats&#8217; of the combined Barcelona<\/strong>.<\/p>  <p>However, from the Catalan cast, apparently would want to strengthen his offensive section and would be considering, if the circumstances allow it, <a data-external=\"0\" data-intl-links-en=\"https:\/\/www.fcbarcelonanoticias.com\/en\/transfers\/9-in-the-crosshairs-barca-would-be-keeping-eye-on-benjamin-sesko_301876_102.html\" data-intl-links-es=\"https:\/\/www.fcbarcelonanoticias.com\/fichajes\/9-en-mira-barca-estaria-atento-benjamin-sesko_301876_102.html\" href=\"https:\/\/www.fcbarcelonanoticias.com\/en\/transfers\/9-in-the-crosshairs-barca-would-be-keeping-eye-on-benjamin-sesko_301876_102.html\" rel=\"follow\" target=\"_self\" title=\"\u00a1'9' en el punto de mira! El FC Barcelona sigue con atenci\u00f3n a Benjamin&nbsp;Sesko\">do an attempt for adding to the staff to Benjam\u00edn \u0160and\u0161ko<\/a>, forward of 20 years that at present despunta in the RB Leipzig, adding 12 targets and two passes to goal in 36 duels. Nevertheless, <strong>this traspaso does not seem to be the simplest in economic terms<\/strong> neither because of the competition of other teams interested in the esloveno.<\/p>  <p>In essence, the price of the &#8216;killer&#8217; is not precisely affordable, <strong>since has a clause of rescission of 50 million euros<\/strong>, a mount that it seems excessive for the FC Barcelona and that the interested in the player have to pay if they wish to purchase it. Equally, <strong>\u0160and\u0161ko has agreement with the &#8216;Red Bulls&#8217; until 2028<\/strong>, by what does not seem a feasible option incorporate it to cost zero.<\/p>  <h2>Benjam\u00edn \u0160and\u0161ko enjoys of more than a beau &#8216;top&#8217; in Europe<\/h2>  <p>Added to this, <a data-external=\"0\" data-intl-links-en=\"https:\/\/www.fcbarcelonanoticias.com\/en\/transfers\/option-barcelona-benjamin-sesko-new-haaland-shines-germany_295854_102.html\" data-intl-links-es=\"https:\/\/www.fcbarcelonanoticias.com\/fichajes\/opcion-barcelona-benjamin-sesko-nuevo-haaland-brilla-alemania_295854_102.html\" href=\"https:\/\/www.fcbarcelonanoticias.com\/en\/transfers\/option-barcelona-benjamin-sesko-new-haaland-shines-germany_295854_102.html\" rel=\"follow\" target=\"_self\" title=\"\u00bfOpci\u00f3n para el Bar\u00e7a? Benjamin Sesko, el 'nuevo Haaland' que brilla en Alemania\">the nicknamed &#8216;Haaland Esloveno&#8217;<\/a>, because of the similarities in his game with the current &#8216;9&#8217; of the Manchester City, possesses a big envergadura physical (measures 1,96 m), power, rapidity, good smell goleador and a remarkable technician. <strong>As it mentioned previously, has several beaux, between them two groups of the Series To, Naples and AC Milan, as well as Chelsea and the Arsenal in the Premier League<\/strong>. Therefore, if the Bar\u00e7a wishes to incorporate it to his payroll, will have to participate in a bidding in which it does not seem to be in position to go in, as it has expressed in the past in relation with other players.<\/p> ","protected":false},"excerpt":{"rendered":"<p>FC Barcelona could be interested in signing Benjamin \u0160e\u0161ko, a Slovenian striker who is establishing himself as one of the most outstanding promises at international level. However, its incorporation is not seen as a simple process It needs really the FC Barcelona add another &#8216;9&#8217; to his rows? At first sight, it seems that no, [&hellip;]<\/p>\n","protected":false},"author":355,"featured_media":98931,"comment_status":"closed","ping_status":"open","sticky":false,"template":"","format":"standard","meta":{"_acf_changed":false,"inline_featured_image":false,"_nextfly_llmd_date_locked":false,"footnotes":""},"categories":[449,106],"tags":[335],"class_list":["post-98923","post","type-post","status-publish","format-standard","has-post-thumbnail","hentry","category-transfers-2","category-transfers","tag-deco"],"acf":[],"yoast_head":"<!-- This site is optimized with the Yoast SEO plugin v27.3 - https:\/\/yoast.com\/product\/yoast-seo-wordpress\/ -->\n<title>Benjamin \u0160e\u0161ko, an option as unnecessary as it is complicated for Bar\u00e7a<\/title>\n<meta name=\"description\" content=\"FC Barcelona could be interested in signing Benjamin \u0160e\u0161ko, a Slovenian striker who is establishing himself as one of the most outstanding promises at international level. However, its incorporation is not seen as a simple process\" \/>\n<meta name=\"robots\" content=\"index, follow, max-snippet:-1, max-image-preview:large, max-video-preview:-1\" \/>\n<link rel=\"canonical\" href=\"https:\/\/www.fcbarcelonanoticias.com\/en\/transfers\/benjamin-e-ko-an-option-as-unnecessary-as-it-is-complicated-for-barca_302411_102.html\" \/>\n<meta property=\"og:locale\" content=\"en_US\" \/>\n<meta property=\"og:type\" content=\"article\" \/>\n<meta property=\"og:title\" content=\"Benjamin \u0160e\u0161ko, an option as unnecessary as it is complicated for Bar\u00e7a\" \/>\n<meta property=\"og:description\" content=\"FC Barcelona could be interested in signing Benjamin \u0160e\u0161ko, a Slovenian striker who is establishing himself as one of the most outstanding promises at international level. However, its incorporation is not seen as a simple process\" \/>\n<meta property=\"og:url\" content=\"https:\/\/www.fcbarcelonanoticias.com\/en\/transfers\/benjamin-e-ko-an-option-as-unnecessary-as-it-is-complicated-for-barca_302411_102.html\" \/>\n<meta property=\"og:site_name\" content=\"EN - FC Barcelona Noticias\" \/>\n<meta property=\"article:published_time\" content=\"2024-04-07T22:35:00+00:00\" \/>\n<meta property=\"article:modified_time\" content=\"2024-04-07T22:36:00+00:00\" \/>\n<meta property=\"og:image\" content=\"https:\/\/www.fcbarcelonanoticias.com\/en\/wp-content\/uploads\/sites\/2\/2024\/04\/benjamin-sesko-en-el-duelo-entre-el-rb-leipzig-y-el-real-madrid-en-la-uefa-champions-league.png\" \/>\n\t<meta property=\"og:image:width\" content=\"1300\" \/>\n\t<meta property=\"og:image:height\" content=\"732\" \/>\n\t<meta property=\"og:image:type\" content=\"image\/png\" \/>\n<meta name=\"author\" content=\"Kevin G\u00f3mez\" \/>\n<meta name=\"twitter:card\" content=\"summary_large_image\" \/>\n<meta name=\"twitter:label1\" content=\"Written by\" \/>\n\t<meta name=\"twitter:data1\" content=\"Kevin G\u00f3mez\" \/>\n\t<meta name=\"twitter:label2\" content=\"Est. reading time\" \/>\n\t<meta name=\"twitter:data2\" content=\"2 minutes\" \/>\n<script type=\"application\/ld+json\" class=\"yoast-schema-graph\">{\"@context\":\"https:\\\/\\\/schema.org\",\"@graph\":[{\"@type\":\"Article\",\"@id\":\"https:\\\/\\\/www.fcbarcelonanoticias.com\\\/en\\\/transfers\\\/benjamin-e-ko-an-option-as-unnecessary-as-it-is-complicated-for-barca_302411_102.html#article\",\"isPartOf\":{\"@id\":\"https:\\\/\\\/www.fcbarcelonanoticias.com\\\/en\\\/transfers\\\/benjamin-e-ko-an-option-as-unnecessary-as-it-is-complicated-for-barca_302411_102.html\"},\"author\":{\"name\":\"Kevin G\u00f3mez\",\"@id\":\"https:\\\/\\\/www.fcbarcelonanoticias.com\\\/en\\\/#\\\/schema\\\/person\\\/991443f134df9a64c6874f96ff984c9d\"},\"headline\":\"Benjamin \u0160e\u0161ko, an option as unnecessary as it is complicated for Bar\u00e7a\",\"datePublished\":\"2024-04-07T22:35:00+00:00\",\"dateModified\":\"2024-04-07T22:36:00+00:00\",\"mainEntityOfPage\":{\"@id\":\"https:\\\/\\\/www.fcbarcelonanoticias.com\\\/en\\\/transfers\\\/benjamin-e-ko-an-option-as-unnecessary-as-it-is-complicated-for-barca_302411_102.html\"},\"wordCount\":401,\"image\":{\"@id\":\"https:\\\/\\\/www.fcbarcelonanoticias.com\\\/en\\\/transfers\\\/benjamin-e-ko-an-option-as-unnecessary-as-it-is-complicated-for-barca_302411_102.html#primaryimage\"},\"thumbnailUrl\":\"https:\\\/\\\/www.fcbarcelonanoticias.com\\\/en\\\/wp-content\\\/uploads\\\/sites\\\/2\\\/2024\\\/04\\\/benjamin-sesko-en-el-duelo-entre-el-rb-leipzig-y-el-real-madrid-en-la-uefa-champions-league.png\",\"keywords\":[\"Deco\"],\"articleSection\":[\"Transfers\",\"Transfers\"],\"inLanguage\":\"en-US\"},{\"@type\":\"WebPage\",\"@id\":\"https:\\\/\\\/www.fcbarcelonanoticias.com\\\/en\\\/transfers\\\/benjamin-e-ko-an-option-as-unnecessary-as-it-is-complicated-for-barca_302411_102.html\",\"url\":\"https:\\\/\\\/www.fcbarcelonanoticias.com\\\/en\\\/transfers\\\/benjamin-e-ko-an-option-as-unnecessary-as-it-is-complicated-for-barca_302411_102.html\",\"name\":\"Benjamin \u0160e\u0161ko, an option as unnecessary as it is complicated for Bar\u00e7a\",\"isPartOf\":{\"@id\":\"https:\\\/\\\/www.fcbarcelonanoticias.com\\\/en\\\/#website\"},\"primaryImageOfPage\":{\"@id\":\"https:\\\/\\\/www.fcbarcelonanoticias.com\\\/en\\\/transfers\\\/benjamin-e-ko-an-option-as-unnecessary-as-it-is-complicated-for-barca_302411_102.html#primaryimage\"},\"image\":{\"@id\":\"https:\\\/\\\/www.fcbarcelonanoticias.com\\\/en\\\/transfers\\\/benjamin-e-ko-an-option-as-unnecessary-as-it-is-complicated-for-barca_302411_102.html#primaryimage\"},\"thumbnailUrl\":\"https:\\\/\\\/www.fcbarcelonanoticias.com\\\/en\\\/wp-content\\\/uploads\\\/sites\\\/2\\\/2024\\\/04\\\/benjamin-sesko-en-el-duelo-entre-el-rb-leipzig-y-el-real-madrid-en-la-uefa-champions-league.png\",\"datePublished\":\"2024-04-07T22:35:00+00:00\",\"dateModified\":\"2024-04-07T22:36:00+00:00\",\"author\":{\"@id\":\"https:\\\/\\\/www.fcbarcelonanoticias.com\\\/en\\\/#\\\/schema\\\/person\\\/991443f134df9a64c6874f96ff984c9d\"},\"description\":\"FC Barcelona could be interested in signing Benjamin \u0160e\u0161ko, a Slovenian striker who is establishing himself as one of the most outstanding promises at international level. However, its incorporation is not seen as a simple process\",\"breadcrumb\":{\"@id\":\"https:\\\/\\\/www.fcbarcelonanoticias.com\\\/en\\\/transfers\\\/benjamin-e-ko-an-option-as-unnecessary-as-it-is-complicated-for-barca_302411_102.html#breadcrumb\"},\"inLanguage\":\"en-US\",\"potentialAction\":[{\"@type\":\"ReadAction\",\"target\":[\"https:\\\/\\\/www.fcbarcelonanoticias.com\\\/en\\\/transfers\\\/benjamin-e-ko-an-option-as-unnecessary-as-it-is-complicated-for-barca_302411_102.html\"]}]},{\"@type\":\"ImageObject\",\"inLanguage\":\"en-US\",\"@id\":\"https:\\\/\\\/www.fcbarcelonanoticias.com\\\/en\\\/transfers\\\/benjamin-e-ko-an-option-as-unnecessary-as-it-is-complicated-for-barca_302411_102.html#primaryimage\",\"url\":\"https:\\\/\\\/www.fcbarcelonanoticias.com\\\/en\\\/wp-content\\\/uploads\\\/sites\\\/2\\\/2024\\\/04\\\/benjamin-sesko-en-el-duelo-entre-el-rb-leipzig-y-el-real-madrid-en-la-uefa-champions-league.png\",\"contentUrl\":\"https:\\\/\\\/www.fcbarcelonanoticias.com\\\/en\\\/wp-content\\\/uploads\\\/sites\\\/2\\\/2024\\\/04\\\/benjamin-sesko-en-el-duelo-entre-el-rb-leipzig-y-el-real-madrid-en-la-uefa-champions-league.png\",\"width\":1300,\"height\":732},{\"@type\":\"BreadcrumbList\",\"@id\":\"https:\\\/\\\/www.fcbarcelonanoticias.com\\\/en\\\/transfers\\\/benjamin-e-ko-an-option-as-unnecessary-as-it-is-complicated-for-barca_302411_102.html#breadcrumb\",\"itemListElement\":[{\"@type\":\"ListItem\",\"position\":1,\"name\":\"Portada\",\"item\":\"https:\\\/\\\/www.fcbarcelonanoticias.com\\\/en\\\/\"},{\"@type\":\"ListItem\",\"position\":2,\"name\":\"Benjamin \u0160e\u0161ko, an option as unnecessary as it is complicated for Bar\u00e7a\"}]},{\"@type\":\"WebSite\",\"@id\":\"https:\\\/\\\/www.fcbarcelonanoticias.com\\\/en\\\/#website\",\"url\":\"https:\\\/\\\/www.fcbarcelonanoticias.com\\\/en\\\/\",\"name\":\"EN - FC Barcelona Noticias\",\"description\":\"\",\"potentialAction\":[{\"@type\":\"SearchAction\",\"target\":{\"@type\":\"EntryPoint\",\"urlTemplate\":\"https:\\\/\\\/www.fcbarcelonanoticias.com\\\/en\\\/?s={search_term_string}\"},\"query-input\":{\"@type\":\"PropertyValueSpecification\",\"valueRequired\":true,\"valueName\":\"search_term_string\"}}],\"inLanguage\":\"en-US\"},{\"@type\":\"Person\",\"@id\":\"https:\\\/\\\/www.fcbarcelonanoticias.com\\\/en\\\/#\\\/schema\\\/person\\\/991443f134df9a64c6874f96ff984c9d\",\"name\":\"Kevin G\u00f3mez\",\"image\":{\"@type\":\"ImageObject\",\"inLanguage\":\"en-US\",\"@id\":\"https:\\\/\\\/secure.gravatar.com\\\/avatar\\\/?s=96&d=mm&r=g\",\"url\":\"https:\\\/\\\/secure.gravatar.com\\\/avatar\\\/?s=96&d=mm&r=g\",\"contentUrl\":\"https:\\\/\\\/secure.gravatar.com\\\/avatar\\\/?s=96&d=mm&r=g\",\"caption\":\"Kevin G\u00f3mez\"},\"description\":\"Licenciado\u00a0en Periodismo y Comunicaci\u00f3n Audiovisual. Redactor en FCBN responsable de cubrir toda\u00a0la informaci\u00f3n del FC Barcelona y las principales competiciones de\u00a0f\u00fatbol.\",\"url\":\"https:\\\/\\\/www.fcbarcelonanoticias.com\\\/en\\\/jugadores\\\/kevin-gomez_23_115.html\"}]}<\/script>\n<!-- \/ Yoast SEO plugin. -->","yoast_head_json":{"title":"Benjamin \u0160e\u0161ko, an option as unnecessary as it is complicated for Bar\u00e7a","description":"FC Barcelona could be interested in signing Benjamin \u0160e\u0161ko, a Slovenian striker who is establishing himself as one of the most outstanding promises at international level. However, its incorporation is not seen as a simple process","robots":{"index":"index","follow":"follow","max-snippet":"max-snippet:-1","max-image-preview":"max-image-preview:large","max-video-preview":"max-video-preview:-1"},"canonical":"https:\/\/www.fcbarcelonanoticias.com\/en\/transfers\/benjamin-e-ko-an-option-as-unnecessary-as-it-is-complicated-for-barca_302411_102.html","og_locale":"en_US","og_type":"article","og_title":"Benjamin \u0160e\u0161ko, an option as unnecessary as it is complicated for Bar\u00e7a","og_description":"FC Barcelona could be interested in signing Benjamin \u0160e\u0161ko, a Slovenian striker who is establishing himself as one of the most outstanding promises at international level. However, its incorporation is not seen as a simple process","og_url":"https:\/\/www.fcbarcelonanoticias.com\/en\/transfers\/benjamin-e-ko-an-option-as-unnecessary-as-it-is-complicated-for-barca_302411_102.html","og_site_name":"EN - FC Barcelona Noticias","article_published_time":"2024-04-07T22:35:00+00:00","article_modified_time":"2024-04-07T22:36:00+00:00","og_image":[{"width":1300,"height":732,"url":"https:\/\/www.fcbarcelonanoticias.com\/en\/wp-content\/uploads\/sites\/2\/2024\/04\/benjamin-sesko-en-el-duelo-entre-el-rb-leipzig-y-el-real-madrid-en-la-uefa-champions-league.png","type":"image\/png"}],"author":"Kevin G\u00f3mez","twitter_card":"summary_large_image","twitter_misc":{"Written by":"Kevin G\u00f3mez","Est. reading time":"2 minutes"},"schema":{"@context":"https:\/\/schema.org","@graph":[{"@type":"Article","@id":"https:\/\/www.fcbarcelonanoticias.com\/en\/transfers\/benjamin-e-ko-an-option-as-unnecessary-as-it-is-complicated-for-barca_302411_102.html#article","isPartOf":{"@id":"https:\/\/www.fcbarcelonanoticias.com\/en\/transfers\/benjamin-e-ko-an-option-as-unnecessary-as-it-is-complicated-for-barca_302411_102.html"},"author":{"name":"Kevin G\u00f3mez","@id":"https:\/\/www.fcbarcelonanoticias.com\/en\/#\/schema\/person\/991443f134df9a64c6874f96ff984c9d"},"headline":"Benjamin \u0160e\u0161ko, an option as unnecessary as it is complicated for Bar\u00e7a","datePublished":"2024-04-07T22:35:00+00:00","dateModified":"2024-04-07T22:36:00+00:00","mainEntityOfPage":{"@id":"https:\/\/www.fcbarcelonanoticias.com\/en\/transfers\/benjamin-e-ko-an-option-as-unnecessary-as-it-is-complicated-for-barca_302411_102.html"},"wordCount":401,"image":{"@id":"https:\/\/www.fcbarcelonanoticias.com\/en\/transfers\/benjamin-e-ko-an-option-as-unnecessary-as-it-is-complicated-for-barca_302411_102.html#primaryimage"},"thumbnailUrl":"https:\/\/www.fcbarcelonanoticias.com\/en\/wp-content\/uploads\/sites\/2\/2024\/04\/benjamin-sesko-en-el-duelo-entre-el-rb-leipzig-y-el-real-madrid-en-la-uefa-champions-league.png","keywords":["Deco"],"articleSection":["Transfers","Transfers"],"inLanguage":"en-US"},{"@type":"WebPage","@id":"https:\/\/www.fcbarcelonanoticias.com\/en\/transfers\/benjamin-e-ko-an-option-as-unnecessary-as-it-is-complicated-for-barca_302411_102.html","url":"https:\/\/www.fcbarcelonanoticias.com\/en\/transfers\/benjamin-e-ko-an-option-as-unnecessary-as-it-is-complicated-for-barca_302411_102.html","name":"Benjamin \u0160e\u0161ko, an option as unnecessary as it is complicated for Bar\u00e7a","isPartOf":{"@id":"https:\/\/www.fcbarcelonanoticias.com\/en\/#website"},"primaryImageOfPage":{"@id":"https:\/\/www.fcbarcelonanoticias.com\/en\/transfers\/benjamin-e-ko-an-option-as-unnecessary-as-it-is-complicated-for-barca_302411_102.html#primaryimage"},"image":{"@id":"https:\/\/www.fcbarcelonanoticias.com\/en\/transfers\/benjamin-e-ko-an-option-as-unnecessary-as-it-is-complicated-for-barca_302411_102.html#primaryimage"},"thumbnailUrl":"https:\/\/www.fcbarcelonanoticias.com\/en\/wp-content\/uploads\/sites\/2\/2024\/04\/benjamin-sesko-en-el-duelo-entre-el-rb-leipzig-y-el-real-madrid-en-la-uefa-champions-league.png","datePublished":"2024-04-07T22:35:00+00:00","dateModified":"2024-04-07T22:36:00+00:00","author":{"@id":"https:\/\/www.fcbarcelonanoticias.com\/en\/#\/schema\/person\/991443f134df9a64c6874f96ff984c9d"},"description":"FC Barcelona could be interested in signing Benjamin \u0160e\u0161ko, a Slovenian striker who is establishing himself as one of the most outstanding promises at international level. However, its incorporation is not seen as a simple process","breadcrumb":{"@id":"https:\/\/www.fcbarcelonanoticias.com\/en\/transfers\/benjamin-e-ko-an-option-as-unnecessary-as-it-is-complicated-for-barca_302411_102.html#breadcrumb"},"inLanguage":"en-US","potentialAction":[{"@type":"ReadAction","target":["https:\/\/www.fcbarcelonanoticias.com\/en\/transfers\/benjamin-e-ko-an-option-as-unnecessary-as-it-is-complicated-for-barca_302411_102.html"]}]},{"@type":"ImageObject","inLanguage":"en-US","@id":"https:\/\/www.fcbarcelonanoticias.com\/en\/transfers\/benjamin-e-ko-an-option-as-unnecessary-as-it-is-complicated-for-barca_302411_102.html#primaryimage","url":"https:\/\/www.fcbarcelonanoticias.com\/en\/wp-content\/uploads\/sites\/2\/2024\/04\/benjamin-sesko-en-el-duelo-entre-el-rb-leipzig-y-el-real-madrid-en-la-uefa-champions-league.png","contentUrl":"https:\/\/www.fcbarcelonanoticias.com\/en\/wp-content\/uploads\/sites\/2\/2024\/04\/benjamin-sesko-en-el-duelo-entre-el-rb-leipzig-y-el-real-madrid-en-la-uefa-champions-league.png","width":1300,"height":732},{"@type":"BreadcrumbList","@id":"https:\/\/www.fcbarcelonanoticias.com\/en\/transfers\/benjamin-e-ko-an-option-as-unnecessary-as-it-is-complicated-for-barca_302411_102.html#breadcrumb","itemListElement":[{"@type":"ListItem","position":1,"name":"Portada","item":"https:\/\/www.fcbarcelonanoticias.com\/en\/"},{"@type":"ListItem","position":2,"name":"Benjamin \u0160e\u0161ko, an option as unnecessary as it is complicated for Bar\u00e7a"}]},{"@type":"WebSite","@id":"https:\/\/www.fcbarcelonanoticias.com\/en\/#website","url":"https:\/\/www.fcbarcelonanoticias.com\/en\/","name":"EN - FC Barcelona Noticias","description":"","potentialAction":[{"@type":"SearchAction","target":{"@type":"EntryPoint","urlTemplate":"https:\/\/www.fcbarcelonanoticias.com\/en\/?s={search_term_string}"},"query-input":{"@type":"PropertyValueSpecification","valueRequired":true,"valueName":"search_term_string"}}],"inLanguage":"en-US"},{"@type":"Person","@id":"https:\/\/www.fcbarcelonanoticias.com\/en\/#\/schema\/person\/991443f134df9a64c6874f96ff984c9d","name":"Kevin G\u00f3mez","image":{"@type":"ImageObject","inLanguage":"en-US","@id":"https:\/\/secure.gravatar.com\/avatar\/?s=96&d=mm&r=g","url":"https:\/\/secure.gravatar.com\/avatar\/?s=96&d=mm&r=g","contentUrl":"https:\/\/secure.gravatar.com\/avatar\/?s=96&d=mm&r=g","caption":"Kevin G\u00f3mez"},"description":"Licenciado\u00a0en Periodismo y Comunicaci\u00f3n Audiovisual. Redactor en FCBN responsable de cubrir toda\u00a0la informaci\u00f3n del FC Barcelona y las principales competiciones de\u00a0f\u00fatbol.","url":"https:\/\/www.fcbarcelonanoticias.com\/en\/jugadores\/kevin-gomez_23_115.html"}]}},"_links":{"self":[{"href":"https:\/\/www.fcbarcelonanoticias.com\/en\/wp-json\/wp\/v2\/posts\/98923","targetHints":{"allow":["GET"]}}],"collection":[{"href":"https:\/\/www.fcbarcelonanoticias.com\/en\/wp-json\/wp\/v2\/posts"}],"about":[{"href":"https:\/\/www.fcbarcelonanoticias.com\/en\/wp-json\/wp\/v2\/types\/post"}],"author":[{"embeddable":true,"href":"https:\/\/www.fcbarcelonanoticias.com\/en\/wp-json\/wp\/v2\/users\/355"}],"replies":[{"embeddable":true,"href":"https:\/\/www.fcbarcelonanoticias.com\/en\/wp-json\/wp\/v2\/comments?post=98923"}],"version-history":[{"count":1,"href":"https:\/\/www.fcbarcelonanoticias.com\/en\/wp-json\/wp\/v2\/posts\/98923\/revisions"}],"predecessor-version":[{"id":125607,"href":"https:\/\/www.fcbarcelonanoticias.com\/en\/wp-json\/wp\/v2\/posts\/98923\/revisions\/125607"}],"wp:featuredmedia":[{"embeddable":true,"href":"https:\/\/www.fcbarcelonanoticias.com\/en\/wp-json\/wp\/v2\/media\/98931"}],"wp:attachment":[{"href":"https:\/\/www.fcbarcelonanoticias.com\/en\/wp-json\/wp\/v2\/media?parent=98923"}],"wp:term":[{"taxonomy":"category","embeddable":true,"href":"https:\/\/www.fcbarcelonanoticias.com\/en\/wp-json\/wp\/v2\/categories?post=98923"},{"taxonomy":"post_tag","embeddable":true,"href":"https:\/\/www.fcbarcelonanoticias.com\/en\/wp-json\/wp\/v2\/tags?post=98923"}],"curies":[{"name":"wp","href":"https:\/\/api.w.org\/{rel}","templated":true}]}}