{"id":98939,"date":"2019-08-02T07:54:00","date_gmt":"2019-08-02T05:54:00","guid":{"rendered":"https:\/\/weisetech.dev\/fc-barcelona-noticias\/en\/it-complicates-the-signing-of-junior-firpo-by-the-barca_250440_102\/"},"modified":"2019-08-03T16:26:00","modified_gmt":"2019-08-03T14:26:00","slug":"it-complicates-the-signing-of-junior-firpo-by-the-barca_250440_102","status":"publish","type":"post","link":"https:\/\/www.fcbarcelonanoticias.com\/en\/transfers\/it-complicates-the-signing-of-junior-firpo-by-the-barca_250440_102.html","title":{"rendered":"Junior Firpo signing for Bar\u00e7a is complicated"},"content":{"rendered":"<h2 class=\"wp-block-heading\">Junior Firpo is one of the first options of FC Barcelona to reinforce the left side, but contacts with Real Betis have cooled<\/h2>  \r\n<div class=\"article-addons\">\r\n    <a href=\"https:\/\/www.fcbarcelonanoticias.com\/en\/calendar-fc-barcelona.html\"\r\n       target=\"_self\"\r\n       title=\"Calendar of FC Barcelona\"\r\n       class=\"blue-gredient-btn\">\r\n       \r\n        Calendar of FC Barcelona    <\/a>\r\n<\/div>   <p>The <strong>FC Barcelona<\/strong> follows working to close the signing of a left side and <a data-external=\"0\" data-intl-links-en=\"https:\/\/www.fcbarcelonanoticias.com\/en\/transfers\/the-plan-of-the-barcelona-with-junior-firpo_250394_102.html\" data-intl-links-es=\"https:\/\/www.fcbarcelonanoticias.com\/fichajes\/plan-barcelona-junior-firpo_250394_102.html\" href=\"https:\/\/www.fcbarcelonanoticias.com\/en\/transfers\/the-plan-of-the-barcelona-with-junior-firpo_250394_102.html\" rel=\"follow\" target=\"_self\" title=\"El plan del Barcelona con Junior Firpo\">Junior Firpo is one of the big favourites<\/a> of the sportive direction cul\u00e9. However, neither the<strong> Real<strong> Betis<\/strong> is putting the easy things neither the Barcelona club will yield easily to the requests of the Andalusian entity, that by today are substantially upper to the offer made.<\/strong><\/p>  <p><strong>According to the informations published by Sportive World, <strong>\u00d2scar Grau, <\/strong>the CEO of the Bar\u00e7a, &#8220;took advantage of the meeting of the assembly of LaLiga&#8221; celebrated this same Wednesday to keep &#8220;an exchange of impressions&#8221; with <strong>Federico Mart\u00ednez, <\/strong>general director of the Betis . Nevertheless, it aims that <strong>the director cul\u00e9 &#8220;did not have to return with good feelings&#8221;<\/strong>.<\/strong><\/p>  <p><strong>It is necessary to remember that, until the moment, had achieved that the Real Betis happened to ask more than 30 million euros by the dominican side to reduce his pretences to the 20 fixed millions more seven easy variables to fulfil.<strong> The FC Barcelona, by his part, offered 18 fixed more other five variables in function to attain titles.<\/strong><\/strong><\/p>  <p><strong><strong>The Betis, answered with a contraoferta of 25 fixed millions that the <a data-external=\"0\" data-intl-links-en=\"https:\/\/www.fcbarcelonanoticias.com\/en\/calendar\" data-intl-links-es=\"https:\/\/www.fcbarcelonanoticias.com\/calendario\" href=\"https:\/\/www.fcbarcelonanoticias.com\/en\/fc-barcelona\/calendar.html\" rel=\"follow\" target=\"_self\" title=\"Calendario\">FC Barcelona<\/a>\u200b refused flatly<\/strong>. It is necessary to remember that the club cul\u00e9 does not pretend to spend a quantity of money too high with Junior Firpo due to the fact that it considers him a footballer that would arrive to be acting of Jordi Alba. Besides, the cul\u00e9s work on other alternatives of market.<\/strong><\/p>  <h3><strong>Without problems with the player<\/strong><\/h3>  <p><strong>In spite of that the Real Betis has enrocado in a f\u00e9rrea posture to ask more than 25 million euros by his side, <strong>Junior Firpo and his surroundings show optimistic,<\/strong> think that there will be a change of posture of the verdiblancos and will not put problems to arrive to an agreement with the FC Barcelona to economic level.<\/strong><\/p>  <p><strong>According to the informations desveladas by Catalonia Irradiate, the Bar\u00e7a confirmed that there was a meeting between \u00c9ric Abidal, technical secretary of the Bar\u00e7a, Ram\u00f3n Plans, his attach in the sportive direction, and the agent of Junior Firpo. <strong>The requests of the b\u00e9tico fit to level salarial with the planning of the Bar\u00e7a, <\/strong>something that beyond all doubt is an advantage.<\/strong><\/p> ","protected":false},"excerpt":{"rendered":"<p>Junior Firpo is one of the first options of FC Barcelona to reinforce the left side, but contacts with Real Betis have cooled The FC Barcelona follows working to close the signing of a left side and Junior Firpo is one of the big favourites of the sportive direction cul\u00e9. However, neither the Real Betis [&hellip;]<\/p>\n","protected":false},"author":364,"featured_media":98945,"comment_status":"closed","ping_status":"open","sticky":false,"template":"","format":"standard","meta":{"_acf_changed":false,"inline_featured_image":false,"_nextfly_llmd_date_locked":false,"footnotes":""},"categories":[449,106],"tags":[300,63],"class_list":["post-98939","post","type-post","status-publish","format-standard","has-post-thumbnail","hentry","category-transfers-2","category-transfers","tag-junior-firpo","tag-real-betis"],"acf":[],"yoast_head":"<!-- This site is optimized with the Yoast SEO plugin v27.3 - https:\/\/yoast.com\/product\/yoast-seo-wordpress\/ -->\n<title>Junior Firpo signing for Bar\u00e7a is complicated<\/title>\n<meta name=\"description\" content=\"Junior Firpo is one of the first options of FC Barcelona to reinforce the left side, but contacts with Real Betis have cooled\" \/>\n<meta name=\"robots\" content=\"index, follow, max-snippet:-1, max-image-preview:large, max-video-preview:-1\" \/>\n<link rel=\"canonical\" href=\"https:\/\/www.fcbarcelonanoticias.com\/en\/transfers\/it-complicates-the-signing-of-junior-firpo-by-the-barca_250440_102.html\" \/>\n<meta property=\"og:locale\" content=\"en_US\" \/>\n<meta property=\"og:type\" content=\"article\" \/>\n<meta property=\"og:title\" content=\"Junior Firpo signing for Bar\u00e7a is complicated\" \/>\n<meta property=\"og:description\" content=\"Junior Firpo is one of the first options of FC Barcelona to reinforce the left side, but contacts with Real Betis have cooled\" \/>\n<meta property=\"og:url\" content=\"https:\/\/www.fcbarcelonanoticias.com\/en\/transfers\/it-complicates-the-signing-of-junior-firpo-by-the-barca_250440_102.html\" \/>\n<meta property=\"og:site_name\" content=\"EN - FC Barcelona Noticias\" \/>\n<meta property=\"article:published_time\" content=\"2019-08-02T05:54:00+00:00\" \/>\n<meta property=\"article:modified_time\" content=\"2019-08-03T14:26:00+00:00\" \/>\n<meta property=\"og:image\" content=\"https:\/\/www.fcbarcelonanoticias.com\/en\/wp-content\/uploads\/sites\/2\/2019\/08\/junior-firpo-madrid-city-285431.jpeg\" \/>\n\t<meta property=\"og:image:width\" content=\"761\" \/>\n\t<meta property=\"og:image:height\" content=\"428\" \/>\n\t<meta property=\"og:image:type\" content=\"image\/jpeg\" \/>\n<meta name=\"author\" content=\"Albert Ram\u00edrez\" \/>\n<meta name=\"twitter:card\" content=\"summary_large_image\" \/>\n<meta name=\"twitter:label1\" content=\"Written by\" \/>\n\t<meta name=\"twitter:data1\" content=\"Albert Ram\u00edrez\" \/>\n\t<meta name=\"twitter:label2\" content=\"Est. reading time\" \/>\n\t<meta name=\"twitter:data2\" content=\"2 minutes\" \/>\n<script type=\"application\/ld+json\" class=\"yoast-schema-graph\">{\"@context\":\"https:\\\/\\\/schema.org\",\"@graph\":[{\"@type\":\"Article\",\"@id\":\"https:\\\/\\\/www.fcbarcelonanoticias.com\\\/en\\\/transfers\\\/it-complicates-the-signing-of-junior-firpo-by-the-barca_250440_102.html#article\",\"isPartOf\":{\"@id\":\"https:\\\/\\\/www.fcbarcelonanoticias.com\\\/en\\\/transfers\\\/it-complicates-the-signing-of-junior-firpo-by-the-barca_250440_102.html\"},\"author\":{\"name\":\"Albert Ram\u00edrez\",\"@id\":\"https:\\\/\\\/www.fcbarcelonanoticias.com\\\/en\\\/#\\\/schema\\\/person\\\/1d0eb8457abc625a793c7a9f8f67612d\"},\"headline\":\"Junior Firpo signing for Bar\u00e7a is complicated\",\"datePublished\":\"2019-08-02T05:54:00+00:00\",\"dateModified\":\"2019-08-03T14:26:00+00:00\",\"mainEntityOfPage\":{\"@id\":\"https:\\\/\\\/www.fcbarcelonanoticias.com\\\/en\\\/transfers\\\/it-complicates-the-signing-of-junior-firpo-by-the-barca_250440_102.html\"},\"wordCount\":406,\"image\":{\"@id\":\"https:\\\/\\\/www.fcbarcelonanoticias.com\\\/en\\\/transfers\\\/it-complicates-the-signing-of-junior-firpo-by-the-barca_250440_102.html#primaryimage\"},\"thumbnailUrl\":\"https:\\\/\\\/www.fcbarcelonanoticias.com\\\/en\\\/wp-content\\\/uploads\\\/sites\\\/2\\\/2019\\\/08\\\/junior-firpo-madrid-city-285431.jpeg\",\"keywords\":[\"Junior Firpo\",\"Real Betis\"],\"articleSection\":[\"Transfers\",\"Transfers\"],\"inLanguage\":\"en-US\"},{\"@type\":\"WebPage\",\"@id\":\"https:\\\/\\\/www.fcbarcelonanoticias.com\\\/en\\\/transfers\\\/it-complicates-the-signing-of-junior-firpo-by-the-barca_250440_102.html\",\"url\":\"https:\\\/\\\/www.fcbarcelonanoticias.com\\\/en\\\/transfers\\\/it-complicates-the-signing-of-junior-firpo-by-the-barca_250440_102.html\",\"name\":\"Junior Firpo signing for Bar\u00e7a is complicated\",\"isPartOf\":{\"@id\":\"https:\\\/\\\/www.fcbarcelonanoticias.com\\\/en\\\/#website\"},\"primaryImageOfPage\":{\"@id\":\"https:\\\/\\\/www.fcbarcelonanoticias.com\\\/en\\\/transfers\\\/it-complicates-the-signing-of-junior-firpo-by-the-barca_250440_102.html#primaryimage\"},\"image\":{\"@id\":\"https:\\\/\\\/www.fcbarcelonanoticias.com\\\/en\\\/transfers\\\/it-complicates-the-signing-of-junior-firpo-by-the-barca_250440_102.html#primaryimage\"},\"thumbnailUrl\":\"https:\\\/\\\/www.fcbarcelonanoticias.com\\\/en\\\/wp-content\\\/uploads\\\/sites\\\/2\\\/2019\\\/08\\\/junior-firpo-madrid-city-285431.jpeg\",\"datePublished\":\"2019-08-02T05:54:00+00:00\",\"dateModified\":\"2019-08-03T14:26:00+00:00\",\"author\":{\"@id\":\"https:\\\/\\\/www.fcbarcelonanoticias.com\\\/en\\\/#\\\/schema\\\/person\\\/1d0eb8457abc625a793c7a9f8f67612d\"},\"description\":\"Junior Firpo is one of the first options of FC Barcelona to reinforce the left side, but contacts with Real Betis have cooled\",\"breadcrumb\":{\"@id\":\"https:\\\/\\\/www.fcbarcelonanoticias.com\\\/en\\\/transfers\\\/it-complicates-the-signing-of-junior-firpo-by-the-barca_250440_102.html#breadcrumb\"},\"inLanguage\":\"en-US\",\"potentialAction\":[{\"@type\":\"ReadAction\",\"target\":[\"https:\\\/\\\/www.fcbarcelonanoticias.com\\\/en\\\/transfers\\\/it-complicates-the-signing-of-junior-firpo-by-the-barca_250440_102.html\"]}]},{\"@type\":\"ImageObject\",\"inLanguage\":\"en-US\",\"@id\":\"https:\\\/\\\/www.fcbarcelonanoticias.com\\\/en\\\/transfers\\\/it-complicates-the-signing-of-junior-firpo-by-the-barca_250440_102.html#primaryimage\",\"url\":\"https:\\\/\\\/www.fcbarcelonanoticias.com\\\/en\\\/wp-content\\\/uploads\\\/sites\\\/2\\\/2019\\\/08\\\/junior-firpo-madrid-city-285431.jpeg\",\"contentUrl\":\"https:\\\/\\\/www.fcbarcelonanoticias.com\\\/en\\\/wp-content\\\/uploads\\\/sites\\\/2\\\/2019\\\/08\\\/junior-firpo-madrid-city-285431.jpeg\",\"width\":761,\"height\":428},{\"@type\":\"BreadcrumbList\",\"@id\":\"https:\\\/\\\/www.fcbarcelonanoticias.com\\\/en\\\/transfers\\\/it-complicates-the-signing-of-junior-firpo-by-the-barca_250440_102.html#breadcrumb\",\"itemListElement\":[{\"@type\":\"ListItem\",\"position\":1,\"name\":\"Portada\",\"item\":\"https:\\\/\\\/www.fcbarcelonanoticias.com\\\/en\\\/\"},{\"@type\":\"ListItem\",\"position\":2,\"name\":\"Junior Firpo signing for Bar\u00e7a is complicated\"}]},{\"@type\":\"WebSite\",\"@id\":\"https:\\\/\\\/www.fcbarcelonanoticias.com\\\/en\\\/#website\",\"url\":\"https:\\\/\\\/www.fcbarcelonanoticias.com\\\/en\\\/\",\"name\":\"EN - FC Barcelona Noticias\",\"description\":\"\",\"potentialAction\":[{\"@type\":\"SearchAction\",\"target\":{\"@type\":\"EntryPoint\",\"urlTemplate\":\"https:\\\/\\\/www.fcbarcelonanoticias.com\\\/en\\\/?s={search_term_string}\"},\"query-input\":{\"@type\":\"PropertyValueSpecification\",\"valueRequired\":true,\"valueName\":\"search_term_string\"}}],\"inLanguage\":\"en-US\"},{\"@type\":\"Person\",\"@id\":\"https:\\\/\\\/www.fcbarcelonanoticias.com\\\/en\\\/#\\\/schema\\\/person\\\/1d0eb8457abc625a793c7a9f8f67612d\",\"name\":\"Albert Ram\u00edrez\",\"image\":{\"@type\":\"ImageObject\",\"inLanguage\":\"en-US\",\"@id\":\"https:\\\/\\\/secure.gravatar.com\\\/avatar\\\/?s=96&d=mm&r=g\",\"url\":\"https:\\\/\\\/secure.gravatar.com\\\/avatar\\\/?s=96&d=mm&r=g\",\"contentUrl\":\"https:\\\/\\\/secure.gravatar.com\\\/avatar\\\/?s=96&d=mm&r=g\",\"caption\":\"Albert Ram\u00edrez\"},\"url\":\"https:\\\/\\\/www.fcbarcelonanoticias.com\\\/en\\\/albert-ramirez_5_115.html\"}]}<\/script>\n<!-- \/ Yoast SEO plugin. -->","yoast_head_json":{"title":"Junior Firpo signing for Bar\u00e7a is complicated","description":"Junior Firpo is one of the first options of FC Barcelona to reinforce the left side, but contacts with Real Betis have cooled","robots":{"index":"index","follow":"follow","max-snippet":"max-snippet:-1","max-image-preview":"max-image-preview:large","max-video-preview":"max-video-preview:-1"},"canonical":"https:\/\/www.fcbarcelonanoticias.com\/en\/transfers\/it-complicates-the-signing-of-junior-firpo-by-the-barca_250440_102.html","og_locale":"en_US","og_type":"article","og_title":"Junior Firpo signing for Bar\u00e7a is complicated","og_description":"Junior Firpo is one of the first options of FC Barcelona to reinforce the left side, but contacts with Real Betis have cooled","og_url":"https:\/\/www.fcbarcelonanoticias.com\/en\/transfers\/it-complicates-the-signing-of-junior-firpo-by-the-barca_250440_102.html","og_site_name":"EN - FC Barcelona Noticias","article_published_time":"2019-08-02T05:54:00+00:00","article_modified_time":"2019-08-03T14:26:00+00:00","og_image":[{"width":761,"height":428,"url":"https:\/\/www.fcbarcelonanoticias.com\/en\/wp-content\/uploads\/sites\/2\/2019\/08\/junior-firpo-madrid-city-285431.jpeg","type":"image\/jpeg"}],"author":"Albert Ram\u00edrez","twitter_card":"summary_large_image","twitter_misc":{"Written by":"Albert Ram\u00edrez","Est. reading time":"2 minutes"},"schema":{"@context":"https:\/\/schema.org","@graph":[{"@type":"Article","@id":"https:\/\/www.fcbarcelonanoticias.com\/en\/transfers\/it-complicates-the-signing-of-junior-firpo-by-the-barca_250440_102.html#article","isPartOf":{"@id":"https:\/\/www.fcbarcelonanoticias.com\/en\/transfers\/it-complicates-the-signing-of-junior-firpo-by-the-barca_250440_102.html"},"author":{"name":"Albert Ram\u00edrez","@id":"https:\/\/www.fcbarcelonanoticias.com\/en\/#\/schema\/person\/1d0eb8457abc625a793c7a9f8f67612d"},"headline":"Junior Firpo signing for Bar\u00e7a is complicated","datePublished":"2019-08-02T05:54:00+00:00","dateModified":"2019-08-03T14:26:00+00:00","mainEntityOfPage":{"@id":"https:\/\/www.fcbarcelonanoticias.com\/en\/transfers\/it-complicates-the-signing-of-junior-firpo-by-the-barca_250440_102.html"},"wordCount":406,"image":{"@id":"https:\/\/www.fcbarcelonanoticias.com\/en\/transfers\/it-complicates-the-signing-of-junior-firpo-by-the-barca_250440_102.html#primaryimage"},"thumbnailUrl":"https:\/\/www.fcbarcelonanoticias.com\/en\/wp-content\/uploads\/sites\/2\/2019\/08\/junior-firpo-madrid-city-285431.jpeg","keywords":["Junior Firpo","Real Betis"],"articleSection":["Transfers","Transfers"],"inLanguage":"en-US"},{"@type":"WebPage","@id":"https:\/\/www.fcbarcelonanoticias.com\/en\/transfers\/it-complicates-the-signing-of-junior-firpo-by-the-barca_250440_102.html","url":"https:\/\/www.fcbarcelonanoticias.com\/en\/transfers\/it-complicates-the-signing-of-junior-firpo-by-the-barca_250440_102.html","name":"Junior Firpo signing for Bar\u00e7a is complicated","isPartOf":{"@id":"https:\/\/www.fcbarcelonanoticias.com\/en\/#website"},"primaryImageOfPage":{"@id":"https:\/\/www.fcbarcelonanoticias.com\/en\/transfers\/it-complicates-the-signing-of-junior-firpo-by-the-barca_250440_102.html#primaryimage"},"image":{"@id":"https:\/\/www.fcbarcelonanoticias.com\/en\/transfers\/it-complicates-the-signing-of-junior-firpo-by-the-barca_250440_102.html#primaryimage"},"thumbnailUrl":"https:\/\/www.fcbarcelonanoticias.com\/en\/wp-content\/uploads\/sites\/2\/2019\/08\/junior-firpo-madrid-city-285431.jpeg","datePublished":"2019-08-02T05:54:00+00:00","dateModified":"2019-08-03T14:26:00+00:00","author":{"@id":"https:\/\/www.fcbarcelonanoticias.com\/en\/#\/schema\/person\/1d0eb8457abc625a793c7a9f8f67612d"},"description":"Junior Firpo is one of the first options of FC Barcelona to reinforce the left side, but contacts with Real Betis have cooled","breadcrumb":{"@id":"https:\/\/www.fcbarcelonanoticias.com\/en\/transfers\/it-complicates-the-signing-of-junior-firpo-by-the-barca_250440_102.html#breadcrumb"},"inLanguage":"en-US","potentialAction":[{"@type":"ReadAction","target":["https:\/\/www.fcbarcelonanoticias.com\/en\/transfers\/it-complicates-the-signing-of-junior-firpo-by-the-barca_250440_102.html"]}]},{"@type":"ImageObject","inLanguage":"en-US","@id":"https:\/\/www.fcbarcelonanoticias.com\/en\/transfers\/it-complicates-the-signing-of-junior-firpo-by-the-barca_250440_102.html#primaryimage","url":"https:\/\/www.fcbarcelonanoticias.com\/en\/wp-content\/uploads\/sites\/2\/2019\/08\/junior-firpo-madrid-city-285431.jpeg","contentUrl":"https:\/\/www.fcbarcelonanoticias.com\/en\/wp-content\/uploads\/sites\/2\/2019\/08\/junior-firpo-madrid-city-285431.jpeg","width":761,"height":428},{"@type":"BreadcrumbList","@id":"https:\/\/www.fcbarcelonanoticias.com\/en\/transfers\/it-complicates-the-signing-of-junior-firpo-by-the-barca_250440_102.html#breadcrumb","itemListElement":[{"@type":"ListItem","position":1,"name":"Portada","item":"https:\/\/www.fcbarcelonanoticias.com\/en\/"},{"@type":"ListItem","position":2,"name":"Junior Firpo signing for Bar\u00e7a is complicated"}]},{"@type":"WebSite","@id":"https:\/\/www.fcbarcelonanoticias.com\/en\/#website","url":"https:\/\/www.fcbarcelonanoticias.com\/en\/","name":"EN - FC Barcelona Noticias","description":"","potentialAction":[{"@type":"SearchAction","target":{"@type":"EntryPoint","urlTemplate":"https:\/\/www.fcbarcelonanoticias.com\/en\/?s={search_term_string}"},"query-input":{"@type":"PropertyValueSpecification","valueRequired":true,"valueName":"search_term_string"}}],"inLanguage":"en-US"},{"@type":"Person","@id":"https:\/\/www.fcbarcelonanoticias.com\/en\/#\/schema\/person\/1d0eb8457abc625a793c7a9f8f67612d","name":"Albert Ram\u00edrez","image":{"@type":"ImageObject","inLanguage":"en-US","@id":"https:\/\/secure.gravatar.com\/avatar\/?s=96&d=mm&r=g","url":"https:\/\/secure.gravatar.com\/avatar\/?s=96&d=mm&r=g","contentUrl":"https:\/\/secure.gravatar.com\/avatar\/?s=96&d=mm&r=g","caption":"Albert Ram\u00edrez"},"url":"https:\/\/www.fcbarcelonanoticias.com\/en\/albert-ramirez_5_115.html"}]}},"_links":{"self":[{"href":"https:\/\/www.fcbarcelonanoticias.com\/en\/wp-json\/wp\/v2\/posts\/98939","targetHints":{"allow":["GET"]}}],"collection":[{"href":"https:\/\/www.fcbarcelonanoticias.com\/en\/wp-json\/wp\/v2\/posts"}],"about":[{"href":"https:\/\/www.fcbarcelonanoticias.com\/en\/wp-json\/wp\/v2\/types\/post"}],"author":[{"embeddable":true,"href":"https:\/\/www.fcbarcelonanoticias.com\/en\/wp-json\/wp\/v2\/users\/364"}],"replies":[{"embeddable":true,"href":"https:\/\/www.fcbarcelonanoticias.com\/en\/wp-json\/wp\/v2\/comments?post=98939"}],"version-history":[{"count":1,"href":"https:\/\/www.fcbarcelonanoticias.com\/en\/wp-json\/wp\/v2\/posts\/98939\/revisions"}],"predecessor-version":[{"id":127479,"href":"https:\/\/www.fcbarcelonanoticias.com\/en\/wp-json\/wp\/v2\/posts\/98939\/revisions\/127479"}],"wp:featuredmedia":[{"embeddable":true,"href":"https:\/\/www.fcbarcelonanoticias.com\/en\/wp-json\/wp\/v2\/media\/98945"}],"wp:attachment":[{"href":"https:\/\/www.fcbarcelonanoticias.com\/en\/wp-json\/wp\/v2\/media?parent=98939"}],"wp:term":[{"taxonomy":"category","embeddable":true,"href":"https:\/\/www.fcbarcelonanoticias.com\/en\/wp-json\/wp\/v2\/categories?post=98939"},{"taxonomy":"post_tag","embeddable":true,"href":"https:\/\/www.fcbarcelonanoticias.com\/en\/wp-json\/wp\/v2\/tags?post=98939"}],"curies":[{"name":"wp","href":"https:\/\/api.w.org\/{rel}","templated":true}]}}