{"id":99004,"date":"2023-02-18T18:21:00","date_gmt":"2023-02-18T17:21:00","guid":{"rendered":"https:\/\/weisetech.dev\/fc-barcelona-noticias\/en\/blow-to-madrid-xavi-would-be-for-the-work-of-take-kubo-return-to-barcelona_289753_102\/"},"modified":"2023-02-18T18:21:00","modified_gmt":"2023-02-18T17:21:00","slug":"blow-to-madrid-xavi-would-be-for-the-work-of-take-kubo-return-to-barcelona_289753_102","status":"publish","type":"post","link":"https:\/\/www.fcbarcelonanoticias.com\/en\/transfers\/blow-to-madrid-xavi-would-be-for-the-work-of-take-kubo-return-to-barcelona_289753_102.html","title":{"rendered":"Blow to Madrid? Xavi would be for the work of Take Kubo&#8217;s return to Bar\u00e7a"},"content":{"rendered":"<h2 class=\"wp-block-heading\">Takefusa Kubo is completing his best season since his arrival in Spain in 2018. Xavi Hern\u00e1ndez likes the Japanese very much, who would give the &#8216;OK&#8217; to his signing, but the operation seems quite complicated at this point<\/h2>  \r\n<div class=\"article-addons\">\r\n    <a href=\"https:\/\/www.fcbarcelonanoticias.com\/en\/calendar-fc-barcelona.html\"\r\n       target=\"_self\"\r\n       title=\"Calendar of FC Barcelona\"\r\n       class=\"blue-gredient-btn\">\r\n       \r\n        Calendar of FC Barcelona    <\/a>\r\n<\/div>   <p>The <a data-external=\"0\" data-intl-links-en=\"https:\/\/www.fcbarcelonanoticias.com\/en\/fc-barcelona\/barca-fans-able-go-car-montjuic_289747_102.html\" data-intl-links-es=\"https:\/\/www.fcbarcelonanoticias.com\/fc-barcelona\/aficionados-barca-podran-ir-en-coche-montjuic_289747_102.html\" href=\"https:\/\/www.fcbarcelonanoticias.com\/en\/fc-barcelona\/barca-fans-able-go-car-montjuic_289747_102.html\" rel=\"follow\" target=\"_self\" title=\"Los aficionados del Bar\u00e7a que podr\u00e1n ir en coche a Montju\u00efc\">FC Barcelona<\/a> could recover to one of the &#8216;jewels&#8217; that have gone through The Masia in the last decade. It treats of Takefusa Kubo, international Japanese that likes, and a lot, to Xavi Hern\u00e1ndez to reinforce the staff in summer and <strong>give a hit to a Real Madrid that opted by traspasarle the past year<\/strong>. The player of 21 years adds 4 goals and 6 assistances in 27 parties with the Real Sociedad, strengthening as indisputable in the eleven of Imanol Bailiff after contesting his first Glass of the World.<\/p>  <p>The technician egarense knows that reinforce the leading is a priority of face to the 2023724 and the characteristics of Kubo adapt to perfection to the diagram cul\u00e9. <strong>His capacity to move by all the front of the area, desbordando by both sides, would turn him into a complement ideal <\/strong>for a forward that, in summer, could do without an or two pieces, according to the financial needs of the club.<\/p>  <p>In this sense, from the economic, the &#8216;case &#8216;Kubo&#8217; luce quite complicated. <strong>Take Has agreement until June of 2027 with the group &#8216;txuri urdin&#8217; and a clause of rescission of 60 million euros<\/strong>. The ones of San Sebasti\u00e1n paid 6 &#8216;kilos&#8217; by his traspaso in 2022 and <strong>the Madrid reserved the 50 % of the sportive rights of the forward<\/strong>, by which if the Real sold him in return of his value of exit, 30 &#8216;kilos&#8217; would go to stop to the white arks.<\/p>  <p>The another alternative would be to look for a cession, something little likely considering the performance of the Japanese. <strong>For Bailiff, the one of Kawasaki has been fundamental to cover the drops of Mikel Oyarzabal<\/strong> to the beginning of the season and of <strong>an Umar Sadiq<\/strong> that grieve reached to play three parties before breaking the ligament crossed previous of the right knee, in addition to the recurrent physical problems of Ander Barrenetxea.<\/p>  <h3>The bad fortune of the Bar\u00e7a with Kubo<\/h3>  <p>The directive cul\u00e9 fich\u00f3 to Takefusa in 2011, incorporating him to The Masia after going out of the Kawasaki FJ. However, <strong>the club had to leave him go in 2015 in front of the sanction of the FIFA by infringir the politics of incorporations in minors of age<\/strong>. Kubo returned to Japan and, in 2019, the <a data-external=\"0\" data-intl-links-en=\"https:\/\/www.fcbarcelonanoticias.com\/en\/real-madrid\/process-gripal-separates-to-tchouameni-of-the-osasuna-madrid_289740_102.html\" data-intl-links-es=\"https:\/\/www.fcbarcelonanoticias.com\/real-madrid\/proceso-gripal-aparta-tchouameni-osasuna-madrid_289740_102.html\" href=\"https:\/\/www.fcbarcelonanoticias.com\/en\/real-madrid\/process-gripal-separates-to-tchouameni-of-the-osasuna-madrid_289740_102.html\" rel=\"follow\" target=\"_self\" title=\"Un proceso gripal aparta a Tchouam\u00e9ni del Osasuna-Madrid\">Madrid<\/a> took advantage of for ficharle to &#8216;cost zero&#8217; pertinent of the FC Tokyo. After yielding him to Mallorca, Villarreal and Getafe, the whites him traspasaron to the Real, no without before ensure the half of a possible future sale.<\/p> ","protected":false},"excerpt":{"rendered":"<p>Takefusa Kubo is completing his best season since his arrival in Spain in 2018. Xavi Hern\u00e1ndez likes the Japanese very much, who would give the &#8216;OK&#8217; to his signing, but the operation seems quite complicated at this point The FC Barcelona could recover to one of the &#8216;jewels&#8217; that have gone through The Masia in [&hellip;]<\/p>\n","protected":false},"author":347,"featured_media":99013,"comment_status":"closed","ping_status":"open","sticky":false,"template":"","format":"standard","meta":{"_acf_changed":false,"inline_featured_image":false,"_nextfly_llmd_date_locked":false,"footnotes":""},"categories":[106,449],"tags":[72,48],"class_list":["post-99004","post","type-post","status-publish","format-standard","has-post-thumbnail","hentry","category-transfers","category-transfers-2","tag-real-sociedad","tag-xavi-hernandez"],"acf":[],"yoast_head":"<!-- This site is optimized with the Yoast SEO plugin v27.3 - https:\/\/yoast.com\/product\/yoast-seo-wordpress\/ -->\n<title>Blow to Madrid? Xavi would be for the work of Take Kubo&#039;s return to Bar\u00e7a<\/title>\n<meta name=\"description\" content=\"Takefusa Kubo is completing his best season since his arrival in Spain in 2018. Xavi Hern\u00e1ndez likes the Japanese very much, who would give the &#039;OK&#039; to his signing, but the operation seems quite complicated at this point\" \/>\n<meta name=\"robots\" content=\"index, follow, max-snippet:-1, max-image-preview:large, max-video-preview:-1\" \/>\n<link rel=\"canonical\" href=\"https:\/\/www.fcbarcelonanoticias.com\/en\/transfers\/blow-to-madrid-xavi-would-be-for-the-work-of-take-kubo-return-to-barcelona_289753_102.html\" \/>\n<meta property=\"og:locale\" content=\"en_US\" \/>\n<meta property=\"og:type\" content=\"article\" \/>\n<meta property=\"og:title\" content=\"Blow to Madrid? Xavi would be for the work of Take Kubo&#039;s return to Bar\u00e7a\" \/>\n<meta property=\"og:description\" content=\"Takefusa Kubo is completing his best season since his arrival in Spain in 2018. Xavi Hern\u00e1ndez likes the Japanese very much, who would give the &#039;OK&#039; to his signing, but the operation seems quite complicated at this point\" \/>\n<meta property=\"og:url\" content=\"https:\/\/www.fcbarcelonanoticias.com\/en\/transfers\/blow-to-madrid-xavi-would-be-for-the-work-of-take-kubo-return-to-barcelona_289753_102.html\" \/>\n<meta property=\"og:site_name\" content=\"EN - FC Barcelona Noticias\" \/>\n<meta property=\"article:published_time\" content=\"2023-02-18T17:21:00+00:00\" \/>\n<meta property=\"og:image\" content=\"https:\/\/www.fcbarcelonanoticias.com\/en\/wp-content\/uploads\/sites\/2\/2023\/02\/take-kubo-real-sociedad.jpeg\" \/>\n\t<meta property=\"og:image:width\" content=\"1300\" \/>\n\t<meta property=\"og:image:height\" content=\"732\" \/>\n\t<meta property=\"og:image:type\" content=\"image\/jpeg\" \/>\n<meta name=\"author\" content=\"Andr\u00e9s Quiroz\" \/>\n<meta name=\"twitter:card\" content=\"summary_large_image\" \/>\n<meta name=\"twitter:label1\" content=\"Written by\" \/>\n\t<meta name=\"twitter:data1\" content=\"Andr\u00e9s Quiroz\" \/>\n\t<meta name=\"twitter:label2\" content=\"Est. reading time\" \/>\n\t<meta name=\"twitter:data2\" content=\"2 minutes\" \/>\n<script type=\"application\/ld+json\" class=\"yoast-schema-graph\">{\"@context\":\"https:\\\/\\\/schema.org\",\"@graph\":[{\"@type\":\"Article\",\"@id\":\"https:\\\/\\\/www.fcbarcelonanoticias.com\\\/en\\\/transfers\\\/blow-to-madrid-xavi-would-be-for-the-work-of-take-kubo-return-to-barcelona_289753_102.html#article\",\"isPartOf\":{\"@id\":\"https:\\\/\\\/www.fcbarcelonanoticias.com\\\/en\\\/transfers\\\/blow-to-madrid-xavi-would-be-for-the-work-of-take-kubo-return-to-barcelona_289753_102.html\"},\"author\":{\"name\":\"Andr\u00e9s Quiroz\",\"@id\":\"https:\\\/\\\/www.fcbarcelonanoticias.com\\\/en\\\/#\\\/schema\\\/person\\\/c2cd9f6fa1af5c0d0eccd0fefa575c88\"},\"headline\":\"Blow to Madrid? Xavi would be for the work of Take Kubo&#8217;s return to Bar\u00e7a\",\"datePublished\":\"2023-02-18T17:21:00+00:00\",\"mainEntityOfPage\":{\"@id\":\"https:\\\/\\\/www.fcbarcelonanoticias.com\\\/en\\\/transfers\\\/blow-to-madrid-xavi-would-be-for-the-work-of-take-kubo-return-to-barcelona_289753_102.html\"},\"wordCount\":466,\"image\":{\"@id\":\"https:\\\/\\\/www.fcbarcelonanoticias.com\\\/en\\\/transfers\\\/blow-to-madrid-xavi-would-be-for-the-work-of-take-kubo-return-to-barcelona_289753_102.html#primaryimage\"},\"thumbnailUrl\":\"https:\\\/\\\/www.fcbarcelonanoticias.com\\\/en\\\/wp-content\\\/uploads\\\/sites\\\/2\\\/2023\\\/02\\\/take-kubo-real-sociedad.jpeg\",\"keywords\":[\"Real Sociedad\",\"Xavi Hern\u00e1ndez\"],\"articleSection\":[\"Transfers\",\"Transfers\"],\"inLanguage\":\"en-US\"},{\"@type\":\"WebPage\",\"@id\":\"https:\\\/\\\/www.fcbarcelonanoticias.com\\\/en\\\/transfers\\\/blow-to-madrid-xavi-would-be-for-the-work-of-take-kubo-return-to-barcelona_289753_102.html\",\"url\":\"https:\\\/\\\/www.fcbarcelonanoticias.com\\\/en\\\/transfers\\\/blow-to-madrid-xavi-would-be-for-the-work-of-take-kubo-return-to-barcelona_289753_102.html\",\"name\":\"Blow to Madrid? Xavi would be for the work of Take Kubo's return to Bar\u00e7a\",\"isPartOf\":{\"@id\":\"https:\\\/\\\/www.fcbarcelonanoticias.com\\\/en\\\/#website\"},\"primaryImageOfPage\":{\"@id\":\"https:\\\/\\\/www.fcbarcelonanoticias.com\\\/en\\\/transfers\\\/blow-to-madrid-xavi-would-be-for-the-work-of-take-kubo-return-to-barcelona_289753_102.html#primaryimage\"},\"image\":{\"@id\":\"https:\\\/\\\/www.fcbarcelonanoticias.com\\\/en\\\/transfers\\\/blow-to-madrid-xavi-would-be-for-the-work-of-take-kubo-return-to-barcelona_289753_102.html#primaryimage\"},\"thumbnailUrl\":\"https:\\\/\\\/www.fcbarcelonanoticias.com\\\/en\\\/wp-content\\\/uploads\\\/sites\\\/2\\\/2023\\\/02\\\/take-kubo-real-sociedad.jpeg\",\"datePublished\":\"2023-02-18T17:21:00+00:00\",\"author\":{\"@id\":\"https:\\\/\\\/www.fcbarcelonanoticias.com\\\/en\\\/#\\\/schema\\\/person\\\/c2cd9f6fa1af5c0d0eccd0fefa575c88\"},\"description\":\"Takefusa Kubo is completing his best season since his arrival in Spain in 2018. Xavi Hern\u00e1ndez likes the Japanese very much, who would give the 'OK' to his signing, but the operation seems quite complicated at this point\",\"breadcrumb\":{\"@id\":\"https:\\\/\\\/www.fcbarcelonanoticias.com\\\/en\\\/transfers\\\/blow-to-madrid-xavi-would-be-for-the-work-of-take-kubo-return-to-barcelona_289753_102.html#breadcrumb\"},\"inLanguage\":\"en-US\",\"potentialAction\":[{\"@type\":\"ReadAction\",\"target\":[\"https:\\\/\\\/www.fcbarcelonanoticias.com\\\/en\\\/transfers\\\/blow-to-madrid-xavi-would-be-for-the-work-of-take-kubo-return-to-barcelona_289753_102.html\"]}]},{\"@type\":\"ImageObject\",\"inLanguage\":\"en-US\",\"@id\":\"https:\\\/\\\/www.fcbarcelonanoticias.com\\\/en\\\/transfers\\\/blow-to-madrid-xavi-would-be-for-the-work-of-take-kubo-return-to-barcelona_289753_102.html#primaryimage\",\"url\":\"https:\\\/\\\/www.fcbarcelonanoticias.com\\\/en\\\/wp-content\\\/uploads\\\/sites\\\/2\\\/2023\\\/02\\\/take-kubo-real-sociedad.jpeg\",\"contentUrl\":\"https:\\\/\\\/www.fcbarcelonanoticias.com\\\/en\\\/wp-content\\\/uploads\\\/sites\\\/2\\\/2023\\\/02\\\/take-kubo-real-sociedad.jpeg\",\"width\":1300,\"height\":732},{\"@type\":\"BreadcrumbList\",\"@id\":\"https:\\\/\\\/www.fcbarcelonanoticias.com\\\/en\\\/transfers\\\/blow-to-madrid-xavi-would-be-for-the-work-of-take-kubo-return-to-barcelona_289753_102.html#breadcrumb\",\"itemListElement\":[{\"@type\":\"ListItem\",\"position\":1,\"name\":\"Portada\",\"item\":\"https:\\\/\\\/www.fcbarcelonanoticias.com\\\/en\\\/\"},{\"@type\":\"ListItem\",\"position\":2,\"name\":\"Blow to Madrid? Xavi would be for the work of Take Kubo&#8217;s return to Bar\u00e7a\"}]},{\"@type\":\"WebSite\",\"@id\":\"https:\\\/\\\/www.fcbarcelonanoticias.com\\\/en\\\/#website\",\"url\":\"https:\\\/\\\/www.fcbarcelonanoticias.com\\\/en\\\/\",\"name\":\"EN - FC Barcelona Noticias\",\"description\":\"\",\"potentialAction\":[{\"@type\":\"SearchAction\",\"target\":{\"@type\":\"EntryPoint\",\"urlTemplate\":\"https:\\\/\\\/www.fcbarcelonanoticias.com\\\/en\\\/?s={search_term_string}\"},\"query-input\":{\"@type\":\"PropertyValueSpecification\",\"valueRequired\":true,\"valueName\":\"search_term_string\"}}],\"inLanguage\":\"en-US\"},{\"@type\":\"Person\",\"@id\":\"https:\\\/\\\/www.fcbarcelonanoticias.com\\\/en\\\/#\\\/schema\\\/person\\\/c2cd9f6fa1af5c0d0eccd0fefa575c88\",\"name\":\"Andr\u00e9s Quiroz\",\"image\":{\"@type\":\"ImageObject\",\"inLanguage\":\"en-US\",\"@id\":\"https:\\\/\\\/secure.gravatar.com\\\/avatar\\\/?s=96&d=mm&r=g\",\"url\":\"https:\\\/\\\/secure.gravatar.com\\\/avatar\\\/?s=96&d=mm&r=g\",\"contentUrl\":\"https:\\\/\\\/secure.gravatar.com\\\/avatar\\\/?s=96&d=mm&r=g\",\"caption\":\"Andr\u00e9s Quiroz\"},\"description\":\"Licenciado en Periodismo por la Universidad de los Andes. Me encargo de analizar y compartir los contenidos m\u00e1s destacados de la\u00a0actualidad del F\u00fatbol Club Barcelona, Mercado de Fichajes y F\u00fatbol Internacional en FCBN. La informaci\u00f3n es poder, pero tambi\u00e9n conocimiento.\",\"url\":\"https:\\\/\\\/www.fcbarcelonanoticias.com\\\/en\\\/fc-barcelona\\\/andres-quiroz_17_115.html\"}]}<\/script>\n<!-- \/ Yoast SEO plugin. -->","yoast_head_json":{"title":"Blow to Madrid? Xavi would be for the work of Take Kubo's return to Bar\u00e7a","description":"Takefusa Kubo is completing his best season since his arrival in Spain in 2018. Xavi Hern\u00e1ndez likes the Japanese very much, who would give the 'OK' to his signing, but the operation seems quite complicated at this point","robots":{"index":"index","follow":"follow","max-snippet":"max-snippet:-1","max-image-preview":"max-image-preview:large","max-video-preview":"max-video-preview:-1"},"canonical":"https:\/\/www.fcbarcelonanoticias.com\/en\/transfers\/blow-to-madrid-xavi-would-be-for-the-work-of-take-kubo-return-to-barcelona_289753_102.html","og_locale":"en_US","og_type":"article","og_title":"Blow to Madrid? Xavi would be for the work of Take Kubo's return to Bar\u00e7a","og_description":"Takefusa Kubo is completing his best season since his arrival in Spain in 2018. Xavi Hern\u00e1ndez likes the Japanese very much, who would give the 'OK' to his signing, but the operation seems quite complicated at this point","og_url":"https:\/\/www.fcbarcelonanoticias.com\/en\/transfers\/blow-to-madrid-xavi-would-be-for-the-work-of-take-kubo-return-to-barcelona_289753_102.html","og_site_name":"EN - FC Barcelona Noticias","article_published_time":"2023-02-18T17:21:00+00:00","og_image":[{"width":1300,"height":732,"url":"https:\/\/www.fcbarcelonanoticias.com\/en\/wp-content\/uploads\/sites\/2\/2023\/02\/take-kubo-real-sociedad.jpeg","type":"image\/jpeg"}],"author":"Andr\u00e9s Quiroz","twitter_card":"summary_large_image","twitter_misc":{"Written by":"Andr\u00e9s Quiroz","Est. reading time":"2 minutes"},"schema":{"@context":"https:\/\/schema.org","@graph":[{"@type":"Article","@id":"https:\/\/www.fcbarcelonanoticias.com\/en\/transfers\/blow-to-madrid-xavi-would-be-for-the-work-of-take-kubo-return-to-barcelona_289753_102.html#article","isPartOf":{"@id":"https:\/\/www.fcbarcelonanoticias.com\/en\/transfers\/blow-to-madrid-xavi-would-be-for-the-work-of-take-kubo-return-to-barcelona_289753_102.html"},"author":{"name":"Andr\u00e9s Quiroz","@id":"https:\/\/www.fcbarcelonanoticias.com\/en\/#\/schema\/person\/c2cd9f6fa1af5c0d0eccd0fefa575c88"},"headline":"Blow to Madrid? Xavi would be for the work of Take Kubo&#8217;s return to Bar\u00e7a","datePublished":"2023-02-18T17:21:00+00:00","mainEntityOfPage":{"@id":"https:\/\/www.fcbarcelonanoticias.com\/en\/transfers\/blow-to-madrid-xavi-would-be-for-the-work-of-take-kubo-return-to-barcelona_289753_102.html"},"wordCount":466,"image":{"@id":"https:\/\/www.fcbarcelonanoticias.com\/en\/transfers\/blow-to-madrid-xavi-would-be-for-the-work-of-take-kubo-return-to-barcelona_289753_102.html#primaryimage"},"thumbnailUrl":"https:\/\/www.fcbarcelonanoticias.com\/en\/wp-content\/uploads\/sites\/2\/2023\/02\/take-kubo-real-sociedad.jpeg","keywords":["Real Sociedad","Xavi Hern\u00e1ndez"],"articleSection":["Transfers","Transfers"],"inLanguage":"en-US"},{"@type":"WebPage","@id":"https:\/\/www.fcbarcelonanoticias.com\/en\/transfers\/blow-to-madrid-xavi-would-be-for-the-work-of-take-kubo-return-to-barcelona_289753_102.html","url":"https:\/\/www.fcbarcelonanoticias.com\/en\/transfers\/blow-to-madrid-xavi-would-be-for-the-work-of-take-kubo-return-to-barcelona_289753_102.html","name":"Blow to Madrid? Xavi would be for the work of Take Kubo's return to Bar\u00e7a","isPartOf":{"@id":"https:\/\/www.fcbarcelonanoticias.com\/en\/#website"},"primaryImageOfPage":{"@id":"https:\/\/www.fcbarcelonanoticias.com\/en\/transfers\/blow-to-madrid-xavi-would-be-for-the-work-of-take-kubo-return-to-barcelona_289753_102.html#primaryimage"},"image":{"@id":"https:\/\/www.fcbarcelonanoticias.com\/en\/transfers\/blow-to-madrid-xavi-would-be-for-the-work-of-take-kubo-return-to-barcelona_289753_102.html#primaryimage"},"thumbnailUrl":"https:\/\/www.fcbarcelonanoticias.com\/en\/wp-content\/uploads\/sites\/2\/2023\/02\/take-kubo-real-sociedad.jpeg","datePublished":"2023-02-18T17:21:00+00:00","author":{"@id":"https:\/\/www.fcbarcelonanoticias.com\/en\/#\/schema\/person\/c2cd9f6fa1af5c0d0eccd0fefa575c88"},"description":"Takefusa Kubo is completing his best season since his arrival in Spain in 2018. Xavi Hern\u00e1ndez likes the Japanese very much, who would give the 'OK' to his signing, but the operation seems quite complicated at this point","breadcrumb":{"@id":"https:\/\/www.fcbarcelonanoticias.com\/en\/transfers\/blow-to-madrid-xavi-would-be-for-the-work-of-take-kubo-return-to-barcelona_289753_102.html#breadcrumb"},"inLanguage":"en-US","potentialAction":[{"@type":"ReadAction","target":["https:\/\/www.fcbarcelonanoticias.com\/en\/transfers\/blow-to-madrid-xavi-would-be-for-the-work-of-take-kubo-return-to-barcelona_289753_102.html"]}]},{"@type":"ImageObject","inLanguage":"en-US","@id":"https:\/\/www.fcbarcelonanoticias.com\/en\/transfers\/blow-to-madrid-xavi-would-be-for-the-work-of-take-kubo-return-to-barcelona_289753_102.html#primaryimage","url":"https:\/\/www.fcbarcelonanoticias.com\/en\/wp-content\/uploads\/sites\/2\/2023\/02\/take-kubo-real-sociedad.jpeg","contentUrl":"https:\/\/www.fcbarcelonanoticias.com\/en\/wp-content\/uploads\/sites\/2\/2023\/02\/take-kubo-real-sociedad.jpeg","width":1300,"height":732},{"@type":"BreadcrumbList","@id":"https:\/\/www.fcbarcelonanoticias.com\/en\/transfers\/blow-to-madrid-xavi-would-be-for-the-work-of-take-kubo-return-to-barcelona_289753_102.html#breadcrumb","itemListElement":[{"@type":"ListItem","position":1,"name":"Portada","item":"https:\/\/www.fcbarcelonanoticias.com\/en\/"},{"@type":"ListItem","position":2,"name":"Blow to Madrid? Xavi would be for the work of Take Kubo&#8217;s return to Bar\u00e7a"}]},{"@type":"WebSite","@id":"https:\/\/www.fcbarcelonanoticias.com\/en\/#website","url":"https:\/\/www.fcbarcelonanoticias.com\/en\/","name":"EN - FC Barcelona Noticias","description":"","potentialAction":[{"@type":"SearchAction","target":{"@type":"EntryPoint","urlTemplate":"https:\/\/www.fcbarcelonanoticias.com\/en\/?s={search_term_string}"},"query-input":{"@type":"PropertyValueSpecification","valueRequired":true,"valueName":"search_term_string"}}],"inLanguage":"en-US"},{"@type":"Person","@id":"https:\/\/www.fcbarcelonanoticias.com\/en\/#\/schema\/person\/c2cd9f6fa1af5c0d0eccd0fefa575c88","name":"Andr\u00e9s Quiroz","image":{"@type":"ImageObject","inLanguage":"en-US","@id":"https:\/\/secure.gravatar.com\/avatar\/?s=96&d=mm&r=g","url":"https:\/\/secure.gravatar.com\/avatar\/?s=96&d=mm&r=g","contentUrl":"https:\/\/secure.gravatar.com\/avatar\/?s=96&d=mm&r=g","caption":"Andr\u00e9s Quiroz"},"description":"Licenciado en Periodismo por la Universidad de los Andes. Me encargo de analizar y compartir los contenidos m\u00e1s destacados de la\u00a0actualidad del F\u00fatbol Club Barcelona, Mercado de Fichajes y F\u00fatbol Internacional en FCBN. La informaci\u00f3n es poder, pero tambi\u00e9n conocimiento.","url":"https:\/\/www.fcbarcelonanoticias.com\/en\/fc-barcelona\/andres-quiroz_17_115.html"}]}},"_links":{"self":[{"href":"https:\/\/www.fcbarcelonanoticias.com\/en\/wp-json\/wp\/v2\/posts\/99004","targetHints":{"allow":["GET"]}}],"collection":[{"href":"https:\/\/www.fcbarcelonanoticias.com\/en\/wp-json\/wp\/v2\/posts"}],"about":[{"href":"https:\/\/www.fcbarcelonanoticias.com\/en\/wp-json\/wp\/v2\/types\/post"}],"author":[{"embeddable":true,"href":"https:\/\/www.fcbarcelonanoticias.com\/en\/wp-json\/wp\/v2\/users\/347"}],"replies":[{"embeddable":true,"href":"https:\/\/www.fcbarcelonanoticias.com\/en\/wp-json\/wp\/v2\/comments?post=99004"}],"version-history":[{"count":1,"href":"https:\/\/www.fcbarcelonanoticias.com\/en\/wp-json\/wp\/v2\/posts\/99004\/revisions"}],"predecessor-version":[{"id":125710,"href":"https:\/\/www.fcbarcelonanoticias.com\/en\/wp-json\/wp\/v2\/posts\/99004\/revisions\/125710"}],"wp:featuredmedia":[{"embeddable":true,"href":"https:\/\/www.fcbarcelonanoticias.com\/en\/wp-json\/wp\/v2\/media\/99013"}],"wp:attachment":[{"href":"https:\/\/www.fcbarcelonanoticias.com\/en\/wp-json\/wp\/v2\/media?parent=99004"}],"wp:term":[{"taxonomy":"category","embeddable":true,"href":"https:\/\/www.fcbarcelonanoticias.com\/en\/wp-json\/wp\/v2\/categories?post=99004"},{"taxonomy":"post_tag","embeddable":true,"href":"https:\/\/www.fcbarcelonanoticias.com\/en\/wp-json\/wp\/v2\/tags?post=99004"}],"curies":[{"name":"wp","href":"https:\/\/api.w.org\/{rel}","templated":true}]}}