{"id":99107,"date":"2020-06-09T07:19:00","date_gmt":"2020-06-09T05:19:00","guid":{"rendered":"https:\/\/weisetech.dev\/fc-barcelona-noticias\/en\/betis-insist-emerson-not-move-villamarin_258310_102\/"},"modified":"2020-06-09T07:19:00","modified_gmt":"2020-06-09T05:19:00","slug":"betis-insist-emerson-not-move-villamarin_258310_102","status":"publish","type":"post","link":"https:\/\/www.fcbarcelonanoticias.com\/en\/transfers\/betis-insist-emerson-not-move-villamarin_258310_102.html","title":{"rendered":"Betis insist that Emerson will not move from Villamar\u00edn"},"content":{"rendered":"<h2 class=\"wp-block-heading\">The president of Real Betis assured in his last interview that he has Emerson Royal for next season. \u00c1ngel Haro does not contemplate the Brazilian&#8217;s departure to Bar\u00e7a and also assured that he will negotiate for Carles Ale\u00f1\u00e1<\/h2>  \r\n<div class=\"article-addons\">\r\n    <a href=\"https:\/\/www.fcbarcelonanoticias.com\/en\/calendar-fc-barcelona.html\"\r\n       target=\"_self\"\r\n       title=\"Calendar of FC Barcelona\"\r\n       class=\"blue-gredient-btn\">\r\n       \r\n        Calendar of FC Barcelona    <\/a>\r\n<\/div>   <p>The relation of the FC Barcelona and the Real Betis goes through a big moment and seems that both clubs will follow throwing a hand this summer, the same that in the past. <strong>Both clubs share the property of <a data-external=\"0\" data-intl-links-en=\"https:\/\/www.fcbarcelonanoticias.com\/en\/tags\/emerson\" data-intl-links-es=\"https:\/\/www.fcbarcelonanoticias.com\/tags\/emerson\" href=\"https:\/\/www.fcbarcelonanoticias.com\/en\/tags\/emerson.html\" rel=\"follow\" target=\"_self\" title=\"Emerson\">Emerson Royal<\/a>, that carries a year and half in the group verdiblanco<\/strong> and will belong officially to the cul\u00e9s in 2021, and also have yielded to <strong><a data-external=\"0\" data-intl-links-en=\"https:\/\/www.fcbarcelonanoticias.com\/en\/tags\/alena\" data-intl-links-es=\"https:\/\/www.fcbarcelonanoticias.com\/tags\/alena\" href=\"https:\/\/www.fcbarcelonanoticias.com\/en\/tags\/alena.html\" rel=\"follow\" target=\"_self\" title=\"Ale\u00f1\u00e1\">Carles Ale\u00f1\u00e1<\/a>\u200b<\/strong> in these moments. Besides, this past summer reached an agreement for the sale of Junior Firpo to the Barcelona team by 18 million euros and 12 in variables.<\/p>  <p>Centring in the case of Emerson, although officially it will not be of the Bar\u00e7a until next year,<strong> the Catalans can purchase to the carrilero from 1 July paying a quantity<\/strong>. It has spoken and it goes on speaking a lot of this possibility, since N\u00e9lson Semedo could go out of the Barcelona and his place would remain free. In this case, the ex of the Athletic Mineiro would be a real possibility, although l plan barcelonista does not go by here.<\/p>  <p>In fact, the Betis insists in that the footballer will not move whenever somebody asks after the future of the Brazilian. In this occasion has been \u00c1ngel Haro, president of the club b\u00e9tico, the one who has left clear that the defender will not leave . &#8220;The uncle is strong, is training well&#8230; <strong>Of unilateral form do not contemplate his exit. Have a good relation with the Bar\u00e7a<\/strong>&#8220;, affirmed in an interview for &#8216;Irradiate MARK&#8217;.<\/p>  <p>Nevertheless, the maximum mandator of the sevillanos does not close completely the door of exit of Emerson by what can happen. &#8220;Afterwards, <strong>if there is an option that is good for the boy and for all as it puts on of the table and already will speak <\/strong>&#8220;, admitted. In other words Haro is conscious that the Barcelona has the frying pan by the mango in this case and that will depend on what decide to do the blaugrana with the right-handed side.<\/p>  <p>The president of the Betis stood out the businesses that keep the Andalusians with the Bar\u00e7a and the pending conversation that has with the cul\u00e9s. Carles Ale\u00f1\u00e1 will be another of the subjects to treat and seems that the aim is to speak so much of the midfield player, yielded right now in the Villamar\u00edn, as of the carrilero. <strong>&#8220;We will see a lot of operations that have, of bilateral form, another operation accompanied with another assessment<\/strong>. And it will be necessary to value it of conjoint form and no separately&#8221;, signalled.<\/p>  <h3>Also it opened the doors of the Betis to Ceballos<\/h3>  <p>Besides, Haro also referred to Dani Ceballos, to the that the Real Madrid looks for him destination for the season that comes. It has spoken that the Betis could be a possibility for the half and his president opened him the door. &#8220;I think that over time he has darse# cuenta that perhaps a year more in the Betis would have come him very well. We gladden us of his successes. I have seen that has matured in this time and is <strong>showing with grow his feeling b\u00e9tico, appreciates . Who know if in a future find us by the way<\/strong>&#8220;, finalised.<\/p> ","protected":false},"excerpt":{"rendered":"<p>The president of Real Betis assured in his last interview that he has Emerson Royal for next season. \u00c1ngel Haro does not contemplate the Brazilian&#8217;s departure to Bar\u00e7a and also assured that he will negotiate for Carles Ale\u00f1\u00e1 The relation of the FC Barcelona and the Real Betis goes through a big moment and seems [&hellip;]<\/p>\n","protected":false},"author":392,"featured_media":99121,"comment_status":"closed","ping_status":"open","sticky":false,"template":"","format":"standard","meta":{"_acf_changed":false,"inline_featured_image":false,"_nextfly_llmd_date_locked":false,"footnotes":""},"categories":[449,106],"tags":[296,339,63],"class_list":["post-99107","post","type-post","status-publish","format-standard","has-post-thumbnail","hentry","category-transfers-2","category-transfers","tag-alena","tag-emerson","tag-real-betis"],"acf":[],"yoast_head":"<!-- This site is optimized with the Yoast SEO plugin v27.3 - https:\/\/yoast.com\/product\/yoast-seo-wordpress\/ -->\n<title>Betis insist that Emerson will not move from Villamar\u00edn<\/title>\n<meta name=\"description\" content=\"The president of the Real Betis ensured in his last interview that has Emerson Royal for the next season. \u00c1ngel Haro does not contemplate the course of the br...\" \/>\n<meta name=\"robots\" content=\"index, follow, max-snippet:-1, max-image-preview:large, max-video-preview:-1\" \/>\n<link rel=\"canonical\" href=\"https:\/\/www.fcbarcelonanoticias.com\/en\/transfers\/betis-insist-emerson-not-move-villamarin_258310_102.html\" \/>\n<meta property=\"og:locale\" content=\"en_US\" \/>\n<meta property=\"og:type\" content=\"article\" \/>\n<meta property=\"og:title\" content=\"Betis insist that Emerson will not move from Villamar\u00edn\" \/>\n<meta property=\"og:description\" content=\"The president of the Real Betis ensured in his last interview that has Emerson Royal for the next season. \u00c1ngel Haro does not contemplate the course of the br...\" \/>\n<meta property=\"og:url\" content=\"https:\/\/www.fcbarcelonanoticias.com\/en\/transfers\/betis-insist-emerson-not-move-villamarin_258310_102.html\" \/>\n<meta property=\"og:site_name\" content=\"EN - FC Barcelona Noticias\" \/>\n<meta property=\"article:published_time\" content=\"2020-06-09T05:19:00+00:00\" \/>\n<meta property=\"og:image\" content=\"https:\/\/www.fcbarcelonanoticias.com\/en\/wp-content\/uploads\/sites\/2\/2020\/06\/emerson-realbetis8.jpeg\" \/>\n\t<meta property=\"og:image:width\" content=\"1200\" \/>\n\t<meta property=\"og:image:height\" content=\"675\" \/>\n\t<meta property=\"og:image:type\" content=\"image\/jpeg\" \/>\n<meta name=\"author\" content=\"user_4048\" \/>\n<meta name=\"twitter:card\" content=\"summary_large_image\" \/>\n<meta name=\"twitter:label1\" content=\"Written by\" \/>\n\t<meta name=\"twitter:data1\" content=\"user_4048\" \/>\n\t<meta name=\"twitter:label2\" content=\"Est. reading time\" \/>\n\t<meta name=\"twitter:data2\" content=\"3 minutes\" \/>\n<script type=\"application\/ld+json\" class=\"yoast-schema-graph\">{\"@context\":\"https:\\\/\\\/schema.org\",\"@graph\":[{\"@type\":\"Article\",\"@id\":\"https:\\\/\\\/www.fcbarcelonanoticias.com\\\/en\\\/transfers\\\/betis-insist-emerson-not-move-villamarin_258310_102.html#article\",\"isPartOf\":{\"@id\":\"https:\\\/\\\/www.fcbarcelonanoticias.com\\\/en\\\/transfers\\\/betis-insist-emerson-not-move-villamarin_258310_102.html\"},\"author\":{\"name\":\"user_4048\",\"@id\":\"https:\\\/\\\/www.fcbarcelonanoticias.com\\\/en\\\/#\\\/schema\\\/person\\\/fcdad55cab72b8d0e106d75506783b6d\"},\"headline\":\"Betis insist that Emerson will not move from Villamar\u00edn\",\"datePublished\":\"2020-06-09T05:19:00+00:00\",\"mainEntityOfPage\":{\"@id\":\"https:\\\/\\\/www.fcbarcelonanoticias.com\\\/en\\\/transfers\\\/betis-insist-emerson-not-move-villamarin_258310_102.html\"},\"wordCount\":591,\"image\":{\"@id\":\"https:\\\/\\\/www.fcbarcelonanoticias.com\\\/en\\\/transfers\\\/betis-insist-emerson-not-move-villamarin_258310_102.html#primaryimage\"},\"thumbnailUrl\":\"https:\\\/\\\/www.fcbarcelonanoticias.com\\\/en\\\/wp-content\\\/uploads\\\/sites\\\/2\\\/2020\\\/06\\\/emerson-realbetis8.jpeg\",\"keywords\":[\"Ale\u00f1\u00e1\",\"Emerson\",\"Real Betis\"],\"articleSection\":[\"Transfers\",\"Transfers\"],\"inLanguage\":\"en-US\"},{\"@type\":\"WebPage\",\"@id\":\"https:\\\/\\\/www.fcbarcelonanoticias.com\\\/en\\\/transfers\\\/betis-insist-emerson-not-move-villamarin_258310_102.html\",\"url\":\"https:\\\/\\\/www.fcbarcelonanoticias.com\\\/en\\\/transfers\\\/betis-insist-emerson-not-move-villamarin_258310_102.html\",\"name\":\"Betis insist that Emerson will not move from Villamar\u00edn\",\"isPartOf\":{\"@id\":\"https:\\\/\\\/www.fcbarcelonanoticias.com\\\/en\\\/#website\"},\"primaryImageOfPage\":{\"@id\":\"https:\\\/\\\/www.fcbarcelonanoticias.com\\\/en\\\/transfers\\\/betis-insist-emerson-not-move-villamarin_258310_102.html#primaryimage\"},\"image\":{\"@id\":\"https:\\\/\\\/www.fcbarcelonanoticias.com\\\/en\\\/transfers\\\/betis-insist-emerson-not-move-villamarin_258310_102.html#primaryimage\"},\"thumbnailUrl\":\"https:\\\/\\\/www.fcbarcelonanoticias.com\\\/en\\\/wp-content\\\/uploads\\\/sites\\\/2\\\/2020\\\/06\\\/emerson-realbetis8.jpeg\",\"datePublished\":\"2020-06-09T05:19:00+00:00\",\"author\":{\"@id\":\"https:\\\/\\\/www.fcbarcelonanoticias.com\\\/en\\\/#\\\/schema\\\/person\\\/fcdad55cab72b8d0e106d75506783b6d\"},\"description\":\"The president of the Real Betis ensured in his last interview that has Emerson Royal for the next season. \u00c1ngel Haro does not contemplate the course of the br...\",\"breadcrumb\":{\"@id\":\"https:\\\/\\\/www.fcbarcelonanoticias.com\\\/en\\\/transfers\\\/betis-insist-emerson-not-move-villamarin_258310_102.html#breadcrumb\"},\"inLanguage\":\"en-US\",\"potentialAction\":[{\"@type\":\"ReadAction\",\"target\":[\"https:\\\/\\\/www.fcbarcelonanoticias.com\\\/en\\\/transfers\\\/betis-insist-emerson-not-move-villamarin_258310_102.html\"]}]},{\"@type\":\"ImageObject\",\"inLanguage\":\"en-US\",\"@id\":\"https:\\\/\\\/www.fcbarcelonanoticias.com\\\/en\\\/transfers\\\/betis-insist-emerson-not-move-villamarin_258310_102.html#primaryimage\",\"url\":\"https:\\\/\\\/www.fcbarcelonanoticias.com\\\/en\\\/wp-content\\\/uploads\\\/sites\\\/2\\\/2020\\\/06\\\/emerson-realbetis8.jpeg\",\"contentUrl\":\"https:\\\/\\\/www.fcbarcelonanoticias.com\\\/en\\\/wp-content\\\/uploads\\\/sites\\\/2\\\/2020\\\/06\\\/emerson-realbetis8.jpeg\",\"width\":1200,\"height\":675},{\"@type\":\"BreadcrumbList\",\"@id\":\"https:\\\/\\\/www.fcbarcelonanoticias.com\\\/en\\\/transfers\\\/betis-insist-emerson-not-move-villamarin_258310_102.html#breadcrumb\",\"itemListElement\":[{\"@type\":\"ListItem\",\"position\":1,\"name\":\"Portada\",\"item\":\"https:\\\/\\\/www.fcbarcelonanoticias.com\\\/en\\\/\"},{\"@type\":\"ListItem\",\"position\":2,\"name\":\"Betis insist that Emerson will not move from Villamar\u00edn\"}]},{\"@type\":\"WebSite\",\"@id\":\"https:\\\/\\\/www.fcbarcelonanoticias.com\\\/en\\\/#website\",\"url\":\"https:\\\/\\\/www.fcbarcelonanoticias.com\\\/en\\\/\",\"name\":\"EN - FC Barcelona Noticias\",\"description\":\"\",\"potentialAction\":[{\"@type\":\"SearchAction\",\"target\":{\"@type\":\"EntryPoint\",\"urlTemplate\":\"https:\\\/\\\/www.fcbarcelonanoticias.com\\\/en\\\/?s={search_term_string}\"},\"query-input\":{\"@type\":\"PropertyValueSpecification\",\"valueRequired\":true,\"valueName\":\"search_term_string\"}}],\"inLanguage\":\"en-US\"},{\"@type\":\"Person\",\"@id\":\"https:\\\/\\\/www.fcbarcelonanoticias.com\\\/en\\\/#\\\/schema\\\/person\\\/fcdad55cab72b8d0e106d75506783b6d\",\"name\":\"user_4048\",\"image\":{\"@type\":\"ImageObject\",\"inLanguage\":\"en-US\",\"@id\":\"https:\\\/\\\/secure.gravatar.com\\\/avatar\\\/?s=96&d=mm&r=g\",\"url\":\"https:\\\/\\\/secure.gravatar.com\\\/avatar\\\/?s=96&d=mm&r=g\",\"contentUrl\":\"https:\\\/\\\/secure.gravatar.com\\\/avatar\\\/?s=96&d=mm&r=g\",\"caption\":\"user_4048\"},\"url\":\"https:\\\/\\\/www.fcbarcelonanoticias.com\\\/en\\\/user_4048.html\"}]}<\/script>\n<!-- \/ Yoast SEO plugin. -->","yoast_head_json":{"title":"Betis insist that Emerson will not move from Villamar\u00edn","description":"The president of the Real Betis ensured in his last interview that has Emerson Royal for the next season. \u00c1ngel Haro does not contemplate the course of the br...","robots":{"index":"index","follow":"follow","max-snippet":"max-snippet:-1","max-image-preview":"max-image-preview:large","max-video-preview":"max-video-preview:-1"},"canonical":"https:\/\/www.fcbarcelonanoticias.com\/en\/transfers\/betis-insist-emerson-not-move-villamarin_258310_102.html","og_locale":"en_US","og_type":"article","og_title":"Betis insist that Emerson will not move from Villamar\u00edn","og_description":"The president of the Real Betis ensured in his last interview that has Emerson Royal for the next season. \u00c1ngel Haro does not contemplate the course of the br...","og_url":"https:\/\/www.fcbarcelonanoticias.com\/en\/transfers\/betis-insist-emerson-not-move-villamarin_258310_102.html","og_site_name":"EN - FC Barcelona Noticias","article_published_time":"2020-06-09T05:19:00+00:00","og_image":[{"width":1200,"height":675,"url":"https:\/\/www.fcbarcelonanoticias.com\/en\/wp-content\/uploads\/sites\/2\/2020\/06\/emerson-realbetis8.jpeg","type":"image\/jpeg"}],"author":"user_4048","twitter_card":"summary_large_image","twitter_misc":{"Written by":"user_4048","Est. reading time":"3 minutes"},"schema":{"@context":"https:\/\/schema.org","@graph":[{"@type":"Article","@id":"https:\/\/www.fcbarcelonanoticias.com\/en\/transfers\/betis-insist-emerson-not-move-villamarin_258310_102.html#article","isPartOf":{"@id":"https:\/\/www.fcbarcelonanoticias.com\/en\/transfers\/betis-insist-emerson-not-move-villamarin_258310_102.html"},"author":{"name":"user_4048","@id":"https:\/\/www.fcbarcelonanoticias.com\/en\/#\/schema\/person\/fcdad55cab72b8d0e106d75506783b6d"},"headline":"Betis insist that Emerson will not move from Villamar\u00edn","datePublished":"2020-06-09T05:19:00+00:00","mainEntityOfPage":{"@id":"https:\/\/www.fcbarcelonanoticias.com\/en\/transfers\/betis-insist-emerson-not-move-villamarin_258310_102.html"},"wordCount":591,"image":{"@id":"https:\/\/www.fcbarcelonanoticias.com\/en\/transfers\/betis-insist-emerson-not-move-villamarin_258310_102.html#primaryimage"},"thumbnailUrl":"https:\/\/www.fcbarcelonanoticias.com\/en\/wp-content\/uploads\/sites\/2\/2020\/06\/emerson-realbetis8.jpeg","keywords":["Ale\u00f1\u00e1","Emerson","Real Betis"],"articleSection":["Transfers","Transfers"],"inLanguage":"en-US"},{"@type":"WebPage","@id":"https:\/\/www.fcbarcelonanoticias.com\/en\/transfers\/betis-insist-emerson-not-move-villamarin_258310_102.html","url":"https:\/\/www.fcbarcelonanoticias.com\/en\/transfers\/betis-insist-emerson-not-move-villamarin_258310_102.html","name":"Betis insist that Emerson will not move from Villamar\u00edn","isPartOf":{"@id":"https:\/\/www.fcbarcelonanoticias.com\/en\/#website"},"primaryImageOfPage":{"@id":"https:\/\/www.fcbarcelonanoticias.com\/en\/transfers\/betis-insist-emerson-not-move-villamarin_258310_102.html#primaryimage"},"image":{"@id":"https:\/\/www.fcbarcelonanoticias.com\/en\/transfers\/betis-insist-emerson-not-move-villamarin_258310_102.html#primaryimage"},"thumbnailUrl":"https:\/\/www.fcbarcelonanoticias.com\/en\/wp-content\/uploads\/sites\/2\/2020\/06\/emerson-realbetis8.jpeg","datePublished":"2020-06-09T05:19:00+00:00","author":{"@id":"https:\/\/www.fcbarcelonanoticias.com\/en\/#\/schema\/person\/fcdad55cab72b8d0e106d75506783b6d"},"description":"The president of the Real Betis ensured in his last interview that has Emerson Royal for the next season. \u00c1ngel Haro does not contemplate the course of the br...","breadcrumb":{"@id":"https:\/\/www.fcbarcelonanoticias.com\/en\/transfers\/betis-insist-emerson-not-move-villamarin_258310_102.html#breadcrumb"},"inLanguage":"en-US","potentialAction":[{"@type":"ReadAction","target":["https:\/\/www.fcbarcelonanoticias.com\/en\/transfers\/betis-insist-emerson-not-move-villamarin_258310_102.html"]}]},{"@type":"ImageObject","inLanguage":"en-US","@id":"https:\/\/www.fcbarcelonanoticias.com\/en\/transfers\/betis-insist-emerson-not-move-villamarin_258310_102.html#primaryimage","url":"https:\/\/www.fcbarcelonanoticias.com\/en\/wp-content\/uploads\/sites\/2\/2020\/06\/emerson-realbetis8.jpeg","contentUrl":"https:\/\/www.fcbarcelonanoticias.com\/en\/wp-content\/uploads\/sites\/2\/2020\/06\/emerson-realbetis8.jpeg","width":1200,"height":675},{"@type":"BreadcrumbList","@id":"https:\/\/www.fcbarcelonanoticias.com\/en\/transfers\/betis-insist-emerson-not-move-villamarin_258310_102.html#breadcrumb","itemListElement":[{"@type":"ListItem","position":1,"name":"Portada","item":"https:\/\/www.fcbarcelonanoticias.com\/en\/"},{"@type":"ListItem","position":2,"name":"Betis insist that Emerson will not move from Villamar\u00edn"}]},{"@type":"WebSite","@id":"https:\/\/www.fcbarcelonanoticias.com\/en\/#website","url":"https:\/\/www.fcbarcelonanoticias.com\/en\/","name":"EN - FC Barcelona Noticias","description":"","potentialAction":[{"@type":"SearchAction","target":{"@type":"EntryPoint","urlTemplate":"https:\/\/www.fcbarcelonanoticias.com\/en\/?s={search_term_string}"},"query-input":{"@type":"PropertyValueSpecification","valueRequired":true,"valueName":"search_term_string"}}],"inLanguage":"en-US"},{"@type":"Person","@id":"https:\/\/www.fcbarcelonanoticias.com\/en\/#\/schema\/person\/fcdad55cab72b8d0e106d75506783b6d","name":"user_4048","image":{"@type":"ImageObject","inLanguage":"en-US","@id":"https:\/\/secure.gravatar.com\/avatar\/?s=96&d=mm&r=g","url":"https:\/\/secure.gravatar.com\/avatar\/?s=96&d=mm&r=g","contentUrl":"https:\/\/secure.gravatar.com\/avatar\/?s=96&d=mm&r=g","caption":"user_4048"},"url":"https:\/\/www.fcbarcelonanoticias.com\/en\/user_4048.html"}]}},"_links":{"self":[{"href":"https:\/\/www.fcbarcelonanoticias.com\/en\/wp-json\/wp\/v2\/posts\/99107","targetHints":{"allow":["GET"]}}],"collection":[{"href":"https:\/\/www.fcbarcelonanoticias.com\/en\/wp-json\/wp\/v2\/posts"}],"about":[{"href":"https:\/\/www.fcbarcelonanoticias.com\/en\/wp-json\/wp\/v2\/types\/post"}],"author":[{"embeddable":true,"href":"https:\/\/www.fcbarcelonanoticias.com\/en\/wp-json\/wp\/v2\/users\/392"}],"replies":[{"embeddable":true,"href":"https:\/\/www.fcbarcelonanoticias.com\/en\/wp-json\/wp\/v2\/comments?post=99107"}],"version-history":[{"count":1,"href":"https:\/\/www.fcbarcelonanoticias.com\/en\/wp-json\/wp\/v2\/posts\/99107\/revisions"}],"predecessor-version":[{"id":125703,"href":"https:\/\/www.fcbarcelonanoticias.com\/en\/wp-json\/wp\/v2\/posts\/99107\/revisions\/125703"}],"wp:featuredmedia":[{"embeddable":true,"href":"https:\/\/www.fcbarcelonanoticias.com\/en\/wp-json\/wp\/v2\/media\/99121"}],"wp:attachment":[{"href":"https:\/\/www.fcbarcelonanoticias.com\/en\/wp-json\/wp\/v2\/media?parent=99107"}],"wp:term":[{"taxonomy":"category","embeddable":true,"href":"https:\/\/www.fcbarcelonanoticias.com\/en\/wp-json\/wp\/v2\/categories?post=99107"},{"taxonomy":"post_tag","embeddable":true,"href":"https:\/\/www.fcbarcelonanoticias.com\/en\/wp-json\/wp\/v2\/tags?post=99107"}],"curies":[{"name":"wp","href":"https:\/\/api.w.org\/{rel}","templated":true}]}}