{"id":99290,"date":"2015-12-18T11:21:00","date_gmt":"2015-12-18T10:21:00","guid":{"rendered":"https:\/\/weisetech.dev\/fc-barcelona-noticias\/en\/florentino-perez-does-not-say-no-to-the-turn-of-jose-mourinho_36942_102\/"},"modified":"2015-12-18T11:21:00","modified_gmt":"2015-12-18T10:21:00","slug":"florentino-perez-does-not-say-no-to-the-turn-of-jose-mourinho_36942_102","status":"publish","type":"post","link":"https:\/\/www.fcbarcelonanoticias.com\/en\/transfers\/florentino-perez-does-not-say-no-to-the-turn-of-jose-mourinho_36942_102.html","title":{"rendered":"Florentino P\u00e9rez does not say &#8220;no&#8221; to the turn of Jos\u00e9 Mourinho"},"content":{"rendered":"\r\n<div class=\"article-addons\">\r\n    <a href=\"https:\/\/www.fcbarcelonanoticias.com\/en\/calendar-fc-barcelona.html\"\r\n       target=\"_self\"\r\n       title=\"Calendar of FC Barcelona\"\r\n       class=\"blue-gredient-btn\">\r\n       \r\n        Calendar of FC Barcelona    <\/a>\r\n<\/div>   <div class=\"separator\" style=\"clear: both; text-align: center;\"><a href=\"https:\/\/2.bp.blogspot.com\/en\/-PhaAITPZgSA\/VnPbFPyLz5I\/AAAAAAAAFPw\/jY7T5WLKhu0\/s1600\/florentino-perez-no-dice-no-jose-mourinho.jpg\" imageanchor=\"1\" style=\"margin-left: 1em; margin-right: 1em;\"><\/a><\/div> <br><b>The president of the Real Madrid spoke in an interview on all the controversial cases that have dotted to the white group in the last months. It explained that it supports to the current trainer, sees to Zinedine Zidane like the future trainer and does not close him the door to &#8220;Mou&#8221;<\/b><br><br><span style=\"font-size: large;\"><b><span style=\"color: #990000;\">Ticket<\/span><\/b> &#8211; <b><u><a href=\"http:\/\/www.viagogo.es\/en\/Entradas-Deportes\/Futbol\/La-Liga-Primera-Division\/FC-Barcelona-Entradas\/E-1073690?AffiliateID=1558&amp;PCID=AFFESIAFF1558A548FCBFC6-05\" rel=\"nofollow\" target=\"_blank\">Gone in FC Barcelona vs Betis &#8211; League J17<\/a><\/u><\/b><\/span><br><span style=\"font-size: large;\"><b><span style=\"color: #990000;\">The Classical<\/span><\/b> &#8211; <b><u><a href=\"http:\/\/www.viagogo.es\/en\/Entradas-Deportes\/Futbol\/La-Liga-Primera-Division\/FC-Barcelona-Entradas\/E-1073691?AffiliateID=1558&amp;PCID=AFFESIAFF1558A548FCBFC6-05\" rel=\"nofollow\" target=\"_blank\">Gone in \/ Ticket FC Barcelona vs Real Madrid<\/a><\/u><\/b><\/span><br><span style=\"font-size: large;\"><b><span style=\"color: #990000;\">Ticket<\/span><\/b> &#8211; <b><u><a href=\"http:\/\/www.viagogo.es\/en\/Entradas-Deportes\/Futbol\/La-Liga-Primera-Division\/FC-Barcelona-Entradas?AffiliateID=1558&amp;PCID=AFFESIAFF1558A548FCBFC6-05\" rel=\"nofollow\" target=\"_blank\">Gone in for all the parties of the FC Barcelona<\/a><\/u><\/b><\/span> <br><br>The <b>president of the Real Madrid, Florentino P\u00e9rez, <\/b>conceded an interview to the &#8220;Chain BE&#8221; does some days where spoke of several subjects, especially centred in the controversies that at present have attacked to the <b>Real Madrid.<\/b> All the concerning the current trainer <b>Rafa Ben\u00edtez,<\/b> the possible turn of Mourinho, the <b>&#8220;case Cheryshev<\/b>&#8221; or the sectors of the fans that have asked his resignation in several occasions during the parties played in the Bernab\u00e9u.<br><br>On <b>Rafa Ben\u00edtez <\/b>the white president comments that it came to solve a problem and therefore he <b>is not the problem, but the solution. S<\/b><b>i Comes the Ray the Sunday and wins us will be still in the charge&#8221;<\/b>. Although it affirmed that the team has to &#8220;recover the intensity of three years ago&#8221;, when it was Mourinho in the bench, ensured that it has not posed  the dismissal of Ben\u00edtez.<br><br>Concerning this and on a possible change in the footpath merengue between <b>Ben\u00edtez and Zidane,<\/b> P\u00e9rez descart\u00f3 such thing and confirmed that the French &#8220;some day trainer of the Real Madrid&#8221;. In spite of the criticisms and the boos by part of the fans from the 0-4 in front of the FC Barcelona, Florentino thinks that &#8220;<b>the next season will keep on being president,<\/b> but the life gives a lot of turns&#8221;.<br><br>To the hour to speak of Jos\u00e9 Mourinho, recently destituido of Chelsea, did not close him in any moment the door for his turn to the Madrid. ?<b>The future anybody can foresee it<\/b>, but right now can not come <b>because have to Rafa Ben\u00edtez<\/b>, that came to solve a problem that had from the month of January. I <b>have very good memory of Mou, <\/b>that elevated our competitive level to heights very high. Also Of the Forest did a big work, but all arrive and all have to go because they suffer wear?, it explained.<br><br>&nbsp;On the controversy by the elimination madridista of the Glass of the King because of the &#8220;Case Cheryshev&#8221;, the maximum white mandator confirmed by time first that his had made a mistake since <b>?We have not been to the height of the circumstances<\/b>, but neither to the player neither to the club have said him at all?. But in spite of this follows with the tozudez to follow struggling in the courts. <b>?If they do not give us the reason (in the TAD) will attend to the contentious road-administrative<\/b>?, it concluded.<br><br> ","protected":false},"excerpt":{"rendered":"<p>The president of the Real Madrid spoke in an interview on all the controversial cases that have dotted to the white group in the last months. It explained that it supports to the current trainer, sees to Zinedine Zidane like the future trainer and does not close him the door to &#8220;Mou&#8221; Ticket &#8211; Gone [&hellip;]<\/p>\n","protected":false},"author":477,"featured_media":99299,"comment_status":"closed","ping_status":"open","sticky":false,"template":"","format":"standard","meta":{"_acf_changed":false,"inline_featured_image":false,"_nextfly_llmd_date_locked":false,"footnotes":""},"categories":[106,449],"tags":[177,176,258,306],"class_list":["post-99290","post","type-post","status-publish","format-standard","has-post-thumbnail","hentry","category-transfers","category-transfers-2","tag-florentino-perez","tag-jose-mourinho","tag-rafa-benitez","tag-zinedine-zidane"],"acf":[],"yoast_head":"<!-- This site is optimized with the Yoast SEO plugin v27.3 - https:\/\/yoast.com\/product\/yoast-seo-wordpress\/ -->\n<title>Florentino P\u00e9rez does not say &quot;no&quot; to the turn of Jos\u00e9 Mourinho<\/title>\n<meta name=\"description\" content=\"FCBarcelonaNoticias.com\" \/>\n<meta name=\"robots\" content=\"index, follow, max-snippet:-1, max-image-preview:large, max-video-preview:-1\" \/>\n<link rel=\"canonical\" href=\"https:\/\/www.fcbarcelonanoticias.com\/en\/transfers\/florentino-perez-does-not-say-no-to-the-turn-of-jose-mourinho_36942_102.html\" \/>\n<meta property=\"og:locale\" content=\"en_US\" \/>\n<meta property=\"og:type\" content=\"article\" \/>\n<meta property=\"og:title\" content=\"Florentino P\u00e9rez does not say &quot;no&quot; to the turn of Jos\u00e9 Mourinho\" \/>\n<meta property=\"og:description\" content=\"FCBarcelonaNoticias.com\" \/>\n<meta property=\"og:url\" content=\"https:\/\/www.fcbarcelonanoticias.com\/en\/transfers\/florentino-perez-does-not-say-no-to-the-turn-of-jose-mourinho_36942_102.html\" \/>\n<meta property=\"og:site_name\" content=\"EN - FC Barcelona Noticias\" \/>\n<meta property=\"article:published_time\" content=\"2015-12-18T10:21:00+00:00\" \/>\n<meta property=\"og:image\" content=\"https:\/\/www.fcbarcelonanoticias.com\/en\/wp-content\/uploads\/sites\/2\/2015\/12\/florentino-perez-no-dice-no-jose-mourinho-36954.jpeg\" \/>\n\t<meta property=\"og:image:width\" content=\"630\" \/>\n\t<meta property=\"og:image:height\" content=\"350\" \/>\n\t<meta property=\"og:image:type\" content=\"image\/jpeg\" \/>\n<meta name=\"author\" content=\"user_4133\" \/>\n<meta name=\"twitter:card\" content=\"summary_large_image\" \/>\n<meta name=\"twitter:label1\" content=\"Written by\" \/>\n\t<meta name=\"twitter:data1\" content=\"user_4133\" \/>\n\t<meta name=\"twitter:label2\" content=\"Est. reading time\" \/>\n\t<meta name=\"twitter:data2\" content=\"2 minutes\" \/>\n<script type=\"application\/ld+json\" class=\"yoast-schema-graph\">{\"@context\":\"https:\\\/\\\/schema.org\",\"@graph\":[{\"@type\":\"Article\",\"@id\":\"https:\\\/\\\/www.fcbarcelonanoticias.com\\\/en\\\/transfers\\\/florentino-perez-does-not-say-no-to-the-turn-of-jose-mourinho_36942_102.html#article\",\"isPartOf\":{\"@id\":\"https:\\\/\\\/www.fcbarcelonanoticias.com\\\/en\\\/transfers\\\/florentino-perez-does-not-say-no-to-the-turn-of-jose-mourinho_36942_102.html\"},\"author\":{\"name\":\"user_4133\",\"@id\":\"https:\\\/\\\/www.fcbarcelonanoticias.com\\\/en\\\/#\\\/schema\\\/person\\\/ed5bb7a7aee68f98a042a7ff1a74c6dd\"},\"headline\":\"Florentino P\u00e9rez does not say &#8220;no&#8221; to the turn of Jos\u00e9 Mourinho\",\"datePublished\":\"2015-12-18T10:21:00+00:00\",\"mainEntityOfPage\":{\"@id\":\"https:\\\/\\\/www.fcbarcelonanoticias.com\\\/en\\\/transfers\\\/florentino-perez-does-not-say-no-to-the-turn-of-jose-mourinho_36942_102.html\"},\"wordCount\":512,\"image\":{\"@id\":\"https:\\\/\\\/www.fcbarcelonanoticias.com\\\/en\\\/transfers\\\/florentino-perez-does-not-say-no-to-the-turn-of-jose-mourinho_36942_102.html#primaryimage\"},\"thumbnailUrl\":\"https:\\\/\\\/www.fcbarcelonanoticias.com\\\/en\\\/wp-content\\\/uploads\\\/sites\\\/2\\\/2015\\\/12\\\/florentino-perez-no-dice-no-jose-mourinho-36954.jpeg\",\"keywords\":[\"Florentino P\u00e9rez\",\"Jos\u00e9 Mourinho\",\"Rafa Ben\u00edtez\",\"Zinedine Zidane\"],\"articleSection\":[\"Transfers\",\"Transfers\"],\"inLanguage\":\"en-US\"},{\"@type\":\"WebPage\",\"@id\":\"https:\\\/\\\/www.fcbarcelonanoticias.com\\\/en\\\/transfers\\\/florentino-perez-does-not-say-no-to-the-turn-of-jose-mourinho_36942_102.html\",\"url\":\"https:\\\/\\\/www.fcbarcelonanoticias.com\\\/en\\\/transfers\\\/florentino-perez-does-not-say-no-to-the-turn-of-jose-mourinho_36942_102.html\",\"name\":\"Florentino P\u00e9rez does not say \\\"no\\\" to the turn of Jos\u00e9 Mourinho\",\"isPartOf\":{\"@id\":\"https:\\\/\\\/www.fcbarcelonanoticias.com\\\/en\\\/#website\"},\"primaryImageOfPage\":{\"@id\":\"https:\\\/\\\/www.fcbarcelonanoticias.com\\\/en\\\/transfers\\\/florentino-perez-does-not-say-no-to-the-turn-of-jose-mourinho_36942_102.html#primaryimage\"},\"image\":{\"@id\":\"https:\\\/\\\/www.fcbarcelonanoticias.com\\\/en\\\/transfers\\\/florentino-perez-does-not-say-no-to-the-turn-of-jose-mourinho_36942_102.html#primaryimage\"},\"thumbnailUrl\":\"https:\\\/\\\/www.fcbarcelonanoticias.com\\\/en\\\/wp-content\\\/uploads\\\/sites\\\/2\\\/2015\\\/12\\\/florentino-perez-no-dice-no-jose-mourinho-36954.jpeg\",\"datePublished\":\"2015-12-18T10:21:00+00:00\",\"author\":{\"@id\":\"https:\\\/\\\/www.fcbarcelonanoticias.com\\\/en\\\/#\\\/schema\\\/person\\\/ed5bb7a7aee68f98a042a7ff1a74c6dd\"},\"description\":\"FCBarcelonaNoticias.com\",\"breadcrumb\":{\"@id\":\"https:\\\/\\\/www.fcbarcelonanoticias.com\\\/en\\\/transfers\\\/florentino-perez-does-not-say-no-to-the-turn-of-jose-mourinho_36942_102.html#breadcrumb\"},\"inLanguage\":\"en-US\",\"potentialAction\":[{\"@type\":\"ReadAction\",\"target\":[\"https:\\\/\\\/www.fcbarcelonanoticias.com\\\/en\\\/transfers\\\/florentino-perez-does-not-say-no-to-the-turn-of-jose-mourinho_36942_102.html\"]}]},{\"@type\":\"ImageObject\",\"inLanguage\":\"en-US\",\"@id\":\"https:\\\/\\\/www.fcbarcelonanoticias.com\\\/en\\\/transfers\\\/florentino-perez-does-not-say-no-to-the-turn-of-jose-mourinho_36942_102.html#primaryimage\",\"url\":\"https:\\\/\\\/www.fcbarcelonanoticias.com\\\/en\\\/wp-content\\\/uploads\\\/sites\\\/2\\\/2015\\\/12\\\/florentino-perez-no-dice-no-jose-mourinho-36954.jpeg\",\"contentUrl\":\"https:\\\/\\\/www.fcbarcelonanoticias.com\\\/en\\\/wp-content\\\/uploads\\\/sites\\\/2\\\/2015\\\/12\\\/florentino-perez-no-dice-no-jose-mourinho-36954.jpeg\",\"width\":630,\"height\":350},{\"@type\":\"BreadcrumbList\",\"@id\":\"https:\\\/\\\/www.fcbarcelonanoticias.com\\\/en\\\/transfers\\\/florentino-perez-does-not-say-no-to-the-turn-of-jose-mourinho_36942_102.html#breadcrumb\",\"itemListElement\":[{\"@type\":\"ListItem\",\"position\":1,\"name\":\"Portada\",\"item\":\"https:\\\/\\\/www.fcbarcelonanoticias.com\\\/en\\\/\"},{\"@type\":\"ListItem\",\"position\":2,\"name\":\"Florentino P\u00e9rez does not say &#8220;no&#8221; to the turn of Jos\u00e9 Mourinho\"}]},{\"@type\":\"WebSite\",\"@id\":\"https:\\\/\\\/www.fcbarcelonanoticias.com\\\/en\\\/#website\",\"url\":\"https:\\\/\\\/www.fcbarcelonanoticias.com\\\/en\\\/\",\"name\":\"EN - FC Barcelona Noticias\",\"description\":\"\",\"potentialAction\":[{\"@type\":\"SearchAction\",\"target\":{\"@type\":\"EntryPoint\",\"urlTemplate\":\"https:\\\/\\\/www.fcbarcelonanoticias.com\\\/en\\\/?s={search_term_string}\"},\"query-input\":{\"@type\":\"PropertyValueSpecification\",\"valueRequired\":true,\"valueName\":\"search_term_string\"}}],\"inLanguage\":\"en-US\"},{\"@type\":\"Person\",\"@id\":\"https:\\\/\\\/www.fcbarcelonanoticias.com\\\/en\\\/#\\\/schema\\\/person\\\/ed5bb7a7aee68f98a042a7ff1a74c6dd\",\"name\":\"user_4133\",\"image\":{\"@type\":\"ImageObject\",\"inLanguage\":\"en-US\",\"@id\":\"https:\\\/\\\/secure.gravatar.com\\\/avatar\\\/?s=96&d=mm&r=g\",\"url\":\"https:\\\/\\\/secure.gravatar.com\\\/avatar\\\/?s=96&d=mm&r=g\",\"contentUrl\":\"https:\\\/\\\/secure.gravatar.com\\\/avatar\\\/?s=96&d=mm&r=g\",\"caption\":\"user_4133\"},\"url\":\"https:\\\/\\\/www.fcbarcelonanoticias.com\\\/en\\\/user_4133.html\"}]}<\/script>\n<!-- \/ Yoast SEO plugin. -->","yoast_head_json":{"title":"Florentino P\u00e9rez does not say \"no\" to the turn of Jos\u00e9 Mourinho","description":"FCBarcelonaNoticias.com","robots":{"index":"index","follow":"follow","max-snippet":"max-snippet:-1","max-image-preview":"max-image-preview:large","max-video-preview":"max-video-preview:-1"},"canonical":"https:\/\/www.fcbarcelonanoticias.com\/en\/transfers\/florentino-perez-does-not-say-no-to-the-turn-of-jose-mourinho_36942_102.html","og_locale":"en_US","og_type":"article","og_title":"Florentino P\u00e9rez does not say \"no\" to the turn of Jos\u00e9 Mourinho","og_description":"FCBarcelonaNoticias.com","og_url":"https:\/\/www.fcbarcelonanoticias.com\/en\/transfers\/florentino-perez-does-not-say-no-to-the-turn-of-jose-mourinho_36942_102.html","og_site_name":"EN - FC Barcelona Noticias","article_published_time":"2015-12-18T10:21:00+00:00","og_image":[{"width":630,"height":350,"url":"https:\/\/www.fcbarcelonanoticias.com\/en\/wp-content\/uploads\/sites\/2\/2015\/12\/florentino-perez-no-dice-no-jose-mourinho-36954.jpeg","type":"image\/jpeg"}],"author":"user_4133","twitter_card":"summary_large_image","twitter_misc":{"Written by":"user_4133","Est. reading time":"2 minutes"},"schema":{"@context":"https:\/\/schema.org","@graph":[{"@type":"Article","@id":"https:\/\/www.fcbarcelonanoticias.com\/en\/transfers\/florentino-perez-does-not-say-no-to-the-turn-of-jose-mourinho_36942_102.html#article","isPartOf":{"@id":"https:\/\/www.fcbarcelonanoticias.com\/en\/transfers\/florentino-perez-does-not-say-no-to-the-turn-of-jose-mourinho_36942_102.html"},"author":{"name":"user_4133","@id":"https:\/\/www.fcbarcelonanoticias.com\/en\/#\/schema\/person\/ed5bb7a7aee68f98a042a7ff1a74c6dd"},"headline":"Florentino P\u00e9rez does not say &#8220;no&#8221; to the turn of Jos\u00e9 Mourinho","datePublished":"2015-12-18T10:21:00+00:00","mainEntityOfPage":{"@id":"https:\/\/www.fcbarcelonanoticias.com\/en\/transfers\/florentino-perez-does-not-say-no-to-the-turn-of-jose-mourinho_36942_102.html"},"wordCount":512,"image":{"@id":"https:\/\/www.fcbarcelonanoticias.com\/en\/transfers\/florentino-perez-does-not-say-no-to-the-turn-of-jose-mourinho_36942_102.html#primaryimage"},"thumbnailUrl":"https:\/\/www.fcbarcelonanoticias.com\/en\/wp-content\/uploads\/sites\/2\/2015\/12\/florentino-perez-no-dice-no-jose-mourinho-36954.jpeg","keywords":["Florentino P\u00e9rez","Jos\u00e9 Mourinho","Rafa Ben\u00edtez","Zinedine Zidane"],"articleSection":["Transfers","Transfers"],"inLanguage":"en-US"},{"@type":"WebPage","@id":"https:\/\/www.fcbarcelonanoticias.com\/en\/transfers\/florentino-perez-does-not-say-no-to-the-turn-of-jose-mourinho_36942_102.html","url":"https:\/\/www.fcbarcelonanoticias.com\/en\/transfers\/florentino-perez-does-not-say-no-to-the-turn-of-jose-mourinho_36942_102.html","name":"Florentino P\u00e9rez does not say \"no\" to the turn of Jos\u00e9 Mourinho","isPartOf":{"@id":"https:\/\/www.fcbarcelonanoticias.com\/en\/#website"},"primaryImageOfPage":{"@id":"https:\/\/www.fcbarcelonanoticias.com\/en\/transfers\/florentino-perez-does-not-say-no-to-the-turn-of-jose-mourinho_36942_102.html#primaryimage"},"image":{"@id":"https:\/\/www.fcbarcelonanoticias.com\/en\/transfers\/florentino-perez-does-not-say-no-to-the-turn-of-jose-mourinho_36942_102.html#primaryimage"},"thumbnailUrl":"https:\/\/www.fcbarcelonanoticias.com\/en\/wp-content\/uploads\/sites\/2\/2015\/12\/florentino-perez-no-dice-no-jose-mourinho-36954.jpeg","datePublished":"2015-12-18T10:21:00+00:00","author":{"@id":"https:\/\/www.fcbarcelonanoticias.com\/en\/#\/schema\/person\/ed5bb7a7aee68f98a042a7ff1a74c6dd"},"description":"FCBarcelonaNoticias.com","breadcrumb":{"@id":"https:\/\/www.fcbarcelonanoticias.com\/en\/transfers\/florentino-perez-does-not-say-no-to-the-turn-of-jose-mourinho_36942_102.html#breadcrumb"},"inLanguage":"en-US","potentialAction":[{"@type":"ReadAction","target":["https:\/\/www.fcbarcelonanoticias.com\/en\/transfers\/florentino-perez-does-not-say-no-to-the-turn-of-jose-mourinho_36942_102.html"]}]},{"@type":"ImageObject","inLanguage":"en-US","@id":"https:\/\/www.fcbarcelonanoticias.com\/en\/transfers\/florentino-perez-does-not-say-no-to-the-turn-of-jose-mourinho_36942_102.html#primaryimage","url":"https:\/\/www.fcbarcelonanoticias.com\/en\/wp-content\/uploads\/sites\/2\/2015\/12\/florentino-perez-no-dice-no-jose-mourinho-36954.jpeg","contentUrl":"https:\/\/www.fcbarcelonanoticias.com\/en\/wp-content\/uploads\/sites\/2\/2015\/12\/florentino-perez-no-dice-no-jose-mourinho-36954.jpeg","width":630,"height":350},{"@type":"BreadcrumbList","@id":"https:\/\/www.fcbarcelonanoticias.com\/en\/transfers\/florentino-perez-does-not-say-no-to-the-turn-of-jose-mourinho_36942_102.html#breadcrumb","itemListElement":[{"@type":"ListItem","position":1,"name":"Portada","item":"https:\/\/www.fcbarcelonanoticias.com\/en\/"},{"@type":"ListItem","position":2,"name":"Florentino P\u00e9rez does not say &#8220;no&#8221; to the turn of Jos\u00e9 Mourinho"}]},{"@type":"WebSite","@id":"https:\/\/www.fcbarcelonanoticias.com\/en\/#website","url":"https:\/\/www.fcbarcelonanoticias.com\/en\/","name":"EN - FC Barcelona Noticias","description":"","potentialAction":[{"@type":"SearchAction","target":{"@type":"EntryPoint","urlTemplate":"https:\/\/www.fcbarcelonanoticias.com\/en\/?s={search_term_string}"},"query-input":{"@type":"PropertyValueSpecification","valueRequired":true,"valueName":"search_term_string"}}],"inLanguage":"en-US"},{"@type":"Person","@id":"https:\/\/www.fcbarcelonanoticias.com\/en\/#\/schema\/person\/ed5bb7a7aee68f98a042a7ff1a74c6dd","name":"user_4133","image":{"@type":"ImageObject","inLanguage":"en-US","@id":"https:\/\/secure.gravatar.com\/avatar\/?s=96&d=mm&r=g","url":"https:\/\/secure.gravatar.com\/avatar\/?s=96&d=mm&r=g","contentUrl":"https:\/\/secure.gravatar.com\/avatar\/?s=96&d=mm&r=g","caption":"user_4133"},"url":"https:\/\/www.fcbarcelonanoticias.com\/en\/user_4133.html"}]}},"_links":{"self":[{"href":"https:\/\/www.fcbarcelonanoticias.com\/en\/wp-json\/wp\/v2\/posts\/99290","targetHints":{"allow":["GET"]}}],"collection":[{"href":"https:\/\/www.fcbarcelonanoticias.com\/en\/wp-json\/wp\/v2\/posts"}],"about":[{"href":"https:\/\/www.fcbarcelonanoticias.com\/en\/wp-json\/wp\/v2\/types\/post"}],"author":[{"embeddable":true,"href":"https:\/\/www.fcbarcelonanoticias.com\/en\/wp-json\/wp\/v2\/users\/477"}],"replies":[{"embeddable":true,"href":"https:\/\/www.fcbarcelonanoticias.com\/en\/wp-json\/wp\/v2\/comments?post=99290"}],"version-history":[{"count":1,"href":"https:\/\/www.fcbarcelonanoticias.com\/en\/wp-json\/wp\/v2\/posts\/99290\/revisions"}],"predecessor-version":[{"id":128022,"href":"https:\/\/www.fcbarcelonanoticias.com\/en\/wp-json\/wp\/v2\/posts\/99290\/revisions\/128022"}],"wp:featuredmedia":[{"embeddable":true,"href":"https:\/\/www.fcbarcelonanoticias.com\/en\/wp-json\/wp\/v2\/media\/99299"}],"wp:attachment":[{"href":"https:\/\/www.fcbarcelonanoticias.com\/en\/wp-json\/wp\/v2\/media?parent=99290"}],"wp:term":[{"taxonomy":"category","embeddable":true,"href":"https:\/\/www.fcbarcelonanoticias.com\/en\/wp-json\/wp\/v2\/categories?post=99290"},{"taxonomy":"post_tag","embeddable":true,"href":"https:\/\/www.fcbarcelonanoticias.com\/en\/wp-json\/wp\/v2\/tags?post=99290"}],"curies":[{"name":"wp","href":"https:\/\/api.w.org\/{rel}","templated":true}]}}