{"id":99388,"date":"2024-07-20T12:14:00","date_gmt":"2024-07-20T10:14:00","guid":{"rendered":"https:\/\/weisetech.dev\/fc-barcelona-noticias\/en\/it-goes-or-it-remains-the-odd-situation-of-the-that-recently-was-the-signing-star-of-the-fc-barcelona_305622_102\/"},"modified":"2024-07-20T12:14:00","modified_gmt":"2024-07-20T10:14:00","slug":"it-goes-or-it-remains-the-odd-situation-of-the-that-recently-was-the-signing-star-of-the-fc-barcelona_305622_102","status":"publish","type":"post","link":"https:\/\/www.fcbarcelonanoticias.com\/en\/transfers\/it-goes-or-it-remains-the-odd-situation-of-the-that-recently-was-the-signing-star-of-the-fc-barcelona_305622_102.html","title":{"rendered":"The strange situation of the one who recently was the &#8216;star&#8217; signing of FC Barcelona"},"content":{"rendered":"<h2 class=\"wp-block-heading\">Vitor Roque&#8217;s situation has generated confusion in the Bar\u00e7a entity. The Brazilian, who arrived at Barcelona in exchange for 31 &#8216;kilos&#8217;, is still not registered and without a number, and his continuity remains in question.<\/h2>  \r\n<div class=\"article-addons\">\r\n    <a href=\"https:\/\/www.fcbarcelonanoticias.com\/en\/calendar-fc-barcelona.html\"\r\n       target=\"_self\"\r\n       title=\"Calendar of FC Barcelona\"\r\n       class=\"blue-gredient-btn\">\r\n       \r\n        Calendar of FC Barcelona    <\/a>\r\n<\/div>   <p><a data-external=\"0\" data-intl-links-en=\"https:\/\/www.fcbarcelonanoticias.com\/en\/fc-barcelona\/the-mission-of-vitor-roque-and-ansu-fati-with-hansi-flick-in-this-pre-season_305391_102.html\" data-intl-links-es=\"https:\/\/www.fcbarcelonanoticias.com\/fc-barcelona\/mision-vitor-roque-ansu-fati-con-hansi-flick-en-esta-pretemporada_305391_102.html\" href=\"https:\/\/www.fcbarcelonanoticias.com\/en\/fc-barcelona\/the-mission-of-vitor-roque-and-ansu-fati-with-hansi-flick-in-this-pre-season_305391_102.html\" rel=\"follow\" target=\"_self\" title=\"La misi\u00f3n de Vitor Roque y Ansu Fati con Hansi Flick en esta pretemporada\">Vitor Roque &#8216;Play&#8217; his stay in the FC Barcelona during the pre-season<\/a>. <strong>The Brazilian works untiringly during the first trainings of the team under the orders of Hansi Flick to win the confidence of the German trainer<\/strong>. The forward advanced his return to the City Condal to exercise by his account, understanding that it began of zero and to the pair of his mates in front of the eyes of the Teutonic, but the newspaper &#8216;ACE&#8217; sustains that this would not be like this.<\/p>  <p>According to the previously mentioned source, <strong>in Can Bar\u00e7a are entirely baffled by his current situation<\/strong>. The sudamericano was a big bet of future of the Barcelona entity, that deposited 31 million euros more 30 in variables to the Athletico Paranaense by his index card. An important effort by part of the institution in the middle of his economic problems. In principle, the player had to land in Catalonia this summer, but the cul\u00e9s advanced his incorporation in winter taking advantage of the injury of long length of Gavi benefiting of the rule of LaLiga, inscribing to the ariete by six months.<\/p>  <p>Roque Joined to the staff of Xavi in a context engorroso to personal level, <strong>since it arrived out of just form after recovering of an injury of ankle suffered in Brazil<\/strong>. The egarense grieve could give him minutes due to the fact that it needed a logical time of adaptation, complicating the return of his best state of form. The player contested 14 parties in LaLiga and two in the Glass of Rey, annotating two goals, remaining without minutes in the Champions League.<\/p>  <p>By this reason, while Hern\u00e1ndez scheduled beside Deco the staff for the season 2024\/25 before leaving of the bench cul\u00e9,<strong> the trainer bet by a cession of the Brazilian when considering that it still was &#8216;green&#8217; to compete in the first team of the Bar\u00e7a<\/strong>. However, the player and his surroundings insisted in keeping in the City Condal, remarking that if it had to leave of the square, would do it traspasado and in no case would accept a loan to another club.<\/p>  <h2>His future, in the air<\/h2>  <p>To day of today, his situation in the Catalan entity follows without esclarecerse. <a data-external=\"0\" data-intl-links-en=\"https:\/\/www.fcbarcelonanoticias.com\/en\/fc-barcelona\/record-of-market-and-revolution-in-the-shop-lamine-yamal-the-player-of-the-moment-in-the-world_305567_102.html\" data-intl-links-es=\"https:\/\/www.fcbarcelonanoticias.com\/fc-barcelona\/record-mercado-revolucion-tienda-lamine-yamal-jugador-momento-en-mundo_305567_102.html\" href=\"https:\/\/www.fcbarcelonanoticias.com\/en\/fc-barcelona\/record-of-market-and-revolution-in-the-shop-lamine-yamal-the-player-of-the-moment-in-the-world_305567_102.html\" rel=\"follow\" target=\"_self\" title=\"R\u00e9cord de mercado y revoluci\u00f3n en la tienda: Lamine Yamal, el jugador del momento en el mundo\">The change of dorsal of Lamine Yamal, that did with the &#8217;19&#8217; that carried Roque the past season<\/a>, seems an indication of the plans of the cul\u00e9s with the footballer, that to day of today follows without being inscribed. Besides, if the Barcelona finish fichando to Nico Williams and Dani Elm, the staff will find with a &#8216;overbooking&#8217; of forwards, <strong>by what all aims to that the future of Vitor would not be in the Spotify Camp Nou<\/strong>.<\/p> ","protected":false},"excerpt":{"rendered":"<p>Vitor Roque&#8217;s situation has generated confusion in the Bar\u00e7a entity. The Brazilian, who arrived at Barcelona in exchange for 31 &#8216;kilos&#8217;, is still not registered and without a number, and his continuity remains in question. Vitor Roque &#8216;Play&#8217; his stay in the FC Barcelona during the pre-season. The Brazilian works untiringly during the first trainings [&hellip;]<\/p>\n","protected":false},"author":358,"featured_media":99408,"comment_status":"closed","ping_status":"open","sticky":false,"template":"","format":"standard","meta":{"_acf_changed":false,"inline_featured_image":false,"_nextfly_llmd_date_locked":false,"footnotes":""},"categories":[106,449],"tags":[87,327,48],"class_list":["post-99388","post","type-post","status-publish","format-standard","has-post-thumbnail","hentry","category-transfers","category-transfers-2","tag-hansi-flick","tag-vitor-roque","tag-xavi-hernandez"],"acf":[],"yoast_head":"<!-- This site is optimized with the Yoast SEO plugin v27.3 - https:\/\/yoast.com\/product\/yoast-seo-wordpress\/ -->\n<title>It goes or it remains ? The odd situation of the that recently was the signing &#039;star&#039; of the FC Barcelona<\/title>\n<meta name=\"description\" content=\"The situation of Vitor Roque has generated embarrassment in the Barcelona entity. The Brazilian, that arrived to the City Condal in return of 31 &#039;kilos&#039;, follows without being inscribed and without dorsal, and his continuity keeps in entredicho\" \/>\n<meta name=\"robots\" content=\"index, follow, max-snippet:-1, max-image-preview:large, max-video-preview:-1\" \/>\n<link rel=\"canonical\" href=\"https:\/\/www.fcbarcelonanoticias.com\/en\/transfers\/it-goes-or-it-remains-the-odd-situation-of-the-that-recently-was-the-signing-star-of-the-fc-barcelona_305622_102.html\" \/>\n<meta property=\"og:locale\" content=\"en_US\" \/>\n<meta property=\"og:type\" content=\"article\" \/>\n<meta property=\"og:title\" content=\"It goes or it remains ? The odd situation of the that recently was the signing &#039;star&#039; of the FC Barcelona\" \/>\n<meta property=\"og:description\" content=\"The situation of Vitor Roque has generated embarrassment in the Barcelona entity. The Brazilian, that arrived to the City Condal in return of 31 &#039;kilos&#039;, follows without being inscribed and without dorsal, and his continuity keeps in entredicho\" \/>\n<meta property=\"og:url\" content=\"https:\/\/www.fcbarcelonanoticias.com\/en\/transfers\/it-goes-or-it-remains-the-odd-situation-of-the-that-recently-was-the-signing-star-of-the-fc-barcelona_305622_102.html\" \/>\n<meta property=\"og:site_name\" content=\"EN - FC Barcelona Noticias\" \/>\n<meta property=\"article:published_time\" content=\"2024-07-20T10:14:00+00:00\" \/>\n<meta property=\"og:image\" content=\"https:\/\/www.fcbarcelonanoticias.com\/en\/wp-content\/uploads\/sites\/2\/2024\/07\/ferran-torres-vitor-roque-fc-barcelona.jpeg\" \/>\n\t<meta property=\"og:image:width\" content=\"1300\" \/>\n\t<meta property=\"og:image:height\" content=\"732\" \/>\n\t<meta property=\"og:image:type\" content=\"image\/jpeg\" \/>\n<meta name=\"author\" content=\"Juan Pablo Berdugo\" \/>\n<meta name=\"twitter:card\" content=\"summary_large_image\" \/>\n<meta name=\"twitter:label1\" content=\"Written by\" \/>\n\t<meta name=\"twitter:data1\" content=\"Juan Pablo Berdugo\" \/>\n\t<meta name=\"twitter:label2\" content=\"Est. reading time\" \/>\n\t<meta name=\"twitter:data2\" content=\"2 minutes\" \/>\n<script type=\"application\/ld+json\" class=\"yoast-schema-graph\">{\"@context\":\"https:\\\/\\\/schema.org\",\"@graph\":[{\"@type\":\"Article\",\"@id\":\"https:\\\/\\\/www.fcbarcelonanoticias.com\\\/en\\\/transfers\\\/it-goes-or-it-remains-the-odd-situation-of-the-that-recently-was-the-signing-star-of-the-fc-barcelona_305622_102.html#article\",\"isPartOf\":{\"@id\":\"https:\\\/\\\/www.fcbarcelonanoticias.com\\\/en\\\/transfers\\\/it-goes-or-it-remains-the-odd-situation-of-the-that-recently-was-the-signing-star-of-the-fc-barcelona_305622_102.html\"},\"author\":{\"name\":\"Juan Pablo Berdugo\",\"@id\":\"https:\\\/\\\/www.fcbarcelonanoticias.com\\\/en\\\/#\\\/schema\\\/person\\\/88d756918a0a1ae9fa593b5edddd1815\"},\"headline\":\"The strange situation of the one who recently was the &#8216;star&#8217; signing of FC Barcelona\",\"datePublished\":\"2024-07-20T10:14:00+00:00\",\"mainEntityOfPage\":{\"@id\":\"https:\\\/\\\/www.fcbarcelonanoticias.com\\\/en\\\/transfers\\\/it-goes-or-it-remains-the-odd-situation-of-the-that-recently-was-the-signing-star-of-the-fc-barcelona_305622_102.html\"},\"wordCount\":499,\"image\":{\"@id\":\"https:\\\/\\\/www.fcbarcelonanoticias.com\\\/en\\\/transfers\\\/it-goes-or-it-remains-the-odd-situation-of-the-that-recently-was-the-signing-star-of-the-fc-barcelona_305622_102.html#primaryimage\"},\"thumbnailUrl\":\"https:\\\/\\\/www.fcbarcelonanoticias.com\\\/en\\\/wp-content\\\/uploads\\\/sites\\\/2\\\/2024\\\/07\\\/ferran-torres-vitor-roque-fc-barcelona.jpeg\",\"keywords\":[\"Hansi Flick\",\"Vitor Roque\",\"Xavi Hern\u00e1ndez\"],\"articleSection\":[\"Transfers\",\"Transfers\"],\"inLanguage\":\"en-US\"},{\"@type\":\"WebPage\",\"@id\":\"https:\\\/\\\/www.fcbarcelonanoticias.com\\\/en\\\/transfers\\\/it-goes-or-it-remains-the-odd-situation-of-the-that-recently-was-the-signing-star-of-the-fc-barcelona_305622_102.html\",\"url\":\"https:\\\/\\\/www.fcbarcelonanoticias.com\\\/en\\\/transfers\\\/it-goes-or-it-remains-the-odd-situation-of-the-that-recently-was-the-signing-star-of-the-fc-barcelona_305622_102.html\",\"name\":\"It goes or it remains ? The odd situation of the that recently was the signing 'star' of the FC Barcelona\",\"isPartOf\":{\"@id\":\"https:\\\/\\\/www.fcbarcelonanoticias.com\\\/en\\\/#website\"},\"primaryImageOfPage\":{\"@id\":\"https:\\\/\\\/www.fcbarcelonanoticias.com\\\/en\\\/transfers\\\/it-goes-or-it-remains-the-odd-situation-of-the-that-recently-was-the-signing-star-of-the-fc-barcelona_305622_102.html#primaryimage\"},\"image\":{\"@id\":\"https:\\\/\\\/www.fcbarcelonanoticias.com\\\/en\\\/transfers\\\/it-goes-or-it-remains-the-odd-situation-of-the-that-recently-was-the-signing-star-of-the-fc-barcelona_305622_102.html#primaryimage\"},\"thumbnailUrl\":\"https:\\\/\\\/www.fcbarcelonanoticias.com\\\/en\\\/wp-content\\\/uploads\\\/sites\\\/2\\\/2024\\\/07\\\/ferran-torres-vitor-roque-fc-barcelona.jpeg\",\"datePublished\":\"2024-07-20T10:14:00+00:00\",\"author\":{\"@id\":\"https:\\\/\\\/www.fcbarcelonanoticias.com\\\/en\\\/#\\\/schema\\\/person\\\/88d756918a0a1ae9fa593b5edddd1815\"},\"description\":\"The situation of Vitor Roque has generated embarrassment in the Barcelona entity. The Brazilian, that arrived to the City Condal in return of 31 'kilos', follows without being inscribed and without dorsal, and his continuity keeps in entredicho\",\"breadcrumb\":{\"@id\":\"https:\\\/\\\/www.fcbarcelonanoticias.com\\\/en\\\/transfers\\\/it-goes-or-it-remains-the-odd-situation-of-the-that-recently-was-the-signing-star-of-the-fc-barcelona_305622_102.html#breadcrumb\"},\"inLanguage\":\"en-US\",\"potentialAction\":[{\"@type\":\"ReadAction\",\"target\":[\"https:\\\/\\\/www.fcbarcelonanoticias.com\\\/en\\\/transfers\\\/it-goes-or-it-remains-the-odd-situation-of-the-that-recently-was-the-signing-star-of-the-fc-barcelona_305622_102.html\"]}]},{\"@type\":\"ImageObject\",\"inLanguage\":\"en-US\",\"@id\":\"https:\\\/\\\/www.fcbarcelonanoticias.com\\\/en\\\/transfers\\\/it-goes-or-it-remains-the-odd-situation-of-the-that-recently-was-the-signing-star-of-the-fc-barcelona_305622_102.html#primaryimage\",\"url\":\"https:\\\/\\\/www.fcbarcelonanoticias.com\\\/en\\\/wp-content\\\/uploads\\\/sites\\\/2\\\/2024\\\/07\\\/ferran-torres-vitor-roque-fc-barcelona.jpeg\",\"contentUrl\":\"https:\\\/\\\/www.fcbarcelonanoticias.com\\\/en\\\/wp-content\\\/uploads\\\/sites\\\/2\\\/2024\\\/07\\\/ferran-torres-vitor-roque-fc-barcelona.jpeg\",\"width\":1300,\"height\":732},{\"@type\":\"BreadcrumbList\",\"@id\":\"https:\\\/\\\/www.fcbarcelonanoticias.com\\\/en\\\/transfers\\\/it-goes-or-it-remains-the-odd-situation-of-the-that-recently-was-the-signing-star-of-the-fc-barcelona_305622_102.html#breadcrumb\",\"itemListElement\":[{\"@type\":\"ListItem\",\"position\":1,\"name\":\"Portada\",\"item\":\"https:\\\/\\\/www.fcbarcelonanoticias.com\\\/en\\\/\"},{\"@type\":\"ListItem\",\"position\":2,\"name\":\"The strange situation of the one who recently was the &#8216;star&#8217; signing of FC Barcelona\"}]},{\"@type\":\"WebSite\",\"@id\":\"https:\\\/\\\/www.fcbarcelonanoticias.com\\\/en\\\/#website\",\"url\":\"https:\\\/\\\/www.fcbarcelonanoticias.com\\\/en\\\/\",\"name\":\"EN - FC Barcelona Noticias\",\"description\":\"\",\"potentialAction\":[{\"@type\":\"SearchAction\",\"target\":{\"@type\":\"EntryPoint\",\"urlTemplate\":\"https:\\\/\\\/www.fcbarcelonanoticias.com\\\/en\\\/?s={search_term_string}\"},\"query-input\":{\"@type\":\"PropertyValueSpecification\",\"valueRequired\":true,\"valueName\":\"search_term_string\"}}],\"inLanguage\":\"en-US\"},{\"@type\":\"Person\",\"@id\":\"https:\\\/\\\/www.fcbarcelonanoticias.com\\\/en\\\/#\\\/schema\\\/person\\\/88d756918a0a1ae9fa593b5edddd1815\",\"name\":\"Juan Pablo Berdugo\",\"image\":{\"@type\":\"ImageObject\",\"inLanguage\":\"en-US\",\"@id\":\"https:\\\/\\\/secure.gravatar.com\\\/avatar\\\/?s=96&d=mm&r=g\",\"url\":\"https:\\\/\\\/secure.gravatar.com\\\/avatar\\\/?s=96&d=mm&r=g\",\"contentUrl\":\"https:\\\/\\\/secure.gravatar.com\\\/avatar\\\/?s=96&d=mm&r=g\",\"caption\":\"Juan Pablo Berdugo\"},\"description\":\"Juan Pablo Berdugo es graduado en Periodismo. Colabora con FCBN como especialista en informaci\u00f3n del primer equipo del FC Barcelona, f\u00fatbol internacional y mercado de fichajes. Destaca por su enfoque anal\u00edtico, su rigor informativo y su capacidad para detectar tendencias emergentes en el f\u00fatbol global.\",\"url\":\"https:\\\/\\\/www.fcbarcelonanoticias.com\\\/en\\\/fc-barcelona\\\/juan-pablo-berdugo_18_115.html\"}]}<\/script>\n<!-- \/ Yoast SEO plugin. -->","yoast_head_json":{"title":"It goes or it remains ? The odd situation of the that recently was the signing 'star' of the FC Barcelona","description":"The situation of Vitor Roque has generated embarrassment in the Barcelona entity. The Brazilian, that arrived to the City Condal in return of 31 'kilos', follows without being inscribed and without dorsal, and his continuity keeps in entredicho","robots":{"index":"index","follow":"follow","max-snippet":"max-snippet:-1","max-image-preview":"max-image-preview:large","max-video-preview":"max-video-preview:-1"},"canonical":"https:\/\/www.fcbarcelonanoticias.com\/en\/transfers\/it-goes-or-it-remains-the-odd-situation-of-the-that-recently-was-the-signing-star-of-the-fc-barcelona_305622_102.html","og_locale":"en_US","og_type":"article","og_title":"It goes or it remains ? The odd situation of the that recently was the signing 'star' of the FC Barcelona","og_description":"The situation of Vitor Roque has generated embarrassment in the Barcelona entity. The Brazilian, that arrived to the City Condal in return of 31 'kilos', follows without being inscribed and without dorsal, and his continuity keeps in entredicho","og_url":"https:\/\/www.fcbarcelonanoticias.com\/en\/transfers\/it-goes-or-it-remains-the-odd-situation-of-the-that-recently-was-the-signing-star-of-the-fc-barcelona_305622_102.html","og_site_name":"EN - FC Barcelona Noticias","article_published_time":"2024-07-20T10:14:00+00:00","og_image":[{"width":1300,"height":732,"url":"https:\/\/www.fcbarcelonanoticias.com\/en\/wp-content\/uploads\/sites\/2\/2024\/07\/ferran-torres-vitor-roque-fc-barcelona.jpeg","type":"image\/jpeg"}],"author":"Juan Pablo Berdugo","twitter_card":"summary_large_image","twitter_misc":{"Written by":"Juan Pablo Berdugo","Est. reading time":"2 minutes"},"schema":{"@context":"https:\/\/schema.org","@graph":[{"@type":"Article","@id":"https:\/\/www.fcbarcelonanoticias.com\/en\/transfers\/it-goes-or-it-remains-the-odd-situation-of-the-that-recently-was-the-signing-star-of-the-fc-barcelona_305622_102.html#article","isPartOf":{"@id":"https:\/\/www.fcbarcelonanoticias.com\/en\/transfers\/it-goes-or-it-remains-the-odd-situation-of-the-that-recently-was-the-signing-star-of-the-fc-barcelona_305622_102.html"},"author":{"name":"Juan Pablo Berdugo","@id":"https:\/\/www.fcbarcelonanoticias.com\/en\/#\/schema\/person\/88d756918a0a1ae9fa593b5edddd1815"},"headline":"The strange situation of the one who recently was the &#8216;star&#8217; signing of FC Barcelona","datePublished":"2024-07-20T10:14:00+00:00","mainEntityOfPage":{"@id":"https:\/\/www.fcbarcelonanoticias.com\/en\/transfers\/it-goes-or-it-remains-the-odd-situation-of-the-that-recently-was-the-signing-star-of-the-fc-barcelona_305622_102.html"},"wordCount":499,"image":{"@id":"https:\/\/www.fcbarcelonanoticias.com\/en\/transfers\/it-goes-or-it-remains-the-odd-situation-of-the-that-recently-was-the-signing-star-of-the-fc-barcelona_305622_102.html#primaryimage"},"thumbnailUrl":"https:\/\/www.fcbarcelonanoticias.com\/en\/wp-content\/uploads\/sites\/2\/2024\/07\/ferran-torres-vitor-roque-fc-barcelona.jpeg","keywords":["Hansi Flick","Vitor Roque","Xavi Hern\u00e1ndez"],"articleSection":["Transfers","Transfers"],"inLanguage":"en-US"},{"@type":"WebPage","@id":"https:\/\/www.fcbarcelonanoticias.com\/en\/transfers\/it-goes-or-it-remains-the-odd-situation-of-the-that-recently-was-the-signing-star-of-the-fc-barcelona_305622_102.html","url":"https:\/\/www.fcbarcelonanoticias.com\/en\/transfers\/it-goes-or-it-remains-the-odd-situation-of-the-that-recently-was-the-signing-star-of-the-fc-barcelona_305622_102.html","name":"It goes or it remains ? The odd situation of the that recently was the signing 'star' of the FC Barcelona","isPartOf":{"@id":"https:\/\/www.fcbarcelonanoticias.com\/en\/#website"},"primaryImageOfPage":{"@id":"https:\/\/www.fcbarcelonanoticias.com\/en\/transfers\/it-goes-or-it-remains-the-odd-situation-of-the-that-recently-was-the-signing-star-of-the-fc-barcelona_305622_102.html#primaryimage"},"image":{"@id":"https:\/\/www.fcbarcelonanoticias.com\/en\/transfers\/it-goes-or-it-remains-the-odd-situation-of-the-that-recently-was-the-signing-star-of-the-fc-barcelona_305622_102.html#primaryimage"},"thumbnailUrl":"https:\/\/www.fcbarcelonanoticias.com\/en\/wp-content\/uploads\/sites\/2\/2024\/07\/ferran-torres-vitor-roque-fc-barcelona.jpeg","datePublished":"2024-07-20T10:14:00+00:00","author":{"@id":"https:\/\/www.fcbarcelonanoticias.com\/en\/#\/schema\/person\/88d756918a0a1ae9fa593b5edddd1815"},"description":"The situation of Vitor Roque has generated embarrassment in the Barcelona entity. The Brazilian, that arrived to the City Condal in return of 31 'kilos', follows without being inscribed and without dorsal, and his continuity keeps in entredicho","breadcrumb":{"@id":"https:\/\/www.fcbarcelonanoticias.com\/en\/transfers\/it-goes-or-it-remains-the-odd-situation-of-the-that-recently-was-the-signing-star-of-the-fc-barcelona_305622_102.html#breadcrumb"},"inLanguage":"en-US","potentialAction":[{"@type":"ReadAction","target":["https:\/\/www.fcbarcelonanoticias.com\/en\/transfers\/it-goes-or-it-remains-the-odd-situation-of-the-that-recently-was-the-signing-star-of-the-fc-barcelona_305622_102.html"]}]},{"@type":"ImageObject","inLanguage":"en-US","@id":"https:\/\/www.fcbarcelonanoticias.com\/en\/transfers\/it-goes-or-it-remains-the-odd-situation-of-the-that-recently-was-the-signing-star-of-the-fc-barcelona_305622_102.html#primaryimage","url":"https:\/\/www.fcbarcelonanoticias.com\/en\/wp-content\/uploads\/sites\/2\/2024\/07\/ferran-torres-vitor-roque-fc-barcelona.jpeg","contentUrl":"https:\/\/www.fcbarcelonanoticias.com\/en\/wp-content\/uploads\/sites\/2\/2024\/07\/ferran-torres-vitor-roque-fc-barcelona.jpeg","width":1300,"height":732},{"@type":"BreadcrumbList","@id":"https:\/\/www.fcbarcelonanoticias.com\/en\/transfers\/it-goes-or-it-remains-the-odd-situation-of-the-that-recently-was-the-signing-star-of-the-fc-barcelona_305622_102.html#breadcrumb","itemListElement":[{"@type":"ListItem","position":1,"name":"Portada","item":"https:\/\/www.fcbarcelonanoticias.com\/en\/"},{"@type":"ListItem","position":2,"name":"The strange situation of the one who recently was the &#8216;star&#8217; signing of FC Barcelona"}]},{"@type":"WebSite","@id":"https:\/\/www.fcbarcelonanoticias.com\/en\/#website","url":"https:\/\/www.fcbarcelonanoticias.com\/en\/","name":"EN - FC Barcelona Noticias","description":"","potentialAction":[{"@type":"SearchAction","target":{"@type":"EntryPoint","urlTemplate":"https:\/\/www.fcbarcelonanoticias.com\/en\/?s={search_term_string}"},"query-input":{"@type":"PropertyValueSpecification","valueRequired":true,"valueName":"search_term_string"}}],"inLanguage":"en-US"},{"@type":"Person","@id":"https:\/\/www.fcbarcelonanoticias.com\/en\/#\/schema\/person\/88d756918a0a1ae9fa593b5edddd1815","name":"Juan Pablo Berdugo","image":{"@type":"ImageObject","inLanguage":"en-US","@id":"https:\/\/secure.gravatar.com\/avatar\/?s=96&d=mm&r=g","url":"https:\/\/secure.gravatar.com\/avatar\/?s=96&d=mm&r=g","contentUrl":"https:\/\/secure.gravatar.com\/avatar\/?s=96&d=mm&r=g","caption":"Juan Pablo Berdugo"},"description":"Juan Pablo Berdugo es graduado en Periodismo. Colabora con FCBN como especialista en informaci\u00f3n del primer equipo del FC Barcelona, f\u00fatbol internacional y mercado de fichajes. Destaca por su enfoque anal\u00edtico, su rigor informativo y su capacidad para detectar tendencias emergentes en el f\u00fatbol global.","url":"https:\/\/www.fcbarcelonanoticias.com\/en\/fc-barcelona\/juan-pablo-berdugo_18_115.html"}]}},"_links":{"self":[{"href":"https:\/\/www.fcbarcelonanoticias.com\/en\/wp-json\/wp\/v2\/posts\/99388","targetHints":{"allow":["GET"]}}],"collection":[{"href":"https:\/\/www.fcbarcelonanoticias.com\/en\/wp-json\/wp\/v2\/posts"}],"about":[{"href":"https:\/\/www.fcbarcelonanoticias.com\/en\/wp-json\/wp\/v2\/types\/post"}],"author":[{"embeddable":true,"href":"https:\/\/www.fcbarcelonanoticias.com\/en\/wp-json\/wp\/v2\/users\/358"}],"replies":[{"embeddable":true,"href":"https:\/\/www.fcbarcelonanoticias.com\/en\/wp-json\/wp\/v2\/comments?post=99388"}],"version-history":[{"count":1,"href":"https:\/\/www.fcbarcelonanoticias.com\/en\/wp-json\/wp\/v2\/posts\/99388\/revisions"}],"predecessor-version":[{"id":127568,"href":"https:\/\/www.fcbarcelonanoticias.com\/en\/wp-json\/wp\/v2\/posts\/99388\/revisions\/127568"}],"wp:featuredmedia":[{"embeddable":true,"href":"https:\/\/www.fcbarcelonanoticias.com\/en\/wp-json\/wp\/v2\/media\/99408"}],"wp:attachment":[{"href":"https:\/\/www.fcbarcelonanoticias.com\/en\/wp-json\/wp\/v2\/media?parent=99388"}],"wp:term":[{"taxonomy":"category","embeddable":true,"href":"https:\/\/www.fcbarcelonanoticias.com\/en\/wp-json\/wp\/v2\/categories?post=99388"},{"taxonomy":"post_tag","embeddable":true,"href":"https:\/\/www.fcbarcelonanoticias.com\/en\/wp-json\/wp\/v2\/tags?post=99388"}],"curies":[{"name":"wp","href":"https:\/\/api.w.org\/{rel}","templated":true}]}}