{"id":99397,"date":"2020-05-17T20:28:00","date_gmt":"2020-05-17T18:28:00","guid":{"rendered":"https:\/\/weisetech.dev\/fc-barcelona-noticias\/en\/betis-look-fish-barcelona-alena-riqui-junior_257773_102\/"},"modified":"2020-05-17T20:28:00","modified_gmt":"2020-05-17T18:28:00","slug":"betis-look-fish-barcelona-alena-riqui-junior_257773_102","status":"publish","type":"post","link":"https:\/\/www.fcbarcelonanoticias.com\/en\/transfers\/betis-look-fish-barcelona-alena-riqui-junior_257773_102.html","title":{"rendered":"Betis will seek to fish in Can Bar\u00e7a: They want Ale\u00f1\u00e1 and two other &#8216;cul\u00e9s&#8217;"},"content":{"rendered":"<h2 class=\"wp-block-heading\">It seems that Betis wants to assert its good relations with Bar\u00e7a this summer. The Andalusians would like to extend Ale\u00f1\u00e1&#8217;s stay in Seville and would also be interested in Riqui Puig and Junior Firpo<\/h2>  \r\n<div class=\"article-addons\">\r\n    <a href=\"https:\/\/www.fcbarcelonanoticias.com\/en\/calendar-fc-barcelona.html\"\r\n       target=\"_self\"\r\n       title=\"Calendar of FC Barcelona\"\r\n       class=\"blue-gredient-btn\">\r\n       \r\n        Calendar of FC Barcelona    <\/a>\r\n<\/div>   <p>The Real Betis is one of these called fellow clubs of the <a data-external=\"0\" data-intl-links-en=\"https:\/\/www.fcbarcelonanoticias.com\/en\/fc-barcelona\" data-intl-links-es=\"https:\/\/www.fcbarcelonanoticias.com\/fc-barcelona\" href=\"https:\/\/www.fcbarcelonanoticias.com\/en\/football-soccer\/fc-barcelona.html\" rel=\"follow\" target=\"_self\" title=\"FC Barcelona\">FC Barcelona<\/a>. The relations between one and another team are fantastic from does time and even share to a player from January of 2019. Emerson Royal arrived to Seville with an agreement with the Bar\u00e7a, that will receive to the Brazilian in 2021. But<strong> this operation is not the only that there is between Barcelona and verdiblancos<\/strong>, since the summer happened also arrived to an agreement for the traspaso of Junior Firpo.<\/p>  <p><strong>The left side landed in the Camp Nou in return of 18 million euros and 12 by aims<\/strong>. The price of the Hispanic-dominican seemed that it went to be very upper, but probably helped to recess the pretences b\u00e9ticas these good relations between the two groups. Perhaps also it had something that see some type of promise with <a data-external=\"0\" data-intl-links-en=\"https:\/\/www.fcbarcelonanoticias.com\/en\/tags\/alena\" data-intl-links-es=\"https:\/\/www.fcbarcelonanoticias.com\/tags\/alena\" href=\"https:\/\/www.fcbarcelonanoticias.com\/en\/tags\/alena.html\" rel=\"follow\" target=\"_self\" title=\"Ale\u00f1\u00e1\">Carles Ale\u00f1\u00e1<\/a>\u200b, that was in the diary of the Betis in summer. At the end, the sevillanos went out with his and carried his cession in the past wintry market.<\/p>  <p>The one of Matar\u00f3 already has declared that it finds very comfortable in Benito Villamar\u00edn and that no descarta follow yielded another campaign more. In fact, as it aims &#8216;Sportive World&#8217;, the verdiblancos also want to remain a course more to the midfield player and like this would have done it to him know to the Barcelona. Nevertheless, it will be<strong> Quique Seti\u00e9n the one who decide what do with him, since the Cantabrian wishes to see him in pre-season<\/strong> before accepting his exit.<\/p>  <p>But <strong>Ale\u00f1\u00e1 is not the only cul\u00e9 that goes in in the plans of the Betis, that want to fish to the big in the Bar\u00e7a this summer<\/strong>. Riqui Puig and Junior Firpo also are object of wish of the sevillanos, although his acquisitions will be complicated. In the case of the of Matadepera, the club thinks that would come him well go out yielded and would be had to do him a loan to the b\u00e9ticos, but the Catalan refuses to leave because it wants to apurar his options to convince to Seti\u00e9n in pre-season.<\/p>  <p>In the case of Firpo, <strong>the carrilero has left a lot of doubts in the breast of the club after his first season in the Camp Nou<\/strong>. The international Sub-21 Spanish has not fulfilled with the expectations that there was with him and will listen offers. Nevertheless, the price that the Bar\u00e7a wants to take out by him is very above what the Andalusians can offer. Besides, the cul\u00e9s will not accept requests of cession, since if it finish going would be to do box with him.<\/p>  <h3>Ale\u00f1\u00e1 And Riqui depend on Seti\u00e9n<\/h3>  <p>In definite,<strong> that the Betis do his August by the expense of the Barcelona will depend especially of Seti\u00e9n<\/strong>. Ivan Rakitic and Arturo Vidal could go out, by what two squares in the centre of the field would remain free. If it arrived Miralem Pjanic, would be only one, by what Ale\u00f1\u00e1 and Riqui would opt to this place beside other youngsters like Monchu, \u00c1lex Hill, Pedri or Oriol Busquets. Between them, Carles would be the one who more options would have to have by experience and age, but there is not at all sure.<\/p> ","protected":false},"excerpt":{"rendered":"<p>It seems that Betis wants to assert its good relations with Bar\u00e7a this summer. The Andalusians would like to extend Ale\u00f1\u00e1&#8217;s stay in Seville and would also be interested in Riqui Puig and Junior Firpo The Real Betis is one of these called fellow clubs of the FC Barcelona. The relations between one and another [&hellip;]<\/p>\n","protected":false},"author":392,"featured_media":99400,"comment_status":"closed","ping_status":"open","sticky":false,"template":"","format":"standard","meta":{"_acf_changed":false,"inline_featured_image":false,"_nextfly_llmd_date_locked":false,"footnotes":""},"categories":[449,106],"tags":[296,300,63,346],"class_list":["post-99397","post","type-post","status-publish","format-standard","has-post-thumbnail","hentry","category-transfers-2","category-transfers","tag-alena","tag-junior-firpo","tag-real-betis","tag-riqui-puig"],"acf":[],"yoast_head":"<!-- This site is optimized with the Yoast SEO plugin v27.3 - https:\/\/yoast.com\/product\/yoast-seo-wordpress\/ -->\n<title>Betis will seek to fish in Can Bar\u00e7a: They want Ale\u00f1\u00e1 and two other &#039;cul\u00e9s&#039;<\/title>\n<meta name=\"description\" content=\"It seems that the Betis wants to do cost his good relations with the Bar\u00e7a this summer. The Andalusians would want to prolong the stay of Ale\u00f1\u00e1 in Seville and tam...\" \/>\n<meta name=\"robots\" content=\"index, follow, max-snippet:-1, max-image-preview:large, max-video-preview:-1\" \/>\n<link rel=\"canonical\" href=\"https:\/\/www.fcbarcelonanoticias.com\/en\/transfers\/betis-look-fish-barcelona-alena-riqui-junior_257773_102.html\" \/>\n<meta property=\"og:locale\" content=\"en_US\" \/>\n<meta property=\"og:type\" content=\"article\" \/>\n<meta property=\"og:title\" content=\"Betis will seek to fish in Can Bar\u00e7a: They want Ale\u00f1\u00e1 and two other &#039;cul\u00e9s&#039;\" \/>\n<meta property=\"og:description\" content=\"It seems that the Betis wants to do cost his good relations with the Bar\u00e7a this summer. The Andalusians would want to prolong the stay of Ale\u00f1\u00e1 in Seville and tam...\" \/>\n<meta property=\"og:url\" content=\"https:\/\/www.fcbarcelonanoticias.com\/en\/transfers\/betis-look-fish-barcelona-alena-riqui-junior_257773_102.html\" \/>\n<meta property=\"og:site_name\" content=\"EN - FC Barcelona Noticias\" \/>\n<meta property=\"article:published_time\" content=\"2020-05-17T18:28:00+00:00\" \/>\n<meta property=\"og:image\" content=\"https:\/\/www.fcbarcelonanoticias.com\/en\/wp-content\/uploads\/sites\/2\/2020\/05\/carles-alena-betis.jpeg\" \/>\n\t<meta property=\"og:image:width\" content=\"1200\" \/>\n\t<meta property=\"og:image:height\" content=\"731\" \/>\n\t<meta property=\"og:image:type\" content=\"image\/jpeg\" \/>\n<meta name=\"author\" content=\"user_4048\" \/>\n<meta name=\"twitter:card\" content=\"summary_large_image\" \/>\n<meta name=\"twitter:label1\" content=\"Written by\" \/>\n\t<meta name=\"twitter:data1\" content=\"user_4048\" \/>\n\t<meta name=\"twitter:label2\" content=\"Est. reading time\" \/>\n\t<meta name=\"twitter:data2\" content=\"3 minutes\" \/>\n<script type=\"application\/ld+json\" class=\"yoast-schema-graph\">{\"@context\":\"https:\\\/\\\/schema.org\",\"@graph\":[{\"@type\":\"Article\",\"@id\":\"https:\\\/\\\/www.fcbarcelonanoticias.com\\\/en\\\/transfers\\\/betis-look-fish-barcelona-alena-riqui-junior_257773_102.html#article\",\"isPartOf\":{\"@id\":\"https:\\\/\\\/www.fcbarcelonanoticias.com\\\/en\\\/transfers\\\/betis-look-fish-barcelona-alena-riqui-junior_257773_102.html\"},\"author\":{\"name\":\"user_4048\",\"@id\":\"https:\\\/\\\/www.fcbarcelonanoticias.com\\\/en\\\/#\\\/schema\\\/person\\\/fcdad55cab72b8d0e106d75506783b6d\"},\"headline\":\"Betis will seek to fish in Can Bar\u00e7a: They want Ale\u00f1\u00e1 and two other &#8216;cul\u00e9s&#8217;\",\"datePublished\":\"2020-05-17T18:28:00+00:00\",\"mainEntityOfPage\":{\"@id\":\"https:\\\/\\\/www.fcbarcelonanoticias.com\\\/en\\\/transfers\\\/betis-look-fish-barcelona-alena-riqui-junior_257773_102.html\"},\"wordCount\":601,\"image\":{\"@id\":\"https:\\\/\\\/www.fcbarcelonanoticias.com\\\/en\\\/transfers\\\/betis-look-fish-barcelona-alena-riqui-junior_257773_102.html#primaryimage\"},\"thumbnailUrl\":\"https:\\\/\\\/www.fcbarcelonanoticias.com\\\/en\\\/wp-content\\\/uploads\\\/sites\\\/2\\\/2020\\\/05\\\/carles-alena-betis.jpeg\",\"keywords\":[\"Ale\u00f1\u00e1\",\"Junior Firpo\",\"Real Betis\",\"Riqui Puig\"],\"articleSection\":[\"Transfers\",\"Transfers\"],\"inLanguage\":\"en-US\"},{\"@type\":\"WebPage\",\"@id\":\"https:\\\/\\\/www.fcbarcelonanoticias.com\\\/en\\\/transfers\\\/betis-look-fish-barcelona-alena-riqui-junior_257773_102.html\",\"url\":\"https:\\\/\\\/www.fcbarcelonanoticias.com\\\/en\\\/transfers\\\/betis-look-fish-barcelona-alena-riqui-junior_257773_102.html\",\"name\":\"Betis will seek to fish in Can Bar\u00e7a: They want Ale\u00f1\u00e1 and two other 'cul\u00e9s'\",\"isPartOf\":{\"@id\":\"https:\\\/\\\/www.fcbarcelonanoticias.com\\\/en\\\/#website\"},\"primaryImageOfPage\":{\"@id\":\"https:\\\/\\\/www.fcbarcelonanoticias.com\\\/en\\\/transfers\\\/betis-look-fish-barcelona-alena-riqui-junior_257773_102.html#primaryimage\"},\"image\":{\"@id\":\"https:\\\/\\\/www.fcbarcelonanoticias.com\\\/en\\\/transfers\\\/betis-look-fish-barcelona-alena-riqui-junior_257773_102.html#primaryimage\"},\"thumbnailUrl\":\"https:\\\/\\\/www.fcbarcelonanoticias.com\\\/en\\\/wp-content\\\/uploads\\\/sites\\\/2\\\/2020\\\/05\\\/carles-alena-betis.jpeg\",\"datePublished\":\"2020-05-17T18:28:00+00:00\",\"author\":{\"@id\":\"https:\\\/\\\/www.fcbarcelonanoticias.com\\\/en\\\/#\\\/schema\\\/person\\\/fcdad55cab72b8d0e106d75506783b6d\"},\"description\":\"It seems that the Betis wants to do cost his good relations with the Bar\u00e7a this summer. The Andalusians would want to prolong the stay of Ale\u00f1\u00e1 in Seville and tam...\",\"breadcrumb\":{\"@id\":\"https:\\\/\\\/www.fcbarcelonanoticias.com\\\/en\\\/transfers\\\/betis-look-fish-barcelona-alena-riqui-junior_257773_102.html#breadcrumb\"},\"inLanguage\":\"en-US\",\"potentialAction\":[{\"@type\":\"ReadAction\",\"target\":[\"https:\\\/\\\/www.fcbarcelonanoticias.com\\\/en\\\/transfers\\\/betis-look-fish-barcelona-alena-riqui-junior_257773_102.html\"]}]},{\"@type\":\"ImageObject\",\"inLanguage\":\"en-US\",\"@id\":\"https:\\\/\\\/www.fcbarcelonanoticias.com\\\/en\\\/transfers\\\/betis-look-fish-barcelona-alena-riqui-junior_257773_102.html#primaryimage\",\"url\":\"https:\\\/\\\/www.fcbarcelonanoticias.com\\\/en\\\/wp-content\\\/uploads\\\/sites\\\/2\\\/2020\\\/05\\\/carles-alena-betis.jpeg\",\"contentUrl\":\"https:\\\/\\\/www.fcbarcelonanoticias.com\\\/en\\\/wp-content\\\/uploads\\\/sites\\\/2\\\/2020\\\/05\\\/carles-alena-betis.jpeg\",\"width\":1200,\"height\":731},{\"@type\":\"BreadcrumbList\",\"@id\":\"https:\\\/\\\/www.fcbarcelonanoticias.com\\\/en\\\/transfers\\\/betis-look-fish-barcelona-alena-riqui-junior_257773_102.html#breadcrumb\",\"itemListElement\":[{\"@type\":\"ListItem\",\"position\":1,\"name\":\"Portada\",\"item\":\"https:\\\/\\\/www.fcbarcelonanoticias.com\\\/en\\\/\"},{\"@type\":\"ListItem\",\"position\":2,\"name\":\"Betis will seek to fish in Can Bar\u00e7a: They want Ale\u00f1\u00e1 and two other &#8216;cul\u00e9s&#8217;\"}]},{\"@type\":\"WebSite\",\"@id\":\"https:\\\/\\\/www.fcbarcelonanoticias.com\\\/en\\\/#website\",\"url\":\"https:\\\/\\\/www.fcbarcelonanoticias.com\\\/en\\\/\",\"name\":\"EN - FC Barcelona Noticias\",\"description\":\"\",\"potentialAction\":[{\"@type\":\"SearchAction\",\"target\":{\"@type\":\"EntryPoint\",\"urlTemplate\":\"https:\\\/\\\/www.fcbarcelonanoticias.com\\\/en\\\/?s={search_term_string}\"},\"query-input\":{\"@type\":\"PropertyValueSpecification\",\"valueRequired\":true,\"valueName\":\"search_term_string\"}}],\"inLanguage\":\"en-US\"},{\"@type\":\"Person\",\"@id\":\"https:\\\/\\\/www.fcbarcelonanoticias.com\\\/en\\\/#\\\/schema\\\/person\\\/fcdad55cab72b8d0e106d75506783b6d\",\"name\":\"user_4048\",\"image\":{\"@type\":\"ImageObject\",\"inLanguage\":\"en-US\",\"@id\":\"https:\\\/\\\/secure.gravatar.com\\\/avatar\\\/?s=96&d=mm&r=g\",\"url\":\"https:\\\/\\\/secure.gravatar.com\\\/avatar\\\/?s=96&d=mm&r=g\",\"contentUrl\":\"https:\\\/\\\/secure.gravatar.com\\\/avatar\\\/?s=96&d=mm&r=g\",\"caption\":\"user_4048\"},\"url\":\"https:\\\/\\\/www.fcbarcelonanoticias.com\\\/en\\\/user_4048.html\"}]}<\/script>\n<!-- \/ Yoast SEO plugin. -->","yoast_head_json":{"title":"Betis will seek to fish in Can Bar\u00e7a: They want Ale\u00f1\u00e1 and two other 'cul\u00e9s'","description":"It seems that the Betis wants to do cost his good relations with the Bar\u00e7a this summer. The Andalusians would want to prolong the stay of Ale\u00f1\u00e1 in Seville and tam...","robots":{"index":"index","follow":"follow","max-snippet":"max-snippet:-1","max-image-preview":"max-image-preview:large","max-video-preview":"max-video-preview:-1"},"canonical":"https:\/\/www.fcbarcelonanoticias.com\/en\/transfers\/betis-look-fish-barcelona-alena-riqui-junior_257773_102.html","og_locale":"en_US","og_type":"article","og_title":"Betis will seek to fish in Can Bar\u00e7a: They want Ale\u00f1\u00e1 and two other 'cul\u00e9s'","og_description":"It seems that the Betis wants to do cost his good relations with the Bar\u00e7a this summer. The Andalusians would want to prolong the stay of Ale\u00f1\u00e1 in Seville and tam...","og_url":"https:\/\/www.fcbarcelonanoticias.com\/en\/transfers\/betis-look-fish-barcelona-alena-riqui-junior_257773_102.html","og_site_name":"EN - FC Barcelona Noticias","article_published_time":"2020-05-17T18:28:00+00:00","og_image":[{"width":1200,"height":731,"url":"https:\/\/www.fcbarcelonanoticias.com\/en\/wp-content\/uploads\/sites\/2\/2020\/05\/carles-alena-betis.jpeg","type":"image\/jpeg"}],"author":"user_4048","twitter_card":"summary_large_image","twitter_misc":{"Written by":"user_4048","Est. reading time":"3 minutes"},"schema":{"@context":"https:\/\/schema.org","@graph":[{"@type":"Article","@id":"https:\/\/www.fcbarcelonanoticias.com\/en\/transfers\/betis-look-fish-barcelona-alena-riqui-junior_257773_102.html#article","isPartOf":{"@id":"https:\/\/www.fcbarcelonanoticias.com\/en\/transfers\/betis-look-fish-barcelona-alena-riqui-junior_257773_102.html"},"author":{"name":"user_4048","@id":"https:\/\/www.fcbarcelonanoticias.com\/en\/#\/schema\/person\/fcdad55cab72b8d0e106d75506783b6d"},"headline":"Betis will seek to fish in Can Bar\u00e7a: They want Ale\u00f1\u00e1 and two other &#8216;cul\u00e9s&#8217;","datePublished":"2020-05-17T18:28:00+00:00","mainEntityOfPage":{"@id":"https:\/\/www.fcbarcelonanoticias.com\/en\/transfers\/betis-look-fish-barcelona-alena-riqui-junior_257773_102.html"},"wordCount":601,"image":{"@id":"https:\/\/www.fcbarcelonanoticias.com\/en\/transfers\/betis-look-fish-barcelona-alena-riqui-junior_257773_102.html#primaryimage"},"thumbnailUrl":"https:\/\/www.fcbarcelonanoticias.com\/en\/wp-content\/uploads\/sites\/2\/2020\/05\/carles-alena-betis.jpeg","keywords":["Ale\u00f1\u00e1","Junior Firpo","Real Betis","Riqui Puig"],"articleSection":["Transfers","Transfers"],"inLanguage":"en-US"},{"@type":"WebPage","@id":"https:\/\/www.fcbarcelonanoticias.com\/en\/transfers\/betis-look-fish-barcelona-alena-riqui-junior_257773_102.html","url":"https:\/\/www.fcbarcelonanoticias.com\/en\/transfers\/betis-look-fish-barcelona-alena-riqui-junior_257773_102.html","name":"Betis will seek to fish in Can Bar\u00e7a: They want Ale\u00f1\u00e1 and two other 'cul\u00e9s'","isPartOf":{"@id":"https:\/\/www.fcbarcelonanoticias.com\/en\/#website"},"primaryImageOfPage":{"@id":"https:\/\/www.fcbarcelonanoticias.com\/en\/transfers\/betis-look-fish-barcelona-alena-riqui-junior_257773_102.html#primaryimage"},"image":{"@id":"https:\/\/www.fcbarcelonanoticias.com\/en\/transfers\/betis-look-fish-barcelona-alena-riqui-junior_257773_102.html#primaryimage"},"thumbnailUrl":"https:\/\/www.fcbarcelonanoticias.com\/en\/wp-content\/uploads\/sites\/2\/2020\/05\/carles-alena-betis.jpeg","datePublished":"2020-05-17T18:28:00+00:00","author":{"@id":"https:\/\/www.fcbarcelonanoticias.com\/en\/#\/schema\/person\/fcdad55cab72b8d0e106d75506783b6d"},"description":"It seems that the Betis wants to do cost his good relations with the Bar\u00e7a this summer. The Andalusians would want to prolong the stay of Ale\u00f1\u00e1 in Seville and tam...","breadcrumb":{"@id":"https:\/\/www.fcbarcelonanoticias.com\/en\/transfers\/betis-look-fish-barcelona-alena-riqui-junior_257773_102.html#breadcrumb"},"inLanguage":"en-US","potentialAction":[{"@type":"ReadAction","target":["https:\/\/www.fcbarcelonanoticias.com\/en\/transfers\/betis-look-fish-barcelona-alena-riqui-junior_257773_102.html"]}]},{"@type":"ImageObject","inLanguage":"en-US","@id":"https:\/\/www.fcbarcelonanoticias.com\/en\/transfers\/betis-look-fish-barcelona-alena-riqui-junior_257773_102.html#primaryimage","url":"https:\/\/www.fcbarcelonanoticias.com\/en\/wp-content\/uploads\/sites\/2\/2020\/05\/carles-alena-betis.jpeg","contentUrl":"https:\/\/www.fcbarcelonanoticias.com\/en\/wp-content\/uploads\/sites\/2\/2020\/05\/carles-alena-betis.jpeg","width":1200,"height":731},{"@type":"BreadcrumbList","@id":"https:\/\/www.fcbarcelonanoticias.com\/en\/transfers\/betis-look-fish-barcelona-alena-riqui-junior_257773_102.html#breadcrumb","itemListElement":[{"@type":"ListItem","position":1,"name":"Portada","item":"https:\/\/www.fcbarcelonanoticias.com\/en\/"},{"@type":"ListItem","position":2,"name":"Betis will seek to fish in Can Bar\u00e7a: They want Ale\u00f1\u00e1 and two other &#8216;cul\u00e9s&#8217;"}]},{"@type":"WebSite","@id":"https:\/\/www.fcbarcelonanoticias.com\/en\/#website","url":"https:\/\/www.fcbarcelonanoticias.com\/en\/","name":"EN - FC Barcelona Noticias","description":"","potentialAction":[{"@type":"SearchAction","target":{"@type":"EntryPoint","urlTemplate":"https:\/\/www.fcbarcelonanoticias.com\/en\/?s={search_term_string}"},"query-input":{"@type":"PropertyValueSpecification","valueRequired":true,"valueName":"search_term_string"}}],"inLanguage":"en-US"},{"@type":"Person","@id":"https:\/\/www.fcbarcelonanoticias.com\/en\/#\/schema\/person\/fcdad55cab72b8d0e106d75506783b6d","name":"user_4048","image":{"@type":"ImageObject","inLanguage":"en-US","@id":"https:\/\/secure.gravatar.com\/avatar\/?s=96&d=mm&r=g","url":"https:\/\/secure.gravatar.com\/avatar\/?s=96&d=mm&r=g","contentUrl":"https:\/\/secure.gravatar.com\/avatar\/?s=96&d=mm&r=g","caption":"user_4048"},"url":"https:\/\/www.fcbarcelonanoticias.com\/en\/user_4048.html"}]}},"_links":{"self":[{"href":"https:\/\/www.fcbarcelonanoticias.com\/en\/wp-json\/wp\/v2\/posts\/99397","targetHints":{"allow":["GET"]}}],"collection":[{"href":"https:\/\/www.fcbarcelonanoticias.com\/en\/wp-json\/wp\/v2\/posts"}],"about":[{"href":"https:\/\/www.fcbarcelonanoticias.com\/en\/wp-json\/wp\/v2\/types\/post"}],"author":[{"embeddable":true,"href":"https:\/\/www.fcbarcelonanoticias.com\/en\/wp-json\/wp\/v2\/users\/392"}],"replies":[{"embeddable":true,"href":"https:\/\/www.fcbarcelonanoticias.com\/en\/wp-json\/wp\/v2\/comments?post=99397"}],"version-history":[{"count":1,"href":"https:\/\/www.fcbarcelonanoticias.com\/en\/wp-json\/wp\/v2\/posts\/99397\/revisions"}],"predecessor-version":[{"id":125736,"href":"https:\/\/www.fcbarcelonanoticias.com\/en\/wp-json\/wp\/v2\/posts\/99397\/revisions\/125736"}],"wp:featuredmedia":[{"embeddable":true,"href":"https:\/\/www.fcbarcelonanoticias.com\/en\/wp-json\/wp\/v2\/media\/99400"}],"wp:attachment":[{"href":"https:\/\/www.fcbarcelonanoticias.com\/en\/wp-json\/wp\/v2\/media?parent=99397"}],"wp:term":[{"taxonomy":"category","embeddable":true,"href":"https:\/\/www.fcbarcelonanoticias.com\/en\/wp-json\/wp\/v2\/categories?post=99397"},{"taxonomy":"post_tag","embeddable":true,"href":"https:\/\/www.fcbarcelonanoticias.com\/en\/wp-json\/wp\/v2\/tags?post=99397"}],"curies":[{"name":"wp","href":"https:\/\/api.w.org\/{rel}","templated":true}]}}