{"id":99475,"date":"2023-12-03T08:18:00","date_gmt":"2023-12-03T07:18:00","guid":{"rendered":"https:\/\/weisetech.dev\/fc-barcelona-noticias\/en\/deco-complete-first-big-signing-with-arrival-vitor-roque_298669_102\/"},"modified":"2023-12-03T08:18:00","modified_gmt":"2023-12-03T07:18:00","slug":"deco-complete-first-big-signing-with-arrival-vitor-roque_298669_102","status":"publish","type":"post","link":"https:\/\/www.fcbarcelonanoticias.com\/en\/transfers\/deco-complete-first-big-signing-with-arrival-vitor-roque_298669_102.html","title":{"rendered":"Deco completes its first big signing with the arrival of Vitor Roque"},"content":{"rendered":"<h2 class=\"wp-block-heading\">FC Barcelona has closed the signing of Vitor Roque for the winter market and, with it, Deco&#8217;s first major operation as cul\u00e9 sports director. The arrival of the &#8216;9&#8217; represents a blow to the table for a Bar\u00e7a still in financial problems<\/h2>  \r\n<div class=\"article-addons\">\r\n    <a href=\"https:\/\/www.fcbarcelonanoticias.com\/en\/calendar-fc-barcelona.html\"\r\n       target=\"_self\"\r\n       title=\"Calendar of FC Barcelona\"\r\n       class=\"blue-gredient-btn\">\r\n       \r\n        Calendar of FC Barcelona    <\/a>\r\n<\/div>   <p>The signing of Vitor Roque in January supposes a big news for the FC Barcelona of face to the second half of the 2023\/24. <strong>The offensive problems of the team in the last weeks evidenciaron the need of fichar a forward in January<\/strong> and, as it was foreseen, <a data-external=\"0\" data-intl-links-en=\"https:\/\/www.fcbarcelonanoticias.com\/en\/fc-barcelona\/official-paranaense-fires-vitor-roque-and-confirms-his-arrival-at-barca-in-january_298664_102.html\" data-intl-links-es=\"https:\/\/www.fcbarcelonanoticias.com\/fc-barcelona\/oficial-paranaense-despide-vitor-roque-confirma-su-llegada-barca-en-enero_298664_102.html\" href=\"https:\/\/www.fcbarcelonanoticias.com\/en\/fc-barcelona\/official-paranaense-fires-vitor-roque-and-confirms-his-arrival-at-barca-in-january_298664_102.html\" rel=\"follow\" target=\"_self\" title=\"\u00a1Oficial! El Paranaense despide a Vitor Roque y 'confirma' su llegada al Bar\u00e7a en enero\">the forward of 18 years will arrive to Catalonia at all more begin the<\/a> year to help to the team to trace back in LaLiga, arrive as far as possible in Champions and to compete in the Supercopa Spanish as in the Glass of Rey.<\/p>  <p>In this sense, the signing of &#8216;Tigrinho&#8217; supposes the first big operation that attains to close Deco at the head of the sportive direction cul\u00e9. Although the ex international luso already had participation the year happened in the signing of Rapinha and, this year, in the arrivals of Joao F\u00e9lix and Joao Cancel, <strong>the negotiation by the forward of 18 years always was in his hands and the ones of Joan Laporta<\/strong>. Thanks to his work, the Bar\u00e7a could convince to the player of descartar to other &#8216;big&#8217; European to dress the Barcelona T-shirt.<\/p>  <h2>The Bar\u00e7a only awaits by the &#8216;ok&#8217; of LaLiga to present to Vitor Roque<\/h2>  <p>Although the Bar\u00e7a still has not done official the arrival of Vitor, the c\u00fapula cul\u00e9 is optimistic of face to obtain the &#8216;ok&#8217; of LaLiga to close his registration. <strong>The club has pending to do box with the 40 million euros that owes the bottom German investor Free<\/strong> corresponding on sale of 29,5% of Bar\u00e7a Studios, <strong>in addition to freeing mass salarial with the injury of Gavi and perceive a compensation of 7.5 &#8216;kilos&#8217;<\/strong> that the FIFA will award to the club by his drop until the next season.<\/p>  <p>Like this the things, <a data-external=\"0\" data-intl-links-en=\"https:\/\/www.fcbarcelonanoticias.com\/en\/transfers\/decision-defnitiva-the-barca-informs-to-laliga-that-will-inscribe-to-vitor-roque_298606_102.html\" data-intl-links-es=\"https:\/\/www.fcbarcelonanoticias.com\/fichajes\/decision-defnitiva-el-barca-informa-laliga-inscribira-vitor-roque_298606_102.html\" href=\"https:\/\/www.fcbarcelonanoticias.com\/en\/club\/decision-defnitiva-the-barca-informs-to-laliga-that-will-inscribe-to-vitor-roque_298606_102.html\" rel=\"follow\" target=\"_self\" title=\"Decisi\u00f3n definitiva: \u00a1El Bar\u00e7a informa a LaLiga que inscribir\u00e1 a Vitor Roque!\">the Bar\u00e7a trusts to have sufficient &#8216;Fair Play&#8217; financial<\/a> to have Vitor Roque from beginnings of year. The ones of Xavi Hern\u00e1ndez will return to the action after the stop navide\u00f1o the Thursday 4 January in front of the UD The Palms and, <strong>afterwards, will travel to Arabia to contest the Supercopa Spanish. There it could debut &#8216;Tigrinho&#8217;<\/strong>, maybe in the semis in front of the Osasuna on 11 January.<\/p>  <h2>Deco And Laporta attained to resolve a very complex operation<\/h2>  <p>In spite of the insistence of the Athletico Paranaense to delay the arrival of the &#8216;9&#8217; to Catalonia until the summer of 2024, so much Deco like Joan Laporta <strong>attained to convince to the group carioca to accept the terms of a traspaso that closed by 30 million fixed euros more 31 &#8216;kilos&#8217; extra in variables<\/strong>. The Bar\u00e7a left clear from beginnings of year his intention to contribute by the forward of 18 years, with which advanced to clubs like Arsenal, PSG and the own Real Madrid. This Thursday, the &#8216;9&#8217; will sack officially of the &#8216;Fura\u00e7ao&#8217; with the mind put in his debut like cul\u00e9.<\/p> ","protected":false},"excerpt":{"rendered":"<p>FC Barcelona has closed the signing of Vitor Roque for the winter market and, with it, Deco&#8217;s first major operation as cul\u00e9 sports director. The arrival of the &#8216;9&#8217; represents a blow to the table for a Bar\u00e7a still in financial problems The signing of Vitor Roque in January supposes a big news for the [&hellip;]<\/p>\n","protected":false},"author":347,"featured_media":99486,"comment_status":"closed","ping_status":"open","sticky":false,"template":"","format":"standard","meta":{"_acf_changed":false,"inline_featured_image":false,"_nextfly_llmd_date_locked":false,"footnotes":""},"categories":[449,106],"tags":[335,158,327],"class_list":["post-99475","post","type-post","status-publish","format-standard","has-post-thumbnail","hentry","category-transfers-2","category-transfers","tag-deco","tag-joan-laporta","tag-vitor-roque"],"acf":[],"yoast_head":"<!-- This site is optimized with the Yoast SEO plugin v27.3 - https:\/\/yoast.com\/product\/yoast-seo-wordpress\/ -->\n<title>Deco completes its first big signing with the arrival of Vitor Roque<\/title>\n<meta name=\"description\" content=\"FC Barcelona has closed the signing of Vitor Roque for the winter market and, with it, Deco&#039;s first major operation as cul\u00e9 sports director. The arrival of the &#039;9&#039; represents a blow to the table for a Bar\u00e7a still in financial problems\" \/>\n<meta name=\"robots\" content=\"index, follow, max-snippet:-1, max-image-preview:large, max-video-preview:-1\" \/>\n<link rel=\"canonical\" href=\"https:\/\/www.fcbarcelonanoticias.com\/en\/transfers\/deco-complete-first-big-signing-with-arrival-vitor-roque_298669_102.html\" \/>\n<meta property=\"og:locale\" content=\"en_US\" \/>\n<meta property=\"og:type\" content=\"article\" \/>\n<meta property=\"og:title\" content=\"Deco completes its first big signing with the arrival of Vitor Roque\" \/>\n<meta property=\"og:description\" content=\"FC Barcelona has closed the signing of Vitor Roque for the winter market and, with it, Deco&#039;s first major operation as cul\u00e9 sports director. The arrival of the &#039;9&#039; represents a blow to the table for a Bar\u00e7a still in financial problems\" \/>\n<meta property=\"og:url\" content=\"https:\/\/www.fcbarcelonanoticias.com\/en\/transfers\/deco-complete-first-big-signing-with-arrival-vitor-roque_298669_102.html\" \/>\n<meta property=\"og:site_name\" content=\"EN - FC Barcelona Noticias\" \/>\n<meta property=\"article:published_time\" content=\"2023-12-03T07:18:00+00:00\" \/>\n<meta property=\"og:image\" content=\"https:\/\/www.fcbarcelonanoticias.com\/en\/wp-content\/uploads\/sites\/2\/2023\/12\/deco.jpeg\" \/>\n\t<meta property=\"og:image:width\" content=\"1250\" \/>\n\t<meta property=\"og:image:height\" content=\"750\" \/>\n\t<meta property=\"og:image:type\" content=\"image\/jpeg\" \/>\n<meta name=\"author\" content=\"Andr\u00e9s Quiroz\" \/>\n<meta name=\"twitter:card\" content=\"summary_large_image\" \/>\n<meta name=\"twitter:label1\" content=\"Written by\" \/>\n\t<meta name=\"twitter:data1\" content=\"Andr\u00e9s Quiroz\" \/>\n\t<meta name=\"twitter:label2\" content=\"Est. reading time\" \/>\n\t<meta name=\"twitter:data2\" content=\"3 minutes\" \/>\n<script type=\"application\/ld+json\" class=\"yoast-schema-graph\">{\"@context\":\"https:\\\/\\\/schema.org\",\"@graph\":[{\"@type\":\"Article\",\"@id\":\"https:\\\/\\\/www.fcbarcelonanoticias.com\\\/en\\\/transfers\\\/deco-complete-first-big-signing-with-arrival-vitor-roque_298669_102.html#article\",\"isPartOf\":{\"@id\":\"https:\\\/\\\/www.fcbarcelonanoticias.com\\\/en\\\/transfers\\\/deco-complete-first-big-signing-with-arrival-vitor-roque_298669_102.html\"},\"author\":{\"name\":\"Andr\u00e9s Quiroz\",\"@id\":\"https:\\\/\\\/www.fcbarcelonanoticias.com\\\/en\\\/#\\\/schema\\\/person\\\/c2cd9f6fa1af5c0d0eccd0fefa575c88\"},\"headline\":\"Deco completes its first big signing with the arrival of Vitor Roque\",\"datePublished\":\"2023-12-03T07:18:00+00:00\",\"mainEntityOfPage\":{\"@id\":\"https:\\\/\\\/www.fcbarcelonanoticias.com\\\/en\\\/transfers\\\/deco-complete-first-big-signing-with-arrival-vitor-roque_298669_102.html\"},\"wordCount\":532,\"image\":{\"@id\":\"https:\\\/\\\/www.fcbarcelonanoticias.com\\\/en\\\/transfers\\\/deco-complete-first-big-signing-with-arrival-vitor-roque_298669_102.html#primaryimage\"},\"thumbnailUrl\":\"https:\\\/\\\/www.fcbarcelonanoticias.com\\\/en\\\/wp-content\\\/uploads\\\/sites\\\/2\\\/2023\\\/12\\\/deco.jpeg\",\"keywords\":[\"Deco\",\"Joan Laporta\",\"Vitor Roque\"],\"articleSection\":[\"Transfers\",\"Transfers\"],\"inLanguage\":\"en-US\"},{\"@type\":\"WebPage\",\"@id\":\"https:\\\/\\\/www.fcbarcelonanoticias.com\\\/en\\\/transfers\\\/deco-complete-first-big-signing-with-arrival-vitor-roque_298669_102.html\",\"url\":\"https:\\\/\\\/www.fcbarcelonanoticias.com\\\/en\\\/transfers\\\/deco-complete-first-big-signing-with-arrival-vitor-roque_298669_102.html\",\"name\":\"Deco completes its first big signing with the arrival of Vitor Roque\",\"isPartOf\":{\"@id\":\"https:\\\/\\\/www.fcbarcelonanoticias.com\\\/en\\\/#website\"},\"primaryImageOfPage\":{\"@id\":\"https:\\\/\\\/www.fcbarcelonanoticias.com\\\/en\\\/transfers\\\/deco-complete-first-big-signing-with-arrival-vitor-roque_298669_102.html#primaryimage\"},\"image\":{\"@id\":\"https:\\\/\\\/www.fcbarcelonanoticias.com\\\/en\\\/transfers\\\/deco-complete-first-big-signing-with-arrival-vitor-roque_298669_102.html#primaryimage\"},\"thumbnailUrl\":\"https:\\\/\\\/www.fcbarcelonanoticias.com\\\/en\\\/wp-content\\\/uploads\\\/sites\\\/2\\\/2023\\\/12\\\/deco.jpeg\",\"datePublished\":\"2023-12-03T07:18:00+00:00\",\"author\":{\"@id\":\"https:\\\/\\\/www.fcbarcelonanoticias.com\\\/en\\\/#\\\/schema\\\/person\\\/c2cd9f6fa1af5c0d0eccd0fefa575c88\"},\"description\":\"FC Barcelona has closed the signing of Vitor Roque for the winter market and, with it, Deco's first major operation as cul\u00e9 sports director. The arrival of the '9' represents a blow to the table for a Bar\u00e7a still in financial problems\",\"breadcrumb\":{\"@id\":\"https:\\\/\\\/www.fcbarcelonanoticias.com\\\/en\\\/transfers\\\/deco-complete-first-big-signing-with-arrival-vitor-roque_298669_102.html#breadcrumb\"},\"inLanguage\":\"en-US\",\"potentialAction\":[{\"@type\":\"ReadAction\",\"target\":[\"https:\\\/\\\/www.fcbarcelonanoticias.com\\\/en\\\/transfers\\\/deco-complete-first-big-signing-with-arrival-vitor-roque_298669_102.html\"]}]},{\"@type\":\"ImageObject\",\"inLanguage\":\"en-US\",\"@id\":\"https:\\\/\\\/www.fcbarcelonanoticias.com\\\/en\\\/transfers\\\/deco-complete-first-big-signing-with-arrival-vitor-roque_298669_102.html#primaryimage\",\"url\":\"https:\\\/\\\/www.fcbarcelonanoticias.com\\\/en\\\/wp-content\\\/uploads\\\/sites\\\/2\\\/2023\\\/12\\\/deco.jpeg\",\"contentUrl\":\"https:\\\/\\\/www.fcbarcelonanoticias.com\\\/en\\\/wp-content\\\/uploads\\\/sites\\\/2\\\/2023\\\/12\\\/deco.jpeg\",\"width\":1250,\"height\":750},{\"@type\":\"BreadcrumbList\",\"@id\":\"https:\\\/\\\/www.fcbarcelonanoticias.com\\\/en\\\/transfers\\\/deco-complete-first-big-signing-with-arrival-vitor-roque_298669_102.html#breadcrumb\",\"itemListElement\":[{\"@type\":\"ListItem\",\"position\":1,\"name\":\"Portada\",\"item\":\"https:\\\/\\\/www.fcbarcelonanoticias.com\\\/en\\\/\"},{\"@type\":\"ListItem\",\"position\":2,\"name\":\"Deco completes its first big signing with the arrival of Vitor Roque\"}]},{\"@type\":\"WebSite\",\"@id\":\"https:\\\/\\\/www.fcbarcelonanoticias.com\\\/en\\\/#website\",\"url\":\"https:\\\/\\\/www.fcbarcelonanoticias.com\\\/en\\\/\",\"name\":\"EN - FC Barcelona Noticias\",\"description\":\"\",\"potentialAction\":[{\"@type\":\"SearchAction\",\"target\":{\"@type\":\"EntryPoint\",\"urlTemplate\":\"https:\\\/\\\/www.fcbarcelonanoticias.com\\\/en\\\/?s={search_term_string}\"},\"query-input\":{\"@type\":\"PropertyValueSpecification\",\"valueRequired\":true,\"valueName\":\"search_term_string\"}}],\"inLanguage\":\"en-US\"},{\"@type\":\"Person\",\"@id\":\"https:\\\/\\\/www.fcbarcelonanoticias.com\\\/en\\\/#\\\/schema\\\/person\\\/c2cd9f6fa1af5c0d0eccd0fefa575c88\",\"name\":\"Andr\u00e9s Quiroz\",\"image\":{\"@type\":\"ImageObject\",\"inLanguage\":\"en-US\",\"@id\":\"https:\\\/\\\/secure.gravatar.com\\\/avatar\\\/?s=96&d=mm&r=g\",\"url\":\"https:\\\/\\\/secure.gravatar.com\\\/avatar\\\/?s=96&d=mm&r=g\",\"contentUrl\":\"https:\\\/\\\/secure.gravatar.com\\\/avatar\\\/?s=96&d=mm&r=g\",\"caption\":\"Andr\u00e9s Quiroz\"},\"description\":\"Licenciado en Periodismo por la Universidad de los Andes. Me encargo de analizar y compartir los contenidos m\u00e1s destacados de la\u00a0actualidad del F\u00fatbol Club Barcelona, Mercado de Fichajes y F\u00fatbol Internacional en FCBN. La informaci\u00f3n es poder, pero tambi\u00e9n conocimiento.\",\"url\":\"https:\\\/\\\/www.fcbarcelonanoticias.com\\\/en\\\/fc-barcelona\\\/andres-quiroz_17_115.html\"}]}<\/script>\n<!-- \/ Yoast SEO plugin. -->","yoast_head_json":{"title":"Deco completes its first big signing with the arrival of Vitor Roque","description":"FC Barcelona has closed the signing of Vitor Roque for the winter market and, with it, Deco's first major operation as cul\u00e9 sports director. The arrival of the '9' represents a blow to the table for a Bar\u00e7a still in financial problems","robots":{"index":"index","follow":"follow","max-snippet":"max-snippet:-1","max-image-preview":"max-image-preview:large","max-video-preview":"max-video-preview:-1"},"canonical":"https:\/\/www.fcbarcelonanoticias.com\/en\/transfers\/deco-complete-first-big-signing-with-arrival-vitor-roque_298669_102.html","og_locale":"en_US","og_type":"article","og_title":"Deco completes its first big signing with the arrival of Vitor Roque","og_description":"FC Barcelona has closed the signing of Vitor Roque for the winter market and, with it, Deco's first major operation as cul\u00e9 sports director. The arrival of the '9' represents a blow to the table for a Bar\u00e7a still in financial problems","og_url":"https:\/\/www.fcbarcelonanoticias.com\/en\/transfers\/deco-complete-first-big-signing-with-arrival-vitor-roque_298669_102.html","og_site_name":"EN - FC Barcelona Noticias","article_published_time":"2023-12-03T07:18:00+00:00","og_image":[{"width":1250,"height":750,"url":"https:\/\/www.fcbarcelonanoticias.com\/en\/wp-content\/uploads\/sites\/2\/2023\/12\/deco.jpeg","type":"image\/jpeg"}],"author":"Andr\u00e9s Quiroz","twitter_card":"summary_large_image","twitter_misc":{"Written by":"Andr\u00e9s Quiroz","Est. reading time":"3 minutes"},"schema":{"@context":"https:\/\/schema.org","@graph":[{"@type":"Article","@id":"https:\/\/www.fcbarcelonanoticias.com\/en\/transfers\/deco-complete-first-big-signing-with-arrival-vitor-roque_298669_102.html#article","isPartOf":{"@id":"https:\/\/www.fcbarcelonanoticias.com\/en\/transfers\/deco-complete-first-big-signing-with-arrival-vitor-roque_298669_102.html"},"author":{"name":"Andr\u00e9s Quiroz","@id":"https:\/\/www.fcbarcelonanoticias.com\/en\/#\/schema\/person\/c2cd9f6fa1af5c0d0eccd0fefa575c88"},"headline":"Deco completes its first big signing with the arrival of Vitor Roque","datePublished":"2023-12-03T07:18:00+00:00","mainEntityOfPage":{"@id":"https:\/\/www.fcbarcelonanoticias.com\/en\/transfers\/deco-complete-first-big-signing-with-arrival-vitor-roque_298669_102.html"},"wordCount":532,"image":{"@id":"https:\/\/www.fcbarcelonanoticias.com\/en\/transfers\/deco-complete-first-big-signing-with-arrival-vitor-roque_298669_102.html#primaryimage"},"thumbnailUrl":"https:\/\/www.fcbarcelonanoticias.com\/en\/wp-content\/uploads\/sites\/2\/2023\/12\/deco.jpeg","keywords":["Deco","Joan Laporta","Vitor Roque"],"articleSection":["Transfers","Transfers"],"inLanguage":"en-US"},{"@type":"WebPage","@id":"https:\/\/www.fcbarcelonanoticias.com\/en\/transfers\/deco-complete-first-big-signing-with-arrival-vitor-roque_298669_102.html","url":"https:\/\/www.fcbarcelonanoticias.com\/en\/transfers\/deco-complete-first-big-signing-with-arrival-vitor-roque_298669_102.html","name":"Deco completes its first big signing with the arrival of Vitor Roque","isPartOf":{"@id":"https:\/\/www.fcbarcelonanoticias.com\/en\/#website"},"primaryImageOfPage":{"@id":"https:\/\/www.fcbarcelonanoticias.com\/en\/transfers\/deco-complete-first-big-signing-with-arrival-vitor-roque_298669_102.html#primaryimage"},"image":{"@id":"https:\/\/www.fcbarcelonanoticias.com\/en\/transfers\/deco-complete-first-big-signing-with-arrival-vitor-roque_298669_102.html#primaryimage"},"thumbnailUrl":"https:\/\/www.fcbarcelonanoticias.com\/en\/wp-content\/uploads\/sites\/2\/2023\/12\/deco.jpeg","datePublished":"2023-12-03T07:18:00+00:00","author":{"@id":"https:\/\/www.fcbarcelonanoticias.com\/en\/#\/schema\/person\/c2cd9f6fa1af5c0d0eccd0fefa575c88"},"description":"FC Barcelona has closed the signing of Vitor Roque for the winter market and, with it, Deco's first major operation as cul\u00e9 sports director. The arrival of the '9' represents a blow to the table for a Bar\u00e7a still in financial problems","breadcrumb":{"@id":"https:\/\/www.fcbarcelonanoticias.com\/en\/transfers\/deco-complete-first-big-signing-with-arrival-vitor-roque_298669_102.html#breadcrumb"},"inLanguage":"en-US","potentialAction":[{"@type":"ReadAction","target":["https:\/\/www.fcbarcelonanoticias.com\/en\/transfers\/deco-complete-first-big-signing-with-arrival-vitor-roque_298669_102.html"]}]},{"@type":"ImageObject","inLanguage":"en-US","@id":"https:\/\/www.fcbarcelonanoticias.com\/en\/transfers\/deco-complete-first-big-signing-with-arrival-vitor-roque_298669_102.html#primaryimage","url":"https:\/\/www.fcbarcelonanoticias.com\/en\/wp-content\/uploads\/sites\/2\/2023\/12\/deco.jpeg","contentUrl":"https:\/\/www.fcbarcelonanoticias.com\/en\/wp-content\/uploads\/sites\/2\/2023\/12\/deco.jpeg","width":1250,"height":750},{"@type":"BreadcrumbList","@id":"https:\/\/www.fcbarcelonanoticias.com\/en\/transfers\/deco-complete-first-big-signing-with-arrival-vitor-roque_298669_102.html#breadcrumb","itemListElement":[{"@type":"ListItem","position":1,"name":"Portada","item":"https:\/\/www.fcbarcelonanoticias.com\/en\/"},{"@type":"ListItem","position":2,"name":"Deco completes its first big signing with the arrival of Vitor Roque"}]},{"@type":"WebSite","@id":"https:\/\/www.fcbarcelonanoticias.com\/en\/#website","url":"https:\/\/www.fcbarcelonanoticias.com\/en\/","name":"EN - FC Barcelona Noticias","description":"","potentialAction":[{"@type":"SearchAction","target":{"@type":"EntryPoint","urlTemplate":"https:\/\/www.fcbarcelonanoticias.com\/en\/?s={search_term_string}"},"query-input":{"@type":"PropertyValueSpecification","valueRequired":true,"valueName":"search_term_string"}}],"inLanguage":"en-US"},{"@type":"Person","@id":"https:\/\/www.fcbarcelonanoticias.com\/en\/#\/schema\/person\/c2cd9f6fa1af5c0d0eccd0fefa575c88","name":"Andr\u00e9s Quiroz","image":{"@type":"ImageObject","inLanguage":"en-US","@id":"https:\/\/secure.gravatar.com\/avatar\/?s=96&d=mm&r=g","url":"https:\/\/secure.gravatar.com\/avatar\/?s=96&d=mm&r=g","contentUrl":"https:\/\/secure.gravatar.com\/avatar\/?s=96&d=mm&r=g","caption":"Andr\u00e9s Quiroz"},"description":"Licenciado en Periodismo por la Universidad de los Andes. Me encargo de analizar y compartir los contenidos m\u00e1s destacados de la\u00a0actualidad del F\u00fatbol Club Barcelona, Mercado de Fichajes y F\u00fatbol Internacional en FCBN. La informaci\u00f3n es poder, pero tambi\u00e9n conocimiento.","url":"https:\/\/www.fcbarcelonanoticias.com\/en\/fc-barcelona\/andres-quiroz_17_115.html"}]}},"_links":{"self":[{"href":"https:\/\/www.fcbarcelonanoticias.com\/en\/wp-json\/wp\/v2\/posts\/99475","targetHints":{"allow":["GET"]}}],"collection":[{"href":"https:\/\/www.fcbarcelonanoticias.com\/en\/wp-json\/wp\/v2\/posts"}],"about":[{"href":"https:\/\/www.fcbarcelonanoticias.com\/en\/wp-json\/wp\/v2\/types\/post"}],"author":[{"embeddable":true,"href":"https:\/\/www.fcbarcelonanoticias.com\/en\/wp-json\/wp\/v2\/users\/347"}],"replies":[{"embeddable":true,"href":"https:\/\/www.fcbarcelonanoticias.com\/en\/wp-json\/wp\/v2\/comments?post=99475"}],"version-history":[{"count":1,"href":"https:\/\/www.fcbarcelonanoticias.com\/en\/wp-json\/wp\/v2\/posts\/99475\/revisions"}],"predecessor-version":[{"id":128201,"href":"https:\/\/www.fcbarcelonanoticias.com\/en\/wp-json\/wp\/v2\/posts\/99475\/revisions\/128201"}],"wp:featuredmedia":[{"embeddable":true,"href":"https:\/\/www.fcbarcelonanoticias.com\/en\/wp-json\/wp\/v2\/media\/99486"}],"wp:attachment":[{"href":"https:\/\/www.fcbarcelonanoticias.com\/en\/wp-json\/wp\/v2\/media?parent=99475"}],"wp:term":[{"taxonomy":"category","embeddable":true,"href":"https:\/\/www.fcbarcelonanoticias.com\/en\/wp-json\/wp\/v2\/categories?post=99475"},{"taxonomy":"post_tag","embeddable":true,"href":"https:\/\/www.fcbarcelonanoticias.com\/en\/wp-json\/wp\/v2\/tags?post=99475"}],"curies":[{"name":"wp","href":"https:\/\/api.w.org\/{rel}","templated":true}]}}