{"id":99481,"date":"2024-06-10T18:35:00","date_gmt":"2024-06-10T16:35:00","guid":{"rendered":"https:\/\/weisetech.dev\/fc-barcelona-noticias\/en\/flicks-decisions-with-the-overbooking-of-central-defenders-at-barca-mark-the-future-of-mika-faye_304356_102\/"},"modified":"2024-06-11T07:43:00","modified_gmt":"2024-06-11T05:43:00","slug":"flicks-decisions-with-the-overbooking-of-central-defenders-at-barca-mark-the-future-of-mika-faye_304356_102","status":"publish","type":"post","link":"https:\/\/www.fcbarcelonanoticias.com\/en\/transfers\/flicks-decisions-with-the-overbooking-of-central-defenders-at-barca-mark-the-future-of-mika-faye_304356_102.html","title":{"rendered":"Flick&#8217;s decisions with the &#8216;overbooking&#8217; of central defenders at Bar\u00e7a mark the future of Mika Faye"},"content":{"rendered":"<h2 class=\"wp-block-heading\">Bar\u00e7a is waiting for Hansi Flick to start working thinking about next season, and one of the names that the club is taking into account is Mika Faye who needs to clarify his future<\/h2>  \r\n<div class=\"article-addons\">\r\n    <a href=\"https:\/\/www.fcbarcelonanoticias.com\/en\/calendar-fc-barcelona.html\"\r\n       target=\"_self\"\r\n       title=\"Calendar of FC Barcelona\"\r\n       class=\"blue-gredient-btn\">\r\n       \r\n        Calendar of FC Barcelona    <\/a>\r\n<\/div>   <p><a data-external=\"0\" data-intl-links-en=\"https:\/\/www.fcbarcelonanoticias.com\/en\/fc-barcelona\/official-the-rival-of-the-barca-atletic-in-the-final-by-place-in-second-division_304335_102.html\" data-intl-links-es=\"https:\/\/www.fcbarcelonanoticias.com\/fc-barcelona\/oficial-rival-barca-atletic-en-final-por-puesto-en-segunda-division_304335_102.html\" href=\"https:\/\/www.fcbarcelonanoticias.com\/en\/fc-barcelona\/official-the-rival-of-the-barca-atletic-in-the-final-by-place-in-second-division_304335_102.html\" rel=\"follow\" target=\"_self\" title=\"OFICIAL: El rival del Bar\u00e7a Atl\u00e8tic en la final por un puesto en Segunda Divisi\u00f3n\">The Bar\u00e7a Atl\u00e8tic of Rafa M\u00e1rquez<\/a> will be able to have one of the pillars of his team for the &#8216;final&#8217;: Mika Faye. <strong>The defence was summoned with the absolute selection of Senegal, but will return to time to form part of the dynamic blaugrana for the decisive eliminatory of the promotion to Second Division in front of the C\u00f3rdoba. <\/strong>But to the margin of this positive present of the defence, his future inside the Barcelona entity follows without being too clear.<\/p>  <p>And it is that to weigh that the central of 19 years has played 33 parties and has annotated four goals in First Federation this season, <strong>his good performance has not been able to him debut with the first team. <\/strong>But yes that his irruption has woken up the interest of several teams, that follow closely his steps and want to do with his services.<\/p>  <h2>The Bar\u00e7a will await by the pre-season, and by Hansi Flick<\/h2>  <p>It is thus that the idea of the Bar\u00e7a, to the day of today, is that Faye have minutes in the pre-season with the first team, but knowing that the last decision <a data-external=\"0\" data-intl-links-en=\"https:\/\/www.fcbarcelonanoticias.com\/en\/fc-barcelona\/the-flick-era-begins-the-coach-anticipates-his-arrival-in-barcelona-to-start-working-with-deco_304345_102.html\" data-intl-links-es=\"https:\/\/www.fcbarcelonanoticias.com\/fc-barcelona\/empieza-era-flick-tecnico-adelanta-su-llegada-barcelona-empezar-trabajar-con-deco_304345_102.html\" href=\"https:\/\/www.fcbarcelonanoticias.com\/en\/fc-barcelona\/the-flick-era-begins-the-coach-anticipates-his-arrival-in-barcelona-to-start-working-with-deco_304345_102.html\" rel=\"follow\" target=\"_self\" title=\"\u00a1Empieza la era Flick! El t\u00e9cnico adelanta su llegada a Barcelona para empezar a trabajar&nbsp;con&nbsp;Deco\">will be of Hansi Flick<\/a>.<strong> The reality is that there is a lot of competition for the youngster in the centre of the defence blaugrana and the &#8216;overbooking&#8217; of head offices will hamper the taking of decisions of the German technician.<\/strong><\/p>  <p>A point yes that is clear for all the parts, as it explains &#8216;Sportive World&#8217;, and that it is that if the Bar\u00e7a Atl\u00e8tic does not achieve to rise to Second, there will be bidding by the African player,<strong> remembering that the Barcelona entity invested less than 5 millions in his signing, by what could triplicar, like minimum, this investment.<\/strong> Teams of France and England are very interesandos in a Faye that will have to expect the development of the market with players like Eric Garc\u00eda, I\u00f1igo Mart\u00ednez, Christensen or Kound\u00e9, to know if really it will have a place in the staff of Hansi Flick.<\/p> ","protected":false},"excerpt":{"rendered":"<p>Bar\u00e7a is waiting for Hansi Flick to start working thinking about next season, and one of the names that the club is taking into account is Mika Faye who needs to clarify his future The Bar\u00e7a Atl\u00e8tic of Rafa M\u00e1rquez will be able to have one of the pillars of his team for the &#8216;final&#8217;: [&hellip;]<\/p>\n","protected":false},"author":345,"featured_media":99494,"comment_status":"closed","ping_status":"open","sticky":false,"template":"","format":"standard","meta":{"_acf_changed":false,"inline_featured_image":false,"_nextfly_llmd_date_locked":false,"footnotes":""},"categories":[106,449],"tags":[87,181],"class_list":["post-99481","post","type-post","status-publish","format-standard","has-post-thumbnail","hentry","category-transfers","category-transfers-2","tag-hansi-flick","tag-the-masia"],"acf":[],"yoast_head":"<!-- This site is optimized with the Yoast SEO plugin v27.3 - https:\/\/yoast.com\/product\/yoast-seo-wordpress\/ -->\n<title>Flick&#039;s decisions with the &#039;overbooking&#039; of central defenders at Bar\u00e7a mark the future of Mika Faye<\/title>\n<meta name=\"description\" content=\"Bar\u00e7a is waiting for Hansi Flick to start working thinking about next season, and one of the names that the club is taking into account is Mika Faye who needs to clarify his future\" \/>\n<meta name=\"robots\" content=\"index, follow, max-snippet:-1, max-image-preview:large, max-video-preview:-1\" \/>\n<link rel=\"canonical\" href=\"https:\/\/www.fcbarcelonanoticias.com\/en\/transfers\/flicks-decisions-with-the-overbooking-of-central-defenders-at-barca-mark-the-future-of-mika-faye_304356_102.html\" \/>\n<meta property=\"og:locale\" content=\"en_US\" \/>\n<meta property=\"og:type\" content=\"article\" \/>\n<meta property=\"og:title\" content=\"Flick&#039;s decisions with the &#039;overbooking&#039; of central defenders at Bar\u00e7a mark the future of Mika Faye\" \/>\n<meta property=\"og:description\" content=\"Bar\u00e7a is waiting for Hansi Flick to start working thinking about next season, and one of the names that the club is taking into account is Mika Faye who needs to clarify his future\" \/>\n<meta property=\"og:url\" content=\"https:\/\/www.fcbarcelonanoticias.com\/en\/transfers\/flicks-decisions-with-the-overbooking-of-central-defenders-at-barca-mark-the-future-of-mika-faye_304356_102.html\" \/>\n<meta property=\"og:site_name\" content=\"EN - FC Barcelona Noticias\" \/>\n<meta property=\"article:published_time\" content=\"2024-06-10T16:35:00+00:00\" \/>\n<meta property=\"article:modified_time\" content=\"2024-06-11T05:43:00+00:00\" \/>\n<meta property=\"og:image\" content=\"https:\/\/www.fcbarcelonanoticias.com\/en\/wp-content\/uploads\/sites\/2\/2024\/06\/mika-faye-calentamiento-2.jpeg\" \/>\n\t<meta property=\"og:image:width\" content=\"1300\" \/>\n\t<meta property=\"og:image:height\" content=\"732\" \/>\n\t<meta property=\"og:image:type\" content=\"image\/jpeg\" \/>\n<meta name=\"author\" content=\"Carlos Montenegro\" \/>\n<meta name=\"twitter:card\" content=\"summary_large_image\" \/>\n<meta name=\"twitter:label1\" content=\"Written by\" \/>\n\t<meta name=\"twitter:data1\" content=\"Carlos Montenegro\" \/>\n\t<meta name=\"twitter:label2\" content=\"Est. reading time\" \/>\n\t<meta name=\"twitter:data2\" content=\"2 minutes\" \/>\n<script type=\"application\/ld+json\" class=\"yoast-schema-graph\">{\"@context\":\"https:\\\/\\\/schema.org\",\"@graph\":[{\"@type\":\"Article\",\"@id\":\"https:\\\/\\\/www.fcbarcelonanoticias.com\\\/en\\\/transfers\\\/flicks-decisions-with-the-overbooking-of-central-defenders-at-barca-mark-the-future-of-mika-faye_304356_102.html#article\",\"isPartOf\":{\"@id\":\"https:\\\/\\\/www.fcbarcelonanoticias.com\\\/en\\\/transfers\\\/flicks-decisions-with-the-overbooking-of-central-defenders-at-barca-mark-the-future-of-mika-faye_304356_102.html\"},\"author\":{\"name\":\"Carlos Montenegro\",\"@id\":\"https:\\\/\\\/www.fcbarcelonanoticias.com\\\/en\\\/#\\\/schema\\\/person\\\/aa1d038709c262cb247e240f6b39bbf5\"},\"headline\":\"Flick&#8217;s decisions with the &#8216;overbooking&#8217; of central defenders at Bar\u00e7a mark the future of Mika Faye\",\"datePublished\":\"2024-06-10T16:35:00+00:00\",\"dateModified\":\"2024-06-11T05:43:00+00:00\",\"mainEntityOfPage\":{\"@id\":\"https:\\\/\\\/www.fcbarcelonanoticias.com\\\/en\\\/transfers\\\/flicks-decisions-with-the-overbooking-of-central-defenders-at-barca-mark-the-future-of-mika-faye_304356_102.html\"},\"wordCount\":398,\"image\":{\"@id\":\"https:\\\/\\\/www.fcbarcelonanoticias.com\\\/en\\\/transfers\\\/flicks-decisions-with-the-overbooking-of-central-defenders-at-barca-mark-the-future-of-mika-faye_304356_102.html#primaryimage\"},\"thumbnailUrl\":\"https:\\\/\\\/www.fcbarcelonanoticias.com\\\/en\\\/wp-content\\\/uploads\\\/sites\\\/2\\\/2024\\\/06\\\/mika-faye-calentamiento-2.jpeg\",\"keywords\":[\"Hansi Flick\",\"The Masia\"],\"articleSection\":[\"Transfers\",\"Transfers\"],\"inLanguage\":\"en-US\"},{\"@type\":\"WebPage\",\"@id\":\"https:\\\/\\\/www.fcbarcelonanoticias.com\\\/en\\\/transfers\\\/flicks-decisions-with-the-overbooking-of-central-defenders-at-barca-mark-the-future-of-mika-faye_304356_102.html\",\"url\":\"https:\\\/\\\/www.fcbarcelonanoticias.com\\\/en\\\/transfers\\\/flicks-decisions-with-the-overbooking-of-central-defenders-at-barca-mark-the-future-of-mika-faye_304356_102.html\",\"name\":\"Flick's decisions with the 'overbooking' of central defenders at Bar\u00e7a mark the future of Mika Faye\",\"isPartOf\":{\"@id\":\"https:\\\/\\\/www.fcbarcelonanoticias.com\\\/en\\\/#website\"},\"primaryImageOfPage\":{\"@id\":\"https:\\\/\\\/www.fcbarcelonanoticias.com\\\/en\\\/transfers\\\/flicks-decisions-with-the-overbooking-of-central-defenders-at-barca-mark-the-future-of-mika-faye_304356_102.html#primaryimage\"},\"image\":{\"@id\":\"https:\\\/\\\/www.fcbarcelonanoticias.com\\\/en\\\/transfers\\\/flicks-decisions-with-the-overbooking-of-central-defenders-at-barca-mark-the-future-of-mika-faye_304356_102.html#primaryimage\"},\"thumbnailUrl\":\"https:\\\/\\\/www.fcbarcelonanoticias.com\\\/en\\\/wp-content\\\/uploads\\\/sites\\\/2\\\/2024\\\/06\\\/mika-faye-calentamiento-2.jpeg\",\"datePublished\":\"2024-06-10T16:35:00+00:00\",\"dateModified\":\"2024-06-11T05:43:00+00:00\",\"author\":{\"@id\":\"https:\\\/\\\/www.fcbarcelonanoticias.com\\\/en\\\/#\\\/schema\\\/person\\\/aa1d038709c262cb247e240f6b39bbf5\"},\"description\":\"Bar\u00e7a is waiting for Hansi Flick to start working thinking about next season, and one of the names that the club is taking into account is Mika Faye who needs to clarify his future\",\"breadcrumb\":{\"@id\":\"https:\\\/\\\/www.fcbarcelonanoticias.com\\\/en\\\/transfers\\\/flicks-decisions-with-the-overbooking-of-central-defenders-at-barca-mark-the-future-of-mika-faye_304356_102.html#breadcrumb\"},\"inLanguage\":\"en-US\",\"potentialAction\":[{\"@type\":\"ReadAction\",\"target\":[\"https:\\\/\\\/www.fcbarcelonanoticias.com\\\/en\\\/transfers\\\/flicks-decisions-with-the-overbooking-of-central-defenders-at-barca-mark-the-future-of-mika-faye_304356_102.html\"]}]},{\"@type\":\"ImageObject\",\"inLanguage\":\"en-US\",\"@id\":\"https:\\\/\\\/www.fcbarcelonanoticias.com\\\/en\\\/transfers\\\/flicks-decisions-with-the-overbooking-of-central-defenders-at-barca-mark-the-future-of-mika-faye_304356_102.html#primaryimage\",\"url\":\"https:\\\/\\\/www.fcbarcelonanoticias.com\\\/en\\\/wp-content\\\/uploads\\\/sites\\\/2\\\/2024\\\/06\\\/mika-faye-calentamiento-2.jpeg\",\"contentUrl\":\"https:\\\/\\\/www.fcbarcelonanoticias.com\\\/en\\\/wp-content\\\/uploads\\\/sites\\\/2\\\/2024\\\/06\\\/mika-faye-calentamiento-2.jpeg\",\"width\":1300,\"height\":732},{\"@type\":\"BreadcrumbList\",\"@id\":\"https:\\\/\\\/www.fcbarcelonanoticias.com\\\/en\\\/transfers\\\/flicks-decisions-with-the-overbooking-of-central-defenders-at-barca-mark-the-future-of-mika-faye_304356_102.html#breadcrumb\",\"itemListElement\":[{\"@type\":\"ListItem\",\"position\":1,\"name\":\"Portada\",\"item\":\"https:\\\/\\\/www.fcbarcelonanoticias.com\\\/en\\\/\"},{\"@type\":\"ListItem\",\"position\":2,\"name\":\"Flick&#8217;s decisions with the &#8216;overbooking&#8217; of central defenders at Bar\u00e7a mark the future of Mika Faye\"}]},{\"@type\":\"WebSite\",\"@id\":\"https:\\\/\\\/www.fcbarcelonanoticias.com\\\/en\\\/#website\",\"url\":\"https:\\\/\\\/www.fcbarcelonanoticias.com\\\/en\\\/\",\"name\":\"EN - FC Barcelona Noticias\",\"description\":\"\",\"potentialAction\":[{\"@type\":\"SearchAction\",\"target\":{\"@type\":\"EntryPoint\",\"urlTemplate\":\"https:\\\/\\\/www.fcbarcelonanoticias.com\\\/en\\\/?s={search_term_string}\"},\"query-input\":{\"@type\":\"PropertyValueSpecification\",\"valueRequired\":true,\"valueName\":\"search_term_string\"}}],\"inLanguage\":\"en-US\"},{\"@type\":\"Person\",\"@id\":\"https:\\\/\\\/www.fcbarcelonanoticias.com\\\/en\\\/#\\\/schema\\\/person\\\/aa1d038709c262cb247e240f6b39bbf5\",\"name\":\"Carlos Montenegro\",\"image\":{\"@type\":\"ImageObject\",\"inLanguage\":\"en-US\",\"@id\":\"https:\\\/\\\/secure.gravatar.com\\\/avatar\\\/?s=96&d=mm&r=g\",\"url\":\"https:\\\/\\\/secure.gravatar.com\\\/avatar\\\/?s=96&d=mm&r=g\",\"contentUrl\":\"https:\\\/\\\/secure.gravatar.com\\\/avatar\\\/?s=96&d=mm&r=g\",\"caption\":\"Carlos Montenegro\"},\"url\":\"https:\\\/\\\/www.fcbarcelonanoticias.com\\\/en\\\/carlos-montenegro_20_115.html\"}]}<\/script>\n<!-- \/ Yoast SEO plugin. -->","yoast_head_json":{"title":"Flick's decisions with the 'overbooking' of central defenders at Bar\u00e7a mark the future of Mika Faye","description":"Bar\u00e7a is waiting for Hansi Flick to start working thinking about next season, and one of the names that the club is taking into account is Mika Faye who needs to clarify his future","robots":{"index":"index","follow":"follow","max-snippet":"max-snippet:-1","max-image-preview":"max-image-preview:large","max-video-preview":"max-video-preview:-1"},"canonical":"https:\/\/www.fcbarcelonanoticias.com\/en\/transfers\/flicks-decisions-with-the-overbooking-of-central-defenders-at-barca-mark-the-future-of-mika-faye_304356_102.html","og_locale":"en_US","og_type":"article","og_title":"Flick's decisions with the 'overbooking' of central defenders at Bar\u00e7a mark the future of Mika Faye","og_description":"Bar\u00e7a is waiting for Hansi Flick to start working thinking about next season, and one of the names that the club is taking into account is Mika Faye who needs to clarify his future","og_url":"https:\/\/www.fcbarcelonanoticias.com\/en\/transfers\/flicks-decisions-with-the-overbooking-of-central-defenders-at-barca-mark-the-future-of-mika-faye_304356_102.html","og_site_name":"EN - FC Barcelona Noticias","article_published_time":"2024-06-10T16:35:00+00:00","article_modified_time":"2024-06-11T05:43:00+00:00","og_image":[{"width":1300,"height":732,"url":"https:\/\/www.fcbarcelonanoticias.com\/en\/wp-content\/uploads\/sites\/2\/2024\/06\/mika-faye-calentamiento-2.jpeg","type":"image\/jpeg"}],"author":"Carlos Montenegro","twitter_card":"summary_large_image","twitter_misc":{"Written by":"Carlos Montenegro","Est. reading time":"2 minutes"},"schema":{"@context":"https:\/\/schema.org","@graph":[{"@type":"Article","@id":"https:\/\/www.fcbarcelonanoticias.com\/en\/transfers\/flicks-decisions-with-the-overbooking-of-central-defenders-at-barca-mark-the-future-of-mika-faye_304356_102.html#article","isPartOf":{"@id":"https:\/\/www.fcbarcelonanoticias.com\/en\/transfers\/flicks-decisions-with-the-overbooking-of-central-defenders-at-barca-mark-the-future-of-mika-faye_304356_102.html"},"author":{"name":"Carlos Montenegro","@id":"https:\/\/www.fcbarcelonanoticias.com\/en\/#\/schema\/person\/aa1d038709c262cb247e240f6b39bbf5"},"headline":"Flick&#8217;s decisions with the &#8216;overbooking&#8217; of central defenders at Bar\u00e7a mark the future of Mika Faye","datePublished":"2024-06-10T16:35:00+00:00","dateModified":"2024-06-11T05:43:00+00:00","mainEntityOfPage":{"@id":"https:\/\/www.fcbarcelonanoticias.com\/en\/transfers\/flicks-decisions-with-the-overbooking-of-central-defenders-at-barca-mark-the-future-of-mika-faye_304356_102.html"},"wordCount":398,"image":{"@id":"https:\/\/www.fcbarcelonanoticias.com\/en\/transfers\/flicks-decisions-with-the-overbooking-of-central-defenders-at-barca-mark-the-future-of-mika-faye_304356_102.html#primaryimage"},"thumbnailUrl":"https:\/\/www.fcbarcelonanoticias.com\/en\/wp-content\/uploads\/sites\/2\/2024\/06\/mika-faye-calentamiento-2.jpeg","keywords":["Hansi Flick","The Masia"],"articleSection":["Transfers","Transfers"],"inLanguage":"en-US"},{"@type":"WebPage","@id":"https:\/\/www.fcbarcelonanoticias.com\/en\/transfers\/flicks-decisions-with-the-overbooking-of-central-defenders-at-barca-mark-the-future-of-mika-faye_304356_102.html","url":"https:\/\/www.fcbarcelonanoticias.com\/en\/transfers\/flicks-decisions-with-the-overbooking-of-central-defenders-at-barca-mark-the-future-of-mika-faye_304356_102.html","name":"Flick's decisions with the 'overbooking' of central defenders at Bar\u00e7a mark the future of Mika Faye","isPartOf":{"@id":"https:\/\/www.fcbarcelonanoticias.com\/en\/#website"},"primaryImageOfPage":{"@id":"https:\/\/www.fcbarcelonanoticias.com\/en\/transfers\/flicks-decisions-with-the-overbooking-of-central-defenders-at-barca-mark-the-future-of-mika-faye_304356_102.html#primaryimage"},"image":{"@id":"https:\/\/www.fcbarcelonanoticias.com\/en\/transfers\/flicks-decisions-with-the-overbooking-of-central-defenders-at-barca-mark-the-future-of-mika-faye_304356_102.html#primaryimage"},"thumbnailUrl":"https:\/\/www.fcbarcelonanoticias.com\/en\/wp-content\/uploads\/sites\/2\/2024\/06\/mika-faye-calentamiento-2.jpeg","datePublished":"2024-06-10T16:35:00+00:00","dateModified":"2024-06-11T05:43:00+00:00","author":{"@id":"https:\/\/www.fcbarcelonanoticias.com\/en\/#\/schema\/person\/aa1d038709c262cb247e240f6b39bbf5"},"description":"Bar\u00e7a is waiting for Hansi Flick to start working thinking about next season, and one of the names that the club is taking into account is Mika Faye who needs to clarify his future","breadcrumb":{"@id":"https:\/\/www.fcbarcelonanoticias.com\/en\/transfers\/flicks-decisions-with-the-overbooking-of-central-defenders-at-barca-mark-the-future-of-mika-faye_304356_102.html#breadcrumb"},"inLanguage":"en-US","potentialAction":[{"@type":"ReadAction","target":["https:\/\/www.fcbarcelonanoticias.com\/en\/transfers\/flicks-decisions-with-the-overbooking-of-central-defenders-at-barca-mark-the-future-of-mika-faye_304356_102.html"]}]},{"@type":"ImageObject","inLanguage":"en-US","@id":"https:\/\/www.fcbarcelonanoticias.com\/en\/transfers\/flicks-decisions-with-the-overbooking-of-central-defenders-at-barca-mark-the-future-of-mika-faye_304356_102.html#primaryimage","url":"https:\/\/www.fcbarcelonanoticias.com\/en\/wp-content\/uploads\/sites\/2\/2024\/06\/mika-faye-calentamiento-2.jpeg","contentUrl":"https:\/\/www.fcbarcelonanoticias.com\/en\/wp-content\/uploads\/sites\/2\/2024\/06\/mika-faye-calentamiento-2.jpeg","width":1300,"height":732},{"@type":"BreadcrumbList","@id":"https:\/\/www.fcbarcelonanoticias.com\/en\/transfers\/flicks-decisions-with-the-overbooking-of-central-defenders-at-barca-mark-the-future-of-mika-faye_304356_102.html#breadcrumb","itemListElement":[{"@type":"ListItem","position":1,"name":"Portada","item":"https:\/\/www.fcbarcelonanoticias.com\/en\/"},{"@type":"ListItem","position":2,"name":"Flick&#8217;s decisions with the &#8216;overbooking&#8217; of central defenders at Bar\u00e7a mark the future of Mika Faye"}]},{"@type":"WebSite","@id":"https:\/\/www.fcbarcelonanoticias.com\/en\/#website","url":"https:\/\/www.fcbarcelonanoticias.com\/en\/","name":"EN - FC Barcelona Noticias","description":"","potentialAction":[{"@type":"SearchAction","target":{"@type":"EntryPoint","urlTemplate":"https:\/\/www.fcbarcelonanoticias.com\/en\/?s={search_term_string}"},"query-input":{"@type":"PropertyValueSpecification","valueRequired":true,"valueName":"search_term_string"}}],"inLanguage":"en-US"},{"@type":"Person","@id":"https:\/\/www.fcbarcelonanoticias.com\/en\/#\/schema\/person\/aa1d038709c262cb247e240f6b39bbf5","name":"Carlos Montenegro","image":{"@type":"ImageObject","inLanguage":"en-US","@id":"https:\/\/secure.gravatar.com\/avatar\/?s=96&d=mm&r=g","url":"https:\/\/secure.gravatar.com\/avatar\/?s=96&d=mm&r=g","contentUrl":"https:\/\/secure.gravatar.com\/avatar\/?s=96&d=mm&r=g","caption":"Carlos Montenegro"},"url":"https:\/\/www.fcbarcelonanoticias.com\/en\/carlos-montenegro_20_115.html"}]}},"_links":{"self":[{"href":"https:\/\/www.fcbarcelonanoticias.com\/en\/wp-json\/wp\/v2\/posts\/99481","targetHints":{"allow":["GET"]}}],"collection":[{"href":"https:\/\/www.fcbarcelonanoticias.com\/en\/wp-json\/wp\/v2\/posts"}],"about":[{"href":"https:\/\/www.fcbarcelonanoticias.com\/en\/wp-json\/wp\/v2\/types\/post"}],"author":[{"embeddable":true,"href":"https:\/\/www.fcbarcelonanoticias.com\/en\/wp-json\/wp\/v2\/users\/345"}],"replies":[{"embeddable":true,"href":"https:\/\/www.fcbarcelonanoticias.com\/en\/wp-json\/wp\/v2\/comments?post=99481"}],"version-history":[{"count":1,"href":"https:\/\/www.fcbarcelonanoticias.com\/en\/wp-json\/wp\/v2\/posts\/99481\/revisions"}],"predecessor-version":[{"id":128080,"href":"https:\/\/www.fcbarcelonanoticias.com\/en\/wp-json\/wp\/v2\/posts\/99481\/revisions\/128080"}],"wp:featuredmedia":[{"embeddable":true,"href":"https:\/\/www.fcbarcelonanoticias.com\/en\/wp-json\/wp\/v2\/media\/99494"}],"wp:attachment":[{"href":"https:\/\/www.fcbarcelonanoticias.com\/en\/wp-json\/wp\/v2\/media?parent=99481"}],"wp:term":[{"taxonomy":"category","embeddable":true,"href":"https:\/\/www.fcbarcelonanoticias.com\/en\/wp-json\/wp\/v2\/categories?post=99481"},{"taxonomy":"post_tag","embeddable":true,"href":"https:\/\/www.fcbarcelonanoticias.com\/en\/wp-json\/wp\/v2\/tags?post=99481"}],"curies":[{"name":"wp","href":"https:\/\/api.w.org\/{rel}","templated":true}]}}