{"id":99493,"date":"2024-09-02T23:42:00","date_gmt":"2024-09-02T21:42:00","guid":{"rendered":"https:\/\/weisetech.dev\/fc-barcelona-noticias\/en\/betis-does-the-accounts-to-buy-vitor-roque-next-summer_307001_102\/"},"modified":"2024-09-02T23:42:00","modified_gmt":"2024-09-02T21:42:00","slug":"betis-does-the-accounts-to-buy-vitor-roque-next-summer_307001_102","status":"publish","type":"post","link":"https:\/\/www.fcbarcelonanoticias.com\/en\/transfers\/betis-does-the-accounts-to-buy-vitor-roque-next-summer_307001_102.html","title":{"rendered":"Betis is considering buying Vitor Roque next summer"},"content":{"rendered":"<h2 class=\"wp-block-heading\">The Betis board is doing the math thinking about the 2025 summer market. After a complex summer due to their problems with the financial &#8216;Fair Play&#8217;, the Andalusians could close a sale that would leave enough money in the cash box to buy Vitor Roque<\/h2>  \r\n<div class=\"article-addons\">\r\n    <a href=\"https:\/\/www.fcbarcelonanoticias.com\/en\/calendar-fc-barcelona.html\"\r\n       target=\"_self\"\r\n       title=\"Calendar of FC Barcelona\"\r\n       class=\"blue-gredient-btn\">\r\n       \r\n        Calendar of FC Barcelona    <\/a>\r\n<\/div>   <p>Vitor Roque could be owned by Real Betis in 2025 if the &#8216;verdiblanco&#8217; team executes the purchase option that includes his loan with FC Barcelona. The Brazilian striker left on loan for a year, with the possibility of staying until 2026 if the team led by Manuel Pellegrini so wishes. <strong>At the end of each season, the Andalusians could acquire 80% of the footballer&#8217;s sporting rights in exchange for 25 million euros <\/strong>(in 2025) or 27.5 million (in 2026).<\/p>  <p>According to the latest information, <strong>Betis would have enough money in cash to buy &#8216;Tigrinho&#8217; thanks to the transfer of Johnny Cardoso<\/strong>. The midfielder went on loan to Tottenham with a purchase option for \u20ac25M as part of the agreement by which Giovany Lo Celso ended up returning to Benito Villamar\u00edn (the &#8216;verdiblancos&#8217; paid 5 million net for the operation); enough money to secure Roque&#8217;s transfer, pending the Brazilian&#8217;s performance during 2024\/25.<\/p>  <h2>Bar\u00e7a, attentive to their chances of cashing in on Vitor Roque<\/h2>  <p>For Bar\u00e7a, the loan of the 19-year-old forward allowed them to give one of Hansi Flick&#8217;s discards some playing time and, in addition, <strong>try to secure a sale that will recoup part of the \u20ac30M net that the club paid for his transfer last year to Athletico Paranaense<\/strong>. In principle, it is very likely that the Brazilian will stay, at least, another year in Seville, considering the conditions of his loan.&nbsp;<\/p>  <p><strong>On Sunday, Tim\u00f3teo&#8217;s player played his first official match with the Andalusian team, playing a total of 33 minutes in the defeat against Real Madrid (2-0)<\/strong>. Vitor came on in the 57th minute for Aitor Ruibal and started very active, creating some goal-scoring opportunities, but in the final stretch he appeared little against a &#8216;merengue&#8217; team that, unlike the first half, dominated Betis with authority in the second half. For the South American striker, Ruibal, Chimy \u00c1vila and C\u00e9dric Bakambu are direct competition for a place in Manuel Pellegrini&#8217;s starting eleven.<\/p> ","protected":false},"excerpt":{"rendered":"<p>The Betis board is doing the math thinking about the 2025 summer market. After a complex summer due to their problems with the financial &#8216;Fair Play&#8217;, the Andalusians could close a sale that would leave enough money in the cash box to buy Vitor Roque Vitor Roque could be owned by Real Betis in 2025 [&hellip;]<\/p>\n","protected":false},"author":347,"featured_media":99501,"comment_status":"closed","ping_status":"open","sticky":false,"template":"","format":"standard","meta":{"_acf_changed":false,"inline_featured_image":false,"_nextfly_llmd_date_locked":false,"footnotes":""},"categories":[449,106],"tags":[63,327],"class_list":["post-99493","post","type-post","status-publish","format-standard","has-post-thumbnail","hentry","category-transfers-2","category-transfers","tag-real-betis","tag-vitor-roque"],"acf":[],"yoast_head":"<!-- This site is optimized with the Yoast SEO plugin v27.3 - https:\/\/yoast.com\/product\/yoast-seo-wordpress\/ -->\n<title>Betis is considering buying Vitor Roque next summer<\/title>\n<meta name=\"description\" content=\"The Betis board is doing the math thinking about the 2025 summer market. After a complex summer due to their problems with the financial &#039;Fair Play&#039;, the Andalusians could close a sale that would leave enough money in the cash box to buy Vitor Roque\" \/>\n<meta name=\"robots\" content=\"index, follow, max-snippet:-1, max-image-preview:large, max-video-preview:-1\" \/>\n<link rel=\"canonical\" href=\"https:\/\/www.fcbarcelonanoticias.com\/en\/transfers\/betis-does-the-accounts-to-buy-vitor-roque-next-summer_307001_102.html\" \/>\n<meta property=\"og:locale\" content=\"en_US\" \/>\n<meta property=\"og:type\" content=\"article\" \/>\n<meta property=\"og:title\" content=\"Betis is considering buying Vitor Roque next summer\" \/>\n<meta property=\"og:description\" content=\"The Betis board is doing the math thinking about the 2025 summer market. After a complex summer due to their problems with the financial &#039;Fair Play&#039;, the Andalusians could close a sale that would leave enough money in the cash box to buy Vitor Roque\" \/>\n<meta property=\"og:url\" content=\"https:\/\/www.fcbarcelonanoticias.com\/en\/transfers\/betis-does-the-accounts-to-buy-vitor-roque-next-summer_307001_102.html\" \/>\n<meta property=\"og:site_name\" content=\"EN - FC Barcelona Noticias\" \/>\n<meta property=\"article:published_time\" content=\"2024-09-02T21:42:00+00:00\" \/>\n<meta property=\"og:image\" content=\"https:\/\/www.fcbarcelonanoticias.com\/en\/wp-content\/uploads\/sites\/2\/2024\/09\/vitor-roque-supercopa.jpeg\" \/>\n\t<meta property=\"og:image:width\" content=\"1300\" \/>\n\t<meta property=\"og:image:height\" content=\"732\" \/>\n\t<meta property=\"og:image:type\" content=\"image\/jpeg\" \/>\n<meta name=\"author\" content=\"Andr\u00e9s Quiroz\" \/>\n<meta name=\"twitter:card\" content=\"summary_large_image\" \/>\n<meta name=\"twitter:label1\" content=\"Written by\" \/>\n\t<meta name=\"twitter:data1\" content=\"Andr\u00e9s Quiroz\" \/>\n\t<meta name=\"twitter:label2\" content=\"Est. reading time\" \/>\n\t<meta name=\"twitter:data2\" content=\"2 minutes\" \/>\n<script type=\"application\/ld+json\" class=\"yoast-schema-graph\">{\"@context\":\"https:\\\/\\\/schema.org\",\"@graph\":[{\"@type\":\"Article\",\"@id\":\"https:\\\/\\\/www.fcbarcelonanoticias.com\\\/en\\\/transfers\\\/betis-does-the-accounts-to-buy-vitor-roque-next-summer_307001_102.html#article\",\"isPartOf\":{\"@id\":\"https:\\\/\\\/www.fcbarcelonanoticias.com\\\/en\\\/transfers\\\/betis-does-the-accounts-to-buy-vitor-roque-next-summer_307001_102.html\"},\"author\":{\"name\":\"Andr\u00e9s Quiroz\",\"@id\":\"https:\\\/\\\/www.fcbarcelonanoticias.com\\\/en\\\/#\\\/schema\\\/person\\\/c2cd9f6fa1af5c0d0eccd0fefa575c88\"},\"headline\":\"Betis is considering buying Vitor Roque next summer\",\"datePublished\":\"2024-09-02T21:42:00+00:00\",\"mainEntityOfPage\":{\"@id\":\"https:\\\/\\\/www.fcbarcelonanoticias.com\\\/en\\\/transfers\\\/betis-does-the-accounts-to-buy-vitor-roque-next-summer_307001_102.html\"},\"wordCount\":378,\"image\":{\"@id\":\"https:\\\/\\\/www.fcbarcelonanoticias.com\\\/en\\\/transfers\\\/betis-does-the-accounts-to-buy-vitor-roque-next-summer_307001_102.html#primaryimage\"},\"thumbnailUrl\":\"https:\\\/\\\/www.fcbarcelonanoticias.com\\\/en\\\/wp-content\\\/uploads\\\/sites\\\/2\\\/2024\\\/09\\\/vitor-roque-supercopa.jpeg\",\"keywords\":[\"Real Betis\",\"Vitor Roque\"],\"articleSection\":[\"Transfers\",\"Transfers\"],\"inLanguage\":\"en-US\"},{\"@type\":\"WebPage\",\"@id\":\"https:\\\/\\\/www.fcbarcelonanoticias.com\\\/en\\\/transfers\\\/betis-does-the-accounts-to-buy-vitor-roque-next-summer_307001_102.html\",\"url\":\"https:\\\/\\\/www.fcbarcelonanoticias.com\\\/en\\\/transfers\\\/betis-does-the-accounts-to-buy-vitor-roque-next-summer_307001_102.html\",\"name\":\"Betis is considering buying Vitor Roque next summer\",\"isPartOf\":{\"@id\":\"https:\\\/\\\/www.fcbarcelonanoticias.com\\\/en\\\/#website\"},\"primaryImageOfPage\":{\"@id\":\"https:\\\/\\\/www.fcbarcelonanoticias.com\\\/en\\\/transfers\\\/betis-does-the-accounts-to-buy-vitor-roque-next-summer_307001_102.html#primaryimage\"},\"image\":{\"@id\":\"https:\\\/\\\/www.fcbarcelonanoticias.com\\\/en\\\/transfers\\\/betis-does-the-accounts-to-buy-vitor-roque-next-summer_307001_102.html#primaryimage\"},\"thumbnailUrl\":\"https:\\\/\\\/www.fcbarcelonanoticias.com\\\/en\\\/wp-content\\\/uploads\\\/sites\\\/2\\\/2024\\\/09\\\/vitor-roque-supercopa.jpeg\",\"datePublished\":\"2024-09-02T21:42:00+00:00\",\"author\":{\"@id\":\"https:\\\/\\\/www.fcbarcelonanoticias.com\\\/en\\\/#\\\/schema\\\/person\\\/c2cd9f6fa1af5c0d0eccd0fefa575c88\"},\"description\":\"The Betis board is doing the math thinking about the 2025 summer market. After a complex summer due to their problems with the financial 'Fair Play', the Andalusians could close a sale that would leave enough money in the cash box to buy Vitor Roque\",\"breadcrumb\":{\"@id\":\"https:\\\/\\\/www.fcbarcelonanoticias.com\\\/en\\\/transfers\\\/betis-does-the-accounts-to-buy-vitor-roque-next-summer_307001_102.html#breadcrumb\"},\"inLanguage\":\"en-US\",\"potentialAction\":[{\"@type\":\"ReadAction\",\"target\":[\"https:\\\/\\\/www.fcbarcelonanoticias.com\\\/en\\\/transfers\\\/betis-does-the-accounts-to-buy-vitor-roque-next-summer_307001_102.html\"]}]},{\"@type\":\"ImageObject\",\"inLanguage\":\"en-US\",\"@id\":\"https:\\\/\\\/www.fcbarcelonanoticias.com\\\/en\\\/transfers\\\/betis-does-the-accounts-to-buy-vitor-roque-next-summer_307001_102.html#primaryimage\",\"url\":\"https:\\\/\\\/www.fcbarcelonanoticias.com\\\/en\\\/wp-content\\\/uploads\\\/sites\\\/2\\\/2024\\\/09\\\/vitor-roque-supercopa.jpeg\",\"contentUrl\":\"https:\\\/\\\/www.fcbarcelonanoticias.com\\\/en\\\/wp-content\\\/uploads\\\/sites\\\/2\\\/2024\\\/09\\\/vitor-roque-supercopa.jpeg\",\"width\":1300,\"height\":732},{\"@type\":\"BreadcrumbList\",\"@id\":\"https:\\\/\\\/www.fcbarcelonanoticias.com\\\/en\\\/transfers\\\/betis-does-the-accounts-to-buy-vitor-roque-next-summer_307001_102.html#breadcrumb\",\"itemListElement\":[{\"@type\":\"ListItem\",\"position\":1,\"name\":\"Portada\",\"item\":\"https:\\\/\\\/www.fcbarcelonanoticias.com\\\/en\\\/\"},{\"@type\":\"ListItem\",\"position\":2,\"name\":\"Betis is considering buying Vitor Roque next summer\"}]},{\"@type\":\"WebSite\",\"@id\":\"https:\\\/\\\/www.fcbarcelonanoticias.com\\\/en\\\/#website\",\"url\":\"https:\\\/\\\/www.fcbarcelonanoticias.com\\\/en\\\/\",\"name\":\"EN - FC Barcelona Noticias\",\"description\":\"\",\"potentialAction\":[{\"@type\":\"SearchAction\",\"target\":{\"@type\":\"EntryPoint\",\"urlTemplate\":\"https:\\\/\\\/www.fcbarcelonanoticias.com\\\/en\\\/?s={search_term_string}\"},\"query-input\":{\"@type\":\"PropertyValueSpecification\",\"valueRequired\":true,\"valueName\":\"search_term_string\"}}],\"inLanguage\":\"en-US\"},{\"@type\":\"Person\",\"@id\":\"https:\\\/\\\/www.fcbarcelonanoticias.com\\\/en\\\/#\\\/schema\\\/person\\\/c2cd9f6fa1af5c0d0eccd0fefa575c88\",\"name\":\"Andr\u00e9s Quiroz\",\"image\":{\"@type\":\"ImageObject\",\"inLanguage\":\"en-US\",\"@id\":\"https:\\\/\\\/secure.gravatar.com\\\/avatar\\\/?s=96&d=mm&r=g\",\"url\":\"https:\\\/\\\/secure.gravatar.com\\\/avatar\\\/?s=96&d=mm&r=g\",\"contentUrl\":\"https:\\\/\\\/secure.gravatar.com\\\/avatar\\\/?s=96&d=mm&r=g\",\"caption\":\"Andr\u00e9s Quiroz\"},\"description\":\"Licenciado en Periodismo por la Universidad de los Andes. Me encargo de analizar y compartir los contenidos m\u00e1s destacados de la\u00a0actualidad del F\u00fatbol Club Barcelona, Mercado de Fichajes y F\u00fatbol Internacional en FCBN. La informaci\u00f3n es poder, pero tambi\u00e9n conocimiento.\",\"url\":\"https:\\\/\\\/www.fcbarcelonanoticias.com\\\/en\\\/fc-barcelona\\\/andres-quiroz_17_115.html\"}]}<\/script>\n<!-- \/ Yoast SEO plugin. -->","yoast_head_json":{"title":"Betis is considering buying Vitor Roque next summer","description":"The Betis board is doing the math thinking about the 2025 summer market. After a complex summer due to their problems with the financial 'Fair Play', the Andalusians could close a sale that would leave enough money in the cash box to buy Vitor Roque","robots":{"index":"index","follow":"follow","max-snippet":"max-snippet:-1","max-image-preview":"max-image-preview:large","max-video-preview":"max-video-preview:-1"},"canonical":"https:\/\/www.fcbarcelonanoticias.com\/en\/transfers\/betis-does-the-accounts-to-buy-vitor-roque-next-summer_307001_102.html","og_locale":"en_US","og_type":"article","og_title":"Betis is considering buying Vitor Roque next summer","og_description":"The Betis board is doing the math thinking about the 2025 summer market. After a complex summer due to their problems with the financial 'Fair Play', the Andalusians could close a sale that would leave enough money in the cash box to buy Vitor Roque","og_url":"https:\/\/www.fcbarcelonanoticias.com\/en\/transfers\/betis-does-the-accounts-to-buy-vitor-roque-next-summer_307001_102.html","og_site_name":"EN - FC Barcelona Noticias","article_published_time":"2024-09-02T21:42:00+00:00","og_image":[{"width":1300,"height":732,"url":"https:\/\/www.fcbarcelonanoticias.com\/en\/wp-content\/uploads\/sites\/2\/2024\/09\/vitor-roque-supercopa.jpeg","type":"image\/jpeg"}],"author":"Andr\u00e9s Quiroz","twitter_card":"summary_large_image","twitter_misc":{"Written by":"Andr\u00e9s Quiroz","Est. reading time":"2 minutes"},"schema":{"@context":"https:\/\/schema.org","@graph":[{"@type":"Article","@id":"https:\/\/www.fcbarcelonanoticias.com\/en\/transfers\/betis-does-the-accounts-to-buy-vitor-roque-next-summer_307001_102.html#article","isPartOf":{"@id":"https:\/\/www.fcbarcelonanoticias.com\/en\/transfers\/betis-does-the-accounts-to-buy-vitor-roque-next-summer_307001_102.html"},"author":{"name":"Andr\u00e9s Quiroz","@id":"https:\/\/www.fcbarcelonanoticias.com\/en\/#\/schema\/person\/c2cd9f6fa1af5c0d0eccd0fefa575c88"},"headline":"Betis is considering buying Vitor Roque next summer","datePublished":"2024-09-02T21:42:00+00:00","mainEntityOfPage":{"@id":"https:\/\/www.fcbarcelonanoticias.com\/en\/transfers\/betis-does-the-accounts-to-buy-vitor-roque-next-summer_307001_102.html"},"wordCount":378,"image":{"@id":"https:\/\/www.fcbarcelonanoticias.com\/en\/transfers\/betis-does-the-accounts-to-buy-vitor-roque-next-summer_307001_102.html#primaryimage"},"thumbnailUrl":"https:\/\/www.fcbarcelonanoticias.com\/en\/wp-content\/uploads\/sites\/2\/2024\/09\/vitor-roque-supercopa.jpeg","keywords":["Real Betis","Vitor Roque"],"articleSection":["Transfers","Transfers"],"inLanguage":"en-US"},{"@type":"WebPage","@id":"https:\/\/www.fcbarcelonanoticias.com\/en\/transfers\/betis-does-the-accounts-to-buy-vitor-roque-next-summer_307001_102.html","url":"https:\/\/www.fcbarcelonanoticias.com\/en\/transfers\/betis-does-the-accounts-to-buy-vitor-roque-next-summer_307001_102.html","name":"Betis is considering buying Vitor Roque next summer","isPartOf":{"@id":"https:\/\/www.fcbarcelonanoticias.com\/en\/#website"},"primaryImageOfPage":{"@id":"https:\/\/www.fcbarcelonanoticias.com\/en\/transfers\/betis-does-the-accounts-to-buy-vitor-roque-next-summer_307001_102.html#primaryimage"},"image":{"@id":"https:\/\/www.fcbarcelonanoticias.com\/en\/transfers\/betis-does-the-accounts-to-buy-vitor-roque-next-summer_307001_102.html#primaryimage"},"thumbnailUrl":"https:\/\/www.fcbarcelonanoticias.com\/en\/wp-content\/uploads\/sites\/2\/2024\/09\/vitor-roque-supercopa.jpeg","datePublished":"2024-09-02T21:42:00+00:00","author":{"@id":"https:\/\/www.fcbarcelonanoticias.com\/en\/#\/schema\/person\/c2cd9f6fa1af5c0d0eccd0fefa575c88"},"description":"The Betis board is doing the math thinking about the 2025 summer market. After a complex summer due to their problems with the financial 'Fair Play', the Andalusians could close a sale that would leave enough money in the cash box to buy Vitor Roque","breadcrumb":{"@id":"https:\/\/www.fcbarcelonanoticias.com\/en\/transfers\/betis-does-the-accounts-to-buy-vitor-roque-next-summer_307001_102.html#breadcrumb"},"inLanguage":"en-US","potentialAction":[{"@type":"ReadAction","target":["https:\/\/www.fcbarcelonanoticias.com\/en\/transfers\/betis-does-the-accounts-to-buy-vitor-roque-next-summer_307001_102.html"]}]},{"@type":"ImageObject","inLanguage":"en-US","@id":"https:\/\/www.fcbarcelonanoticias.com\/en\/transfers\/betis-does-the-accounts-to-buy-vitor-roque-next-summer_307001_102.html#primaryimage","url":"https:\/\/www.fcbarcelonanoticias.com\/en\/wp-content\/uploads\/sites\/2\/2024\/09\/vitor-roque-supercopa.jpeg","contentUrl":"https:\/\/www.fcbarcelonanoticias.com\/en\/wp-content\/uploads\/sites\/2\/2024\/09\/vitor-roque-supercopa.jpeg","width":1300,"height":732},{"@type":"BreadcrumbList","@id":"https:\/\/www.fcbarcelonanoticias.com\/en\/transfers\/betis-does-the-accounts-to-buy-vitor-roque-next-summer_307001_102.html#breadcrumb","itemListElement":[{"@type":"ListItem","position":1,"name":"Portada","item":"https:\/\/www.fcbarcelonanoticias.com\/en\/"},{"@type":"ListItem","position":2,"name":"Betis is considering buying Vitor Roque next summer"}]},{"@type":"WebSite","@id":"https:\/\/www.fcbarcelonanoticias.com\/en\/#website","url":"https:\/\/www.fcbarcelonanoticias.com\/en\/","name":"EN - FC Barcelona Noticias","description":"","potentialAction":[{"@type":"SearchAction","target":{"@type":"EntryPoint","urlTemplate":"https:\/\/www.fcbarcelonanoticias.com\/en\/?s={search_term_string}"},"query-input":{"@type":"PropertyValueSpecification","valueRequired":true,"valueName":"search_term_string"}}],"inLanguage":"en-US"},{"@type":"Person","@id":"https:\/\/www.fcbarcelonanoticias.com\/en\/#\/schema\/person\/c2cd9f6fa1af5c0d0eccd0fefa575c88","name":"Andr\u00e9s Quiroz","image":{"@type":"ImageObject","inLanguage":"en-US","@id":"https:\/\/secure.gravatar.com\/avatar\/?s=96&d=mm&r=g","url":"https:\/\/secure.gravatar.com\/avatar\/?s=96&d=mm&r=g","contentUrl":"https:\/\/secure.gravatar.com\/avatar\/?s=96&d=mm&r=g","caption":"Andr\u00e9s Quiroz"},"description":"Licenciado en Periodismo por la Universidad de los Andes. Me encargo de analizar y compartir los contenidos m\u00e1s destacados de la\u00a0actualidad del F\u00fatbol Club Barcelona, Mercado de Fichajes y F\u00fatbol Internacional en FCBN. La informaci\u00f3n es poder, pero tambi\u00e9n conocimiento.","url":"https:\/\/www.fcbarcelonanoticias.com\/en\/fc-barcelona\/andres-quiroz_17_115.html"}]}},"_links":{"self":[{"href":"https:\/\/www.fcbarcelonanoticias.com\/en\/wp-json\/wp\/v2\/posts\/99493","targetHints":{"allow":["GET"]}}],"collection":[{"href":"https:\/\/www.fcbarcelonanoticias.com\/en\/wp-json\/wp\/v2\/posts"}],"about":[{"href":"https:\/\/www.fcbarcelonanoticias.com\/en\/wp-json\/wp\/v2\/types\/post"}],"author":[{"embeddable":true,"href":"https:\/\/www.fcbarcelonanoticias.com\/en\/wp-json\/wp\/v2\/users\/347"}],"replies":[{"embeddable":true,"href":"https:\/\/www.fcbarcelonanoticias.com\/en\/wp-json\/wp\/v2\/comments?post=99493"}],"version-history":[{"count":1,"href":"https:\/\/www.fcbarcelonanoticias.com\/en\/wp-json\/wp\/v2\/posts\/99493\/revisions"}],"predecessor-version":[{"id":125715,"href":"https:\/\/www.fcbarcelonanoticias.com\/en\/wp-json\/wp\/v2\/posts\/99493\/revisions\/125715"}],"wp:featuredmedia":[{"embeddable":true,"href":"https:\/\/www.fcbarcelonanoticias.com\/en\/wp-json\/wp\/v2\/media\/99501"}],"wp:attachment":[{"href":"https:\/\/www.fcbarcelonanoticias.com\/en\/wp-json\/wp\/v2\/media?parent=99493"}],"wp:term":[{"taxonomy":"category","embeddable":true,"href":"https:\/\/www.fcbarcelonanoticias.com\/en\/wp-json\/wp\/v2\/categories?post=99493"},{"taxonomy":"post_tag","embeddable":true,"href":"https:\/\/www.fcbarcelonanoticias.com\/en\/wp-json\/wp\/v2\/tags?post=99493"}],"curies":[{"name":"wp","href":"https:\/\/api.w.org\/{rel}","templated":true}]}}