{"id":99506,"date":"2022-05-01T01:33:00","date_gmt":"2022-04-30T23:33:00","guid":{"rendered":"https:\/\/weisetech.dev\/fc-barcelona-noticias\/en\/florentino-perez-and-ancelotti-wet-with-the-signing-of-mbappe_279890_102\/"},"modified":"2022-05-01T01:33:00","modified_gmt":"2022-04-30T23:33:00","slug":"florentino-perez-and-ancelotti-wet-with-the-signing-of-mbappe_279890_102","status":"publish","type":"post","link":"https:\/\/www.fcbarcelonanoticias.com\/en\/transfers\/florentino-perez-and-ancelotti-wet-with-the-signing-of-mbappe_279890_102.html","title":{"rendered":"Florentino P\u00e9rez and Ancelotti get &#8216;wet&#8217; with the signing of Mbapp\u00e9"},"content":{"rendered":"<h2 class=\"wp-block-heading\">During the celebration of the LaLiga Santander title, Florentino P\u00e9rez and Carlo Ancelotti were questioned about the possible arrival of Kylian Mbapp\u00e9 at Real Madrid for next season<\/h2>  \r\n<div class=\"article-addons\">\r\n    <a href=\"https:\/\/www.fcbarcelonanoticias.com\/en\/calendar-fc-barcelona.html\"\r\n       target=\"_self\"\r\n       title=\"Calendar of FC Barcelona\"\r\n       class=\"blue-gredient-btn\">\r\n       \r\n        Calendar of FC Barcelona    <\/a>\r\n<\/div>   <p><strong>The Real Madrid is of celebration after <a data-external=\"0\" data-intl-links-en=\"https:\/\/www.fcbarcelonanoticias.com\/en\/laliga\/real-madrid-golea-espanyol-4-0-is-champion-laliga_279875_102.html\" data-intl-links-es=\"https:\/\/www.fcbarcelonanoticias.com\/laliga\/el-real-madrid-golea-espanyol-4-0-es-campeon-laliga_279875_102.html\" href=\"https:\/\/www.fcbarcelonanoticias.com\/en\/laliga\/real-madrid-golea-espanyol-4-0-is-champion-laliga_279875_102.html\" rel=\"follow\" target=\"_self\" title=\"\u00a1El Real Madrid golea al Espanyol (4-0) y es campe\u00f3n de LaLiga!\">raising his trigesima fifth League<\/a><\/strong>. To fault of four days for the end of the Spanish championship, the group directed by Carlo Ancelotti has proclaimed champion with an overwhelming advantage on his rivals and with the prize to the regularity and the know take advantage of of the errors of the direct rivals, as they have been it the Seville, FC Barcelona and Athletic of Madrid along the season.<\/p>  <p>The Madrid has lived a party in Santiago Bernab\u00e9u and in the streets of the capital of Spain, but<strong> already are looking to the future, specifically to the eliminatory of Champions League<\/strong> against the Manchester City and the signings of the next season. The fans &#8216;merengue&#8217; expects that the celebration continue the Wednesday with a traced back to the group directed by Pep Guardiola and that, sooner that late, announce the signing of <a data-external=\"0\" data-intl-links-en=\"https:\/\/www.fcbarcelonanoticias.com\/en\/tags\/mbappe\" data-intl-links-es=\"https:\/\/www.fcbarcelonanoticias.com\/tags\/mbappe\" href=\"https:\/\/www.fcbarcelonanoticias.com\/en\/tags\/mbappe.html\" rel=\"follow\" target=\"_self\" title=\"Mbapp\u00e9\">Kylian Mbapp\u00e9<\/a>.<\/p>  <p>The French attacker is the big dream of the Madrid and the illusions are put in that it land in the summer like free agent, reason by which Carlo Ancelotti like Florentino P\u00e9rez <strong>have been questioned, in the middle of the celebration, by the arrival of the French.<\/strong> The trainer of Reggiolo left clear that the destination is writing and launched the ball to the roof of the president madridista.<\/p>  <p>Ancelotti Aimed that<strong> &#8220;Mbapp\u00e9? With this club, with Florentino P\u00e9rez, the future already is written!&#8221;<\/strong>, although after being questioned on if it is safe that goes to arrive to Santiago Bernab\u00e9u, left clear that &#8220;have not said this&#8221;. The Italian, in any case, will not speak openly on the subject until it do not concretise , to the equal that has signalled the maximum mandator of the entity madridista.<\/p>  <h3>What has said Florentino?<\/h3>  <p>Florentino P\u00e9rez, in statements to &#8216;Movistar Plus&#8217; was questioned on the three big joys and hopes of the madridismo in this season: win LaLiga, the Champions and the signing of Mbapp\u00e9. The maximum mandator madridista aimed that the first already have achieved it, of the second &#8216;will advance&#8217; the Wednesday and of Mbapp\u00e9 will speak when it schedule the next season: <strong>&#8220;The fans is thrilled with Kylian Mbapp\u00e9? It had not thought it, but now that you say it to me, could be true&#8230; Once that we schedule the team for the next season, will see what sucede&#8221;.<\/strong><\/p> ","protected":false},"excerpt":{"rendered":"<p>During the celebration of the LaLiga Santander title, Florentino P\u00e9rez and Carlo Ancelotti were questioned about the possible arrival of Kylian Mbapp\u00e9 at Real Madrid for next season The Real Madrid is of celebration after raising his trigesima fifth League. To fault of four days for the end of the Spanish championship, the group directed [&hellip;]<\/p>\n","protected":false},"author":352,"featured_media":99511,"comment_status":"closed","ping_status":"open","sticky":false,"template":"","format":"standard","meta":{"_acf_changed":false,"inline_featured_image":false,"_nextfly_llmd_date_locked":false,"footnotes":""},"categories":[449,106],"tags":[177,171],"class_list":["post-99506","post","type-post","status-publish","format-standard","has-post-thumbnail","hentry","category-transfers-2","category-transfers","tag-florentino-perez","tag-mbappe"],"acf":[],"yoast_head":"<!-- This site is optimized with the Yoast SEO plugin v27.3 - https:\/\/yoast.com\/product\/yoast-seo-wordpress\/ -->\n<title>Florentino P\u00e9rez and Ancelotti &#039;wet&#039; with the signing of Mbapp\u00e9<\/title>\n<meta name=\"description\" content=\"During the celebration of the title of LaLiga Santander, Florentino P\u00e9rez and Carlo Ancelotti were questioned on the possible arrival of Kylian Mbapp\u00e9 to the Re...\" \/>\n<meta name=\"robots\" content=\"index, follow, max-snippet:-1, max-image-preview:large, max-video-preview:-1\" \/>\n<link rel=\"canonical\" href=\"https:\/\/www.fcbarcelonanoticias.com\/en\/transfers\/florentino-perez-and-ancelotti-wet-with-the-signing-of-mbappe_279890_102.html\" \/>\n<meta property=\"og:locale\" content=\"en_US\" \/>\n<meta property=\"og:type\" content=\"article\" \/>\n<meta property=\"og:title\" content=\"Florentino P\u00e9rez and Ancelotti &#039;wet&#039; with the signing of Mbapp\u00e9\" \/>\n<meta property=\"og:description\" content=\"During the celebration of the title of LaLiga Santander, Florentino P\u00e9rez and Carlo Ancelotti were questioned on the possible arrival of Kylian Mbapp\u00e9 to the Re...\" \/>\n<meta property=\"og:url\" content=\"https:\/\/www.fcbarcelonanoticias.com\/en\/transfers\/florentino-perez-and-ancelotti-wet-with-the-signing-of-mbappe_279890_102.html\" \/>\n<meta property=\"og:site_name\" content=\"EN - FC Barcelona Noticias\" \/>\n<meta property=\"article:published_time\" content=\"2022-04-30T23:33:00+00:00\" \/>\n<meta property=\"og:image\" content=\"https:\/\/www.fcbarcelonanoticias.com\/en\/wp-content\/uploads\/sites\/2\/2022\/05\/carlo-ancelotti-celebra-laliga-del-real-madrid.jpeg\" \/>\n\t<meta property=\"og:image:width\" content=\"1200\" \/>\n\t<meta property=\"og:image:height\" content=\"675\" \/>\n\t<meta property=\"og:image:type\" content=\"image\/jpeg\" \/>\n<meta name=\"author\" content=\"Paola Guevara\" \/>\n<meta name=\"twitter:card\" content=\"summary_large_image\" \/>\n<meta name=\"twitter:label1\" content=\"Written by\" \/>\n\t<meta name=\"twitter:data1\" content=\"Paola Guevara\" \/>\n\t<meta name=\"twitter:label2\" content=\"Est. reading time\" \/>\n\t<meta name=\"twitter:data2\" content=\"2 minutes\" \/>\n<script type=\"application\/ld+json\" class=\"yoast-schema-graph\">{\"@context\":\"https:\\\/\\\/schema.org\",\"@graph\":[{\"@type\":\"Article\",\"@id\":\"https:\\\/\\\/www.fcbarcelonanoticias.com\\\/en\\\/transfers\\\/florentino-perez-and-ancelotti-wet-with-the-signing-of-mbappe_279890_102.html#article\",\"isPartOf\":{\"@id\":\"https:\\\/\\\/www.fcbarcelonanoticias.com\\\/en\\\/transfers\\\/florentino-perez-and-ancelotti-wet-with-the-signing-of-mbappe_279890_102.html\"},\"author\":{\"name\":\"Paola Guevara\",\"@id\":\"https:\\\/\\\/www.fcbarcelonanoticias.com\\\/en\\\/#\\\/schema\\\/person\\\/3b408513ee236e64c3043ec901f019ee\"},\"headline\":\"Florentino P\u00e9rez and Ancelotti get &#8216;wet&#8217; with the signing of Mbapp\u00e9\",\"datePublished\":\"2022-04-30T23:33:00+00:00\",\"mainEntityOfPage\":{\"@id\":\"https:\\\/\\\/www.fcbarcelonanoticias.com\\\/en\\\/transfers\\\/florentino-perez-and-ancelotti-wet-with-the-signing-of-mbappe_279890_102.html\"},\"wordCount\":437,\"image\":{\"@id\":\"https:\\\/\\\/www.fcbarcelonanoticias.com\\\/en\\\/transfers\\\/florentino-perez-and-ancelotti-wet-with-the-signing-of-mbappe_279890_102.html#primaryimage\"},\"thumbnailUrl\":\"https:\\\/\\\/www.fcbarcelonanoticias.com\\\/en\\\/wp-content\\\/uploads\\\/sites\\\/2\\\/2022\\\/05\\\/carlo-ancelotti-celebra-laliga-del-real-madrid.jpeg\",\"keywords\":[\"Florentino P\u00e9rez\",\"Mbapp\u00e9\"],\"articleSection\":[\"Transfers\",\"Transfers\"],\"inLanguage\":\"en-US\"},{\"@type\":\"WebPage\",\"@id\":\"https:\\\/\\\/www.fcbarcelonanoticias.com\\\/en\\\/transfers\\\/florentino-perez-and-ancelotti-wet-with-the-signing-of-mbappe_279890_102.html\",\"url\":\"https:\\\/\\\/www.fcbarcelonanoticias.com\\\/en\\\/transfers\\\/florentino-perez-and-ancelotti-wet-with-the-signing-of-mbappe_279890_102.html\",\"name\":\"Florentino P\u00e9rez and Ancelotti 'wet' with the signing of Mbapp\u00e9\",\"isPartOf\":{\"@id\":\"https:\\\/\\\/www.fcbarcelonanoticias.com\\\/en\\\/#website\"},\"primaryImageOfPage\":{\"@id\":\"https:\\\/\\\/www.fcbarcelonanoticias.com\\\/en\\\/transfers\\\/florentino-perez-and-ancelotti-wet-with-the-signing-of-mbappe_279890_102.html#primaryimage\"},\"image\":{\"@id\":\"https:\\\/\\\/www.fcbarcelonanoticias.com\\\/en\\\/transfers\\\/florentino-perez-and-ancelotti-wet-with-the-signing-of-mbappe_279890_102.html#primaryimage\"},\"thumbnailUrl\":\"https:\\\/\\\/www.fcbarcelonanoticias.com\\\/en\\\/wp-content\\\/uploads\\\/sites\\\/2\\\/2022\\\/05\\\/carlo-ancelotti-celebra-laliga-del-real-madrid.jpeg\",\"datePublished\":\"2022-04-30T23:33:00+00:00\",\"author\":{\"@id\":\"https:\\\/\\\/www.fcbarcelonanoticias.com\\\/en\\\/#\\\/schema\\\/person\\\/3b408513ee236e64c3043ec901f019ee\"},\"description\":\"During the celebration of the title of LaLiga Santander, Florentino P\u00e9rez and Carlo Ancelotti were questioned on the possible arrival of Kylian Mbapp\u00e9 to the Re...\",\"breadcrumb\":{\"@id\":\"https:\\\/\\\/www.fcbarcelonanoticias.com\\\/en\\\/transfers\\\/florentino-perez-and-ancelotti-wet-with-the-signing-of-mbappe_279890_102.html#breadcrumb\"},\"inLanguage\":\"en-US\",\"potentialAction\":[{\"@type\":\"ReadAction\",\"target\":[\"https:\\\/\\\/www.fcbarcelonanoticias.com\\\/en\\\/transfers\\\/florentino-perez-and-ancelotti-wet-with-the-signing-of-mbappe_279890_102.html\"]}]},{\"@type\":\"ImageObject\",\"inLanguage\":\"en-US\",\"@id\":\"https:\\\/\\\/www.fcbarcelonanoticias.com\\\/en\\\/transfers\\\/florentino-perez-and-ancelotti-wet-with-the-signing-of-mbappe_279890_102.html#primaryimage\",\"url\":\"https:\\\/\\\/www.fcbarcelonanoticias.com\\\/en\\\/wp-content\\\/uploads\\\/sites\\\/2\\\/2022\\\/05\\\/carlo-ancelotti-celebra-laliga-del-real-madrid.jpeg\",\"contentUrl\":\"https:\\\/\\\/www.fcbarcelonanoticias.com\\\/en\\\/wp-content\\\/uploads\\\/sites\\\/2\\\/2022\\\/05\\\/carlo-ancelotti-celebra-laliga-del-real-madrid.jpeg\",\"width\":1200,\"height\":675},{\"@type\":\"BreadcrumbList\",\"@id\":\"https:\\\/\\\/www.fcbarcelonanoticias.com\\\/en\\\/transfers\\\/florentino-perez-and-ancelotti-wet-with-the-signing-of-mbappe_279890_102.html#breadcrumb\",\"itemListElement\":[{\"@type\":\"ListItem\",\"position\":1,\"name\":\"Portada\",\"item\":\"https:\\\/\\\/www.fcbarcelonanoticias.com\\\/en\\\/\"},{\"@type\":\"ListItem\",\"position\":2,\"name\":\"Florentino P\u00e9rez and Ancelotti get &#8216;wet&#8217; with the signing of Mbapp\u00e9\"}]},{\"@type\":\"WebSite\",\"@id\":\"https:\\\/\\\/www.fcbarcelonanoticias.com\\\/en\\\/#website\",\"url\":\"https:\\\/\\\/www.fcbarcelonanoticias.com\\\/en\\\/\",\"name\":\"EN - FC Barcelona Noticias\",\"description\":\"\",\"potentialAction\":[{\"@type\":\"SearchAction\",\"target\":{\"@type\":\"EntryPoint\",\"urlTemplate\":\"https:\\\/\\\/www.fcbarcelonanoticias.com\\\/en\\\/?s={search_term_string}\"},\"query-input\":{\"@type\":\"PropertyValueSpecification\",\"valueRequired\":true,\"valueName\":\"search_term_string\"}}],\"inLanguage\":\"en-US\"},{\"@type\":\"Person\",\"@id\":\"https:\\\/\\\/www.fcbarcelonanoticias.com\\\/en\\\/#\\\/schema\\\/person\\\/3b408513ee236e64c3043ec901f019ee\",\"name\":\"Paola Guevara\",\"image\":{\"@type\":\"ImageObject\",\"inLanguage\":\"en-US\",\"@id\":\"https:\\\/\\\/secure.gravatar.com\\\/avatar\\\/?s=96&d=mm&r=g\",\"url\":\"https:\\\/\\\/secure.gravatar.com\\\/avatar\\\/?s=96&d=mm&r=g\",\"contentUrl\":\"https:\\\/\\\/secure.gravatar.com\\\/avatar\\\/?s=96&d=mm&r=g\",\"caption\":\"Paola Guevara\"},\"url\":\"https:\\\/\\\/www.fcbarcelonanoticias.com\\\/en\\\/fc-barcelona\\\/paola-guevara_9_115.html\"}]}<\/script>\n<!-- \/ Yoast SEO plugin. -->","yoast_head_json":{"title":"Florentino P\u00e9rez and Ancelotti 'wet' with the signing of Mbapp\u00e9","description":"During the celebration of the title of LaLiga Santander, Florentino P\u00e9rez and Carlo Ancelotti were questioned on the possible arrival of Kylian Mbapp\u00e9 to the Re...","robots":{"index":"index","follow":"follow","max-snippet":"max-snippet:-1","max-image-preview":"max-image-preview:large","max-video-preview":"max-video-preview:-1"},"canonical":"https:\/\/www.fcbarcelonanoticias.com\/en\/transfers\/florentino-perez-and-ancelotti-wet-with-the-signing-of-mbappe_279890_102.html","og_locale":"en_US","og_type":"article","og_title":"Florentino P\u00e9rez and Ancelotti 'wet' with the signing of Mbapp\u00e9","og_description":"During the celebration of the title of LaLiga Santander, Florentino P\u00e9rez and Carlo Ancelotti were questioned on the possible arrival of Kylian Mbapp\u00e9 to the Re...","og_url":"https:\/\/www.fcbarcelonanoticias.com\/en\/transfers\/florentino-perez-and-ancelotti-wet-with-the-signing-of-mbappe_279890_102.html","og_site_name":"EN - FC Barcelona Noticias","article_published_time":"2022-04-30T23:33:00+00:00","og_image":[{"width":1200,"height":675,"url":"https:\/\/www.fcbarcelonanoticias.com\/en\/wp-content\/uploads\/sites\/2\/2022\/05\/carlo-ancelotti-celebra-laliga-del-real-madrid.jpeg","type":"image\/jpeg"}],"author":"Paola Guevara","twitter_card":"summary_large_image","twitter_misc":{"Written by":"Paola Guevara","Est. reading time":"2 minutes"},"schema":{"@context":"https:\/\/schema.org","@graph":[{"@type":"Article","@id":"https:\/\/www.fcbarcelonanoticias.com\/en\/transfers\/florentino-perez-and-ancelotti-wet-with-the-signing-of-mbappe_279890_102.html#article","isPartOf":{"@id":"https:\/\/www.fcbarcelonanoticias.com\/en\/transfers\/florentino-perez-and-ancelotti-wet-with-the-signing-of-mbappe_279890_102.html"},"author":{"name":"Paola Guevara","@id":"https:\/\/www.fcbarcelonanoticias.com\/en\/#\/schema\/person\/3b408513ee236e64c3043ec901f019ee"},"headline":"Florentino P\u00e9rez and Ancelotti get &#8216;wet&#8217; with the signing of Mbapp\u00e9","datePublished":"2022-04-30T23:33:00+00:00","mainEntityOfPage":{"@id":"https:\/\/www.fcbarcelonanoticias.com\/en\/transfers\/florentino-perez-and-ancelotti-wet-with-the-signing-of-mbappe_279890_102.html"},"wordCount":437,"image":{"@id":"https:\/\/www.fcbarcelonanoticias.com\/en\/transfers\/florentino-perez-and-ancelotti-wet-with-the-signing-of-mbappe_279890_102.html#primaryimage"},"thumbnailUrl":"https:\/\/www.fcbarcelonanoticias.com\/en\/wp-content\/uploads\/sites\/2\/2022\/05\/carlo-ancelotti-celebra-laliga-del-real-madrid.jpeg","keywords":["Florentino P\u00e9rez","Mbapp\u00e9"],"articleSection":["Transfers","Transfers"],"inLanguage":"en-US"},{"@type":"WebPage","@id":"https:\/\/www.fcbarcelonanoticias.com\/en\/transfers\/florentino-perez-and-ancelotti-wet-with-the-signing-of-mbappe_279890_102.html","url":"https:\/\/www.fcbarcelonanoticias.com\/en\/transfers\/florentino-perez-and-ancelotti-wet-with-the-signing-of-mbappe_279890_102.html","name":"Florentino P\u00e9rez and Ancelotti 'wet' with the signing of Mbapp\u00e9","isPartOf":{"@id":"https:\/\/www.fcbarcelonanoticias.com\/en\/#website"},"primaryImageOfPage":{"@id":"https:\/\/www.fcbarcelonanoticias.com\/en\/transfers\/florentino-perez-and-ancelotti-wet-with-the-signing-of-mbappe_279890_102.html#primaryimage"},"image":{"@id":"https:\/\/www.fcbarcelonanoticias.com\/en\/transfers\/florentino-perez-and-ancelotti-wet-with-the-signing-of-mbappe_279890_102.html#primaryimage"},"thumbnailUrl":"https:\/\/www.fcbarcelonanoticias.com\/en\/wp-content\/uploads\/sites\/2\/2022\/05\/carlo-ancelotti-celebra-laliga-del-real-madrid.jpeg","datePublished":"2022-04-30T23:33:00+00:00","author":{"@id":"https:\/\/www.fcbarcelonanoticias.com\/en\/#\/schema\/person\/3b408513ee236e64c3043ec901f019ee"},"description":"During the celebration of the title of LaLiga Santander, Florentino P\u00e9rez and Carlo Ancelotti were questioned on the possible arrival of Kylian Mbapp\u00e9 to the Re...","breadcrumb":{"@id":"https:\/\/www.fcbarcelonanoticias.com\/en\/transfers\/florentino-perez-and-ancelotti-wet-with-the-signing-of-mbappe_279890_102.html#breadcrumb"},"inLanguage":"en-US","potentialAction":[{"@type":"ReadAction","target":["https:\/\/www.fcbarcelonanoticias.com\/en\/transfers\/florentino-perez-and-ancelotti-wet-with-the-signing-of-mbappe_279890_102.html"]}]},{"@type":"ImageObject","inLanguage":"en-US","@id":"https:\/\/www.fcbarcelonanoticias.com\/en\/transfers\/florentino-perez-and-ancelotti-wet-with-the-signing-of-mbappe_279890_102.html#primaryimage","url":"https:\/\/www.fcbarcelonanoticias.com\/en\/wp-content\/uploads\/sites\/2\/2022\/05\/carlo-ancelotti-celebra-laliga-del-real-madrid.jpeg","contentUrl":"https:\/\/www.fcbarcelonanoticias.com\/en\/wp-content\/uploads\/sites\/2\/2022\/05\/carlo-ancelotti-celebra-laliga-del-real-madrid.jpeg","width":1200,"height":675},{"@type":"BreadcrumbList","@id":"https:\/\/www.fcbarcelonanoticias.com\/en\/transfers\/florentino-perez-and-ancelotti-wet-with-the-signing-of-mbappe_279890_102.html#breadcrumb","itemListElement":[{"@type":"ListItem","position":1,"name":"Portada","item":"https:\/\/www.fcbarcelonanoticias.com\/en\/"},{"@type":"ListItem","position":2,"name":"Florentino P\u00e9rez and Ancelotti get &#8216;wet&#8217; with the signing of Mbapp\u00e9"}]},{"@type":"WebSite","@id":"https:\/\/www.fcbarcelonanoticias.com\/en\/#website","url":"https:\/\/www.fcbarcelonanoticias.com\/en\/","name":"EN - FC Barcelona Noticias","description":"","potentialAction":[{"@type":"SearchAction","target":{"@type":"EntryPoint","urlTemplate":"https:\/\/www.fcbarcelonanoticias.com\/en\/?s={search_term_string}"},"query-input":{"@type":"PropertyValueSpecification","valueRequired":true,"valueName":"search_term_string"}}],"inLanguage":"en-US"},{"@type":"Person","@id":"https:\/\/www.fcbarcelonanoticias.com\/en\/#\/schema\/person\/3b408513ee236e64c3043ec901f019ee","name":"Paola Guevara","image":{"@type":"ImageObject","inLanguage":"en-US","@id":"https:\/\/secure.gravatar.com\/avatar\/?s=96&d=mm&r=g","url":"https:\/\/secure.gravatar.com\/avatar\/?s=96&d=mm&r=g","contentUrl":"https:\/\/secure.gravatar.com\/avatar\/?s=96&d=mm&r=g","caption":"Paola Guevara"},"url":"https:\/\/www.fcbarcelonanoticias.com\/en\/fc-barcelona\/paola-guevara_9_115.html"}]}},"_links":{"self":[{"href":"https:\/\/www.fcbarcelonanoticias.com\/en\/wp-json\/wp\/v2\/posts\/99506","targetHints":{"allow":["GET"]}}],"collection":[{"href":"https:\/\/www.fcbarcelonanoticias.com\/en\/wp-json\/wp\/v2\/posts"}],"about":[{"href":"https:\/\/www.fcbarcelonanoticias.com\/en\/wp-json\/wp\/v2\/types\/post"}],"author":[{"embeddable":true,"href":"https:\/\/www.fcbarcelonanoticias.com\/en\/wp-json\/wp\/v2\/users\/352"}],"replies":[{"embeddable":true,"href":"https:\/\/www.fcbarcelonanoticias.com\/en\/wp-json\/wp\/v2\/comments?post=99506"}],"version-history":[{"count":1,"href":"https:\/\/www.fcbarcelonanoticias.com\/en\/wp-json\/wp\/v2\/posts\/99506\/revisions"}],"predecessor-version":[{"id":128018,"href":"https:\/\/www.fcbarcelonanoticias.com\/en\/wp-json\/wp\/v2\/posts\/99506\/revisions\/128018"}],"wp:featuredmedia":[{"embeddable":true,"href":"https:\/\/www.fcbarcelonanoticias.com\/en\/wp-json\/wp\/v2\/media\/99511"}],"wp:attachment":[{"href":"https:\/\/www.fcbarcelonanoticias.com\/en\/wp-json\/wp\/v2\/media?parent=99506"}],"wp:term":[{"taxonomy":"category","embeddable":true,"href":"https:\/\/www.fcbarcelonanoticias.com\/en\/wp-json\/wp\/v2\/categories?post=99506"},{"taxonomy":"post_tag","embeddable":true,"href":"https:\/\/www.fcbarcelonanoticias.com\/en\/wp-json\/wp\/v2\/tags?post=99506"}],"curies":[{"name":"wp","href":"https:\/\/api.w.org\/{rel}","templated":true}]}}