{"id":99525,"date":"2024-07-02T18:49:00","date_gmt":"2024-07-02T16:49:00","guid":{"rendered":"https:\/\/weisetech.dev\/fc-barcelona-noticias\/en\/management-options-fc-barcelona-right-back-as-alternatives-joao-cancelo_305072_102\/"},"modified":"2024-07-02T18:50:00","modified_gmt":"2024-07-02T16:50:00","slug":"management-options-fc-barcelona-right-back-as-alternatives-joao-cancelo_305072_102","status":"publish","type":"post","link":"https:\/\/www.fcbarcelonanoticias.com\/en\/transfers\/management-options-fc-barcelona-right-back-as-alternatives-joao-cancelo_305072_102.html","title":{"rendered":"The options that FC Barcelona would handle for the right back as alternatives to Joao Cancelo"},"content":{"rendered":"<h2 class=\"wp-block-heading\">FC Barcelona is considering possible options to reinforce its right wing in case the negotiations with Manchester City to renew Jo\u00e3o Cancelo&#8217;s loan do not come to fruition. These alternatives, on the other hand, are quite surprising if you want<\/h2>  \r\n<div class=\"article-addons\">\r\n    <a href=\"https:\/\/www.fcbarcelonanoticias.com\/en\/calendar-fc-barcelona.html\"\r\n       target=\"_self\"\r\n       title=\"Calendar of FC Barcelona\"\r\n       class=\"blue-gredient-btn\">\r\n       \r\n        Calendar of FC Barcelona    <\/a>\r\n<\/div>   <p>The FC Barcelona, <a data-external=\"0\" data-intl-links-en=\"https:\/\/www.fcbarcelonanoticias.com\/en\/transfers\/mvp-france-kounde-continues-proving-fc-barcelona-doesn-t-need-to-sign-right-back_305049_102.html\" data-intl-links-es=\"https:\/\/www.fcbarcelonanoticias.com\/fichajes\/mvp-francia-kounde-sigue-demostrando-fc-barcelona-no-necesita-fichar-lateral-derecho_305049_102.html\" href=\"https:\/\/www.fcbarcelonanoticias.com\/en\/transfers\/mvp-france-kounde-continues-proving-fc-barcelona-doesn-t-need-to-sign-right-back_305049_102.html\" rel=\"follow\" target=\"_self\" title=\"\u00a1MVP de Francia! Kound\u00e9 sigue demostrando que el FC Barcelona no necesita fichar un lateral derecho\">in spite of having Jules Kound\u00e9 like a valid option for the right side<\/a>, <strong>seems to follow looking for a carrilero right-handed that can strengthen even more this position<\/strong>, that has been a weak point for the club lately. In principle, the most valued option is to renew the loan of Jo\u00e3or Cancel. Nevertheless, the negotiations with the Manchester City by the Portuguese do not promise to be simple, by what the Barcelona directive has to be prepared in case this transaction does not arrive to good port.<\/p>  <p>Apparently, one of the alternatives that seemed to have more possibilities <a data-external=\"0\" data-intl-links-en=\"https:\/\/www.fcbarcelonanoticias.com\/en\/transfers\/hansi-flick-will-insist-in-the-signing-of-jeremie-frimpong_305027_102.html\" data-intl-links-es=\"https:\/\/www.fcbarcelonanoticias.com\/fichajes\/hansi-flick-insistira-en-fichaje-jeremie-frimpong_305027_102.html\" href=\"https:\/\/www.fcbarcelonanoticias.com\/en\/transfers\/hansi-flick-will-insist-in-the-signing-of-jeremie-frimpong_305027_102.html\" rel=\"follow\" target=\"_self\" title=\"Hansi Flick insistir\u00e1 en el fichaje de Jeremie&nbsp;Frimpong\">was to purchase to the carrilero right-handed of the Bayer Leverkusen, Jeremie Frimpong<\/a>. However, from England, specifically from the media &#8216;CaughtOffside&#8217;, have suggested three new names that would be in the orbit of the Catalan cast to reinforce this right band and that <strong>they are relatively new in this wave of rumours: Aaron Wan-Bissaka (Manchester United), Emerson Royal (Tottenham) and Arnau Mart\u00ednez (Girona FC)<\/strong>.<\/p>  <h2>The alternatives that would handle the FC Barcelona in case of not being able to renew the cession of Jo\u00e3or Cancel<\/h2>  <p>In this point, <strong>the referred half English catalogs like &#8220;surprise&#8221; the possible interest of the FC Barcelona in Wan-Bissaka<\/strong>, the one who finalises his agreement with the Manchester United on 30 June 2025 and was not to title in the &#8216;Network Devils&#8217; during the season 2023\/24, being Diogo Dalot the one who had more presence. Nevertheless, the exjugador of Crystal Palace, is valued by his physical power and his defensive performance, and this campaign faced 30 commitments and added a total of three assistances.<\/p>  <p>In the case of Emerson Royal, the possible interest in him is probably less surprising, since it formed part of the combined Barcelonan although only it played three meetings in the season 2021\/22. It is necessary to remember that the group cul\u00e9 saw in him an opportunity of business <a data-external=\"0\" data-intl-links-en=\"https:\/\/www.fcbarcelonanoticias.com\/en\/transfers\/barcelona-surprise-offer-tottenham-emerson-royal_276851_102.html\" data-intl-links-es=\"https:\/\/www.fcbarcelonanoticias.com\/fichajes\/barcelona-tomo-sorpresa-oferton-tottenham-emerson-royal_276851_102.html\" href=\"https:\/\/www.fcbarcelonanoticias.com\/en\/transfers\/barcelona-surprise-offer-tottenham-emerson-royal_276851_102.html\" rel=\"follow\" target=\"_self\" title=\"Al Bar\u00e7a le tom\u00f3 por sorpresa el 'ofert\u00f3n' del Tottenham por Emerson Royal\">and finished selling it to the Tottenham by 25 M\u20ac<\/a>. Now, in the period 2023\/24, <strong>the one of S\u00e3o Paulo had a secondary paper in the combined londinense, since the position of right side was occupied by Pedro Porro<\/strong>, one of the best carrileros by the right-handed band of the Premier League in this course. Likewise, it suits to stand out that the majority of the 24 apparitions of Emerson with the &#8216;Spurs&#8217; were like left side and defender.<\/p>  <p>Finally, the third option, Arnau Mart\u00ednez, <a data-external=\"0\" data-intl-links-en=\"https:\/\/www.fcbarcelonanoticias.com\/en\/transfers\/barca-returns-to-probe-arnau-martinez-lateral_294813_102.html\" data-intl-links-es=\"https:\/\/www.fcbarcelonanoticias.com\/fichajes\/barca-vuelve-sondear-arnau-martinez-lateral_294813_102.html\" href=\"https:\/\/www.fcbarcelonanoticias.com\/en\/transfers\/barca-returns-to-probe-arnau-martinez-lateral_294813_102.html\" rel=\"follow\" target=\"_self\" title=\"El Bar\u00e7a vuelve a sondear a Arnau Mart\u00ednez para el lateral derecho\">there was state more linked to the club cul\u00e9 recently<\/a> and <strong>was considered like a reinforcement &#8216;low cost&#8217; for the right band in the FC Barcelona<\/strong>. However, the Catalan did not have his best season in 2023\/24 in terms of participation, since only it contested 26 duels with three assistances, partly because of the big performance of Yan Couto, the one who won him the square in the picture gerundense.<\/p> ","protected":false},"excerpt":{"rendered":"<p>FC Barcelona is considering possible options to reinforce its right wing in case the negotiations with Manchester City to renew Jo\u00e3o Cancelo&#8217;s loan do not come to fruition. These alternatives, on the other hand, are quite surprising if you want The FC Barcelona, in spite of having Jules Kound\u00e9 like a valid option for the [&hellip;]<\/p>\n","protected":false},"author":355,"featured_media":99534,"comment_status":"closed","ping_status":"open","sticky":false,"template":"","format":"standard","meta":{"_acf_changed":false,"inline_featured_image":false,"_nextfly_llmd_date_locked":false,"footnotes":""},"categories":[449,106],"tags":[339,196],"class_list":["post-99525","post","type-post","status-publish","format-standard","has-post-thumbnail","hentry","category-transfers-2","category-transfers","tag-emerson","tag-joao-cancelo"],"acf":[],"yoast_head":"<!-- This site is optimized with the Yoast SEO plugin v27.3 - https:\/\/yoast.com\/product\/yoast-seo-wordpress\/ -->\n<title>The options that FC Barcelona would handle for the right back as alternatives to Joao Cancelo<\/title>\n<meta name=\"description\" content=\"FC Barcelona is considering possible options to reinforce its right wing in case the negotiations with Manchester City to renew Jo\u00e3o Cancelo&#039;s loan do not come to fruition. These alternatives, on the other hand, are quite surprising if you want\" \/>\n<meta name=\"robots\" content=\"index, follow, max-snippet:-1, max-image-preview:large, max-video-preview:-1\" \/>\n<link rel=\"canonical\" href=\"https:\/\/www.fcbarcelonanoticias.com\/en\/transfers\/management-options-fc-barcelona-right-back-as-alternatives-joao-cancelo_305072_102.html\" \/>\n<meta property=\"og:locale\" content=\"en_US\" \/>\n<meta property=\"og:type\" content=\"article\" \/>\n<meta property=\"og:title\" content=\"The options that FC Barcelona would handle for the right back as alternatives to Joao Cancelo\" \/>\n<meta property=\"og:description\" content=\"FC Barcelona is considering possible options to reinforce its right wing in case the negotiations with Manchester City to renew Jo\u00e3o Cancelo&#039;s loan do not come to fruition. These alternatives, on the other hand, are quite surprising if you want\" \/>\n<meta property=\"og:url\" content=\"https:\/\/www.fcbarcelonanoticias.com\/en\/transfers\/management-options-fc-barcelona-right-back-as-alternatives-joao-cancelo_305072_102.html\" \/>\n<meta property=\"og:site_name\" content=\"EN - FC Barcelona Noticias\" \/>\n<meta property=\"article:published_time\" content=\"2024-07-02T16:49:00+00:00\" \/>\n<meta property=\"article:modified_time\" content=\"2024-07-02T16:50:00+00:00\" \/>\n<meta property=\"og:image\" content=\"https:\/\/www.fcbarcelonanoticias.com\/en\/wp-content\/uploads\/sites\/2\/2024\/07\/joao-cancelo-en-el-duelo-entre-portugal-y-eslovenia-en-la-eurocopa-2024.png\" \/>\n\t<meta property=\"og:image:width\" content=\"1300\" \/>\n\t<meta property=\"og:image:height\" content=\"732\" \/>\n\t<meta property=\"og:image:type\" content=\"image\/png\" \/>\n<meta name=\"author\" content=\"Kevin G\u00f3mez\" \/>\n<meta name=\"twitter:card\" content=\"summary_large_image\" \/>\n<meta name=\"twitter:label1\" content=\"Written by\" \/>\n\t<meta name=\"twitter:data1\" content=\"Kevin G\u00f3mez\" \/>\n\t<meta name=\"twitter:label2\" content=\"Est. reading time\" \/>\n\t<meta name=\"twitter:data2\" content=\"3 minutes\" \/>\n<script type=\"application\/ld+json\" class=\"yoast-schema-graph\">{\"@context\":\"https:\\\/\\\/schema.org\",\"@graph\":[{\"@type\":\"Article\",\"@id\":\"https:\\\/\\\/www.fcbarcelonanoticias.com\\\/en\\\/transfers\\\/management-options-fc-barcelona-right-back-as-alternatives-joao-cancelo_305072_102.html#article\",\"isPartOf\":{\"@id\":\"https:\\\/\\\/www.fcbarcelonanoticias.com\\\/en\\\/transfers\\\/management-options-fc-barcelona-right-back-as-alternatives-joao-cancelo_305072_102.html\"},\"author\":{\"name\":\"Kevin G\u00f3mez\",\"@id\":\"https:\\\/\\\/www.fcbarcelonanoticias.com\\\/en\\\/#\\\/schema\\\/person\\\/991443f134df9a64c6874f96ff984c9d\"},\"headline\":\"The options that FC Barcelona would handle for the right back as alternatives to Joao Cancelo\",\"datePublished\":\"2024-07-02T16:49:00+00:00\",\"dateModified\":\"2024-07-02T16:50:00+00:00\",\"mainEntityOfPage\":{\"@id\":\"https:\\\/\\\/www.fcbarcelonanoticias.com\\\/en\\\/transfers\\\/management-options-fc-barcelona-right-back-as-alternatives-joao-cancelo_305072_102.html\"},\"wordCount\":528,\"image\":{\"@id\":\"https:\\\/\\\/www.fcbarcelonanoticias.com\\\/en\\\/transfers\\\/management-options-fc-barcelona-right-back-as-alternatives-joao-cancelo_305072_102.html#primaryimage\"},\"thumbnailUrl\":\"https:\\\/\\\/www.fcbarcelonanoticias.com\\\/en\\\/wp-content\\\/uploads\\\/sites\\\/2\\\/2024\\\/07\\\/joao-cancelo-en-el-duelo-entre-portugal-y-eslovenia-en-la-eurocopa-2024.png\",\"keywords\":[\"Emerson\",\"Joao Cancelo\"],\"articleSection\":[\"Transfers\",\"Transfers\"],\"inLanguage\":\"en-US\"},{\"@type\":\"WebPage\",\"@id\":\"https:\\\/\\\/www.fcbarcelonanoticias.com\\\/en\\\/transfers\\\/management-options-fc-barcelona-right-back-as-alternatives-joao-cancelo_305072_102.html\",\"url\":\"https:\\\/\\\/www.fcbarcelonanoticias.com\\\/en\\\/transfers\\\/management-options-fc-barcelona-right-back-as-alternatives-joao-cancelo_305072_102.html\",\"name\":\"The options that FC Barcelona would handle for the right back as alternatives to Joao Cancelo\",\"isPartOf\":{\"@id\":\"https:\\\/\\\/www.fcbarcelonanoticias.com\\\/en\\\/#website\"},\"primaryImageOfPage\":{\"@id\":\"https:\\\/\\\/www.fcbarcelonanoticias.com\\\/en\\\/transfers\\\/management-options-fc-barcelona-right-back-as-alternatives-joao-cancelo_305072_102.html#primaryimage\"},\"image\":{\"@id\":\"https:\\\/\\\/www.fcbarcelonanoticias.com\\\/en\\\/transfers\\\/management-options-fc-barcelona-right-back-as-alternatives-joao-cancelo_305072_102.html#primaryimage\"},\"thumbnailUrl\":\"https:\\\/\\\/www.fcbarcelonanoticias.com\\\/en\\\/wp-content\\\/uploads\\\/sites\\\/2\\\/2024\\\/07\\\/joao-cancelo-en-el-duelo-entre-portugal-y-eslovenia-en-la-eurocopa-2024.png\",\"datePublished\":\"2024-07-02T16:49:00+00:00\",\"dateModified\":\"2024-07-02T16:50:00+00:00\",\"author\":{\"@id\":\"https:\\\/\\\/www.fcbarcelonanoticias.com\\\/en\\\/#\\\/schema\\\/person\\\/991443f134df9a64c6874f96ff984c9d\"},\"description\":\"FC Barcelona is considering possible options to reinforce its right wing in case the negotiations with Manchester City to renew Jo\u00e3o Cancelo's loan do not come to fruition. These alternatives, on the other hand, are quite surprising if you want\",\"breadcrumb\":{\"@id\":\"https:\\\/\\\/www.fcbarcelonanoticias.com\\\/en\\\/transfers\\\/management-options-fc-barcelona-right-back-as-alternatives-joao-cancelo_305072_102.html#breadcrumb\"},\"inLanguage\":\"en-US\",\"potentialAction\":[{\"@type\":\"ReadAction\",\"target\":[\"https:\\\/\\\/www.fcbarcelonanoticias.com\\\/en\\\/transfers\\\/management-options-fc-barcelona-right-back-as-alternatives-joao-cancelo_305072_102.html\"]}]},{\"@type\":\"ImageObject\",\"inLanguage\":\"en-US\",\"@id\":\"https:\\\/\\\/www.fcbarcelonanoticias.com\\\/en\\\/transfers\\\/management-options-fc-barcelona-right-back-as-alternatives-joao-cancelo_305072_102.html#primaryimage\",\"url\":\"https:\\\/\\\/www.fcbarcelonanoticias.com\\\/en\\\/wp-content\\\/uploads\\\/sites\\\/2\\\/2024\\\/07\\\/joao-cancelo-en-el-duelo-entre-portugal-y-eslovenia-en-la-eurocopa-2024.png\",\"contentUrl\":\"https:\\\/\\\/www.fcbarcelonanoticias.com\\\/en\\\/wp-content\\\/uploads\\\/sites\\\/2\\\/2024\\\/07\\\/joao-cancelo-en-el-duelo-entre-portugal-y-eslovenia-en-la-eurocopa-2024.png\",\"width\":1300,\"height\":732},{\"@type\":\"BreadcrumbList\",\"@id\":\"https:\\\/\\\/www.fcbarcelonanoticias.com\\\/en\\\/transfers\\\/management-options-fc-barcelona-right-back-as-alternatives-joao-cancelo_305072_102.html#breadcrumb\",\"itemListElement\":[{\"@type\":\"ListItem\",\"position\":1,\"name\":\"Portada\",\"item\":\"https:\\\/\\\/www.fcbarcelonanoticias.com\\\/en\\\/\"},{\"@type\":\"ListItem\",\"position\":2,\"name\":\"The options that FC Barcelona would handle for the right back as alternatives to Joao Cancelo\"}]},{\"@type\":\"WebSite\",\"@id\":\"https:\\\/\\\/www.fcbarcelonanoticias.com\\\/en\\\/#website\",\"url\":\"https:\\\/\\\/www.fcbarcelonanoticias.com\\\/en\\\/\",\"name\":\"EN - FC Barcelona Noticias\",\"description\":\"\",\"potentialAction\":[{\"@type\":\"SearchAction\",\"target\":{\"@type\":\"EntryPoint\",\"urlTemplate\":\"https:\\\/\\\/www.fcbarcelonanoticias.com\\\/en\\\/?s={search_term_string}\"},\"query-input\":{\"@type\":\"PropertyValueSpecification\",\"valueRequired\":true,\"valueName\":\"search_term_string\"}}],\"inLanguage\":\"en-US\"},{\"@type\":\"Person\",\"@id\":\"https:\\\/\\\/www.fcbarcelonanoticias.com\\\/en\\\/#\\\/schema\\\/person\\\/991443f134df9a64c6874f96ff984c9d\",\"name\":\"Kevin G\u00f3mez\",\"image\":{\"@type\":\"ImageObject\",\"inLanguage\":\"en-US\",\"@id\":\"https:\\\/\\\/secure.gravatar.com\\\/avatar\\\/?s=96&d=mm&r=g\",\"url\":\"https:\\\/\\\/secure.gravatar.com\\\/avatar\\\/?s=96&d=mm&r=g\",\"contentUrl\":\"https:\\\/\\\/secure.gravatar.com\\\/avatar\\\/?s=96&d=mm&r=g\",\"caption\":\"Kevin G\u00f3mez\"},\"description\":\"Licenciado\u00a0en Periodismo y Comunicaci\u00f3n Audiovisual. Redactor en FCBN responsable de cubrir toda\u00a0la informaci\u00f3n del FC Barcelona y las principales competiciones de\u00a0f\u00fatbol.\",\"url\":\"https:\\\/\\\/www.fcbarcelonanoticias.com\\\/en\\\/jugadores\\\/kevin-gomez_23_115.html\"}]}<\/script>\n<!-- \/ Yoast SEO plugin. -->","yoast_head_json":{"title":"The options that FC Barcelona would handle for the right back as alternatives to Joao Cancelo","description":"FC Barcelona is considering possible options to reinforce its right wing in case the negotiations with Manchester City to renew Jo\u00e3o Cancelo's loan do not come to fruition. These alternatives, on the other hand, are quite surprising if you want","robots":{"index":"index","follow":"follow","max-snippet":"max-snippet:-1","max-image-preview":"max-image-preview:large","max-video-preview":"max-video-preview:-1"},"canonical":"https:\/\/www.fcbarcelonanoticias.com\/en\/transfers\/management-options-fc-barcelona-right-back-as-alternatives-joao-cancelo_305072_102.html","og_locale":"en_US","og_type":"article","og_title":"The options that FC Barcelona would handle for the right back as alternatives to Joao Cancelo","og_description":"FC Barcelona is considering possible options to reinforce its right wing in case the negotiations with Manchester City to renew Jo\u00e3o Cancelo's loan do not come to fruition. These alternatives, on the other hand, are quite surprising if you want","og_url":"https:\/\/www.fcbarcelonanoticias.com\/en\/transfers\/management-options-fc-barcelona-right-back-as-alternatives-joao-cancelo_305072_102.html","og_site_name":"EN - FC Barcelona Noticias","article_published_time":"2024-07-02T16:49:00+00:00","article_modified_time":"2024-07-02T16:50:00+00:00","og_image":[{"width":1300,"height":732,"url":"https:\/\/www.fcbarcelonanoticias.com\/en\/wp-content\/uploads\/sites\/2\/2024\/07\/joao-cancelo-en-el-duelo-entre-portugal-y-eslovenia-en-la-eurocopa-2024.png","type":"image\/png"}],"author":"Kevin G\u00f3mez","twitter_card":"summary_large_image","twitter_misc":{"Written by":"Kevin G\u00f3mez","Est. reading time":"3 minutes"},"schema":{"@context":"https:\/\/schema.org","@graph":[{"@type":"Article","@id":"https:\/\/www.fcbarcelonanoticias.com\/en\/transfers\/management-options-fc-barcelona-right-back-as-alternatives-joao-cancelo_305072_102.html#article","isPartOf":{"@id":"https:\/\/www.fcbarcelonanoticias.com\/en\/transfers\/management-options-fc-barcelona-right-back-as-alternatives-joao-cancelo_305072_102.html"},"author":{"name":"Kevin G\u00f3mez","@id":"https:\/\/www.fcbarcelonanoticias.com\/en\/#\/schema\/person\/991443f134df9a64c6874f96ff984c9d"},"headline":"The options that FC Barcelona would handle for the right back as alternatives to Joao Cancelo","datePublished":"2024-07-02T16:49:00+00:00","dateModified":"2024-07-02T16:50:00+00:00","mainEntityOfPage":{"@id":"https:\/\/www.fcbarcelonanoticias.com\/en\/transfers\/management-options-fc-barcelona-right-back-as-alternatives-joao-cancelo_305072_102.html"},"wordCount":528,"image":{"@id":"https:\/\/www.fcbarcelonanoticias.com\/en\/transfers\/management-options-fc-barcelona-right-back-as-alternatives-joao-cancelo_305072_102.html#primaryimage"},"thumbnailUrl":"https:\/\/www.fcbarcelonanoticias.com\/en\/wp-content\/uploads\/sites\/2\/2024\/07\/joao-cancelo-en-el-duelo-entre-portugal-y-eslovenia-en-la-eurocopa-2024.png","keywords":["Emerson","Joao Cancelo"],"articleSection":["Transfers","Transfers"],"inLanguage":"en-US"},{"@type":"WebPage","@id":"https:\/\/www.fcbarcelonanoticias.com\/en\/transfers\/management-options-fc-barcelona-right-back-as-alternatives-joao-cancelo_305072_102.html","url":"https:\/\/www.fcbarcelonanoticias.com\/en\/transfers\/management-options-fc-barcelona-right-back-as-alternatives-joao-cancelo_305072_102.html","name":"The options that FC Barcelona would handle for the right back as alternatives to Joao Cancelo","isPartOf":{"@id":"https:\/\/www.fcbarcelonanoticias.com\/en\/#website"},"primaryImageOfPage":{"@id":"https:\/\/www.fcbarcelonanoticias.com\/en\/transfers\/management-options-fc-barcelona-right-back-as-alternatives-joao-cancelo_305072_102.html#primaryimage"},"image":{"@id":"https:\/\/www.fcbarcelonanoticias.com\/en\/transfers\/management-options-fc-barcelona-right-back-as-alternatives-joao-cancelo_305072_102.html#primaryimage"},"thumbnailUrl":"https:\/\/www.fcbarcelonanoticias.com\/en\/wp-content\/uploads\/sites\/2\/2024\/07\/joao-cancelo-en-el-duelo-entre-portugal-y-eslovenia-en-la-eurocopa-2024.png","datePublished":"2024-07-02T16:49:00+00:00","dateModified":"2024-07-02T16:50:00+00:00","author":{"@id":"https:\/\/www.fcbarcelonanoticias.com\/en\/#\/schema\/person\/991443f134df9a64c6874f96ff984c9d"},"description":"FC Barcelona is considering possible options to reinforce its right wing in case the negotiations with Manchester City to renew Jo\u00e3o Cancelo's loan do not come to fruition. These alternatives, on the other hand, are quite surprising if you want","breadcrumb":{"@id":"https:\/\/www.fcbarcelonanoticias.com\/en\/transfers\/management-options-fc-barcelona-right-back-as-alternatives-joao-cancelo_305072_102.html#breadcrumb"},"inLanguage":"en-US","potentialAction":[{"@type":"ReadAction","target":["https:\/\/www.fcbarcelonanoticias.com\/en\/transfers\/management-options-fc-barcelona-right-back-as-alternatives-joao-cancelo_305072_102.html"]}]},{"@type":"ImageObject","inLanguage":"en-US","@id":"https:\/\/www.fcbarcelonanoticias.com\/en\/transfers\/management-options-fc-barcelona-right-back-as-alternatives-joao-cancelo_305072_102.html#primaryimage","url":"https:\/\/www.fcbarcelonanoticias.com\/en\/wp-content\/uploads\/sites\/2\/2024\/07\/joao-cancelo-en-el-duelo-entre-portugal-y-eslovenia-en-la-eurocopa-2024.png","contentUrl":"https:\/\/www.fcbarcelonanoticias.com\/en\/wp-content\/uploads\/sites\/2\/2024\/07\/joao-cancelo-en-el-duelo-entre-portugal-y-eslovenia-en-la-eurocopa-2024.png","width":1300,"height":732},{"@type":"BreadcrumbList","@id":"https:\/\/www.fcbarcelonanoticias.com\/en\/transfers\/management-options-fc-barcelona-right-back-as-alternatives-joao-cancelo_305072_102.html#breadcrumb","itemListElement":[{"@type":"ListItem","position":1,"name":"Portada","item":"https:\/\/www.fcbarcelonanoticias.com\/en\/"},{"@type":"ListItem","position":2,"name":"The options that FC Barcelona would handle for the right back as alternatives to Joao Cancelo"}]},{"@type":"WebSite","@id":"https:\/\/www.fcbarcelonanoticias.com\/en\/#website","url":"https:\/\/www.fcbarcelonanoticias.com\/en\/","name":"EN - FC Barcelona Noticias","description":"","potentialAction":[{"@type":"SearchAction","target":{"@type":"EntryPoint","urlTemplate":"https:\/\/www.fcbarcelonanoticias.com\/en\/?s={search_term_string}"},"query-input":{"@type":"PropertyValueSpecification","valueRequired":true,"valueName":"search_term_string"}}],"inLanguage":"en-US"},{"@type":"Person","@id":"https:\/\/www.fcbarcelonanoticias.com\/en\/#\/schema\/person\/991443f134df9a64c6874f96ff984c9d","name":"Kevin G\u00f3mez","image":{"@type":"ImageObject","inLanguage":"en-US","@id":"https:\/\/secure.gravatar.com\/avatar\/?s=96&d=mm&r=g","url":"https:\/\/secure.gravatar.com\/avatar\/?s=96&d=mm&r=g","contentUrl":"https:\/\/secure.gravatar.com\/avatar\/?s=96&d=mm&r=g","caption":"Kevin G\u00f3mez"},"description":"Licenciado\u00a0en Periodismo y Comunicaci\u00f3n Audiovisual. Redactor en FCBN responsable de cubrir toda\u00a0la informaci\u00f3n del FC Barcelona y las principales competiciones de\u00a0f\u00fatbol.","url":"https:\/\/www.fcbarcelonanoticias.com\/en\/jugadores\/kevin-gomez_23_115.html"}]}},"_links":{"self":[{"href":"https:\/\/www.fcbarcelonanoticias.com\/en\/wp-json\/wp\/v2\/posts\/99525","targetHints":{"allow":["GET"]}}],"collection":[{"href":"https:\/\/www.fcbarcelonanoticias.com\/en\/wp-json\/wp\/v2\/posts"}],"about":[{"href":"https:\/\/www.fcbarcelonanoticias.com\/en\/wp-json\/wp\/v2\/types\/post"}],"author":[{"embeddable":true,"href":"https:\/\/www.fcbarcelonanoticias.com\/en\/wp-json\/wp\/v2\/users\/355"}],"replies":[{"embeddable":true,"href":"https:\/\/www.fcbarcelonanoticias.com\/en\/wp-json\/wp\/v2\/comments?post=99525"}],"version-history":[{"count":1,"href":"https:\/\/www.fcbarcelonanoticias.com\/en\/wp-json\/wp\/v2\/posts\/99525\/revisions"}],"predecessor-version":[{"id":132049,"href":"https:\/\/www.fcbarcelonanoticias.com\/en\/wp-json\/wp\/v2\/posts\/99525\/revisions\/132049"}],"wp:featuredmedia":[{"embeddable":true,"href":"https:\/\/www.fcbarcelonanoticias.com\/en\/wp-json\/wp\/v2\/media\/99534"}],"wp:attachment":[{"href":"https:\/\/www.fcbarcelonanoticias.com\/en\/wp-json\/wp\/v2\/media?parent=99525"}],"wp:term":[{"taxonomy":"category","embeddable":true,"href":"https:\/\/www.fcbarcelonanoticias.com\/en\/wp-json\/wp\/v2\/categories?post=99525"},{"taxonomy":"post_tag","embeddable":true,"href":"https:\/\/www.fcbarcelonanoticias.com\/en\/wp-json\/wp\/v2\/tags?post=99525"}],"curies":[{"name":"wp","href":"https:\/\/api.w.org\/{rel}","templated":true}]}}