{"id":99555,"date":"2019-12-25T16:42:00","date_gmt":"2019-12-25T15:42:00","guid":{"rendered":"https:\/\/weisetech.dev\/fc-barcelona-noticias\/en\/betis-works-sign-alena-before-end-year_254164_102\/"},"modified":"2019-12-25T16:42:00","modified_gmt":"2019-12-25T15:42:00","slug":"betis-works-sign-alena-before-end-year_254164_102","status":"publish","type":"post","link":"https:\/\/www.fcbarcelonanoticias.com\/en\/transfers\/betis-works-sign-alena-before-end-year_254164_102.html","title":{"rendered":"Betis works to sign Ale\u00f1\u00e1 before the end of the year"},"content":{"rendered":"<h2 class=\"wp-block-heading\">Carles Ale\u00f1\u00e1 could leave FC Barcelona in this winter market and Betis could be one of his most possible destinations. The Verdiblanco team wants his assignment and works to convince the player before the end of the year<\/h2>  \r\n<div class=\"article-addons\">\r\n    <a href=\"https:\/\/www.fcbarcelonanoticias.com\/en\/calendar-fc-barcelona.html\"\r\n       target=\"_self\"\r\n       title=\"Calendar of FC Barcelona\"\r\n       class=\"blue-gredient-btn\">\r\n       \r\n        Calendar of FC Barcelona    <\/a>\r\n<\/div>   <p><strong><a data-external=\"0\" data-intl-links-en=\"https:\/\/www.fcbarcelonanoticias.com\/en\/tags\/alena\" data-intl-links-es=\"https:\/\/www.fcbarcelonanoticias.com\/tags\/alena\" href=\"https:\/\/www.fcbarcelonanoticias.com\/en\/tags\/alena.html\" rel=\"follow\" target=\"_self\" title=\"Ale\u00f1\u00e1\">Carles Ale\u00f1\u00e1<\/a>\u200b<\/strong> is one of the footballers of the FC Barcelona that it could go out in <strong><a data-external=\"0\" data-intl-links-en=\"https:\/\/www.fcbarcelonanoticias.com\/en\/transfers\" data-intl-links-es=\"https:\/\/www.fcbarcelonanoticias.com\/fichajes\" href=\"https:\/\/www.fcbarcelonanoticias.com\/en\/fc-barcelona\/transfers.html\" rel=\"follow\" target=\"_self\" title=\"Fichajes\">this market of signings<\/a><\/strong> of winter. The Catalan midfield player, although it has retold these last weeks, has been during several months out of the rotation of Ernesto Valverde. Precisely by this, could leave yielded or traspasado with option of purchase in search of more minutes. <strong>The Real Betis seems the team that is better planted to attain his loan<\/strong> or even his signing.<\/p>  <p>But the group verdiblanco does not have them all achieve, since there are other important clubs that sigh for doing with the canterano. The Milan, the Getafe or the Inter of Milan also are after the one of Matar\u00f3 and are tightening to be able to convince him. In front of the competition that there is, the b\u00e9ticos, according to Sportive World, are <strong>working to time trial to convince to the player that the best option for him is to play in Heli\u00f3polis<\/strong>.<\/p>  <p>The one of the Maresme would go out yielded or traspasado with option of purchase, according to the offer that arrive by him. The Betis, that already was after him in summer and that was about to to attain his cession, does not want that anybody advance him and his idea would be to convince to all the parts before end of year. The Andalusians would be <strong>working already so that the Bar\u00e7a, Ale\u00f1\u00e1 and his agents see with good eyes his proposal<\/strong> and can have the mediocampista from beginnings of January.<\/p>  <p>These first months of competition are not being at all good for the ones of Seville and therefore they want to reinforce prompt so that Rubi can fit his new pieces what before. The canterano Barcelona, that fulfils years on 5 January, seems that, <strong>in the case to have to go out of the Camp Nou, would prefer to play in Spain <\/strong>to go to another country, as for example Italy.<\/p>  <p>Although the offer of the Inter can be the most substantial, Ale\u00f1\u00e1 could prefer the one of the Betis by a question of vicinity. <strong>His couple is pregnant and would not see clear to leave far of Spain in these conditions<\/strong>. The sevillanos would have the ones to win by this reason, although they still have to negotiate with all the parts to close the agreement. Besides, the style of game of the verdiblancos would marry perfectly with the one of the Catalan, something that could help in his adaptation.<\/p>  <h3>A player of future<\/h3>  <p>Although in his last apparitions already has showed that it can contribute things from already, the Bar\u00e7a thinks in the one of Matar\u00f3 like a footballer of future. With almost 22 years, the still blaugrana has a lot of margin of improvement and an enormous potential in his boots. <strong>In the Betis or where go could have a lot of more opportunities and would progress much more<\/strong> that playing to dropper in the Barcelona. Of here to six months or a year and half, perhaps Ale\u00f1\u00e1 go back to be important and remain in the team of his life.<\/p> ","protected":false},"excerpt":{"rendered":"<p>Carles Ale\u00f1\u00e1 could leave FC Barcelona in this winter market and Betis could be one of his most possible destinations. The Verdiblanco team wants his assignment and works to convince the player before the end of the year Carles Ale\u00f1\u00e1\u200b is one of the footballers of the FC Barcelona that it could go out in [&hellip;]<\/p>\n","protected":false},"author":392,"featured_media":99564,"comment_status":"closed","ping_status":"open","sticky":false,"template":"","format":"standard","meta":{"_acf_changed":false,"inline_featured_image":false,"_nextfly_llmd_date_locked":false,"footnotes":""},"categories":[449,106],"tags":[296,63],"class_list":["post-99555","post","type-post","status-publish","format-standard","has-post-thumbnail","hentry","category-transfers-2","category-transfers","tag-alena","tag-real-betis"],"acf":[],"yoast_head":"<!-- This site is optimized with the Yoast SEO plugin v27.3 - https:\/\/yoast.com\/product\/yoast-seo-wordpress\/ -->\n<title>Betis works to sign Ale\u00f1\u00e1 before the end of the year<\/title>\n<meta name=\"description\" content=\"Carles Ale\u00f1\u00e1 could go out of the FC Barcelona in this market of winter and the Betis could be one of his more possible destinations. The team verdiblanco want to s...\" \/>\n<meta name=\"robots\" content=\"index, follow, max-snippet:-1, max-image-preview:large, max-video-preview:-1\" \/>\n<link rel=\"canonical\" href=\"https:\/\/www.fcbarcelonanoticias.com\/en\/transfers\/betis-works-sign-alena-before-end-year_254164_102.html\" \/>\n<meta property=\"og:locale\" content=\"en_US\" \/>\n<meta property=\"og:type\" content=\"article\" \/>\n<meta property=\"og:title\" content=\"Betis works to sign Ale\u00f1\u00e1 before the end of the year\" \/>\n<meta property=\"og:description\" content=\"Carles Ale\u00f1\u00e1 could go out of the FC Barcelona in this market of winter and the Betis could be one of his more possible destinations. The team verdiblanco want to s...\" \/>\n<meta property=\"og:url\" content=\"https:\/\/www.fcbarcelonanoticias.com\/en\/transfers\/betis-works-sign-alena-before-end-year_254164_102.html\" \/>\n<meta property=\"og:site_name\" content=\"EN - FC Barcelona Noticias\" \/>\n<meta property=\"article:published_time\" content=\"2019-12-25T15:42:00+00:00\" \/>\n<meta property=\"og:image\" content=\"https:\/\/www.fcbarcelonanoticias.com\/en\/wp-content\/uploads\/sites\/2\/2019\/12\/betis-alena-cesion.jpeg\" \/>\n\t<meta property=\"og:image:width\" content=\"1309\" \/>\n\t<meta property=\"og:image:height\" content=\"873\" \/>\n\t<meta property=\"og:image:type\" content=\"image\/jpeg\" \/>\n<meta name=\"author\" content=\"user_4048\" \/>\n<meta name=\"twitter:card\" content=\"summary_large_image\" \/>\n<meta name=\"twitter:label1\" content=\"Written by\" \/>\n\t<meta name=\"twitter:data1\" content=\"user_4048\" \/>\n\t<meta name=\"twitter:label2\" content=\"Est. reading time\" \/>\n\t<meta name=\"twitter:data2\" content=\"3 minutes\" \/>\n<script type=\"application\/ld+json\" class=\"yoast-schema-graph\">{\"@context\":\"https:\\\/\\\/schema.org\",\"@graph\":[{\"@type\":\"Article\",\"@id\":\"https:\\\/\\\/www.fcbarcelonanoticias.com\\\/en\\\/transfers\\\/betis-works-sign-alena-before-end-year_254164_102.html#article\",\"isPartOf\":{\"@id\":\"https:\\\/\\\/www.fcbarcelonanoticias.com\\\/en\\\/transfers\\\/betis-works-sign-alena-before-end-year_254164_102.html\"},\"author\":{\"name\":\"user_4048\",\"@id\":\"https:\\\/\\\/www.fcbarcelonanoticias.com\\\/en\\\/#\\\/schema\\\/person\\\/fcdad55cab72b8d0e106d75506783b6d\"},\"headline\":\"Betis works to sign Ale\u00f1\u00e1 before the end of the year\",\"datePublished\":\"2019-12-25T15:42:00+00:00\",\"mainEntityOfPage\":{\"@id\":\"https:\\\/\\\/www.fcbarcelonanoticias.com\\\/en\\\/transfers\\\/betis-works-sign-alena-before-end-year_254164_102.html\"},\"wordCount\":571,\"image\":{\"@id\":\"https:\\\/\\\/www.fcbarcelonanoticias.com\\\/en\\\/transfers\\\/betis-works-sign-alena-before-end-year_254164_102.html#primaryimage\"},\"thumbnailUrl\":\"https:\\\/\\\/www.fcbarcelonanoticias.com\\\/en\\\/wp-content\\\/uploads\\\/sites\\\/2\\\/2019\\\/12\\\/betis-alena-cesion.jpeg\",\"keywords\":[\"Ale\u00f1\u00e1\",\"Real Betis\"],\"articleSection\":[\"Transfers\",\"Transfers\"],\"inLanguage\":\"en-US\"},{\"@type\":\"WebPage\",\"@id\":\"https:\\\/\\\/www.fcbarcelonanoticias.com\\\/en\\\/transfers\\\/betis-works-sign-alena-before-end-year_254164_102.html\",\"url\":\"https:\\\/\\\/www.fcbarcelonanoticias.com\\\/en\\\/transfers\\\/betis-works-sign-alena-before-end-year_254164_102.html\",\"name\":\"Betis works to sign Ale\u00f1\u00e1 before the end of the year\",\"isPartOf\":{\"@id\":\"https:\\\/\\\/www.fcbarcelonanoticias.com\\\/en\\\/#website\"},\"primaryImageOfPage\":{\"@id\":\"https:\\\/\\\/www.fcbarcelonanoticias.com\\\/en\\\/transfers\\\/betis-works-sign-alena-before-end-year_254164_102.html#primaryimage\"},\"image\":{\"@id\":\"https:\\\/\\\/www.fcbarcelonanoticias.com\\\/en\\\/transfers\\\/betis-works-sign-alena-before-end-year_254164_102.html#primaryimage\"},\"thumbnailUrl\":\"https:\\\/\\\/www.fcbarcelonanoticias.com\\\/en\\\/wp-content\\\/uploads\\\/sites\\\/2\\\/2019\\\/12\\\/betis-alena-cesion.jpeg\",\"datePublished\":\"2019-12-25T15:42:00+00:00\",\"author\":{\"@id\":\"https:\\\/\\\/www.fcbarcelonanoticias.com\\\/en\\\/#\\\/schema\\\/person\\\/fcdad55cab72b8d0e106d75506783b6d\"},\"description\":\"Carles Ale\u00f1\u00e1 could go out of the FC Barcelona in this market of winter and the Betis could be one of his more possible destinations. The team verdiblanco want to s...\",\"breadcrumb\":{\"@id\":\"https:\\\/\\\/www.fcbarcelonanoticias.com\\\/en\\\/transfers\\\/betis-works-sign-alena-before-end-year_254164_102.html#breadcrumb\"},\"inLanguage\":\"en-US\",\"potentialAction\":[{\"@type\":\"ReadAction\",\"target\":[\"https:\\\/\\\/www.fcbarcelonanoticias.com\\\/en\\\/transfers\\\/betis-works-sign-alena-before-end-year_254164_102.html\"]}]},{\"@type\":\"ImageObject\",\"inLanguage\":\"en-US\",\"@id\":\"https:\\\/\\\/www.fcbarcelonanoticias.com\\\/en\\\/transfers\\\/betis-works-sign-alena-before-end-year_254164_102.html#primaryimage\",\"url\":\"https:\\\/\\\/www.fcbarcelonanoticias.com\\\/en\\\/wp-content\\\/uploads\\\/sites\\\/2\\\/2019\\\/12\\\/betis-alena-cesion.jpeg\",\"contentUrl\":\"https:\\\/\\\/www.fcbarcelonanoticias.com\\\/en\\\/wp-content\\\/uploads\\\/sites\\\/2\\\/2019\\\/12\\\/betis-alena-cesion.jpeg\",\"width\":1309,\"height\":873},{\"@type\":\"BreadcrumbList\",\"@id\":\"https:\\\/\\\/www.fcbarcelonanoticias.com\\\/en\\\/transfers\\\/betis-works-sign-alena-before-end-year_254164_102.html#breadcrumb\",\"itemListElement\":[{\"@type\":\"ListItem\",\"position\":1,\"name\":\"Portada\",\"item\":\"https:\\\/\\\/www.fcbarcelonanoticias.com\\\/en\\\/\"},{\"@type\":\"ListItem\",\"position\":2,\"name\":\"Betis works to sign Ale\u00f1\u00e1 before the end of the year\"}]},{\"@type\":\"WebSite\",\"@id\":\"https:\\\/\\\/www.fcbarcelonanoticias.com\\\/en\\\/#website\",\"url\":\"https:\\\/\\\/www.fcbarcelonanoticias.com\\\/en\\\/\",\"name\":\"EN - FC Barcelona Noticias\",\"description\":\"\",\"potentialAction\":[{\"@type\":\"SearchAction\",\"target\":{\"@type\":\"EntryPoint\",\"urlTemplate\":\"https:\\\/\\\/www.fcbarcelonanoticias.com\\\/en\\\/?s={search_term_string}\"},\"query-input\":{\"@type\":\"PropertyValueSpecification\",\"valueRequired\":true,\"valueName\":\"search_term_string\"}}],\"inLanguage\":\"en-US\"},{\"@type\":\"Person\",\"@id\":\"https:\\\/\\\/www.fcbarcelonanoticias.com\\\/en\\\/#\\\/schema\\\/person\\\/fcdad55cab72b8d0e106d75506783b6d\",\"name\":\"user_4048\",\"image\":{\"@type\":\"ImageObject\",\"inLanguage\":\"en-US\",\"@id\":\"https:\\\/\\\/secure.gravatar.com\\\/avatar\\\/?s=96&d=mm&r=g\",\"url\":\"https:\\\/\\\/secure.gravatar.com\\\/avatar\\\/?s=96&d=mm&r=g\",\"contentUrl\":\"https:\\\/\\\/secure.gravatar.com\\\/avatar\\\/?s=96&d=mm&r=g\",\"caption\":\"user_4048\"},\"url\":\"https:\\\/\\\/www.fcbarcelonanoticias.com\\\/en\\\/user_4048.html\"}]}<\/script>\n<!-- \/ Yoast SEO plugin. -->","yoast_head_json":{"title":"Betis works to sign Ale\u00f1\u00e1 before the end of the year","description":"Carles Ale\u00f1\u00e1 could go out of the FC Barcelona in this market of winter and the Betis could be one of his more possible destinations. The team verdiblanco want to s...","robots":{"index":"index","follow":"follow","max-snippet":"max-snippet:-1","max-image-preview":"max-image-preview:large","max-video-preview":"max-video-preview:-1"},"canonical":"https:\/\/www.fcbarcelonanoticias.com\/en\/transfers\/betis-works-sign-alena-before-end-year_254164_102.html","og_locale":"en_US","og_type":"article","og_title":"Betis works to sign Ale\u00f1\u00e1 before the end of the year","og_description":"Carles Ale\u00f1\u00e1 could go out of the FC Barcelona in this market of winter and the Betis could be one of his more possible destinations. The team verdiblanco want to s...","og_url":"https:\/\/www.fcbarcelonanoticias.com\/en\/transfers\/betis-works-sign-alena-before-end-year_254164_102.html","og_site_name":"EN - FC Barcelona Noticias","article_published_time":"2019-12-25T15:42:00+00:00","og_image":[{"width":1309,"height":873,"url":"https:\/\/www.fcbarcelonanoticias.com\/en\/wp-content\/uploads\/sites\/2\/2019\/12\/betis-alena-cesion.jpeg","type":"image\/jpeg"}],"author":"user_4048","twitter_card":"summary_large_image","twitter_misc":{"Written by":"user_4048","Est. reading time":"3 minutes"},"schema":{"@context":"https:\/\/schema.org","@graph":[{"@type":"Article","@id":"https:\/\/www.fcbarcelonanoticias.com\/en\/transfers\/betis-works-sign-alena-before-end-year_254164_102.html#article","isPartOf":{"@id":"https:\/\/www.fcbarcelonanoticias.com\/en\/transfers\/betis-works-sign-alena-before-end-year_254164_102.html"},"author":{"name":"user_4048","@id":"https:\/\/www.fcbarcelonanoticias.com\/en\/#\/schema\/person\/fcdad55cab72b8d0e106d75506783b6d"},"headline":"Betis works to sign Ale\u00f1\u00e1 before the end of the year","datePublished":"2019-12-25T15:42:00+00:00","mainEntityOfPage":{"@id":"https:\/\/www.fcbarcelonanoticias.com\/en\/transfers\/betis-works-sign-alena-before-end-year_254164_102.html"},"wordCount":571,"image":{"@id":"https:\/\/www.fcbarcelonanoticias.com\/en\/transfers\/betis-works-sign-alena-before-end-year_254164_102.html#primaryimage"},"thumbnailUrl":"https:\/\/www.fcbarcelonanoticias.com\/en\/wp-content\/uploads\/sites\/2\/2019\/12\/betis-alena-cesion.jpeg","keywords":["Ale\u00f1\u00e1","Real Betis"],"articleSection":["Transfers","Transfers"],"inLanguage":"en-US"},{"@type":"WebPage","@id":"https:\/\/www.fcbarcelonanoticias.com\/en\/transfers\/betis-works-sign-alena-before-end-year_254164_102.html","url":"https:\/\/www.fcbarcelonanoticias.com\/en\/transfers\/betis-works-sign-alena-before-end-year_254164_102.html","name":"Betis works to sign Ale\u00f1\u00e1 before the end of the year","isPartOf":{"@id":"https:\/\/www.fcbarcelonanoticias.com\/en\/#website"},"primaryImageOfPage":{"@id":"https:\/\/www.fcbarcelonanoticias.com\/en\/transfers\/betis-works-sign-alena-before-end-year_254164_102.html#primaryimage"},"image":{"@id":"https:\/\/www.fcbarcelonanoticias.com\/en\/transfers\/betis-works-sign-alena-before-end-year_254164_102.html#primaryimage"},"thumbnailUrl":"https:\/\/www.fcbarcelonanoticias.com\/en\/wp-content\/uploads\/sites\/2\/2019\/12\/betis-alena-cesion.jpeg","datePublished":"2019-12-25T15:42:00+00:00","author":{"@id":"https:\/\/www.fcbarcelonanoticias.com\/en\/#\/schema\/person\/fcdad55cab72b8d0e106d75506783b6d"},"description":"Carles Ale\u00f1\u00e1 could go out of the FC Barcelona in this market of winter and the Betis could be one of his more possible destinations. The team verdiblanco want to s...","breadcrumb":{"@id":"https:\/\/www.fcbarcelonanoticias.com\/en\/transfers\/betis-works-sign-alena-before-end-year_254164_102.html#breadcrumb"},"inLanguage":"en-US","potentialAction":[{"@type":"ReadAction","target":["https:\/\/www.fcbarcelonanoticias.com\/en\/transfers\/betis-works-sign-alena-before-end-year_254164_102.html"]}]},{"@type":"ImageObject","inLanguage":"en-US","@id":"https:\/\/www.fcbarcelonanoticias.com\/en\/transfers\/betis-works-sign-alena-before-end-year_254164_102.html#primaryimage","url":"https:\/\/www.fcbarcelonanoticias.com\/en\/wp-content\/uploads\/sites\/2\/2019\/12\/betis-alena-cesion.jpeg","contentUrl":"https:\/\/www.fcbarcelonanoticias.com\/en\/wp-content\/uploads\/sites\/2\/2019\/12\/betis-alena-cesion.jpeg","width":1309,"height":873},{"@type":"BreadcrumbList","@id":"https:\/\/www.fcbarcelonanoticias.com\/en\/transfers\/betis-works-sign-alena-before-end-year_254164_102.html#breadcrumb","itemListElement":[{"@type":"ListItem","position":1,"name":"Portada","item":"https:\/\/www.fcbarcelonanoticias.com\/en\/"},{"@type":"ListItem","position":2,"name":"Betis works to sign Ale\u00f1\u00e1 before the end of the year"}]},{"@type":"WebSite","@id":"https:\/\/www.fcbarcelonanoticias.com\/en\/#website","url":"https:\/\/www.fcbarcelonanoticias.com\/en\/","name":"EN - FC Barcelona Noticias","description":"","potentialAction":[{"@type":"SearchAction","target":{"@type":"EntryPoint","urlTemplate":"https:\/\/www.fcbarcelonanoticias.com\/en\/?s={search_term_string}"},"query-input":{"@type":"PropertyValueSpecification","valueRequired":true,"valueName":"search_term_string"}}],"inLanguage":"en-US"},{"@type":"Person","@id":"https:\/\/www.fcbarcelonanoticias.com\/en\/#\/schema\/person\/fcdad55cab72b8d0e106d75506783b6d","name":"user_4048","image":{"@type":"ImageObject","inLanguage":"en-US","@id":"https:\/\/secure.gravatar.com\/avatar\/?s=96&d=mm&r=g","url":"https:\/\/secure.gravatar.com\/avatar\/?s=96&d=mm&r=g","contentUrl":"https:\/\/secure.gravatar.com\/avatar\/?s=96&d=mm&r=g","caption":"user_4048"},"url":"https:\/\/www.fcbarcelonanoticias.com\/en\/user_4048.html"}]}},"_links":{"self":[{"href":"https:\/\/www.fcbarcelonanoticias.com\/en\/wp-json\/wp\/v2\/posts\/99555","targetHints":{"allow":["GET"]}}],"collection":[{"href":"https:\/\/www.fcbarcelonanoticias.com\/en\/wp-json\/wp\/v2\/posts"}],"about":[{"href":"https:\/\/www.fcbarcelonanoticias.com\/en\/wp-json\/wp\/v2\/types\/post"}],"author":[{"embeddable":true,"href":"https:\/\/www.fcbarcelonanoticias.com\/en\/wp-json\/wp\/v2\/users\/392"}],"replies":[{"embeddable":true,"href":"https:\/\/www.fcbarcelonanoticias.com\/en\/wp-json\/wp\/v2\/comments?post=99555"}],"version-history":[{"count":1,"href":"https:\/\/www.fcbarcelonanoticias.com\/en\/wp-json\/wp\/v2\/posts\/99555\/revisions"}],"predecessor-version":[{"id":125716,"href":"https:\/\/www.fcbarcelonanoticias.com\/en\/wp-json\/wp\/v2\/posts\/99555\/revisions\/125716"}],"wp:featuredmedia":[{"embeddable":true,"href":"https:\/\/www.fcbarcelonanoticias.com\/en\/wp-json\/wp\/v2\/media\/99564"}],"wp:attachment":[{"href":"https:\/\/www.fcbarcelonanoticias.com\/en\/wp-json\/wp\/v2\/media?parent=99555"}],"wp:term":[{"taxonomy":"category","embeddable":true,"href":"https:\/\/www.fcbarcelonanoticias.com\/en\/wp-json\/wp\/v2\/categories?post=99555"},{"taxonomy":"post_tag","embeddable":true,"href":"https:\/\/www.fcbarcelonanoticias.com\/en\/wp-json\/wp\/v2\/tags?post=99555"}],"curies":[{"name":"wp","href":"https:\/\/api.w.org\/{rel}","templated":true}]}}