{"id":99589,"date":"2024-10-09T19:59:00","date_gmt":"2024-10-09T17:59:00","guid":{"rendered":"https:\/\/weisetech.dev\/fc-barcelona-noticias\/en\/manchester-city-set-their-sights-on-gy-keres-and-open-the-door-to-haaland_307821_102\/"},"modified":"2024-10-10T11:16:00","modified_gmt":"2024-10-10T09:16:00","slug":"manchester-city-set-their-sights-on-gy-keres-and-open-the-door-to-haaland_307821_102","status":"publish","type":"post","link":"https:\/\/www.fcbarcelonanoticias.com\/en\/transfers\/manchester-city-set-their-sights-on-gy-keres-and-open-the-door-to-haaland_307821_102.html","title":{"rendered":"Manchester City set their sights on Gy\u00f6keres&#8230; and open the door to Haaland?"},"content":{"rendered":"<h2 class=\"wp-block-heading\">El Manchester City se habr\u00eda unido a la &#8216;puja&#8217; por Viktor Gy\u00f6keres, fichaje que podr\u00eda derivar en la salida de Haaland. El Bar\u00e7a, atento a ambos movimientos<\/h2>  \r\n<div class=\"article-addons\">\r\n    <a href=\"https:\/\/www.fcbarcelonanoticias.com\/en\/calendar-fc-barcelona.html\"\r\n       target=\"_self\"\r\n       title=\"Calendar of FC Barcelona\"\r\n       class=\"blue-gredient-btn\">\r\n       \r\n        Calendar of FC Barcelona    <\/a>\r\n<\/div>   <p><a data-external=\"0\" data-intl-links-en=\"https:\/\/www.fcbarcelonanoticias.com\/en\/football-soccer\/manchester-city-lose-their-architect-and-set-off-alarm-bells-around-pep-guardiola_307803_102.html\" data-intl-links-es=\"https:\/\/www.fcbarcelonanoticias.com\/futbol\/manchester-city-pierde-arquitecto-enciende-alarmas-alrededor-pep-guardiola_307803_102.html\" href=\"https:\/\/www.fcbarcelonanoticias.com\/en\/football-soccer\/manchester-city-lose-their-architect-and-set-off-alarm-bells-around-pep-guardiola_307803_102.html\" rel=\"follow\" target=\"_self\" title=\"Manchester City lose their 'architect' and set off 'alarm bells' around Pep Guardiola\">The departure of Txiki Begiristain from the sports management could be the beginning of a revolution in the Manchester club<\/a>. Apart from the final resolution of the 115 accusations of the Premier League, which could end in the relegation of the club, the &#8216;skyblue&#8217; are preparing for an &#8216;earthquake&#8217; in the event that <strong>Pep Guardiola<\/strong> decides to leave the Etihad Stadium bench.<\/p>  <p>The uncertainty surrounding the decision of the Catalan coach, added to the probable punishment that the English institution may suffer, has triggered rumours about the future of several stars of the team, <strong>Erling Haaland<\/strong> being one of them. The Norwegian has a contract until 2027 and a termination clause of 150 million, a situation that is being followed by the big clubs in Europe, including <strong>FC Barcelona<\/strong>.<\/p>  <p><a data-external=\"0\" data-intl-links-en=\"https:\/\/www.fcbarcelonanoticias.com\/en\/transfers\/complicated-signing-for-barca-musiala-increasingly-closer-to-sealing-his-renewal-with-bayern_307779_102.html\" data-intl-links-es=\"https:\/\/www.fcbarcelonanoticias.com\/fichajes\/fichaje-complicado-barca-musiala-cada-vez-mas-cerca-sellar-su-renovacion-con-bayern_307779_102.html\" href=\"https:\/\/www.fcbarcelonanoticias.com\/en\/transfers\/complicated-signing-for-barca-musiala-increasingly-closer-to-sealing-his-renewal-with-bayern_307779_102.html\" rel=\"follow\" target=\"_self\" title=\"Complicated signing for Bar\u00e7a? Musiala, increasingly closer to sealing his renewal with Bayern\">Joan Laporta wants to make a splash in the 2025 transfer market with the arrival of a top-level &#8216;crack<\/a>&#8216;, once the Blaugranas return to the 1\/1 rule. The Leeds striker is the great dream of the president, who would try to sign him again after having tested his options in 2022, before the footballer headed to <strong>Manchester<\/strong>.<\/p>  <h2>Viktor Gy\u00f6keres, a possible substitute for Haaland at City<\/h2>  <p>Faced with the &#8216;threat&#8217; of clubs such as <strong>Bar\u00e7a <\/strong>or <strong>Real Madrid<\/strong>, where they also have <strong>Erling <\/strong>on their agenda, the offices of the Etihad Stadium are beginning to study their &#8216;plan B&#8217; and have set their sights on <strong>Viktor Gy\u00f6keres<\/strong>, the great revelation of the season at <strong>Sporting CP<\/strong>.<\/p>  <p>According to &#8216;TEAMtalk&#8217;, the &#8216;citizens&#8217; have begun to closely follow the Swede, who has scored 12 goals in 11 games this season. The scorer is also on the radar of the Catalans, and the price of his operation could reach 100 million euros. If <strong>City <\/strong>finally decide to go for him, <strong>the Catalans would have &#8216;free rein&#8217; to try to sign Haaland<\/strong>, although the competition for both targets will be &#8216;fierce&#8217;.<\/p> ","protected":false},"excerpt":{"rendered":"<p>El Manchester City se habr\u00eda unido a la &#8216;puja&#8217; por Viktor Gy\u00f6keres, fichaje que podr\u00eda derivar en la salida de Haaland. El Bar\u00e7a, atento a ambos movimientos The departure of Txiki Begiristain from the sports management could be the beginning of a revolution in the Manchester club. Apart from the final resolution of the 115 [&hellip;]<\/p>\n","protected":false},"author":358,"featured_media":99598,"comment_status":"closed","ping_status":"open","sticky":false,"template":"","format":"standard","meta":{"_acf_changed":false,"inline_featured_image":false,"_nextfly_llmd_date_locked":false,"footnotes":""},"categories":[106,449],"tags":[154,97],"class_list":["post-99589","post","type-post","status-publish","format-standard","has-post-thumbnail","hentry","category-transfers","category-transfers-2","tag-erling-haaland","tag-manchester-city"],"acf":[],"yoast_head":"<!-- This site is optimized with the Yoast SEO plugin v27.3 - https:\/\/yoast.com\/product\/yoast-seo-wordpress\/ -->\n<title>Manchester City set their sights on Gy\u00f6keres... and open the door to Haaland?<\/title>\n<meta name=\"description\" content=\"El Manchester City se habr\u00eda unido a la &#039;puja&#039; por Viktor Gy\u00f6keres, fichaje que podr\u00eda derivar en la salida de Haaland. El Bar\u00e7a, atento a ambos movimientos\" \/>\n<meta name=\"robots\" content=\"index, follow, max-snippet:-1, max-image-preview:large, max-video-preview:-1\" \/>\n<link rel=\"canonical\" href=\"https:\/\/www.fcbarcelonanoticias.com\/en\/transfers\/manchester-city-set-their-sights-on-gy-keres-and-open-the-door-to-haaland_307821_102.html\" \/>\n<meta property=\"og:locale\" content=\"en_US\" \/>\n<meta property=\"og:type\" content=\"article\" \/>\n<meta property=\"og:title\" content=\"Manchester City set their sights on Gy\u00f6keres... and open the door to Haaland?\" \/>\n<meta property=\"og:description\" content=\"El Manchester City se habr\u00eda unido a la &#039;puja&#039; por Viktor Gy\u00f6keres, fichaje que podr\u00eda derivar en la salida de Haaland. El Bar\u00e7a, atento a ambos movimientos\" \/>\n<meta property=\"og:url\" content=\"https:\/\/www.fcbarcelonanoticias.com\/en\/transfers\/manchester-city-set-their-sights-on-gy-keres-and-open-the-door-to-haaland_307821_102.html\" \/>\n<meta property=\"og:site_name\" content=\"EN - FC Barcelona Noticias\" \/>\n<meta property=\"article:published_time\" content=\"2024-10-09T17:59:00+00:00\" \/>\n<meta property=\"article:modified_time\" content=\"2024-10-10T09:16:00+00:00\" \/>\n<meta property=\"og:image\" content=\"https:\/\/www.fcbarcelonanoticias.com\/en\/wp-content\/uploads\/sites\/2\/2024\/10\/viktor-gyokeres-suecia.jpeg\" \/>\n\t<meta property=\"og:image:width\" content=\"1250\" \/>\n\t<meta property=\"og:image:height\" content=\"730\" \/>\n\t<meta property=\"og:image:type\" content=\"image\/jpeg\" \/>\n<meta name=\"author\" content=\"Juan Pablo Berdugo\" \/>\n<meta name=\"twitter:card\" content=\"summary_large_image\" \/>\n<meta name=\"twitter:label1\" content=\"Written by\" \/>\n\t<meta name=\"twitter:data1\" content=\"Juan Pablo Berdugo\" \/>\n\t<meta name=\"twitter:label2\" content=\"Est. reading time\" \/>\n\t<meta name=\"twitter:data2\" content=\"2 minutes\" \/>\n<script type=\"application\/ld+json\" class=\"yoast-schema-graph\">{\"@context\":\"https:\\\/\\\/schema.org\",\"@graph\":[{\"@type\":\"Article\",\"@id\":\"https:\\\/\\\/www.fcbarcelonanoticias.com\\\/en\\\/transfers\\\/manchester-city-set-their-sights-on-gy-keres-and-open-the-door-to-haaland_307821_102.html#article\",\"isPartOf\":{\"@id\":\"https:\\\/\\\/www.fcbarcelonanoticias.com\\\/en\\\/transfers\\\/manchester-city-set-their-sights-on-gy-keres-and-open-the-door-to-haaland_307821_102.html\"},\"author\":{\"name\":\"Juan Pablo Berdugo\",\"@id\":\"https:\\\/\\\/www.fcbarcelonanoticias.com\\\/en\\\/#\\\/schema\\\/person\\\/88d756918a0a1ae9fa593b5edddd1815\"},\"headline\":\"Manchester City set their sights on Gy\u00f6keres&#8230; and open the door to Haaland?\",\"datePublished\":\"2024-10-09T17:59:00+00:00\",\"dateModified\":\"2024-10-10T09:16:00+00:00\",\"mainEntityOfPage\":{\"@id\":\"https:\\\/\\\/www.fcbarcelonanoticias.com\\\/en\\\/transfers\\\/manchester-city-set-their-sights-on-gy-keres-and-open-the-door-to-haaland_307821_102.html\"},\"wordCount\":355,\"image\":{\"@id\":\"https:\\\/\\\/www.fcbarcelonanoticias.com\\\/en\\\/transfers\\\/manchester-city-set-their-sights-on-gy-keres-and-open-the-door-to-haaland_307821_102.html#primaryimage\"},\"thumbnailUrl\":\"https:\\\/\\\/www.fcbarcelonanoticias.com\\\/en\\\/wp-content\\\/uploads\\\/sites\\\/2\\\/2024\\\/10\\\/viktor-gyokeres-suecia.jpeg\",\"keywords\":[\"Erling Haaland\",\"Manchester City\"],\"articleSection\":[\"Transfers\",\"Transfers\"],\"inLanguage\":\"en-US\"},{\"@type\":\"WebPage\",\"@id\":\"https:\\\/\\\/www.fcbarcelonanoticias.com\\\/en\\\/transfers\\\/manchester-city-set-their-sights-on-gy-keres-and-open-the-door-to-haaland_307821_102.html\",\"url\":\"https:\\\/\\\/www.fcbarcelonanoticias.com\\\/en\\\/transfers\\\/manchester-city-set-their-sights-on-gy-keres-and-open-the-door-to-haaland_307821_102.html\",\"name\":\"Manchester City set their sights on Gy\u00f6keres... and open the door to Haaland?\",\"isPartOf\":{\"@id\":\"https:\\\/\\\/www.fcbarcelonanoticias.com\\\/en\\\/#website\"},\"primaryImageOfPage\":{\"@id\":\"https:\\\/\\\/www.fcbarcelonanoticias.com\\\/en\\\/transfers\\\/manchester-city-set-their-sights-on-gy-keres-and-open-the-door-to-haaland_307821_102.html#primaryimage\"},\"image\":{\"@id\":\"https:\\\/\\\/www.fcbarcelonanoticias.com\\\/en\\\/transfers\\\/manchester-city-set-their-sights-on-gy-keres-and-open-the-door-to-haaland_307821_102.html#primaryimage\"},\"thumbnailUrl\":\"https:\\\/\\\/www.fcbarcelonanoticias.com\\\/en\\\/wp-content\\\/uploads\\\/sites\\\/2\\\/2024\\\/10\\\/viktor-gyokeres-suecia.jpeg\",\"datePublished\":\"2024-10-09T17:59:00+00:00\",\"dateModified\":\"2024-10-10T09:16:00+00:00\",\"author\":{\"@id\":\"https:\\\/\\\/www.fcbarcelonanoticias.com\\\/en\\\/#\\\/schema\\\/person\\\/88d756918a0a1ae9fa593b5edddd1815\"},\"description\":\"El Manchester City se habr\u00eda unido a la 'puja' por Viktor Gy\u00f6keres, fichaje que podr\u00eda derivar en la salida de Haaland. El Bar\u00e7a, atento a ambos movimientos\",\"breadcrumb\":{\"@id\":\"https:\\\/\\\/www.fcbarcelonanoticias.com\\\/en\\\/transfers\\\/manchester-city-set-their-sights-on-gy-keres-and-open-the-door-to-haaland_307821_102.html#breadcrumb\"},\"inLanguage\":\"en-US\",\"potentialAction\":[{\"@type\":\"ReadAction\",\"target\":[\"https:\\\/\\\/www.fcbarcelonanoticias.com\\\/en\\\/transfers\\\/manchester-city-set-their-sights-on-gy-keres-and-open-the-door-to-haaland_307821_102.html\"]}]},{\"@type\":\"ImageObject\",\"inLanguage\":\"en-US\",\"@id\":\"https:\\\/\\\/www.fcbarcelonanoticias.com\\\/en\\\/transfers\\\/manchester-city-set-their-sights-on-gy-keres-and-open-the-door-to-haaland_307821_102.html#primaryimage\",\"url\":\"https:\\\/\\\/www.fcbarcelonanoticias.com\\\/en\\\/wp-content\\\/uploads\\\/sites\\\/2\\\/2024\\\/10\\\/viktor-gyokeres-suecia.jpeg\",\"contentUrl\":\"https:\\\/\\\/www.fcbarcelonanoticias.com\\\/en\\\/wp-content\\\/uploads\\\/sites\\\/2\\\/2024\\\/10\\\/viktor-gyokeres-suecia.jpeg\",\"width\":1250,\"height\":730},{\"@type\":\"BreadcrumbList\",\"@id\":\"https:\\\/\\\/www.fcbarcelonanoticias.com\\\/en\\\/transfers\\\/manchester-city-set-their-sights-on-gy-keres-and-open-the-door-to-haaland_307821_102.html#breadcrumb\",\"itemListElement\":[{\"@type\":\"ListItem\",\"position\":1,\"name\":\"Portada\",\"item\":\"https:\\\/\\\/www.fcbarcelonanoticias.com\\\/en\\\/\"},{\"@type\":\"ListItem\",\"position\":2,\"name\":\"Manchester City set their sights on Gy\u00f6keres&#8230; and open the door to Haaland?\"}]},{\"@type\":\"WebSite\",\"@id\":\"https:\\\/\\\/www.fcbarcelonanoticias.com\\\/en\\\/#website\",\"url\":\"https:\\\/\\\/www.fcbarcelonanoticias.com\\\/en\\\/\",\"name\":\"EN - FC Barcelona Noticias\",\"description\":\"\",\"potentialAction\":[{\"@type\":\"SearchAction\",\"target\":{\"@type\":\"EntryPoint\",\"urlTemplate\":\"https:\\\/\\\/www.fcbarcelonanoticias.com\\\/en\\\/?s={search_term_string}\"},\"query-input\":{\"@type\":\"PropertyValueSpecification\",\"valueRequired\":true,\"valueName\":\"search_term_string\"}}],\"inLanguage\":\"en-US\"},{\"@type\":\"Person\",\"@id\":\"https:\\\/\\\/www.fcbarcelonanoticias.com\\\/en\\\/#\\\/schema\\\/person\\\/88d756918a0a1ae9fa593b5edddd1815\",\"name\":\"Juan Pablo Berdugo\",\"image\":{\"@type\":\"ImageObject\",\"inLanguage\":\"en-US\",\"@id\":\"https:\\\/\\\/secure.gravatar.com\\\/avatar\\\/?s=96&d=mm&r=g\",\"url\":\"https:\\\/\\\/secure.gravatar.com\\\/avatar\\\/?s=96&d=mm&r=g\",\"contentUrl\":\"https:\\\/\\\/secure.gravatar.com\\\/avatar\\\/?s=96&d=mm&r=g\",\"caption\":\"Juan Pablo Berdugo\"},\"description\":\"Juan Pablo Berdugo es graduado en Periodismo. Colabora con FCBN como especialista en informaci\u00f3n del primer equipo del FC Barcelona, f\u00fatbol internacional y mercado de fichajes. Destaca por su enfoque anal\u00edtico, su rigor informativo y su capacidad para detectar tendencias emergentes en el f\u00fatbol global.\",\"url\":\"https:\\\/\\\/www.fcbarcelonanoticias.com\\\/en\\\/fc-barcelona\\\/juan-pablo-berdugo_18_115.html\"}]}<\/script>\n<!-- \/ Yoast SEO plugin. -->","yoast_head_json":{"title":"Manchester City set their sights on Gy\u00f6keres... and open the door to Haaland?","description":"El Manchester City se habr\u00eda unido a la 'puja' por Viktor Gy\u00f6keres, fichaje que podr\u00eda derivar en la salida de Haaland. El Bar\u00e7a, atento a ambos movimientos","robots":{"index":"index","follow":"follow","max-snippet":"max-snippet:-1","max-image-preview":"max-image-preview:large","max-video-preview":"max-video-preview:-1"},"canonical":"https:\/\/www.fcbarcelonanoticias.com\/en\/transfers\/manchester-city-set-their-sights-on-gy-keres-and-open-the-door-to-haaland_307821_102.html","og_locale":"en_US","og_type":"article","og_title":"Manchester City set their sights on Gy\u00f6keres... and open the door to Haaland?","og_description":"El Manchester City se habr\u00eda unido a la 'puja' por Viktor Gy\u00f6keres, fichaje que podr\u00eda derivar en la salida de Haaland. El Bar\u00e7a, atento a ambos movimientos","og_url":"https:\/\/www.fcbarcelonanoticias.com\/en\/transfers\/manchester-city-set-their-sights-on-gy-keres-and-open-the-door-to-haaland_307821_102.html","og_site_name":"EN - FC Barcelona Noticias","article_published_time":"2024-10-09T17:59:00+00:00","article_modified_time":"2024-10-10T09:16:00+00:00","og_image":[{"width":1250,"height":730,"url":"https:\/\/www.fcbarcelonanoticias.com\/en\/wp-content\/uploads\/sites\/2\/2024\/10\/viktor-gyokeres-suecia.jpeg","type":"image\/jpeg"}],"author":"Juan Pablo Berdugo","twitter_card":"summary_large_image","twitter_misc":{"Written by":"Juan Pablo Berdugo","Est. reading time":"2 minutes"},"schema":{"@context":"https:\/\/schema.org","@graph":[{"@type":"Article","@id":"https:\/\/www.fcbarcelonanoticias.com\/en\/transfers\/manchester-city-set-their-sights-on-gy-keres-and-open-the-door-to-haaland_307821_102.html#article","isPartOf":{"@id":"https:\/\/www.fcbarcelonanoticias.com\/en\/transfers\/manchester-city-set-their-sights-on-gy-keres-and-open-the-door-to-haaland_307821_102.html"},"author":{"name":"Juan Pablo Berdugo","@id":"https:\/\/www.fcbarcelonanoticias.com\/en\/#\/schema\/person\/88d756918a0a1ae9fa593b5edddd1815"},"headline":"Manchester City set their sights on Gy\u00f6keres&#8230; and open the door to Haaland?","datePublished":"2024-10-09T17:59:00+00:00","dateModified":"2024-10-10T09:16:00+00:00","mainEntityOfPage":{"@id":"https:\/\/www.fcbarcelonanoticias.com\/en\/transfers\/manchester-city-set-their-sights-on-gy-keres-and-open-the-door-to-haaland_307821_102.html"},"wordCount":355,"image":{"@id":"https:\/\/www.fcbarcelonanoticias.com\/en\/transfers\/manchester-city-set-their-sights-on-gy-keres-and-open-the-door-to-haaland_307821_102.html#primaryimage"},"thumbnailUrl":"https:\/\/www.fcbarcelonanoticias.com\/en\/wp-content\/uploads\/sites\/2\/2024\/10\/viktor-gyokeres-suecia.jpeg","keywords":["Erling Haaland","Manchester City"],"articleSection":["Transfers","Transfers"],"inLanguage":"en-US"},{"@type":"WebPage","@id":"https:\/\/www.fcbarcelonanoticias.com\/en\/transfers\/manchester-city-set-their-sights-on-gy-keres-and-open-the-door-to-haaland_307821_102.html","url":"https:\/\/www.fcbarcelonanoticias.com\/en\/transfers\/manchester-city-set-their-sights-on-gy-keres-and-open-the-door-to-haaland_307821_102.html","name":"Manchester City set their sights on Gy\u00f6keres... and open the door to Haaland?","isPartOf":{"@id":"https:\/\/www.fcbarcelonanoticias.com\/en\/#website"},"primaryImageOfPage":{"@id":"https:\/\/www.fcbarcelonanoticias.com\/en\/transfers\/manchester-city-set-their-sights-on-gy-keres-and-open-the-door-to-haaland_307821_102.html#primaryimage"},"image":{"@id":"https:\/\/www.fcbarcelonanoticias.com\/en\/transfers\/manchester-city-set-their-sights-on-gy-keres-and-open-the-door-to-haaland_307821_102.html#primaryimage"},"thumbnailUrl":"https:\/\/www.fcbarcelonanoticias.com\/en\/wp-content\/uploads\/sites\/2\/2024\/10\/viktor-gyokeres-suecia.jpeg","datePublished":"2024-10-09T17:59:00+00:00","dateModified":"2024-10-10T09:16:00+00:00","author":{"@id":"https:\/\/www.fcbarcelonanoticias.com\/en\/#\/schema\/person\/88d756918a0a1ae9fa593b5edddd1815"},"description":"El Manchester City se habr\u00eda unido a la 'puja' por Viktor Gy\u00f6keres, fichaje que podr\u00eda derivar en la salida de Haaland. El Bar\u00e7a, atento a ambos movimientos","breadcrumb":{"@id":"https:\/\/www.fcbarcelonanoticias.com\/en\/transfers\/manchester-city-set-their-sights-on-gy-keres-and-open-the-door-to-haaland_307821_102.html#breadcrumb"},"inLanguage":"en-US","potentialAction":[{"@type":"ReadAction","target":["https:\/\/www.fcbarcelonanoticias.com\/en\/transfers\/manchester-city-set-their-sights-on-gy-keres-and-open-the-door-to-haaland_307821_102.html"]}]},{"@type":"ImageObject","inLanguage":"en-US","@id":"https:\/\/www.fcbarcelonanoticias.com\/en\/transfers\/manchester-city-set-their-sights-on-gy-keres-and-open-the-door-to-haaland_307821_102.html#primaryimage","url":"https:\/\/www.fcbarcelonanoticias.com\/en\/wp-content\/uploads\/sites\/2\/2024\/10\/viktor-gyokeres-suecia.jpeg","contentUrl":"https:\/\/www.fcbarcelonanoticias.com\/en\/wp-content\/uploads\/sites\/2\/2024\/10\/viktor-gyokeres-suecia.jpeg","width":1250,"height":730},{"@type":"BreadcrumbList","@id":"https:\/\/www.fcbarcelonanoticias.com\/en\/transfers\/manchester-city-set-their-sights-on-gy-keres-and-open-the-door-to-haaland_307821_102.html#breadcrumb","itemListElement":[{"@type":"ListItem","position":1,"name":"Portada","item":"https:\/\/www.fcbarcelonanoticias.com\/en\/"},{"@type":"ListItem","position":2,"name":"Manchester City set their sights on Gy\u00f6keres&#8230; and open the door to Haaland?"}]},{"@type":"WebSite","@id":"https:\/\/www.fcbarcelonanoticias.com\/en\/#website","url":"https:\/\/www.fcbarcelonanoticias.com\/en\/","name":"EN - FC Barcelona Noticias","description":"","potentialAction":[{"@type":"SearchAction","target":{"@type":"EntryPoint","urlTemplate":"https:\/\/www.fcbarcelonanoticias.com\/en\/?s={search_term_string}"},"query-input":{"@type":"PropertyValueSpecification","valueRequired":true,"valueName":"search_term_string"}}],"inLanguage":"en-US"},{"@type":"Person","@id":"https:\/\/www.fcbarcelonanoticias.com\/en\/#\/schema\/person\/88d756918a0a1ae9fa593b5edddd1815","name":"Juan Pablo Berdugo","image":{"@type":"ImageObject","inLanguage":"en-US","@id":"https:\/\/secure.gravatar.com\/avatar\/?s=96&d=mm&r=g","url":"https:\/\/secure.gravatar.com\/avatar\/?s=96&d=mm&r=g","contentUrl":"https:\/\/secure.gravatar.com\/avatar\/?s=96&d=mm&r=g","caption":"Juan Pablo Berdugo"},"description":"Juan Pablo Berdugo es graduado en Periodismo. Colabora con FCBN como especialista en informaci\u00f3n del primer equipo del FC Barcelona, f\u00fatbol internacional y mercado de fichajes. Destaca por su enfoque anal\u00edtico, su rigor informativo y su capacidad para detectar tendencias emergentes en el f\u00fatbol global.","url":"https:\/\/www.fcbarcelonanoticias.com\/en\/fc-barcelona\/juan-pablo-berdugo_18_115.html"}]}},"_links":{"self":[{"href":"https:\/\/www.fcbarcelonanoticias.com\/en\/wp-json\/wp\/v2\/posts\/99589","targetHints":{"allow":["GET"]}}],"collection":[{"href":"https:\/\/www.fcbarcelonanoticias.com\/en\/wp-json\/wp\/v2\/posts"}],"about":[{"href":"https:\/\/www.fcbarcelonanoticias.com\/en\/wp-json\/wp\/v2\/types\/post"}],"author":[{"embeddable":true,"href":"https:\/\/www.fcbarcelonanoticias.com\/en\/wp-json\/wp\/v2\/users\/358"}],"replies":[{"embeddable":true,"href":"https:\/\/www.fcbarcelonanoticias.com\/en\/wp-json\/wp\/v2\/comments?post=99589"}],"version-history":[{"count":1,"href":"https:\/\/www.fcbarcelonanoticias.com\/en\/wp-json\/wp\/v2\/posts\/99589\/revisions"}],"predecessor-version":[{"id":132105,"href":"https:\/\/www.fcbarcelonanoticias.com\/en\/wp-json\/wp\/v2\/posts\/99589\/revisions\/132105"}],"wp:featuredmedia":[{"embeddable":true,"href":"https:\/\/www.fcbarcelonanoticias.com\/en\/wp-json\/wp\/v2\/media\/99598"}],"wp:attachment":[{"href":"https:\/\/www.fcbarcelonanoticias.com\/en\/wp-json\/wp\/v2\/media?parent=99589"}],"wp:term":[{"taxonomy":"category","embeddable":true,"href":"https:\/\/www.fcbarcelonanoticias.com\/en\/wp-json\/wp\/v2\/categories?post=99589"},{"taxonomy":"post_tag","embeddable":true,"href":"https:\/\/www.fcbarcelonanoticias.com\/en\/wp-json\/wp\/v2\/tags?post=99589"}],"curies":[{"name":"wp","href":"https:\/\/api.w.org\/{rel}","templated":true}]}}