{"id":99620,"date":"2025-08-27T17:05:00","date_gmt":"2025-08-27T15:05:00","guid":{"rendered":"https:\/\/weisetech.dev\/fc-barcelona-noticias\/en\/official-inaki-pena-renews-with-barca-and-goes-on-loan-to-elche_314434_102\/"},"modified":"2026-04-16T09:34:14","modified_gmt":"2026-04-16T07:34:14","slug":"official-inaki-pena-renews-with-barca-and-goes-on-loan-to-elche_314434_102","status":"publish","type":"post","link":"https:\/\/www.fcbarcelonanoticias.com\/en\/transfers\/official-inaki-pena-renews-with-barca-and-goes-on-loan-to-elche_314434_102.html","title":{"rendered":"OFFICIAL: I\u00f1aki Pe\u00f1a renews with Bar\u00e7a and goes on loan to Elche"},"content":{"rendered":"<h2 class=\"wp-block-heading\">OFFICIAL: I\u00f1aki Pe\u00f1a renews with Bar\u00e7a and goes on loan to Elche until 2029, while Szcz\u0119sny can be registered in LaLiga. All the details here<\/h2>  \r\n<div class=\"article-addons\">\r\n    <a href=\"https:\/\/www.fcbarcelonanoticias.com\/en\/calendar-fc-barcelona.html\"\r\n       target=\"_self\"\r\n       title=\"Calendar of FC Barcelona\"\r\n       class=\"blue-gredient-btn\">\r\n       \r\n        Calendar of FC Barcelona    <\/a>\r\n<\/div>   <p>It&#8217;s official:&nbsp;<strong>I\u00f1aki Pe\u00f1a<\/strong> has become a new player for <strong>Elche CF<\/strong>. The goalkeeper from Alicante arrives at the team managed by <strong>Eder Sarabia<\/strong> to take on a new professional challenge outside of <strong>FC Barcelona<\/strong>, a team that, before sending him to the Elche side, decided to extend his contractual link <strong>for three more seasons<\/strong>, until June 30, 2029.<\/p>  <p>A strategic move that responds to the intention of the team from Barcelona to <strong>redistribute their wage bill<\/strong> with an updated agreement and, at the same time, maintain control over his sporting future. It&#8217;s worth remembering that the goalkeeper&#8217;s contract ended in June 2026, which reduced the room for maneuver of the &#8216;cul\u00e9&#8217; club.<\/p>  <p>The statement from <strong>FC Barcelona<\/strong> to make <strong>I\u00f1aki Pe\u00f1a&#8217;s<\/strong> departure official:<\/p>  <blockquote> <p>&#8220;<strong>FC Barcelona<\/strong> and first team player <strong>I\u00f1aki Pe\u00f1a<\/strong> have reached an agreement to extend his contract until June 30, <strong>2029<\/strong>.<br> &nbsp;<\/p>  <p>Likewise, FC Barcelona and <strong>Elche Club de F\u00fatbol<\/strong> have reached an agreement for the loan of the goalkeeper for the current season, until June 30, 2026.&#8221;<\/p> <\/blockquote>  <h2>I\u00f1aki Pe\u00f1a&#8217;s time at FC Barcelona: numbers and balance<\/h2>  <p>Thus concludes, for the moment, the goalkeeper&#8217;s stage at <strong>Can Bar\u00e7a<\/strong>. The Alicante native never managed to establish himself as the starting goalkeeper, despite having opportunities due to <strong>Ter Stegen&#8217;s<\/strong> injuries in the 2023\/24 and 2024\/25 seasons. In this last season, his participation was even less due to the arrival of <strong>Wojciech Szcz\u0119sny<\/strong>, who relegated him to ostracism.<\/p>  <table align=\"left\" style=\"width:100%;\"> <caption><strong>I\u00d1AKI PE\u00d1A&#8217;S SEASONS WITH FC BARCELONA<\/strong><\/caption> \t<thead><tr> <th scope=\"col\">SEASON<\/th> \t\t\t<th scope=\"col\">MATCHES<\/th> \t\t\t<th scope=\"col\">MIN. PLAYED<\/th> \t\t\t<th scope=\"col\">GA<\/th> \t\t\t<th scope=\"col\">CS<\/th> \t\t<\/tr><\/thead> <tbody> <tr> <td style=\"text-align: center;\">2020-21<\/td> \t\t\t<td style=\"text-align: center;\">0<\/td> \t\t\t<td style=\"text-align: center;\">0&#8242;<\/td> \t\t\t<td style=\"text-align: center;\">0<\/td> \t\t\t<td style=\"text-align: center;\">0<\/td> \t\t<\/tr> <tr> <td style=\"text-align: center;\">2021-22<\/td> \t\t\t<td style=\"text-align: center;\">0<\/td> \t\t\t<td style=\"text-align: center;\">0&#8242;<\/td> \t\t\t<td style=\"text-align: center;\">0<\/td> \t\t\t<td style=\"text-align: center;\">0<\/td> \t\t<\/tr> <tr> <td style=\"text-align: center;\">2022-23<\/td> \t\t\t<td style=\"text-align: center;\">5<\/td> \t\t\t<td style=\"text-align: center;\">372&#8242;<\/td> \t\t\t<td style=\"text-align: center;\">7<\/td> \t\t\t<td style=\"text-align: center;\">1<\/td> \t\t<\/tr> <tr> <td style=\"text-align: center;\">2023-24<\/td> \t\t\t<td style=\"text-align: center;\">17<\/td> \t\t\t<td style=\"text-align: center;\">1560&#8242;<\/td> \t\t\t<td style=\"text-align: center;\">32<\/td> \t\t\t<td style=\"text-align: center;\">3<\/td> \t\t<\/tr> <tr> <td style=\"text-align: center;\">2024-25<\/td> \t\t\t<td style=\"text-align: center;\">20<\/td> \t\t\t<td style=\"text-align: center;\">1696&#8242;<\/td> \t\t\t<td style=\"text-align: center;\">25<\/td> \t\t\t<td style=\"text-align: center;\">7<\/td> \t\t<\/tr> <tr> <td style=\"text-align: center;\">2025-26<\/td> \t\t\t<td style=\"text-align: center;\">0<\/td> \t\t\t<td style=\"text-align: center;\">0&#8242;<\/td> \t\t\t<td style=\"text-align: center;\">0<\/td> \t\t\t<td style=\"text-align: center;\">0<\/td> \t\t<\/tr> <tr> <td style=\"text-align: center;\"><strong>6<\/strong><\/td> \t\t\t<td style=\"text-align: center;\"><strong>42<\/strong><\/td> \t\t\t<td style=\"text-align: center;\"><strong>3628&#8242;<\/strong><\/td> \t\t\t<td style=\"text-align: center;\"><strong>64<\/strong><\/td> \t\t\t<td style=\"text-align: center;\"><strong>11<\/strong><\/td> \t\t<\/tr> <\/tbody> <\/table> <p>Looking ahead to the 2025\/26 season, the outlook was not encouraging for <strong>I\u00f1aki Pe\u00f1a<\/strong> either. With the signing of <strong>Joan Garc\u00eda<\/strong>, who took over as the starter and is expected to remain a fixture, <strong>Bar\u00e7a<\/strong> now has three top goalkeepers: the goalkeeper from Sallent as undisputed, backed by <strong>Szcz\u0119sny<\/strong>, and with <strong>Ter Stegen<\/strong> waiting to return after his injury, <a data-external=\"0\" data-intl-links-en=\"https:\/\/www.fcbarcelonanoticias.com\/en\/fc-barcelona\/flick-is-honest-about-ter-stegen-future-at-barcelona-i-don-make-promises_314393_102.html\" data-intl-links-es=\"https:\/\/www.fcbarcelonanoticias.com\/fc-barcelona\/flick-ter-stegen-lamine-yamal-barca_314393_102.html\" href=\"https:\/\/www.fcbarcelonanoticias.com\/en\/fc-barcelona\/flick-is-honest-about-ter-stegen-future-at-barcelona-i-don-make-promises_314393_102.html\" rel=\"follow\" target=\"_self\" title=\"Flick is honest about Ter Stegen's future at Barcelona: 'I don't make promises'\">although his future role remains uncertain<\/a>.<\/p>  <ul> <li>\ud83c\udfc6 TITLES OF <strong>I\u00d1AKI PE\u00d1A<\/strong> AS A PLAYER OF <strong>FC BARCELONA<\/strong> (6): two Leagues (2022\/23 and 2024\/25), two Copa del Rey (2020\/21 and 2024\/25) and two Spanish Super Cups (2023 and 2025).<\/li> <\/ul> <p><span style=\"color: rgb(0, 0, 0); font-size: 20px; font-weight: 700;\">The Alicante native and his departure from the &#8216;azulgrana&#8217; club: interest from several teams and arrival at Elche<\/span><\/p>  <p>In this context, the scenario became complicated for <strong>I\u00f1aki Pe\u00f1a<\/strong>, who, despite everything, retained a good reputation in the market. Since rumors emerged about his departure, several clubs showed interest, including <strong>Celta de Vigo<\/strong> and <strong>Como 1907<\/strong>, and even <strong>Galatasaray<\/strong>, where he already had a loan spell in the 2021\/22 season.<\/p>  <p>Finally, the one who <a data-external=\"0\" data-intl-links-en=\"https:\/\/www.fcbarcelonanoticias.com\/en\/transfers\/inaki-pena-close-to-leaving-for-elche-barca-finalizes-details-of-his-loan_314388_102.html\" data-intl-links-es=\"https:\/\/www.fcbarcelonanoticias.com\/fichajes\/inaki-pena-cesion-elche-barca_314388_102.html\" href=\"https:\/\/www.fcbarcelonanoticias.com\/en\/transfers\/inaki-pena-close-to-leaving-for-elche-barca-finalizes-details-of-his-loan_314388_102.html\" rel=\"follow\" target=\"_self\" title=\"I\u00f1aki Pe\u00f1a close to leaving for Elche: Bar\u00e7a finalizes details of his loan\">bet with more force was Eder Sarabia&#8217;s Elche<\/a>, recently promoted to <strong>LaLiga EA Sports<\/strong> and who has starred in an ambitious market, incorporating \u2014among others\u2014 also <strong>Federico Redondo<\/strong> (from <strong>Inter Miami<\/strong>) and <strong>Andr\u00e9 Silva<\/strong> (from <strong>RB Leipzig<\/strong>). In turn, for <strong>I\u00f1aki<\/strong>, it is a golden opportunity, although he will have to compete for the starting position with <strong>Mat\u00edas Dituro<\/strong> and the recently arrived <strong>Alejandro Iturbe<\/strong>.<\/p>  <ul> <li>\ud83d\udccc THIS IS HOW <strong>ELCHE<\/strong> DEFINES THE SIGNING OF <strong>I\u00d1AKI PE\u00d1A<\/strong>: &#8220;With his arrival, Elche CF adds security, reflexes and confidence to its goal at a key moment in the season. A reinforcement that combines youth, competitive maturity and international experience to strengthen the &#8216;franjiverde&#8217; goal.&nbsp;<strong>Welcome, I\u00f1aki!<\/strong>&#8220;.<\/li> <\/ul> <h2>Szcz\u0119sny&#8217;s registration on track thanks to I\u00f1aki Pe\u00f1a&#8217;s departure<\/h2>  <p>The departure of the Alicante native not only represents a sporting benefit for <strong>Pe\u00f1a<\/strong>, but also <strong>represents an economic relief for FC Barcelona<\/strong>, which will free up salary space to register <strong>Wojciech Szcz\u0119sny<\/strong> in LaLiga, who missed the first two matchdays of the local tournament for not being registered. Now, the Polish goalkeeper can be registered in place of the Alicante goalkeeper.<\/p>  <div class=\"cke-element cke-element--102\"><section class=\"c-related-article\"><figure class=\"c-image__fig\"><a href=\"https:\/\/www.fcbarcelonanoticias.com\/fichajes\/barca-se-mueve-inaki-pena-se-marcha-szczesny-entra-en-juego_314411_102.html\" title=\"Bar\u00e7a makes a move: I\u00f1aki Pe\u00f1a leaves and Szczesny enters the game\" class=\"c-image__imglink\"><picture><img decoding=\"async\" src=\"https:\/\/www.fcbarcelonanoticias.com\/wp-content\/uploads\/sites\/2\/2025\/08\/fcbn-d32f21dbcf2e52701dcf28c0f6cc3a1e.webp\" alt=\"Bar\u00e7a makes a move: I\u00f1aki Pe\u00f1a leaves and Szczesny enters the game\" title=\"Bar\u00e7a makes a move: I\u00f1aki Pe\u00f1a leaves and Szczesny enters the game\" class=\"c-image__img\" width=\"1200\" height=\"675\" loading=\"lazy\"><\/picture><\/a>     <\/figure><div class=\"c-related-article__wrapper\">         <p class=\"c-related-article__avantitle\">Related<\/p>         <h4 class=\"c-related-article__title\">             <a href=\"https:\/\/www.fcbarcelonanoticias.com\/fichajes\/barca-se-mueve-inaki-pena-se-marcha-szczesny-entra-en-juego_314411_102.html\" title=\"Bar\u00e7a moves: I\u00f1aki Pe\u00f1a leaves and Szczesny comes into play\" class=\"c-related-article__link\">                 Bar\u00e7a moves: I\u00f1aki Pe\u00f1a leaves and Szczesny comes into play             <\/a>         <\/h4>     <\/div> <\/section><\/div> ","protected":false},"excerpt":{"rendered":"<p>OFFICIAL: I\u00f1aki Pe\u00f1a renews with Bar\u00e7a and goes on loan to Elche until 2029, while Szcz\u0119sny can be registered in LaLiga. All the details here It&#8217;s official:&nbsp;I\u00f1aki Pe\u00f1a has become a new player for Elche CF. The goalkeeper from Alicante arrives at the team managed by Eder Sarabia to take on a new professional challenge [&hellip;]<\/p>\n","protected":false},"author":355,"featured_media":99628,"comment_status":"closed","ping_status":"open","sticky":false,"template":"","format":"standard","meta":{"_acf_changed":false,"inline_featured_image":false,"_nextfly_llmd_date_locked":false,"footnotes":""},"categories":[449,106],"tags":[347,395],"class_list":["post-99620","post","type-post","status-publish","format-standard","has-post-thumbnail","hentry","category-transfers-2","category-transfers","tag-elche-cf","tag-inaki-pena"],"acf":[],"yoast_head":"<!-- This site is optimized with the Yoast SEO plugin v27.3 - https:\/\/yoast.com\/product\/yoast-seo-wordpress\/ -->\n<title>OFFICIAL: I\u00f1aki Pe\u00f1a renews with Bar\u00e7a and goes on loan to Elche<\/title>\n<meta name=\"description\" content=\"I\u00f1aki Pe\u00f1a leaves for Elche after renewing with FC Barcelona until 2029, while Szcz\u0119sny can be registered in LaLiga. All the details here\" \/>\n<meta name=\"robots\" content=\"index, follow, max-snippet:-1, max-image-preview:large, max-video-preview:-1\" \/>\n<link rel=\"canonical\" href=\"https:\/\/www.fcbarcelonanoticias.com\/en\/transfers\/official-inaki-pena-renews-with-barca-and-goes-on-loan-to-elche_314434_102.html\" \/>\n<meta property=\"og:locale\" content=\"en_US\" \/>\n<meta property=\"og:type\" content=\"article\" \/>\n<meta property=\"og:title\" content=\"OFFICIAL: I\u00f1aki Pe\u00f1a renews with Bar\u00e7a and goes on loan to Elche\" \/>\n<meta property=\"og:description\" content=\"I\u00f1aki Pe\u00f1a leaves for Elche after renewing with FC Barcelona until 2029, while Szcz\u0119sny can be registered in LaLiga. All the details here\" \/>\n<meta property=\"og:url\" content=\"https:\/\/www.fcbarcelonanoticias.com\/en\/transfers\/official-inaki-pena-renews-with-barca-and-goes-on-loan-to-elche_314434_102.html\" \/>\n<meta property=\"og:site_name\" content=\"EN - FC Barcelona Noticias\" \/>\n<meta property=\"article:published_time\" content=\"2025-08-27T15:05:00+00:00\" \/>\n<meta property=\"article:modified_time\" content=\"2026-04-16T07:34:14+00:00\" \/>\n<meta property=\"og:image\" content=\"https:\/\/www.fcbarcelonanoticias.com\/en\/wp-content\/uploads\/sites\/2\/2025\/08\/oficial-inaki-pena-renueva-con-el-barca-y-se-va-cedido-al-elche.webp\" \/>\n\t<meta property=\"og:image:width\" content=\"1200\" \/>\n\t<meta property=\"og:image:height\" content=\"675\" \/>\n\t<meta property=\"og:image:type\" content=\"image\/webp\" \/>\n<meta name=\"author\" content=\"Kevin G\u00f3mez\" \/>\n<meta name=\"twitter:card\" content=\"summary_large_image\" \/>\n<meta name=\"twitter:label1\" content=\"Written by\" \/>\n\t<meta name=\"twitter:data1\" content=\"Kevin G\u00f3mez\" \/>\n\t<meta name=\"twitter:label2\" content=\"Est. reading time\" \/>\n\t<meta name=\"twitter:data2\" content=\"3 minutes\" \/>\n<script type=\"application\/ld+json\" class=\"yoast-schema-graph\">{\"@context\":\"https:\\\/\\\/schema.org\",\"@graph\":[{\"@type\":\"Article\",\"@id\":\"https:\\\/\\\/www.fcbarcelonanoticias.com\\\/en\\\/transfers\\\/official-inaki-pena-renews-with-barca-and-goes-on-loan-to-elche_314434_102.html#article\",\"isPartOf\":{\"@id\":\"https:\\\/\\\/www.fcbarcelonanoticias.com\\\/en\\\/transfers\\\/official-inaki-pena-renews-with-barca-and-goes-on-loan-to-elche_314434_102.html\"},\"author\":{\"name\":\"Kevin G\u00f3mez\",\"@id\":\"https:\\\/\\\/www.fcbarcelonanoticias.com\\\/en\\\/#\\\/schema\\\/person\\\/991443f134df9a64c6874f96ff984c9d\"},\"headline\":\"OFFICIAL: I\u00f1aki Pe\u00f1a renews with Bar\u00e7a and goes on loan to Elche\",\"datePublished\":\"2025-08-27T15:05:00+00:00\",\"dateModified\":\"2026-04-16T07:34:14+00:00\",\"mainEntityOfPage\":{\"@id\":\"https:\\\/\\\/www.fcbarcelonanoticias.com\\\/en\\\/transfers\\\/official-inaki-pena-renews-with-barca-and-goes-on-loan-to-elche_314434_102.html\"},\"wordCount\":691,\"image\":{\"@id\":\"https:\\\/\\\/www.fcbarcelonanoticias.com\\\/en\\\/transfers\\\/official-inaki-pena-renews-with-barca-and-goes-on-loan-to-elche_314434_102.html#primaryimage\"},\"thumbnailUrl\":\"https:\\\/\\\/www.fcbarcelonanoticias.com\\\/en\\\/wp-content\\\/uploads\\\/sites\\\/2\\\/2025\\\/08\\\/oficial-inaki-pena-renueva-con-el-barca-y-se-va-cedido-al-elche.webp\",\"keywords\":[\"Elche CF\",\"I\u00f1aki Pe\u00f1a\"],\"articleSection\":[\"Transfers\",\"Transfers\"],\"inLanguage\":\"en-US\"},{\"@type\":\"WebPage\",\"@id\":\"https:\\\/\\\/www.fcbarcelonanoticias.com\\\/en\\\/transfers\\\/official-inaki-pena-renews-with-barca-and-goes-on-loan-to-elche_314434_102.html\",\"url\":\"https:\\\/\\\/www.fcbarcelonanoticias.com\\\/en\\\/transfers\\\/official-inaki-pena-renews-with-barca-and-goes-on-loan-to-elche_314434_102.html\",\"name\":\"OFFICIAL: I\u00f1aki Pe\u00f1a renews with Bar\u00e7a and goes on loan to Elche\",\"isPartOf\":{\"@id\":\"https:\\\/\\\/www.fcbarcelonanoticias.com\\\/en\\\/#website\"},\"primaryImageOfPage\":{\"@id\":\"https:\\\/\\\/www.fcbarcelonanoticias.com\\\/en\\\/transfers\\\/official-inaki-pena-renews-with-barca-and-goes-on-loan-to-elche_314434_102.html#primaryimage\"},\"image\":{\"@id\":\"https:\\\/\\\/www.fcbarcelonanoticias.com\\\/en\\\/transfers\\\/official-inaki-pena-renews-with-barca-and-goes-on-loan-to-elche_314434_102.html#primaryimage\"},\"thumbnailUrl\":\"https:\\\/\\\/www.fcbarcelonanoticias.com\\\/en\\\/wp-content\\\/uploads\\\/sites\\\/2\\\/2025\\\/08\\\/oficial-inaki-pena-renueva-con-el-barca-y-se-va-cedido-al-elche.webp\",\"datePublished\":\"2025-08-27T15:05:00+00:00\",\"dateModified\":\"2026-04-16T07:34:14+00:00\",\"author\":{\"@id\":\"https:\\\/\\\/www.fcbarcelonanoticias.com\\\/en\\\/#\\\/schema\\\/person\\\/991443f134df9a64c6874f96ff984c9d\"},\"description\":\"I\u00f1aki Pe\u00f1a leaves for Elche after renewing with FC Barcelona until 2029, while Szcz\u0119sny can be registered in LaLiga. All the details here\",\"breadcrumb\":{\"@id\":\"https:\\\/\\\/www.fcbarcelonanoticias.com\\\/en\\\/transfers\\\/official-inaki-pena-renews-with-barca-and-goes-on-loan-to-elche_314434_102.html#breadcrumb\"},\"inLanguage\":\"en-US\",\"potentialAction\":[{\"@type\":\"ReadAction\",\"target\":[\"https:\\\/\\\/www.fcbarcelonanoticias.com\\\/en\\\/transfers\\\/official-inaki-pena-renews-with-barca-and-goes-on-loan-to-elche_314434_102.html\"]}]},{\"@type\":\"ImageObject\",\"inLanguage\":\"en-US\",\"@id\":\"https:\\\/\\\/www.fcbarcelonanoticias.com\\\/en\\\/transfers\\\/official-inaki-pena-renews-with-barca-and-goes-on-loan-to-elche_314434_102.html#primaryimage\",\"url\":\"https:\\\/\\\/www.fcbarcelonanoticias.com\\\/en\\\/wp-content\\\/uploads\\\/sites\\\/2\\\/2025\\\/08\\\/oficial-inaki-pena-renueva-con-el-barca-y-se-va-cedido-al-elche.webp\",\"contentUrl\":\"https:\\\/\\\/www.fcbarcelonanoticias.com\\\/en\\\/wp-content\\\/uploads\\\/sites\\\/2\\\/2025\\\/08\\\/oficial-inaki-pena-renueva-con-el-barca-y-se-va-cedido-al-elche.webp\",\"width\":1200,\"height\":675},{\"@type\":\"BreadcrumbList\",\"@id\":\"https:\\\/\\\/www.fcbarcelonanoticias.com\\\/en\\\/transfers\\\/official-inaki-pena-renews-with-barca-and-goes-on-loan-to-elche_314434_102.html#breadcrumb\",\"itemListElement\":[{\"@type\":\"ListItem\",\"position\":1,\"name\":\"Portada\",\"item\":\"https:\\\/\\\/www.fcbarcelonanoticias.com\\\/en\\\/\"},{\"@type\":\"ListItem\",\"position\":2,\"name\":\"OFFICIAL: I\u00f1aki Pe\u00f1a renews with Bar\u00e7a and goes on loan to Elche\"}]},{\"@type\":\"WebSite\",\"@id\":\"https:\\\/\\\/www.fcbarcelonanoticias.com\\\/en\\\/#website\",\"url\":\"https:\\\/\\\/www.fcbarcelonanoticias.com\\\/en\\\/\",\"name\":\"EN - FC Barcelona Noticias\",\"description\":\"\",\"potentialAction\":[{\"@type\":\"SearchAction\",\"target\":{\"@type\":\"EntryPoint\",\"urlTemplate\":\"https:\\\/\\\/www.fcbarcelonanoticias.com\\\/en\\\/?s={search_term_string}\"},\"query-input\":{\"@type\":\"PropertyValueSpecification\",\"valueRequired\":true,\"valueName\":\"search_term_string\"}}],\"inLanguage\":\"en-US\"},{\"@type\":\"Person\",\"@id\":\"https:\\\/\\\/www.fcbarcelonanoticias.com\\\/en\\\/#\\\/schema\\\/person\\\/991443f134df9a64c6874f96ff984c9d\",\"name\":\"Kevin G\u00f3mez\",\"image\":{\"@type\":\"ImageObject\",\"inLanguage\":\"en-US\",\"@id\":\"https:\\\/\\\/secure.gravatar.com\\\/avatar\\\/?s=96&d=mm&r=g\",\"url\":\"https:\\\/\\\/secure.gravatar.com\\\/avatar\\\/?s=96&d=mm&r=g\",\"contentUrl\":\"https:\\\/\\\/secure.gravatar.com\\\/avatar\\\/?s=96&d=mm&r=g\",\"caption\":\"Kevin G\u00f3mez\"},\"description\":\"Licenciado\u00a0en Periodismo y Comunicaci\u00f3n Audiovisual. Redactor en FCBN responsable de cubrir toda\u00a0la informaci\u00f3n del FC Barcelona y las principales competiciones de\u00a0f\u00fatbol.\",\"url\":\"https:\\\/\\\/www.fcbarcelonanoticias.com\\\/en\\\/jugadores\\\/kevin-gomez_23_115.html\"}]}<\/script>\n<!-- \/ Yoast SEO plugin. -->","yoast_head_json":{"title":"OFFICIAL: I\u00f1aki Pe\u00f1a renews with Bar\u00e7a and goes on loan to Elche","description":"I\u00f1aki Pe\u00f1a leaves for Elche after renewing with FC Barcelona until 2029, while Szcz\u0119sny can be registered in LaLiga. All the details here","robots":{"index":"index","follow":"follow","max-snippet":"max-snippet:-1","max-image-preview":"max-image-preview:large","max-video-preview":"max-video-preview:-1"},"canonical":"https:\/\/www.fcbarcelonanoticias.com\/en\/transfers\/official-inaki-pena-renews-with-barca-and-goes-on-loan-to-elche_314434_102.html","og_locale":"en_US","og_type":"article","og_title":"OFFICIAL: I\u00f1aki Pe\u00f1a renews with Bar\u00e7a and goes on loan to Elche","og_description":"I\u00f1aki Pe\u00f1a leaves for Elche after renewing with FC Barcelona until 2029, while Szcz\u0119sny can be registered in LaLiga. All the details here","og_url":"https:\/\/www.fcbarcelonanoticias.com\/en\/transfers\/official-inaki-pena-renews-with-barca-and-goes-on-loan-to-elche_314434_102.html","og_site_name":"EN - FC Barcelona Noticias","article_published_time":"2025-08-27T15:05:00+00:00","article_modified_time":"2026-04-16T07:34:14+00:00","og_image":[{"width":1200,"height":675,"url":"https:\/\/www.fcbarcelonanoticias.com\/en\/wp-content\/uploads\/sites\/2\/2025\/08\/oficial-inaki-pena-renueva-con-el-barca-y-se-va-cedido-al-elche.webp","type":"image\/webp"}],"author":"Kevin G\u00f3mez","twitter_card":"summary_large_image","twitter_misc":{"Written by":"Kevin G\u00f3mez","Est. reading time":"3 minutes"},"schema":{"@context":"https:\/\/schema.org","@graph":[{"@type":"Article","@id":"https:\/\/www.fcbarcelonanoticias.com\/en\/transfers\/official-inaki-pena-renews-with-barca-and-goes-on-loan-to-elche_314434_102.html#article","isPartOf":{"@id":"https:\/\/www.fcbarcelonanoticias.com\/en\/transfers\/official-inaki-pena-renews-with-barca-and-goes-on-loan-to-elche_314434_102.html"},"author":{"name":"Kevin G\u00f3mez","@id":"https:\/\/www.fcbarcelonanoticias.com\/en\/#\/schema\/person\/991443f134df9a64c6874f96ff984c9d"},"headline":"OFFICIAL: I\u00f1aki Pe\u00f1a renews with Bar\u00e7a and goes on loan to Elche","datePublished":"2025-08-27T15:05:00+00:00","dateModified":"2026-04-16T07:34:14+00:00","mainEntityOfPage":{"@id":"https:\/\/www.fcbarcelonanoticias.com\/en\/transfers\/official-inaki-pena-renews-with-barca-and-goes-on-loan-to-elche_314434_102.html"},"wordCount":691,"image":{"@id":"https:\/\/www.fcbarcelonanoticias.com\/en\/transfers\/official-inaki-pena-renews-with-barca-and-goes-on-loan-to-elche_314434_102.html#primaryimage"},"thumbnailUrl":"https:\/\/www.fcbarcelonanoticias.com\/en\/wp-content\/uploads\/sites\/2\/2025\/08\/oficial-inaki-pena-renueva-con-el-barca-y-se-va-cedido-al-elche.webp","keywords":["Elche CF","I\u00f1aki Pe\u00f1a"],"articleSection":["Transfers","Transfers"],"inLanguage":"en-US"},{"@type":"WebPage","@id":"https:\/\/www.fcbarcelonanoticias.com\/en\/transfers\/official-inaki-pena-renews-with-barca-and-goes-on-loan-to-elche_314434_102.html","url":"https:\/\/www.fcbarcelonanoticias.com\/en\/transfers\/official-inaki-pena-renews-with-barca-and-goes-on-loan-to-elche_314434_102.html","name":"OFFICIAL: I\u00f1aki Pe\u00f1a renews with Bar\u00e7a and goes on loan to Elche","isPartOf":{"@id":"https:\/\/www.fcbarcelonanoticias.com\/en\/#website"},"primaryImageOfPage":{"@id":"https:\/\/www.fcbarcelonanoticias.com\/en\/transfers\/official-inaki-pena-renews-with-barca-and-goes-on-loan-to-elche_314434_102.html#primaryimage"},"image":{"@id":"https:\/\/www.fcbarcelonanoticias.com\/en\/transfers\/official-inaki-pena-renews-with-barca-and-goes-on-loan-to-elche_314434_102.html#primaryimage"},"thumbnailUrl":"https:\/\/www.fcbarcelonanoticias.com\/en\/wp-content\/uploads\/sites\/2\/2025\/08\/oficial-inaki-pena-renueva-con-el-barca-y-se-va-cedido-al-elche.webp","datePublished":"2025-08-27T15:05:00+00:00","dateModified":"2026-04-16T07:34:14+00:00","author":{"@id":"https:\/\/www.fcbarcelonanoticias.com\/en\/#\/schema\/person\/991443f134df9a64c6874f96ff984c9d"},"description":"I\u00f1aki Pe\u00f1a leaves for Elche after renewing with FC Barcelona until 2029, while Szcz\u0119sny can be registered in LaLiga. All the details here","breadcrumb":{"@id":"https:\/\/www.fcbarcelonanoticias.com\/en\/transfers\/official-inaki-pena-renews-with-barca-and-goes-on-loan-to-elche_314434_102.html#breadcrumb"},"inLanguage":"en-US","potentialAction":[{"@type":"ReadAction","target":["https:\/\/www.fcbarcelonanoticias.com\/en\/transfers\/official-inaki-pena-renews-with-barca-and-goes-on-loan-to-elche_314434_102.html"]}]},{"@type":"ImageObject","inLanguage":"en-US","@id":"https:\/\/www.fcbarcelonanoticias.com\/en\/transfers\/official-inaki-pena-renews-with-barca-and-goes-on-loan-to-elche_314434_102.html#primaryimage","url":"https:\/\/www.fcbarcelonanoticias.com\/en\/wp-content\/uploads\/sites\/2\/2025\/08\/oficial-inaki-pena-renueva-con-el-barca-y-se-va-cedido-al-elche.webp","contentUrl":"https:\/\/www.fcbarcelonanoticias.com\/en\/wp-content\/uploads\/sites\/2\/2025\/08\/oficial-inaki-pena-renueva-con-el-barca-y-se-va-cedido-al-elche.webp","width":1200,"height":675},{"@type":"BreadcrumbList","@id":"https:\/\/www.fcbarcelonanoticias.com\/en\/transfers\/official-inaki-pena-renews-with-barca-and-goes-on-loan-to-elche_314434_102.html#breadcrumb","itemListElement":[{"@type":"ListItem","position":1,"name":"Portada","item":"https:\/\/www.fcbarcelonanoticias.com\/en\/"},{"@type":"ListItem","position":2,"name":"OFFICIAL: I\u00f1aki Pe\u00f1a renews with Bar\u00e7a and goes on loan to Elche"}]},{"@type":"WebSite","@id":"https:\/\/www.fcbarcelonanoticias.com\/en\/#website","url":"https:\/\/www.fcbarcelonanoticias.com\/en\/","name":"EN - FC Barcelona Noticias","description":"","potentialAction":[{"@type":"SearchAction","target":{"@type":"EntryPoint","urlTemplate":"https:\/\/www.fcbarcelonanoticias.com\/en\/?s={search_term_string}"},"query-input":{"@type":"PropertyValueSpecification","valueRequired":true,"valueName":"search_term_string"}}],"inLanguage":"en-US"},{"@type":"Person","@id":"https:\/\/www.fcbarcelonanoticias.com\/en\/#\/schema\/person\/991443f134df9a64c6874f96ff984c9d","name":"Kevin G\u00f3mez","image":{"@type":"ImageObject","inLanguage":"en-US","@id":"https:\/\/secure.gravatar.com\/avatar\/?s=96&d=mm&r=g","url":"https:\/\/secure.gravatar.com\/avatar\/?s=96&d=mm&r=g","contentUrl":"https:\/\/secure.gravatar.com\/avatar\/?s=96&d=mm&r=g","caption":"Kevin G\u00f3mez"},"description":"Licenciado\u00a0en Periodismo y Comunicaci\u00f3n Audiovisual. Redactor en FCBN responsable de cubrir toda\u00a0la informaci\u00f3n del FC Barcelona y las principales competiciones de\u00a0f\u00fatbol.","url":"https:\/\/www.fcbarcelonanoticias.com\/en\/jugadores\/kevin-gomez_23_115.html"}]}},"_links":{"self":[{"href":"https:\/\/www.fcbarcelonanoticias.com\/en\/wp-json\/wp\/v2\/posts\/99620","targetHints":{"allow":["GET"]}}],"collection":[{"href":"https:\/\/www.fcbarcelonanoticias.com\/en\/wp-json\/wp\/v2\/posts"}],"about":[{"href":"https:\/\/www.fcbarcelonanoticias.com\/en\/wp-json\/wp\/v2\/types\/post"}],"author":[{"embeddable":true,"href":"https:\/\/www.fcbarcelonanoticias.com\/en\/wp-json\/wp\/v2\/users\/355"}],"replies":[{"embeddable":true,"href":"https:\/\/www.fcbarcelonanoticias.com\/en\/wp-json\/wp\/v2\/comments?post=99620"}],"version-history":[{"count":3,"href":"https:\/\/www.fcbarcelonanoticias.com\/en\/wp-json\/wp\/v2\/posts\/99620\/revisions"}],"predecessor-version":[{"id":176784,"href":"https:\/\/www.fcbarcelonanoticias.com\/en\/wp-json\/wp\/v2\/posts\/99620\/revisions\/176784"}],"wp:featuredmedia":[{"embeddable":true,"href":"https:\/\/www.fcbarcelonanoticias.com\/en\/wp-json\/wp\/v2\/media\/99628"}],"wp:attachment":[{"href":"https:\/\/www.fcbarcelonanoticias.com\/en\/wp-json\/wp\/v2\/media?parent=99620"}],"wp:term":[{"taxonomy":"category","embeddable":true,"href":"https:\/\/www.fcbarcelonanoticias.com\/en\/wp-json\/wp\/v2\/categories?post=99620"},{"taxonomy":"post_tag","embeddable":true,"href":"https:\/\/www.fcbarcelonanoticias.com\/en\/wp-json\/wp\/v2\/tags?post=99620"}],"curies":[{"name":"wp","href":"https:\/\/api.w.org\/{rel}","templated":true}]}}