{"id":99644,"date":"2023-10-30T23:57:00","date_gmt":"2023-10-30T22:57:00","guid":{"rendered":"https:\/\/weisetech.dev\/fc-barcelona-noticias\/en\/florian-wirtz-dream-that-brushes-the-impossible-for-the-barca_297604_102\/"},"modified":"2023-10-30T23:58:00","modified_gmt":"2023-10-30T22:58:00","slug":"florian-wirtz-dream-that-brushes-the-impossible-for-the-barca_297604_102","status":"publish","type":"post","link":"https:\/\/www.fcbarcelonanoticias.com\/en\/transfers\/florian-wirtz-dream-that-brushes-the-impossible-for-the-barca_297604_102.html","title":{"rendered":"Florian Wirtz, a dream that borders on the impossible for Bar\u00e7a"},"content":{"rendered":"<h2 class=\"wp-block-heading\">Florian Wirtz has become one of the great &#8216;pearls&#8217; of European football and his impact on Bayer Leverkusen is absolute. He is the leader of the German team and remains one of the great &#8216;dreams&#8217; of FC Barcelona to reinforce its midfield<\/h2>  \r\n<div class=\"article-addons\">\r\n    <a href=\"https:\/\/www.fcbarcelonanoticias.com\/en\/calendar-fc-barcelona.html\"\r\n       target=\"_self\"\r\n       title=\"Calendar of FC Barcelona\"\r\n       class=\"blue-gredient-btn\">\r\n       \r\n        Calendar of FC Barcelona    <\/a>\r\n<\/div>   <p><strong>It is not a secret for anybody that Florian Wirtz always has been in the list of players that the <a data-external=\"0\" data-intl-links-en=\"https:\/\/www.fcbarcelonanoticias.com\/en\/fc-barcelona\" data-intl-links-es=\"https:\/\/www.fcbarcelonanoticias.com\/fc-barcelona\" href=\"https:\/\/www.fcbarcelonanoticias.com\/en\/football-soccer\/fc-barcelona.html\" rel=\"follow\" target=\"_self\" title=\"FC Barcelona\">FC Barcelona<\/a> has aspired to fichar.<\/strong> Since it appeared in the Bayer Leverkusen, his irruption has been impossible to measure and, much less, to brake. It is being the big protagonist of the team directed by Xabi Alonso and one of the managers that they are leading the Bundesliga, above the Bayern of Munich.<\/p>  <p>The footballer has flirted in several opportunities with the idea to play in the City Condal. In 2022 it aimed that<strong> &#8220;I always wanted to be the best, of boy dreamed with playing in the Bar\u00e7a and this has not changed&#8221;, that &#8220;had some posters hanged in the room, as the ones of Leo Messi, Demb\u00e9l\u00e9 or Aubameyang&#8221;<\/strong> and that his &#8220;first T-shirt was the one of Messi with Argentina. When it was small he was the best player, anybody could play like him&#8221;. They have been a lot of the &#8216;winks&#8217; that has left on the possibility to get dressed of Barcelona and is a dream that, without place to doubts, has of face to the future.<\/p>  <h2>The factors that &#8216;prejudice&#8217; to the Bar\u00e7a<\/h2>  <p>However, every time it is more remote the possibility that it arrive, for example, in the summer of 2024 by several factors. The first is that, while it was recovering of his break of ligaments, <strong>the Leverkusen renewed his agreement until 30 June 2027 to turn into him a player intocable and move away to the possible interested in his traspaso<\/strong>. The germanos trust fully in him and see him like the leader to short, average and long term. it is showing It In this course, with five goals and eight assistances in 13 parties.<\/p>  <p>The second factor that complicates the option for the Bar\u00e7a is that his value of market of has elevated considerably. To day of today, is impossible that leave him go out of the BayArena by less than one hundred million euros, as little. It is an inaccessible figure for the Catalans, in any case. <strong>Although the forecast is that they will be able to fichar with normality in 2024, seems unlikely that can do an investment of that calibrate, especially when there will be &#8216;bidding&#8217; by him. <\/strong><\/p>  <h2>Overwhelming competition by Wirtz<\/h2>  <p>This carries directly to the third factor. In addition to the Bar\u00e7a, there are other clubs that also are very interested in his incorporation and that, without place to doubts, have an economy much more saneada that it would allow them bet by his incorporation. It is the case of a Bayern of Munich that already is him suffering in the Bundesliga and that is in capacities to disburse <strong>100 million euros, to the equal that teams like the Manchester City or the Real Madrid, that is very attentive to his exert in the Leverkusen. <\/strong><\/p> ","protected":false},"excerpt":{"rendered":"<p>Florian Wirtz has become one of the great &#8216;pearls&#8217; of European football and his impact on Bayer Leverkusen is absolute. He is the leader of the German team and remains one of the great &#8216;dreams&#8217; of FC Barcelona to reinforce its midfield It is not a secret for anybody that Florian Wirtz always has been [&hellip;]<\/p>\n","protected":false},"author":353,"featured_media":99651,"comment_status":"closed","ping_status":"open","sticky":false,"template":"","format":"standard","meta":{"_acf_changed":false,"inline_featured_image":false,"_nextfly_llmd_date_locked":false,"footnotes":""},"categories":[106,449],"tags":[],"class_list":["post-99644","post","type-post","status-publish","format-standard","has-post-thumbnail","hentry","category-transfers","category-transfers-2"],"acf":[],"yoast_head":"<!-- This site is optimized with the Yoast SEO plugin v27.3 - https:\/\/yoast.com\/product\/yoast-seo-wordpress\/ -->\n<title>Florian Wirtz, a dream that brushes the impossible for the Bar\u00e7a<\/title>\n<meta name=\"description\" content=\"Florian Wirtz has turned into one of the big &#039;perlas&#039; of the European football and his impact in the Bayer Leverkusen is absolute. It is the leader of the German team and keeps like one of the big &#039;dreams&#039; of the FC Barcelona to reinforce his centre of the field\" \/>\n<meta name=\"robots\" content=\"index, follow, max-snippet:-1, max-image-preview:large, max-video-preview:-1\" \/>\n<link rel=\"canonical\" href=\"https:\/\/www.fcbarcelonanoticias.com\/en\/transfers\/florian-wirtz-dream-that-brushes-the-impossible-for-the-barca_297604_102.html\" \/>\n<meta property=\"og:locale\" content=\"en_US\" \/>\n<meta property=\"og:type\" content=\"article\" \/>\n<meta property=\"og:title\" content=\"Florian Wirtz, a dream that brushes the impossible for the Bar\u00e7a\" \/>\n<meta property=\"og:description\" content=\"Florian Wirtz has turned into one of the big &#039;perlas&#039; of the European football and his impact in the Bayer Leverkusen is absolute. It is the leader of the German team and keeps like one of the big &#039;dreams&#039; of the FC Barcelona to reinforce his centre of the field\" \/>\n<meta property=\"og:url\" content=\"https:\/\/www.fcbarcelonanoticias.com\/en\/transfers\/florian-wirtz-dream-that-brushes-the-impossible-for-the-barca_297604_102.html\" \/>\n<meta property=\"og:site_name\" content=\"EN - FC Barcelona Noticias\" \/>\n<meta property=\"article:published_time\" content=\"2023-10-30T22:57:00+00:00\" \/>\n<meta property=\"article:modified_time\" content=\"2023-10-30T22:58:00+00:00\" \/>\n<meta property=\"og:image\" content=\"https:\/\/www.fcbarcelonanoticias.com\/en\/wp-content\/uploads\/sites\/2\/2023\/10\/florian-wirtz-jugador-del-bayer-leverkusen.jpeg\" \/>\n\t<meta property=\"og:image:width\" content=\"1200\" \/>\n\t<meta property=\"og:image:height\" content=\"675\" \/>\n\t<meta property=\"og:image:type\" content=\"image\/jpeg\" \/>\n<meta name=\"author\" content=\"FC Barcelona Noticias\" \/>\n<meta name=\"twitter:card\" content=\"summary_large_image\" \/>\n<meta name=\"twitter:label1\" content=\"Written by\" \/>\n\t<meta name=\"twitter:data1\" content=\"FC Barcelona Noticias\" \/>\n\t<meta name=\"twitter:label2\" content=\"Est. reading time\" \/>\n\t<meta name=\"twitter:data2\" content=\"3 minutes\" \/>\n<script type=\"application\/ld+json\" class=\"yoast-schema-graph\">{\"@context\":\"https:\\\/\\\/schema.org\",\"@graph\":[{\"@type\":\"Article\",\"@id\":\"https:\\\/\\\/www.fcbarcelonanoticias.com\\\/en\\\/transfers\\\/florian-wirtz-dream-that-brushes-the-impossible-for-the-barca_297604_102.html#article\",\"isPartOf\":{\"@id\":\"https:\\\/\\\/www.fcbarcelonanoticias.com\\\/en\\\/transfers\\\/florian-wirtz-dream-that-brushes-the-impossible-for-the-barca_297604_102.html\"},\"author\":{\"name\":\"FC Barcelona Noticias\",\"@id\":\"https:\\\/\\\/www.fcbarcelonanoticias.com\\\/en\\\/#\\\/schema\\\/person\\\/0f2810101d27606974cdb8edb54fa54b\"},\"headline\":\"Florian Wirtz, a dream that borders on the impossible for Bar\u00e7a\",\"datePublished\":\"2023-10-30T22:57:00+00:00\",\"dateModified\":\"2023-10-30T22:58:00+00:00\",\"mainEntityOfPage\":{\"@id\":\"https:\\\/\\\/www.fcbarcelonanoticias.com\\\/en\\\/transfers\\\/florian-wirtz-dream-that-brushes-the-impossible-for-the-barca_297604_102.html\"},\"wordCount\":532,\"image\":{\"@id\":\"https:\\\/\\\/www.fcbarcelonanoticias.com\\\/en\\\/transfers\\\/florian-wirtz-dream-that-brushes-the-impossible-for-the-barca_297604_102.html#primaryimage\"},\"thumbnailUrl\":\"https:\\\/\\\/www.fcbarcelonanoticias.com\\\/en\\\/wp-content\\\/uploads\\\/sites\\\/2\\\/2023\\\/10\\\/florian-wirtz-jugador-del-bayer-leverkusen.jpeg\",\"articleSection\":[\"Transfers\",\"Transfers\"],\"inLanguage\":\"en-US\"},{\"@type\":\"WebPage\",\"@id\":\"https:\\\/\\\/www.fcbarcelonanoticias.com\\\/en\\\/transfers\\\/florian-wirtz-dream-that-brushes-the-impossible-for-the-barca_297604_102.html\",\"url\":\"https:\\\/\\\/www.fcbarcelonanoticias.com\\\/en\\\/transfers\\\/florian-wirtz-dream-that-brushes-the-impossible-for-the-barca_297604_102.html\",\"name\":\"Florian Wirtz, a dream that brushes the impossible for the Bar\u00e7a\",\"isPartOf\":{\"@id\":\"https:\\\/\\\/www.fcbarcelonanoticias.com\\\/en\\\/#website\"},\"primaryImageOfPage\":{\"@id\":\"https:\\\/\\\/www.fcbarcelonanoticias.com\\\/en\\\/transfers\\\/florian-wirtz-dream-that-brushes-the-impossible-for-the-barca_297604_102.html#primaryimage\"},\"image\":{\"@id\":\"https:\\\/\\\/www.fcbarcelonanoticias.com\\\/en\\\/transfers\\\/florian-wirtz-dream-that-brushes-the-impossible-for-the-barca_297604_102.html#primaryimage\"},\"thumbnailUrl\":\"https:\\\/\\\/www.fcbarcelonanoticias.com\\\/en\\\/wp-content\\\/uploads\\\/sites\\\/2\\\/2023\\\/10\\\/florian-wirtz-jugador-del-bayer-leverkusen.jpeg\",\"datePublished\":\"2023-10-30T22:57:00+00:00\",\"dateModified\":\"2023-10-30T22:58:00+00:00\",\"author\":{\"@id\":\"https:\\\/\\\/www.fcbarcelonanoticias.com\\\/en\\\/#\\\/schema\\\/person\\\/0f2810101d27606974cdb8edb54fa54b\"},\"description\":\"Florian Wirtz has turned into one of the big 'perlas' of the European football and his impact in the Bayer Leverkusen is absolute. It is the leader of the German team and keeps like one of the big 'dreams' of the FC Barcelona to reinforce his centre of the field\",\"breadcrumb\":{\"@id\":\"https:\\\/\\\/www.fcbarcelonanoticias.com\\\/en\\\/transfers\\\/florian-wirtz-dream-that-brushes-the-impossible-for-the-barca_297604_102.html#breadcrumb\"},\"inLanguage\":\"en-US\",\"potentialAction\":[{\"@type\":\"ReadAction\",\"target\":[\"https:\\\/\\\/www.fcbarcelonanoticias.com\\\/en\\\/transfers\\\/florian-wirtz-dream-that-brushes-the-impossible-for-the-barca_297604_102.html\"]}]},{\"@type\":\"ImageObject\",\"inLanguage\":\"en-US\",\"@id\":\"https:\\\/\\\/www.fcbarcelonanoticias.com\\\/en\\\/transfers\\\/florian-wirtz-dream-that-brushes-the-impossible-for-the-barca_297604_102.html#primaryimage\",\"url\":\"https:\\\/\\\/www.fcbarcelonanoticias.com\\\/en\\\/wp-content\\\/uploads\\\/sites\\\/2\\\/2023\\\/10\\\/florian-wirtz-jugador-del-bayer-leverkusen.jpeg\",\"contentUrl\":\"https:\\\/\\\/www.fcbarcelonanoticias.com\\\/en\\\/wp-content\\\/uploads\\\/sites\\\/2\\\/2023\\\/10\\\/florian-wirtz-jugador-del-bayer-leverkusen.jpeg\",\"width\":1200,\"height\":675},{\"@type\":\"BreadcrumbList\",\"@id\":\"https:\\\/\\\/www.fcbarcelonanoticias.com\\\/en\\\/transfers\\\/florian-wirtz-dream-that-brushes-the-impossible-for-the-barca_297604_102.html#breadcrumb\",\"itemListElement\":[{\"@type\":\"ListItem\",\"position\":1,\"name\":\"Portada\",\"item\":\"https:\\\/\\\/www.fcbarcelonanoticias.com\\\/en\\\/\"},{\"@type\":\"ListItem\",\"position\":2,\"name\":\"Florian Wirtz, a dream that borders on the impossible for Bar\u00e7a\"}]},{\"@type\":\"WebSite\",\"@id\":\"https:\\\/\\\/www.fcbarcelonanoticias.com\\\/en\\\/#website\",\"url\":\"https:\\\/\\\/www.fcbarcelonanoticias.com\\\/en\\\/\",\"name\":\"EN - FC Barcelona Noticias\",\"description\":\"\",\"potentialAction\":[{\"@type\":\"SearchAction\",\"target\":{\"@type\":\"EntryPoint\",\"urlTemplate\":\"https:\\\/\\\/www.fcbarcelonanoticias.com\\\/en\\\/?s={search_term_string}\"},\"query-input\":{\"@type\":\"PropertyValueSpecification\",\"valueRequired\":true,\"valueName\":\"search_term_string\"}}],\"inLanguage\":\"en-US\"},{\"@type\":\"Person\",\"@id\":\"https:\\\/\\\/www.fcbarcelonanoticias.com\\\/en\\\/#\\\/schema\\\/person\\\/0f2810101d27606974cdb8edb54fa54b\",\"name\":\"FC Barcelona Noticias\",\"image\":{\"@type\":\"ImageObject\",\"inLanguage\":\"en-US\",\"@id\":\"https:\\\/\\\/secure.gravatar.com\\\/avatar\\\/?s=96&d=mm&r=g\",\"url\":\"https:\\\/\\\/secure.gravatar.com\\\/avatar\\\/?s=96&d=mm&r=g\",\"contentUrl\":\"https:\\\/\\\/secure.gravatar.com\\\/avatar\\\/?s=96&d=mm&r=g\",\"caption\":\"FC Barcelona Noticias\"},\"url\":\"https:\\\/\\\/www.fcbarcelonanoticias.com\\\/en\\\/fc-barcelona\\\/fcbn-writing-fc-barcelona-news_6_115.html\"}]}<\/script>\n<!-- \/ Yoast SEO plugin. -->","yoast_head_json":{"title":"Florian Wirtz, a dream that brushes the impossible for the Bar\u00e7a","description":"Florian Wirtz has turned into one of the big 'perlas' of the European football and his impact in the Bayer Leverkusen is absolute. It is the leader of the German team and keeps like one of the big 'dreams' of the FC Barcelona to reinforce his centre of the field","robots":{"index":"index","follow":"follow","max-snippet":"max-snippet:-1","max-image-preview":"max-image-preview:large","max-video-preview":"max-video-preview:-1"},"canonical":"https:\/\/www.fcbarcelonanoticias.com\/en\/transfers\/florian-wirtz-dream-that-brushes-the-impossible-for-the-barca_297604_102.html","og_locale":"en_US","og_type":"article","og_title":"Florian Wirtz, a dream that brushes the impossible for the Bar\u00e7a","og_description":"Florian Wirtz has turned into one of the big 'perlas' of the European football and his impact in the Bayer Leverkusen is absolute. It is the leader of the German team and keeps like one of the big 'dreams' of the FC Barcelona to reinforce his centre of the field","og_url":"https:\/\/www.fcbarcelonanoticias.com\/en\/transfers\/florian-wirtz-dream-that-brushes-the-impossible-for-the-barca_297604_102.html","og_site_name":"EN - FC Barcelona Noticias","article_published_time":"2023-10-30T22:57:00+00:00","article_modified_time":"2023-10-30T22:58:00+00:00","og_image":[{"width":1200,"height":675,"url":"https:\/\/www.fcbarcelonanoticias.com\/en\/wp-content\/uploads\/sites\/2\/2023\/10\/florian-wirtz-jugador-del-bayer-leverkusen.jpeg","type":"image\/jpeg"}],"author":"FC Barcelona Noticias","twitter_card":"summary_large_image","twitter_misc":{"Written by":"FC Barcelona Noticias","Est. reading time":"3 minutes"},"schema":{"@context":"https:\/\/schema.org","@graph":[{"@type":"Article","@id":"https:\/\/www.fcbarcelonanoticias.com\/en\/transfers\/florian-wirtz-dream-that-brushes-the-impossible-for-the-barca_297604_102.html#article","isPartOf":{"@id":"https:\/\/www.fcbarcelonanoticias.com\/en\/transfers\/florian-wirtz-dream-that-brushes-the-impossible-for-the-barca_297604_102.html"},"author":{"name":"FC Barcelona Noticias","@id":"https:\/\/www.fcbarcelonanoticias.com\/en\/#\/schema\/person\/0f2810101d27606974cdb8edb54fa54b"},"headline":"Florian Wirtz, a dream that borders on the impossible for Bar\u00e7a","datePublished":"2023-10-30T22:57:00+00:00","dateModified":"2023-10-30T22:58:00+00:00","mainEntityOfPage":{"@id":"https:\/\/www.fcbarcelonanoticias.com\/en\/transfers\/florian-wirtz-dream-that-brushes-the-impossible-for-the-barca_297604_102.html"},"wordCount":532,"image":{"@id":"https:\/\/www.fcbarcelonanoticias.com\/en\/transfers\/florian-wirtz-dream-that-brushes-the-impossible-for-the-barca_297604_102.html#primaryimage"},"thumbnailUrl":"https:\/\/www.fcbarcelonanoticias.com\/en\/wp-content\/uploads\/sites\/2\/2023\/10\/florian-wirtz-jugador-del-bayer-leverkusen.jpeg","articleSection":["Transfers","Transfers"],"inLanguage":"en-US"},{"@type":"WebPage","@id":"https:\/\/www.fcbarcelonanoticias.com\/en\/transfers\/florian-wirtz-dream-that-brushes-the-impossible-for-the-barca_297604_102.html","url":"https:\/\/www.fcbarcelonanoticias.com\/en\/transfers\/florian-wirtz-dream-that-brushes-the-impossible-for-the-barca_297604_102.html","name":"Florian Wirtz, a dream that brushes the impossible for the Bar\u00e7a","isPartOf":{"@id":"https:\/\/www.fcbarcelonanoticias.com\/en\/#website"},"primaryImageOfPage":{"@id":"https:\/\/www.fcbarcelonanoticias.com\/en\/transfers\/florian-wirtz-dream-that-brushes-the-impossible-for-the-barca_297604_102.html#primaryimage"},"image":{"@id":"https:\/\/www.fcbarcelonanoticias.com\/en\/transfers\/florian-wirtz-dream-that-brushes-the-impossible-for-the-barca_297604_102.html#primaryimage"},"thumbnailUrl":"https:\/\/www.fcbarcelonanoticias.com\/en\/wp-content\/uploads\/sites\/2\/2023\/10\/florian-wirtz-jugador-del-bayer-leverkusen.jpeg","datePublished":"2023-10-30T22:57:00+00:00","dateModified":"2023-10-30T22:58:00+00:00","author":{"@id":"https:\/\/www.fcbarcelonanoticias.com\/en\/#\/schema\/person\/0f2810101d27606974cdb8edb54fa54b"},"description":"Florian Wirtz has turned into one of the big 'perlas' of the European football and his impact in the Bayer Leverkusen is absolute. It is the leader of the German team and keeps like one of the big 'dreams' of the FC Barcelona to reinforce his centre of the field","breadcrumb":{"@id":"https:\/\/www.fcbarcelonanoticias.com\/en\/transfers\/florian-wirtz-dream-that-brushes-the-impossible-for-the-barca_297604_102.html#breadcrumb"},"inLanguage":"en-US","potentialAction":[{"@type":"ReadAction","target":["https:\/\/www.fcbarcelonanoticias.com\/en\/transfers\/florian-wirtz-dream-that-brushes-the-impossible-for-the-barca_297604_102.html"]}]},{"@type":"ImageObject","inLanguage":"en-US","@id":"https:\/\/www.fcbarcelonanoticias.com\/en\/transfers\/florian-wirtz-dream-that-brushes-the-impossible-for-the-barca_297604_102.html#primaryimage","url":"https:\/\/www.fcbarcelonanoticias.com\/en\/wp-content\/uploads\/sites\/2\/2023\/10\/florian-wirtz-jugador-del-bayer-leverkusen.jpeg","contentUrl":"https:\/\/www.fcbarcelonanoticias.com\/en\/wp-content\/uploads\/sites\/2\/2023\/10\/florian-wirtz-jugador-del-bayer-leverkusen.jpeg","width":1200,"height":675},{"@type":"BreadcrumbList","@id":"https:\/\/www.fcbarcelonanoticias.com\/en\/transfers\/florian-wirtz-dream-that-brushes-the-impossible-for-the-barca_297604_102.html#breadcrumb","itemListElement":[{"@type":"ListItem","position":1,"name":"Portada","item":"https:\/\/www.fcbarcelonanoticias.com\/en\/"},{"@type":"ListItem","position":2,"name":"Florian Wirtz, a dream that borders on the impossible for Bar\u00e7a"}]},{"@type":"WebSite","@id":"https:\/\/www.fcbarcelonanoticias.com\/en\/#website","url":"https:\/\/www.fcbarcelonanoticias.com\/en\/","name":"EN - FC Barcelona Noticias","description":"","potentialAction":[{"@type":"SearchAction","target":{"@type":"EntryPoint","urlTemplate":"https:\/\/www.fcbarcelonanoticias.com\/en\/?s={search_term_string}"},"query-input":{"@type":"PropertyValueSpecification","valueRequired":true,"valueName":"search_term_string"}}],"inLanguage":"en-US"},{"@type":"Person","@id":"https:\/\/www.fcbarcelonanoticias.com\/en\/#\/schema\/person\/0f2810101d27606974cdb8edb54fa54b","name":"FC Barcelona Noticias","image":{"@type":"ImageObject","inLanguage":"en-US","@id":"https:\/\/secure.gravatar.com\/avatar\/?s=96&d=mm&r=g","url":"https:\/\/secure.gravatar.com\/avatar\/?s=96&d=mm&r=g","contentUrl":"https:\/\/secure.gravatar.com\/avatar\/?s=96&d=mm&r=g","caption":"FC Barcelona Noticias"},"url":"https:\/\/www.fcbarcelonanoticias.com\/en\/fc-barcelona\/fcbn-writing-fc-barcelona-news_6_115.html"}]}},"_links":{"self":[{"href":"https:\/\/www.fcbarcelonanoticias.com\/en\/wp-json\/wp\/v2\/posts\/99644","targetHints":{"allow":["GET"]}}],"collection":[{"href":"https:\/\/www.fcbarcelonanoticias.com\/en\/wp-json\/wp\/v2\/posts"}],"about":[{"href":"https:\/\/www.fcbarcelonanoticias.com\/en\/wp-json\/wp\/v2\/types\/post"}],"author":[{"embeddable":true,"href":"https:\/\/www.fcbarcelonanoticias.com\/en\/wp-json\/wp\/v2\/users\/353"}],"replies":[{"embeddable":true,"href":"https:\/\/www.fcbarcelonanoticias.com\/en\/wp-json\/wp\/v2\/comments?post=99644"}],"version-history":[{"count":1,"href":"https:\/\/www.fcbarcelonanoticias.com\/en\/wp-json\/wp\/v2\/posts\/99644\/revisions"}],"predecessor-version":[{"id":128127,"href":"https:\/\/www.fcbarcelonanoticias.com\/en\/wp-json\/wp\/v2\/posts\/99644\/revisions\/128127"}],"wp:featuredmedia":[{"embeddable":true,"href":"https:\/\/www.fcbarcelonanoticias.com\/en\/wp-json\/wp\/v2\/media\/99651"}],"wp:attachment":[{"href":"https:\/\/www.fcbarcelonanoticias.com\/en\/wp-json\/wp\/v2\/media?parent=99644"}],"wp:term":[{"taxonomy":"category","embeddable":true,"href":"https:\/\/www.fcbarcelonanoticias.com\/en\/wp-json\/wp\/v2\/categories?post=99644"},{"taxonomy":"post_tag","embeddable":true,"href":"https:\/\/www.fcbarcelonanoticias.com\/en\/wp-json\/wp\/v2\/tags?post=99644"}],"curies":[{"name":"wp","href":"https:\/\/api.w.org\/{rel}","templated":true}]}}