{"id":99674,"date":"2024-06-08T16:03:00","date_gmt":"2024-06-08T14:03:00","guid":{"rendered":"https:\/\/weisetech.dev\/fc-barcelona-noticias\/en\/florian-wirtz-old-declaration-of-love-that-gives-barca-wings-for-2025_304287_102\/"},"modified":"2024-09-20T19:06:00","modified_gmt":"2024-09-20T17:06:00","slug":"florian-wirtz-old-declaration-of-love-that-gives-barca-wings-for-2025_304287_102","status":"publish","type":"post","link":"https:\/\/www.fcbarcelonanoticias.com\/en\/transfers\/florian-wirtz-old-declaration-of-love-that-gives-barca-wings-for-2025_304287_102.html","title":{"rendered":"Florian Wirtz&#8217;s old declaration of love that gives Bar\u00e7a &#8216;wings&#8217; for 2025"},"content":{"rendered":"<h2 class=\"wp-block-heading\">FC Barcelona could have a certain favoritism in the race to take over the services of Florian Wirtz, since, although it does not enjoy the most optimal economic situation, the Pulheim player&#8217;s interest in the cul\u00e9 team could make him want to wear Barcelona in the future<\/h2>  \r\n<div class=\"article-addons\">\r\n    <a href=\"https:\/\/www.fcbarcelonanoticias.com\/en\/calendar-fc-barcelona.html\"\r\n       target=\"_self\"\r\n       title=\"Calendar of FC Barcelona\"\r\n       class=\"blue-gredient-btn\">\r\n       \r\n        Calendar of FC Barcelona    <\/a>\r\n<\/div>   <p>The FC Barcelona, in spite of the economic problems that has confronted recently, does not renounce to his idea to incorporate players of first level for the team. <a data-external=\"0\" data-intl-links-en=\"https:\/\/www.fcbarcelonanoticias.com\/en\/transfers\/florian-wirtz-will-be-the-great-objective-of-fcbarcelona-in-2025_304244_102.html\" data-intl-links-es=\"https:\/\/www.fcbarcelonanoticias.com\/fichajes\/florian-wirtz-sera-gran-objetivo-fc-barcelona-en-2025_304244_102.html\" href=\"https:\/\/www.fcbarcelonanoticias.com\/en\/transfers\/florian-wirtz-will-be-the-great-objective-of-fcbarcelona-in-2025_304244_102.html\" rel=\"follow\" target=\"_self\" title=\"Florian Wirtz ser\u00e1 el gran objetivo del FC Barcelona&nbsp;en&nbsp;2025\">One of the additions that the club cul\u00e9 seems to wish is the one of Florian Wirtz<\/a>, the one who had a stood out season 2023\/24 with the Bayer Leverkusen, adding 18 annotations and 20 assistances in 49 commitments,<strong> presenting as one of the most promising talents of the European and world-wide football, with an impressive projection<\/strong>.<\/p>  <p>In front of this, is not surprising that several important clubs are interested in him. <a data-external=\"0\" data-intl-links-en=\"https:\/\/www.fcbarcelonanoticias.com\/en\/transfers\/real-madrid-and-manchester-city-dangerous-rivals-of-barca-in-the-race-for-wirtz_304248_102.html\" data-intl-links-es=\"https:\/\/www.fcbarcelonanoticias.com\/fichajes\/real-madrid-manchester-city-peligrosos-rivales-barca-en-carrera-por-wirtz_304248_102.html\" href=\"https:\/\/www.fcbarcelonanoticias.com\/en\/transfers\/real-madrid-and-manchester-city-dangerous-rivals-of-barca-in-the-race-for-wirtz_304248_102.html\" rel=\"follow\" target=\"_self\" title=\"El Real Madrid y el Manchester City, peligrosos rivales del Bar\u00e7a en la carrera por Wirtz\">The most mentioned up to now are the Real Madrid and the Manchester City<\/a>. rumorea That the combined merengue would be considering his arrival in 2025, possibly related with the presumptive arrive of Xabi Alonso like trainer in replacement of Carlo Ancelotti. By his part, the &#8216;citizens&#8217; also see it like a possible replacement for Kevin Of Bruyne, whose agreement with the club finalises on 30 June 2025. Besides, <strong>it estimates that the traspaso of Wirtz would not be inferior to 120 M\u20ac, what would suppose a transaction economically prohibitiva for the Bar\u00e7a in this moment.<\/strong><\/p>  <p>However, <strong>the combined Catalan is conscious that at present it does not have options for fichar to the native of Pulheim and has postponed his hopes until 2025<\/strong>. In this year, the FC Barcelona has traced like aim incorporate to the talentoso German player, as long as it have an optimum economic stability that allow him compete by his traspaso, that expects was costly.<\/p>  <h2>The factor that could bend to Florian Wirtz to fichar by the FC Barcelona<\/h2>  <p>Nevertheless, <strong>the Barcelonan picture could have to his favour a very important factor: the disposal of the player to turn into part of the team cul\u00e9<\/strong> and refuse other sportive projects economically more yielding. This predisposition would be related with the fact that Florian Wirtz is a big fanatical of the Bar\u00e7a from his infancy. In an interview with &#8216;Sky Sports Germany&#8217; two years ago, asever\u00f3: <strong>&#8220;Always I wanted to be the best, of boy dreamed with playing in the Bar\u00e7a and this has not changed&#8221;<\/strong>. Besides, it exists photographic evidence that backs this affirmation, since it has spread an image in which it sees to the boy Wirtz dressing the elastic Barcelona.<\/p>  <blockquote class=\"twitter-tweet\"> <p dir=\"ltr\" lang=\"en\">\ud83d\udde3\ufe0f Florian Wirtz in 2022: &#8220;My childhood dream is to play for Barcelona, and that have not changed. I had posters of Messi in my room.&#8221; \ud83d\udc99\u2764\ufe0f <a href=\"https:\/\/t.co\/en\/tYU8qw8JvO\">pic.twitter.com\/tyu8qw8jvo<\/a><\/p> \u2014 Managing Bar\u00e7a (@ManagingBarca) <a href=\"https:\/\/twitter.com\/en\/ManagingBarca\/status\/1799108635521581261?ref_src=twsrc%5Etfw\">June 7, 2024<\/a> <\/blockquote> <p>In this same interview, Florian <strong>also mentioned that had afiches of Leo Messi, Demb\u00e9l\u00e9 and Aubameyang in his room<\/strong>, and considers to &#8216;The Flea&#8217; as one of his big idols. &#8220;My first T-shirt was the one of Messi with Argentina. When it was small, he was the best player, anybody could play like him&#8221;, commented.<\/p>  <p>Finally, <a data-external=\"0\" data-intl-links-en=\"https:\/\/www.fcbarcelonanoticias.com\/en\/club\/it-begins-the-work-in-the-barca-summit-imminent-between-hansi-flick-and-deco_304266_102.html\" data-intl-links-es=\"https:\/\/www.fcbarcelonanoticias.com\/club\/comienza-trabajo-en-barca-cumbre-inminente-entre-hansi-flick-deco_304266_102.html\" href=\"https:\/\/www.fcbarcelonanoticias.com\/en\/club\/it-begins-the-work-in-the-barca-summit-imminent-between-hansi-flick-and-deco_304266_102.html\" rel=\"follow\" target=\"_self\" title=\"Comienza el trabajo en el Bar\u00e7a: \u00a1'Cumbre' inminente entre Hansi Flick y Deco!\">another detail that could be fundamental for the FC Barcelona is the arrival of Hansi Flick<\/a>. <strong>The &#8217;10&#8217; of the Leverkusen seems to have a good memory of the German trainer<\/strong>, since it was under his direction that debuted in the German selection in a commitment against Liechtenstein on 2 September 2021. The offensive midfield player turned into one of the debutantes younger in the history of the &#8216;Mannschaft&#8217; (18 years, three months and 30 days) and continues standing out, being considered a key piece for the selected of Julian Nagelsmann of face to the coming Eurocopa 2024, positioning as one of the most attractive players to be still in this competition.<\/p> ","protected":false},"excerpt":{"rendered":"<p>FC Barcelona could have a certain favoritism in the race to take over the services of Florian Wirtz, since, although it does not enjoy the most optimal economic situation, the Pulheim player&#8217;s interest in the cul\u00e9 team could make him want to wear Barcelona in the future The FC Barcelona, in spite of the economic [&hellip;]<\/p>\n","protected":false},"author":355,"featured_media":99690,"comment_status":"closed","ping_status":"open","sticky":false,"template":"","format":"standard","meta":{"_acf_changed":false,"inline_featured_image":false,"_nextfly_llmd_date_locked":false,"footnotes":""},"categories":[449,106],"tags":[103,283,97],"class_list":["post-99674","post","type-post","status-publish","format-standard","has-post-thumbnail","hentry","category-transfers-2","category-transfers","tag-bayer-leverkusen","tag-florian-wirtz","tag-manchester-city"],"acf":[],"yoast_head":"<!-- This site is optimized with the Yoast SEO plugin v27.3 - https:\/\/yoast.com\/product\/yoast-seo-wordpress\/ -->\n<title>Florian Wirtz&#039;s old declaration of love that gives Bar\u00e7a &#039;wings&#039; for 2025<\/title>\n<meta name=\"description\" content=\"FC Barcelona could have a certain favoritism in the race to take over the services of Florian Wirtz, since, although it does not enjoy the most optimal economic situation, the Pulheim player&#039;s interest in the cul\u00e9 team could make him want to wear Barcelona in the future\" \/>\n<meta name=\"robots\" content=\"index, follow, max-snippet:-1, max-image-preview:large, max-video-preview:-1\" \/>\n<link rel=\"canonical\" href=\"https:\/\/www.fcbarcelonanoticias.com\/en\/transfers\/florian-wirtz-old-declaration-of-love-that-gives-barca-wings-for-2025_304287_102.html\" \/>\n<meta property=\"og:locale\" content=\"en_US\" \/>\n<meta property=\"og:type\" content=\"article\" \/>\n<meta property=\"og:title\" content=\"Florian Wirtz&#039;s old declaration of love that gives Bar\u00e7a &#039;wings&#039; for 2025\" \/>\n<meta property=\"og:description\" content=\"FC Barcelona could have a certain favoritism in the race to take over the services of Florian Wirtz, since, although it does not enjoy the most optimal economic situation, the Pulheim player&#039;s interest in the cul\u00e9 team could make him want to wear Barcelona in the future\" \/>\n<meta property=\"og:url\" content=\"https:\/\/www.fcbarcelonanoticias.com\/en\/transfers\/florian-wirtz-old-declaration-of-love-that-gives-barca-wings-for-2025_304287_102.html\" \/>\n<meta property=\"og:site_name\" content=\"EN - FC Barcelona Noticias\" \/>\n<meta property=\"article:published_time\" content=\"2024-06-08T14:03:00+00:00\" \/>\n<meta property=\"article:modified_time\" content=\"2024-09-20T17:06:00+00:00\" \/>\n<meta property=\"og:image\" content=\"https:\/\/www.fcbarcelonanoticias.com\/en\/wp-content\/uploads\/sites\/2\/2024\/06\/florian-wirtz-en-el-amistoso-entre-la-seleccion-de-alemania-y-grecia-previo-a-la-eurocopa-2024.png\" \/>\n\t<meta property=\"og:image:width\" content=\"1300\" \/>\n\t<meta property=\"og:image:height\" content=\"732\" \/>\n\t<meta property=\"og:image:type\" content=\"image\/png\" \/>\n<meta name=\"author\" content=\"Kevin G\u00f3mez\" \/>\n<meta name=\"twitter:card\" content=\"summary_large_image\" \/>\n<meta name=\"twitter:label1\" content=\"Written by\" \/>\n\t<meta name=\"twitter:data1\" content=\"Kevin G\u00f3mez\" \/>\n\t<meta name=\"twitter:label2\" content=\"Est. reading time\" \/>\n\t<meta name=\"twitter:data2\" content=\"3 minutes\" \/>\n<script type=\"application\/ld+json\" class=\"yoast-schema-graph\">{\"@context\":\"https:\\\/\\\/schema.org\",\"@graph\":[{\"@type\":\"Article\",\"@id\":\"https:\\\/\\\/www.fcbarcelonanoticias.com\\\/en\\\/transfers\\\/florian-wirtz-old-declaration-of-love-that-gives-barca-wings-for-2025_304287_102.html#article\",\"isPartOf\":{\"@id\":\"https:\\\/\\\/www.fcbarcelonanoticias.com\\\/en\\\/transfers\\\/florian-wirtz-old-declaration-of-love-that-gives-barca-wings-for-2025_304287_102.html\"},\"author\":{\"name\":\"Kevin G\u00f3mez\",\"@id\":\"https:\\\/\\\/www.fcbarcelonanoticias.com\\\/en\\\/#\\\/schema\\\/person\\\/991443f134df9a64c6874f96ff984c9d\"},\"headline\":\"Florian Wirtz&#8217;s old declaration of love that gives Bar\u00e7a &#8216;wings&#8217; for 2025\",\"datePublished\":\"2024-06-08T14:03:00+00:00\",\"dateModified\":\"2024-09-20T17:06:00+00:00\",\"mainEntityOfPage\":{\"@id\":\"https:\\\/\\\/www.fcbarcelonanoticias.com\\\/en\\\/transfers\\\/florian-wirtz-old-declaration-of-love-that-gives-barca-wings-for-2025_304287_102.html\"},\"wordCount\":640,\"image\":{\"@id\":\"https:\\\/\\\/www.fcbarcelonanoticias.com\\\/en\\\/transfers\\\/florian-wirtz-old-declaration-of-love-that-gives-barca-wings-for-2025_304287_102.html#primaryimage\"},\"thumbnailUrl\":\"https:\\\/\\\/www.fcbarcelonanoticias.com\\\/en\\\/wp-content\\\/uploads\\\/sites\\\/2\\\/2024\\\/06\\\/florian-wirtz-en-el-amistoso-entre-la-seleccion-de-alemania-y-grecia-previo-a-la-eurocopa-2024.png\",\"keywords\":[\"Bayer Leverkusen\",\"Florian Wirtz\",\"Manchester City\"],\"articleSection\":[\"Transfers\",\"Transfers\"],\"inLanguage\":\"en-US\"},{\"@type\":\"WebPage\",\"@id\":\"https:\\\/\\\/www.fcbarcelonanoticias.com\\\/en\\\/transfers\\\/florian-wirtz-old-declaration-of-love-that-gives-barca-wings-for-2025_304287_102.html\",\"url\":\"https:\\\/\\\/www.fcbarcelonanoticias.com\\\/en\\\/transfers\\\/florian-wirtz-old-declaration-of-love-that-gives-barca-wings-for-2025_304287_102.html\",\"name\":\"Florian Wirtz's old declaration of love that gives Bar\u00e7a 'wings' for 2025\",\"isPartOf\":{\"@id\":\"https:\\\/\\\/www.fcbarcelonanoticias.com\\\/en\\\/#website\"},\"primaryImageOfPage\":{\"@id\":\"https:\\\/\\\/www.fcbarcelonanoticias.com\\\/en\\\/transfers\\\/florian-wirtz-old-declaration-of-love-that-gives-barca-wings-for-2025_304287_102.html#primaryimage\"},\"image\":{\"@id\":\"https:\\\/\\\/www.fcbarcelonanoticias.com\\\/en\\\/transfers\\\/florian-wirtz-old-declaration-of-love-that-gives-barca-wings-for-2025_304287_102.html#primaryimage\"},\"thumbnailUrl\":\"https:\\\/\\\/www.fcbarcelonanoticias.com\\\/en\\\/wp-content\\\/uploads\\\/sites\\\/2\\\/2024\\\/06\\\/florian-wirtz-en-el-amistoso-entre-la-seleccion-de-alemania-y-grecia-previo-a-la-eurocopa-2024.png\",\"datePublished\":\"2024-06-08T14:03:00+00:00\",\"dateModified\":\"2024-09-20T17:06:00+00:00\",\"author\":{\"@id\":\"https:\\\/\\\/www.fcbarcelonanoticias.com\\\/en\\\/#\\\/schema\\\/person\\\/991443f134df9a64c6874f96ff984c9d\"},\"description\":\"FC Barcelona could have a certain favoritism in the race to take over the services of Florian Wirtz, since, although it does not enjoy the most optimal economic situation, the Pulheim player's interest in the cul\u00e9 team could make him want to wear Barcelona in the future\",\"breadcrumb\":{\"@id\":\"https:\\\/\\\/www.fcbarcelonanoticias.com\\\/en\\\/transfers\\\/florian-wirtz-old-declaration-of-love-that-gives-barca-wings-for-2025_304287_102.html#breadcrumb\"},\"inLanguage\":\"en-US\",\"potentialAction\":[{\"@type\":\"ReadAction\",\"target\":[\"https:\\\/\\\/www.fcbarcelonanoticias.com\\\/en\\\/transfers\\\/florian-wirtz-old-declaration-of-love-that-gives-barca-wings-for-2025_304287_102.html\"]}]},{\"@type\":\"ImageObject\",\"inLanguage\":\"en-US\",\"@id\":\"https:\\\/\\\/www.fcbarcelonanoticias.com\\\/en\\\/transfers\\\/florian-wirtz-old-declaration-of-love-that-gives-barca-wings-for-2025_304287_102.html#primaryimage\",\"url\":\"https:\\\/\\\/www.fcbarcelonanoticias.com\\\/en\\\/wp-content\\\/uploads\\\/sites\\\/2\\\/2024\\\/06\\\/florian-wirtz-en-el-amistoso-entre-la-seleccion-de-alemania-y-grecia-previo-a-la-eurocopa-2024.png\",\"contentUrl\":\"https:\\\/\\\/www.fcbarcelonanoticias.com\\\/en\\\/wp-content\\\/uploads\\\/sites\\\/2\\\/2024\\\/06\\\/florian-wirtz-en-el-amistoso-entre-la-seleccion-de-alemania-y-grecia-previo-a-la-eurocopa-2024.png\",\"width\":1300,\"height\":732},{\"@type\":\"BreadcrumbList\",\"@id\":\"https:\\\/\\\/www.fcbarcelonanoticias.com\\\/en\\\/transfers\\\/florian-wirtz-old-declaration-of-love-that-gives-barca-wings-for-2025_304287_102.html#breadcrumb\",\"itemListElement\":[{\"@type\":\"ListItem\",\"position\":1,\"name\":\"Portada\",\"item\":\"https:\\\/\\\/www.fcbarcelonanoticias.com\\\/en\\\/\"},{\"@type\":\"ListItem\",\"position\":2,\"name\":\"Florian Wirtz&#8217;s old declaration of love that gives Bar\u00e7a &#8216;wings&#8217; for 2025\"}]},{\"@type\":\"WebSite\",\"@id\":\"https:\\\/\\\/www.fcbarcelonanoticias.com\\\/en\\\/#website\",\"url\":\"https:\\\/\\\/www.fcbarcelonanoticias.com\\\/en\\\/\",\"name\":\"EN - FC Barcelona Noticias\",\"description\":\"\",\"potentialAction\":[{\"@type\":\"SearchAction\",\"target\":{\"@type\":\"EntryPoint\",\"urlTemplate\":\"https:\\\/\\\/www.fcbarcelonanoticias.com\\\/en\\\/?s={search_term_string}\"},\"query-input\":{\"@type\":\"PropertyValueSpecification\",\"valueRequired\":true,\"valueName\":\"search_term_string\"}}],\"inLanguage\":\"en-US\"},{\"@type\":\"Person\",\"@id\":\"https:\\\/\\\/www.fcbarcelonanoticias.com\\\/en\\\/#\\\/schema\\\/person\\\/991443f134df9a64c6874f96ff984c9d\",\"name\":\"Kevin G\u00f3mez\",\"image\":{\"@type\":\"ImageObject\",\"inLanguage\":\"en-US\",\"@id\":\"https:\\\/\\\/secure.gravatar.com\\\/avatar\\\/?s=96&d=mm&r=g\",\"url\":\"https:\\\/\\\/secure.gravatar.com\\\/avatar\\\/?s=96&d=mm&r=g\",\"contentUrl\":\"https:\\\/\\\/secure.gravatar.com\\\/avatar\\\/?s=96&d=mm&r=g\",\"caption\":\"Kevin G\u00f3mez\"},\"description\":\"Licenciado\u00a0en Periodismo y Comunicaci\u00f3n Audiovisual. Redactor en FCBN responsable de cubrir toda\u00a0la informaci\u00f3n del FC Barcelona y las principales competiciones de\u00a0f\u00fatbol.\",\"url\":\"https:\\\/\\\/www.fcbarcelonanoticias.com\\\/en\\\/jugadores\\\/kevin-gomez_23_115.html\"}]}<\/script>\n<!-- \/ Yoast SEO plugin. -->","yoast_head_json":{"title":"Florian Wirtz's old declaration of love that gives Bar\u00e7a 'wings' for 2025","description":"FC Barcelona could have a certain favoritism in the race to take over the services of Florian Wirtz, since, although it does not enjoy the most optimal economic situation, the Pulheim player's interest in the cul\u00e9 team could make him want to wear Barcelona in the future","robots":{"index":"index","follow":"follow","max-snippet":"max-snippet:-1","max-image-preview":"max-image-preview:large","max-video-preview":"max-video-preview:-1"},"canonical":"https:\/\/www.fcbarcelonanoticias.com\/en\/transfers\/florian-wirtz-old-declaration-of-love-that-gives-barca-wings-for-2025_304287_102.html","og_locale":"en_US","og_type":"article","og_title":"Florian Wirtz's old declaration of love that gives Bar\u00e7a 'wings' for 2025","og_description":"FC Barcelona could have a certain favoritism in the race to take over the services of Florian Wirtz, since, although it does not enjoy the most optimal economic situation, the Pulheim player's interest in the cul\u00e9 team could make him want to wear Barcelona in the future","og_url":"https:\/\/www.fcbarcelonanoticias.com\/en\/transfers\/florian-wirtz-old-declaration-of-love-that-gives-barca-wings-for-2025_304287_102.html","og_site_name":"EN - FC Barcelona Noticias","article_published_time":"2024-06-08T14:03:00+00:00","article_modified_time":"2024-09-20T17:06:00+00:00","og_image":[{"width":1300,"height":732,"url":"https:\/\/www.fcbarcelonanoticias.com\/en\/wp-content\/uploads\/sites\/2\/2024\/06\/florian-wirtz-en-el-amistoso-entre-la-seleccion-de-alemania-y-grecia-previo-a-la-eurocopa-2024.png","type":"image\/png"}],"author":"Kevin G\u00f3mez","twitter_card":"summary_large_image","twitter_misc":{"Written by":"Kevin G\u00f3mez","Est. reading time":"3 minutes"},"schema":{"@context":"https:\/\/schema.org","@graph":[{"@type":"Article","@id":"https:\/\/www.fcbarcelonanoticias.com\/en\/transfers\/florian-wirtz-old-declaration-of-love-that-gives-barca-wings-for-2025_304287_102.html#article","isPartOf":{"@id":"https:\/\/www.fcbarcelonanoticias.com\/en\/transfers\/florian-wirtz-old-declaration-of-love-that-gives-barca-wings-for-2025_304287_102.html"},"author":{"name":"Kevin G\u00f3mez","@id":"https:\/\/www.fcbarcelonanoticias.com\/en\/#\/schema\/person\/991443f134df9a64c6874f96ff984c9d"},"headline":"Florian Wirtz&#8217;s old declaration of love that gives Bar\u00e7a &#8216;wings&#8217; for 2025","datePublished":"2024-06-08T14:03:00+00:00","dateModified":"2024-09-20T17:06:00+00:00","mainEntityOfPage":{"@id":"https:\/\/www.fcbarcelonanoticias.com\/en\/transfers\/florian-wirtz-old-declaration-of-love-that-gives-barca-wings-for-2025_304287_102.html"},"wordCount":640,"image":{"@id":"https:\/\/www.fcbarcelonanoticias.com\/en\/transfers\/florian-wirtz-old-declaration-of-love-that-gives-barca-wings-for-2025_304287_102.html#primaryimage"},"thumbnailUrl":"https:\/\/www.fcbarcelonanoticias.com\/en\/wp-content\/uploads\/sites\/2\/2024\/06\/florian-wirtz-en-el-amistoso-entre-la-seleccion-de-alemania-y-grecia-previo-a-la-eurocopa-2024.png","keywords":["Bayer Leverkusen","Florian Wirtz","Manchester City"],"articleSection":["Transfers","Transfers"],"inLanguage":"en-US"},{"@type":"WebPage","@id":"https:\/\/www.fcbarcelonanoticias.com\/en\/transfers\/florian-wirtz-old-declaration-of-love-that-gives-barca-wings-for-2025_304287_102.html","url":"https:\/\/www.fcbarcelonanoticias.com\/en\/transfers\/florian-wirtz-old-declaration-of-love-that-gives-barca-wings-for-2025_304287_102.html","name":"Florian Wirtz's old declaration of love that gives Bar\u00e7a 'wings' for 2025","isPartOf":{"@id":"https:\/\/www.fcbarcelonanoticias.com\/en\/#website"},"primaryImageOfPage":{"@id":"https:\/\/www.fcbarcelonanoticias.com\/en\/transfers\/florian-wirtz-old-declaration-of-love-that-gives-barca-wings-for-2025_304287_102.html#primaryimage"},"image":{"@id":"https:\/\/www.fcbarcelonanoticias.com\/en\/transfers\/florian-wirtz-old-declaration-of-love-that-gives-barca-wings-for-2025_304287_102.html#primaryimage"},"thumbnailUrl":"https:\/\/www.fcbarcelonanoticias.com\/en\/wp-content\/uploads\/sites\/2\/2024\/06\/florian-wirtz-en-el-amistoso-entre-la-seleccion-de-alemania-y-grecia-previo-a-la-eurocopa-2024.png","datePublished":"2024-06-08T14:03:00+00:00","dateModified":"2024-09-20T17:06:00+00:00","author":{"@id":"https:\/\/www.fcbarcelonanoticias.com\/en\/#\/schema\/person\/991443f134df9a64c6874f96ff984c9d"},"description":"FC Barcelona could have a certain favoritism in the race to take over the services of Florian Wirtz, since, although it does not enjoy the most optimal economic situation, the Pulheim player's interest in the cul\u00e9 team could make him want to wear Barcelona in the future","breadcrumb":{"@id":"https:\/\/www.fcbarcelonanoticias.com\/en\/transfers\/florian-wirtz-old-declaration-of-love-that-gives-barca-wings-for-2025_304287_102.html#breadcrumb"},"inLanguage":"en-US","potentialAction":[{"@type":"ReadAction","target":["https:\/\/www.fcbarcelonanoticias.com\/en\/transfers\/florian-wirtz-old-declaration-of-love-that-gives-barca-wings-for-2025_304287_102.html"]}]},{"@type":"ImageObject","inLanguage":"en-US","@id":"https:\/\/www.fcbarcelonanoticias.com\/en\/transfers\/florian-wirtz-old-declaration-of-love-that-gives-barca-wings-for-2025_304287_102.html#primaryimage","url":"https:\/\/www.fcbarcelonanoticias.com\/en\/wp-content\/uploads\/sites\/2\/2024\/06\/florian-wirtz-en-el-amistoso-entre-la-seleccion-de-alemania-y-grecia-previo-a-la-eurocopa-2024.png","contentUrl":"https:\/\/www.fcbarcelonanoticias.com\/en\/wp-content\/uploads\/sites\/2\/2024\/06\/florian-wirtz-en-el-amistoso-entre-la-seleccion-de-alemania-y-grecia-previo-a-la-eurocopa-2024.png","width":1300,"height":732},{"@type":"BreadcrumbList","@id":"https:\/\/www.fcbarcelonanoticias.com\/en\/transfers\/florian-wirtz-old-declaration-of-love-that-gives-barca-wings-for-2025_304287_102.html#breadcrumb","itemListElement":[{"@type":"ListItem","position":1,"name":"Portada","item":"https:\/\/www.fcbarcelonanoticias.com\/en\/"},{"@type":"ListItem","position":2,"name":"Florian Wirtz&#8217;s old declaration of love that gives Bar\u00e7a &#8216;wings&#8217; for 2025"}]},{"@type":"WebSite","@id":"https:\/\/www.fcbarcelonanoticias.com\/en\/#website","url":"https:\/\/www.fcbarcelonanoticias.com\/en\/","name":"EN - FC Barcelona Noticias","description":"","potentialAction":[{"@type":"SearchAction","target":{"@type":"EntryPoint","urlTemplate":"https:\/\/www.fcbarcelonanoticias.com\/en\/?s={search_term_string}"},"query-input":{"@type":"PropertyValueSpecification","valueRequired":true,"valueName":"search_term_string"}}],"inLanguage":"en-US"},{"@type":"Person","@id":"https:\/\/www.fcbarcelonanoticias.com\/en\/#\/schema\/person\/991443f134df9a64c6874f96ff984c9d","name":"Kevin G\u00f3mez","image":{"@type":"ImageObject","inLanguage":"en-US","@id":"https:\/\/secure.gravatar.com\/avatar\/?s=96&d=mm&r=g","url":"https:\/\/secure.gravatar.com\/avatar\/?s=96&d=mm&r=g","contentUrl":"https:\/\/secure.gravatar.com\/avatar\/?s=96&d=mm&r=g","caption":"Kevin G\u00f3mez"},"description":"Licenciado\u00a0en Periodismo y Comunicaci\u00f3n Audiovisual. Redactor en FCBN responsable de cubrir toda\u00a0la informaci\u00f3n del FC Barcelona y las principales competiciones de\u00a0f\u00fatbol.","url":"https:\/\/www.fcbarcelonanoticias.com\/en\/jugadores\/kevin-gomez_23_115.html"}]}},"_links":{"self":[{"href":"https:\/\/www.fcbarcelonanoticias.com\/en\/wp-json\/wp\/v2\/posts\/99674","targetHints":{"allow":["GET"]}}],"collection":[{"href":"https:\/\/www.fcbarcelonanoticias.com\/en\/wp-json\/wp\/v2\/posts"}],"about":[{"href":"https:\/\/www.fcbarcelonanoticias.com\/en\/wp-json\/wp\/v2\/types\/post"}],"author":[{"embeddable":true,"href":"https:\/\/www.fcbarcelonanoticias.com\/en\/wp-json\/wp\/v2\/users\/355"}],"replies":[{"embeddable":true,"href":"https:\/\/www.fcbarcelonanoticias.com\/en\/wp-json\/wp\/v2\/comments?post=99674"}],"version-history":[{"count":1,"href":"https:\/\/www.fcbarcelonanoticias.com\/en\/wp-json\/wp\/v2\/posts\/99674\/revisions"}],"predecessor-version":[{"id":128140,"href":"https:\/\/www.fcbarcelonanoticias.com\/en\/wp-json\/wp\/v2\/posts\/99674\/revisions\/128140"}],"wp:featuredmedia":[{"embeddable":true,"href":"https:\/\/www.fcbarcelonanoticias.com\/en\/wp-json\/wp\/v2\/media\/99690"}],"wp:attachment":[{"href":"https:\/\/www.fcbarcelonanoticias.com\/en\/wp-json\/wp\/v2\/media?parent=99674"}],"wp:term":[{"taxonomy":"category","embeddable":true,"href":"https:\/\/www.fcbarcelonanoticias.com\/en\/wp-json\/wp\/v2\/categories?post=99674"},{"taxonomy":"post_tag","embeddable":true,"href":"https:\/\/www.fcbarcelonanoticias.com\/en\/wp-json\/wp\/v2\/tags?post=99674"}],"curies":[{"name":"wp","href":"https:\/\/api.w.org\/{rel}","templated":true}]}}