{"id":99682,"date":"2025-08-15T20:27:00","date_gmt":"2025-08-15T18:27:00","guid":{"rendered":"https:\/\/weisetech.dev\/fc-barcelona-noticias\/en\/official-jules-kounde-will-continue-at-fc-barcelona-until-2030_314137_102\/"},"modified":"2025-08-15T21:24:00","modified_gmt":"2025-08-15T19:24:00","slug":"official-jules-kounde-will-continue-at-fc-barcelona-until-2030_314137_102","status":"publish","type":"post","link":"https:\/\/www.fcbarcelonanoticias.com\/en\/transfers\/official-jules-kounde-will-continue-at-fc-barcelona-until-2030_314137_102.html","title":{"rendered":"OFFICIAL: Jules Kound\u00e9 will continue at FC Barcelona until 2030"},"content":{"rendered":"<h2 class=\"wp-block-heading\">Bar\u00e7a confirms the renewal of Jules Kound\u00e9 until 2030 after a brilliant season. Discover all the details of the agreement<\/h2>  \r\n<div class=\"article-addons\">\r\n    <a href=\"https:\/\/www.fcbarcelonanoticias.com\/en\/calendar-fc-barcelona.html\"\r\n       target=\"_self\"\r\n       title=\"Calendar of FC Barcelona\"\r\n       class=\"blue-gredient-btn\">\r\n       \r\n        Calendar of FC Barcelona    <\/a>\r\n<\/div>   <p>It&#8217;s official. <strong>FC Barcelona<\/strong> has issued a statement announcing the renewal of <strong>Jules Kound\u00e9<\/strong> as a player for the Bar\u00e7a squad until <strong>June 30, 2030<\/strong>.<\/p>  <p>The informative note also asserts that soon the entity and the Parisian defender will &#8220;<strong>stage the agreement<\/strong> in an act that will have the presence of president <strong>Joan Laporta<\/strong>&#8220;.<\/p>  <div data-oembed-url=\"https:\/\/x.com\/FCBarcelona\/status\/1956418204240134263\"> <blockquote align=\"center\" class=\"twitter-tweet\" data-dnt=\"true\"> <p dir=\"ltr\" lang=\"en\">More years.<br> Same passion.<br> Kounde 2030. \ud83d\udc99\u2764\ufe0f <a href=\"https:\/\/t.co\/en\/DcsOxN30oF\">pic.twitter.com\/DcsOxN30oF<\/a><\/p> \u2014 FC Barcelona (@FCBarcelona) <a href=\"https:\/\/twitter.com\/en\/FCBarcelona\/status\/1956418204240134263?ref_src=twsrc%5Etfw\">August 15, 2025<\/a> <\/blockquote>  <\/div>  <p>With this, the cul\u00e9 team ensures the permanence of one of the most important pieces of its sports project, a player who has established himself as an undisputed right-back and who comes from completing a <strong>memorable 2024\/25 season<\/strong>, both collectively \u2014adding three titles\u2014 and individually.<\/p>  <p>\ud83d\udccc 2024\/25 SEASON OF <strong>JULES KOUND\u00c9<\/strong> WITH <strong>FC BARCELONA<\/strong>:<\/p>  <ol> <li> <strong>Matches<\/strong>: 53<\/li> \t<li> <strong>Goals<\/strong>: 4<\/li> \t<li> <strong>Assists<\/strong>: 8<\/li> \t<li> <strong>Minutes played<\/strong>: 4,423&#8242;<\/li> <\/ol> <h2>Kound\u00e9&#8217;s renewal: how his continuity at Barcelona was sealed<\/h2>  <p>The renewal of <strong>Jules Kound\u00e9<\/strong> was one of the priority issues that the Bar\u00e7a sports management wanted to resolve in the short term. The former <strong>Sevilla FC<\/strong> player had a contract until 2027 and, although there was still room to negotiate its extension, at <strong>Can Bar\u00e7a<\/strong> they wanted to close this issue as soon as possible. Even before the official announcement, it was already commented that the sports director <strong>Deco<\/strong> had held numerous meetings with <strong>Jonathan Kebe<\/strong>, representative of the defender.<\/p>  <ul> <li> <strong>\ud83d\udccc THE DATA:<\/strong> The increase in years in his contract allows the amortization of the former <strong>Bordeaux<\/strong> player to be spread over more seasons, which provides greater margin to <strong>Bar\u00e7a<\/strong> in terms of financial fair play.<\/li> <\/ul> <p>An agreement that was already coming. In fact, <strong>Jules<\/strong> himself, during <strong>Barcelona&#8217;s<\/strong> tour of Asian territory, <a data-external=\"0\" data-intl-links-en=\"https:\/\/www.fcbarcelonanoticias.com\/en\/transfers\/jules-kounde-confirms-his-continuity-at-barca-new-contract-until-2030_313801_102.html\" data-intl-links-es=\"https:\/\/www.fcbarcelonanoticias.com\/fichajes\/kounde-renovacion-barcelona-2030-confirmado_313801_102.html\" href=\"https:\/\/www.fcbarcelonanoticias.com\/en\/transfers\/jules-kounde-confirms-his-continuity-at-barca-new-contract-until-2030_313801_102.html\" rel=\"follow\" target=\"_self\" title=\"Jules Kound\u00e9 confirms his continuity at Bar\u00e7a: new contract until 2030\">advanced that only the official confirmation was missing<\/a>. When asked about the rumors of his extension, he asserted:<\/p>  <blockquote> <p>&#8220;Yes, it&#8217;s a matter of days. When we return, everything will be finalized. So I&#8217;m happy about that. It has been quite fast, both the club and I had the same idea: to continue&#8221;<\/p> <\/blockquote>  <h2>Total commitment of the Parisian defender with the Bar\u00e7a team<\/h2>  <p>In turn, from the first moment, both parties showed their intention to bring this link to fruition. On the one hand, <strong>Kound\u00e9<\/strong>, <a data-external=\"0\" data-intl-links-en=\"https:\/\/www.fcbarcelonanoticias.com\/en\/transfers\/kounde-in-city-sights-but-closer-and-closer-to-renewing-with-barca_313647_102.html\" data-intl-links-es=\"https:\/\/www.fcbarcelonanoticias.com\/fichajes\/barcelona-renovacion-kounde-interes-manchester-city_313647_102.html\" href=\"https:\/\/www.fcbarcelonanoticias.com\/en\/transfers\/kounde-in-city-sights-but-closer-and-closer-to-renewing-with-barca_313647_102.html\" rel=\"follow\" target=\"_self\" title=\"Kound\u00e9, in the sights of City, but closer and closer to renewing with Bar\u00e7a\">despite being on the radar of teams like Manchester City<\/a>, made clear his position on these proposals from the Premier League: ignored them and showed absolute commitment to the cul\u00e9 team.<\/p>  <ul> <li>\ud83c\udfa5 <strong>THE BEST GOAL OF KOUND\u00c9 IN THE 2024\/25 SEASON:<\/strong> <\/li> <\/ul> <div data-oembed-url=\"https:\/\/x.com\/MovistarFutbol\/status\/1916261377947169153\"> <blockquote align=\"center\" class=\"twitter-tweet\" data-dnt=\"true\"> <p dir=\"ltr\" lang=\"ht\">\ud83d\ude80 JULES KOUND\u00c9 TO THE CUL\u00c9 RESCUE. <a href=\"https:\/\/twitter.com\/en\/hashtag\/LaCopaMola?src=hash&amp;ref_src=twsrc%5Etfw\">#LaCopaMola<\/a> <a href=\"https:\/\/twitter.com\/en\/hashtag\/LaCasaDelF%C3%BAtbol?src=hash&amp;ref_src=twsrc%5Etfw\">#LaCasaDelF\u00fatbol<\/a> <a href=\"https:\/\/t.co\/en\/ITROUGneFj\">pic.twitter.com\/ITROUGneFj<\/a><\/p> \u2014 F\u00fatbol en Movistar Plus+ (@MovistarFutbol) <a href=\"https:\/\/twitter.com\/en\/MovistarFutbol\/status\/1916261377947169153?ref_src=twsrc%5Etfw\">April 26, 2025<\/a> <\/blockquote>  <\/div>  <p>Signed in 2022, <strong>Jules<\/strong> has accumulated very good records since his arrival at <strong>Barcelona<\/strong>, establishing himself as a key piece in the defensive structure and offering stellar performance. Something evidenced in his statistics with the blaugrana team:<\/p>  <ol> <li> <strong>Matches<\/strong>: 141<\/li> \t<li> <strong>Goals<\/strong>: 7<\/li> \t<li> <strong>Assists<\/strong>: 18<\/li> \t<li> <strong>Minutes played<\/strong>: 11,978&#8242;<\/li> <\/ol> <p>A clear example of the consistency in his game is that <strong>Jules Kound\u00e9<\/strong> played a significant number of matches uninterruptedly between the 2023\/24 and 2024\/25 seasons. In total, <strong>he added 86 consecutive appearances<\/strong>, more than any other <a data-external=\"0\" data-intl-links-en=\"https:\/\/www.fcbarcelonanoticias.com\/en\/fc-barcelona-squad.html\" data-intl-links-es=\"https:\/\/www.fcbarcelonanoticias.com\/jugadores-fcbarcelona.html\" href=\"https:\/\/www.fcbarcelonanoticias.com\/en\/fc-barcelona-squad.html\" rel=\"follow\" target=\"_self\" title=\"Plantilla del FC Barcelona 2025-26\">player of the Bar\u00e7a squad<\/a>, from November 25, 2023 to April 19, 2025.<\/p> ","protected":false},"excerpt":{"rendered":"<p>Bar\u00e7a confirms the renewal of Jules Kound\u00e9 until 2030 after a brilliant season. Discover all the details of the agreement It&#8217;s official. FC Barcelona has issued a statement announcing the renewal of Jules Kound\u00e9 as a player for the Bar\u00e7a squad until June 30, 2030. The informative note also asserts that soon the entity and [&hellip;]<\/p>\n","protected":false},"author":355,"featured_media":99685,"comment_status":"closed","ping_status":"open","sticky":false,"template":"","format":"standard","meta":{"_acf_changed":false,"inline_featured_image":false,"_nextfly_llmd_date_locked":false,"footnotes":""},"categories":[106,449],"tags":[248],"class_list":["post-99682","post","type-post","status-publish","format-standard","has-post-thumbnail","hentry","category-transfers","category-transfers-2","tag-jules-kounde"],"acf":[],"yoast_head":"<!-- This site is optimized with the Yoast SEO plugin v27.3 - https:\/\/yoast.com\/product\/yoast-seo-wordpress\/ -->\n<title>OFFICIAL: Jules Kound\u00e9 will continue at FC Barcelona until 2030<\/title>\n<meta name=\"description\" content=\"Bar\u00e7a confirms the renewal of Jules Kound\u00e9 until 2030 after a brilliant season. Discover all the details of the agreement\" \/>\n<meta name=\"robots\" content=\"index, follow, max-snippet:-1, max-image-preview:large, max-video-preview:-1\" \/>\n<link rel=\"canonical\" href=\"https:\/\/www.fcbarcelonanoticias.com\/en\/transfers\/official-jules-kounde-will-continue-at-fc-barcelona-until-2030_314137_102.html\" \/>\n<meta property=\"og:locale\" content=\"en_US\" \/>\n<meta property=\"og:type\" content=\"article\" \/>\n<meta property=\"og:title\" content=\"OFFICIAL: Jules Kound\u00e9 will continue at FC Barcelona until 2030\" \/>\n<meta property=\"og:description\" content=\"Bar\u00e7a confirms the renewal of Jules Kound\u00e9 until 2030 after a brilliant season. Discover all the details of the agreement\" \/>\n<meta property=\"og:url\" content=\"https:\/\/www.fcbarcelonanoticias.com\/en\/transfers\/official-jules-kounde-will-continue-at-fc-barcelona-until-2030_314137_102.html\" \/>\n<meta property=\"og:site_name\" content=\"EN - FC Barcelona Noticias\" \/>\n<meta property=\"article:published_time\" content=\"2025-08-15T18:27:00+00:00\" \/>\n<meta property=\"article:modified_time\" content=\"2025-08-15T19:24:00+00:00\" \/>\n<meta property=\"og:image\" content=\"https:\/\/www.fcbarcelonanoticias.com\/en\/wp-content\/uploads\/sites\/2\/2025\/08\/oficial-jules-kounde-seguira-en-el-fc-barcelona-hasta-2030.webp\" \/>\n\t<meta property=\"og:image:width\" content=\"1200\" \/>\n\t<meta property=\"og:image:height\" content=\"675\" \/>\n\t<meta property=\"og:image:type\" content=\"image\/webp\" \/>\n<meta name=\"author\" content=\"Kevin G\u00f3mez\" \/>\n<meta name=\"twitter:card\" content=\"summary_large_image\" \/>\n<meta name=\"twitter:label1\" content=\"Written by\" \/>\n\t<meta name=\"twitter:data1\" content=\"Kevin G\u00f3mez\" \/>\n\t<meta name=\"twitter:label2\" content=\"Est. reading time\" \/>\n\t<meta name=\"twitter:data2\" content=\"3 minutes\" \/>\n<script type=\"application\/ld+json\" class=\"yoast-schema-graph\">{\"@context\":\"https:\\\/\\\/schema.org\",\"@graph\":[{\"@type\":\"Article\",\"@id\":\"https:\\\/\\\/www.fcbarcelonanoticias.com\\\/en\\\/transfers\\\/official-jules-kounde-will-continue-at-fc-barcelona-until-2030_314137_102.html#article\",\"isPartOf\":{\"@id\":\"https:\\\/\\\/www.fcbarcelonanoticias.com\\\/en\\\/transfers\\\/official-jules-kounde-will-continue-at-fc-barcelona-until-2030_314137_102.html\"},\"author\":{\"name\":\"Kevin G\u00f3mez\",\"@id\":\"https:\\\/\\\/www.fcbarcelonanoticias.com\\\/en\\\/#\\\/schema\\\/person\\\/991443f134df9a64c6874f96ff984c9d\"},\"headline\":\"OFFICIAL: Jules Kound\u00e9 will continue at FC Barcelona until 2030\",\"datePublished\":\"2025-08-15T18:27:00+00:00\",\"dateModified\":\"2025-08-15T19:24:00+00:00\",\"mainEntityOfPage\":{\"@id\":\"https:\\\/\\\/www.fcbarcelonanoticias.com\\\/en\\\/transfers\\\/official-jules-kounde-will-continue-at-fc-barcelona-until-2030_314137_102.html\"},\"wordCount\":529,\"image\":{\"@id\":\"https:\\\/\\\/www.fcbarcelonanoticias.com\\\/en\\\/transfers\\\/official-jules-kounde-will-continue-at-fc-barcelona-until-2030_314137_102.html#primaryimage\"},\"thumbnailUrl\":\"https:\\\/\\\/www.fcbarcelonanoticias.com\\\/en\\\/wp-content\\\/uploads\\\/sites\\\/2\\\/2025\\\/08\\\/oficial-jules-kounde-seguira-en-el-fc-barcelona-hasta-2030.webp\",\"keywords\":[\"Jules Kound\u00e9\"],\"articleSection\":[\"Transfers\",\"Transfers\"],\"inLanguage\":\"en-US\"},{\"@type\":\"WebPage\",\"@id\":\"https:\\\/\\\/www.fcbarcelonanoticias.com\\\/en\\\/transfers\\\/official-jules-kounde-will-continue-at-fc-barcelona-until-2030_314137_102.html\",\"url\":\"https:\\\/\\\/www.fcbarcelonanoticias.com\\\/en\\\/transfers\\\/official-jules-kounde-will-continue-at-fc-barcelona-until-2030_314137_102.html\",\"name\":\"OFFICIAL: Jules Kound\u00e9 will continue at FC Barcelona until 2030\",\"isPartOf\":{\"@id\":\"https:\\\/\\\/www.fcbarcelonanoticias.com\\\/en\\\/#website\"},\"primaryImageOfPage\":{\"@id\":\"https:\\\/\\\/www.fcbarcelonanoticias.com\\\/en\\\/transfers\\\/official-jules-kounde-will-continue-at-fc-barcelona-until-2030_314137_102.html#primaryimage\"},\"image\":{\"@id\":\"https:\\\/\\\/www.fcbarcelonanoticias.com\\\/en\\\/transfers\\\/official-jules-kounde-will-continue-at-fc-barcelona-until-2030_314137_102.html#primaryimage\"},\"thumbnailUrl\":\"https:\\\/\\\/www.fcbarcelonanoticias.com\\\/en\\\/wp-content\\\/uploads\\\/sites\\\/2\\\/2025\\\/08\\\/oficial-jules-kounde-seguira-en-el-fc-barcelona-hasta-2030.webp\",\"datePublished\":\"2025-08-15T18:27:00+00:00\",\"dateModified\":\"2025-08-15T19:24:00+00:00\",\"author\":{\"@id\":\"https:\\\/\\\/www.fcbarcelonanoticias.com\\\/en\\\/#\\\/schema\\\/person\\\/991443f134df9a64c6874f96ff984c9d\"},\"description\":\"Bar\u00e7a confirms the renewal of Jules Kound\u00e9 until 2030 after a brilliant season. Discover all the details of the agreement\",\"breadcrumb\":{\"@id\":\"https:\\\/\\\/www.fcbarcelonanoticias.com\\\/en\\\/transfers\\\/official-jules-kounde-will-continue-at-fc-barcelona-until-2030_314137_102.html#breadcrumb\"},\"inLanguage\":\"en-US\",\"potentialAction\":[{\"@type\":\"ReadAction\",\"target\":[\"https:\\\/\\\/www.fcbarcelonanoticias.com\\\/en\\\/transfers\\\/official-jules-kounde-will-continue-at-fc-barcelona-until-2030_314137_102.html\"]}]},{\"@type\":\"ImageObject\",\"inLanguage\":\"en-US\",\"@id\":\"https:\\\/\\\/www.fcbarcelonanoticias.com\\\/en\\\/transfers\\\/official-jules-kounde-will-continue-at-fc-barcelona-until-2030_314137_102.html#primaryimage\",\"url\":\"https:\\\/\\\/www.fcbarcelonanoticias.com\\\/en\\\/wp-content\\\/uploads\\\/sites\\\/2\\\/2025\\\/08\\\/oficial-jules-kounde-seguira-en-el-fc-barcelona-hasta-2030.webp\",\"contentUrl\":\"https:\\\/\\\/www.fcbarcelonanoticias.com\\\/en\\\/wp-content\\\/uploads\\\/sites\\\/2\\\/2025\\\/08\\\/oficial-jules-kounde-seguira-en-el-fc-barcelona-hasta-2030.webp\",\"width\":1200,\"height\":675},{\"@type\":\"BreadcrumbList\",\"@id\":\"https:\\\/\\\/www.fcbarcelonanoticias.com\\\/en\\\/transfers\\\/official-jules-kounde-will-continue-at-fc-barcelona-until-2030_314137_102.html#breadcrumb\",\"itemListElement\":[{\"@type\":\"ListItem\",\"position\":1,\"name\":\"Portada\",\"item\":\"https:\\\/\\\/www.fcbarcelonanoticias.com\\\/en\\\/\"},{\"@type\":\"ListItem\",\"position\":2,\"name\":\"OFFICIAL: Jules Kound\u00e9 will continue at FC Barcelona until 2030\"}]},{\"@type\":\"WebSite\",\"@id\":\"https:\\\/\\\/www.fcbarcelonanoticias.com\\\/en\\\/#website\",\"url\":\"https:\\\/\\\/www.fcbarcelonanoticias.com\\\/en\\\/\",\"name\":\"EN - FC Barcelona Noticias\",\"description\":\"\",\"potentialAction\":[{\"@type\":\"SearchAction\",\"target\":{\"@type\":\"EntryPoint\",\"urlTemplate\":\"https:\\\/\\\/www.fcbarcelonanoticias.com\\\/en\\\/?s={search_term_string}\"},\"query-input\":{\"@type\":\"PropertyValueSpecification\",\"valueRequired\":true,\"valueName\":\"search_term_string\"}}],\"inLanguage\":\"en-US\"},{\"@type\":\"Person\",\"@id\":\"https:\\\/\\\/www.fcbarcelonanoticias.com\\\/en\\\/#\\\/schema\\\/person\\\/991443f134df9a64c6874f96ff984c9d\",\"name\":\"Kevin G\u00f3mez\",\"image\":{\"@type\":\"ImageObject\",\"inLanguage\":\"en-US\",\"@id\":\"https:\\\/\\\/secure.gravatar.com\\\/avatar\\\/?s=96&d=mm&r=g\",\"url\":\"https:\\\/\\\/secure.gravatar.com\\\/avatar\\\/?s=96&d=mm&r=g\",\"contentUrl\":\"https:\\\/\\\/secure.gravatar.com\\\/avatar\\\/?s=96&d=mm&r=g\",\"caption\":\"Kevin G\u00f3mez\"},\"description\":\"Licenciado\u00a0en Periodismo y Comunicaci\u00f3n Audiovisual. Redactor en FCBN responsable de cubrir toda\u00a0la informaci\u00f3n del FC Barcelona y las principales competiciones de\u00a0f\u00fatbol.\",\"url\":\"https:\\\/\\\/www.fcbarcelonanoticias.com\\\/en\\\/jugadores\\\/kevin-gomez_23_115.html\"}]}<\/script>\n<!-- \/ Yoast SEO plugin. -->","yoast_head_json":{"title":"OFFICIAL: Jules Kound\u00e9 will continue at FC Barcelona until 2030","description":"Bar\u00e7a confirms the renewal of Jules Kound\u00e9 until 2030 after a brilliant season. Discover all the details of the agreement","robots":{"index":"index","follow":"follow","max-snippet":"max-snippet:-1","max-image-preview":"max-image-preview:large","max-video-preview":"max-video-preview:-1"},"canonical":"https:\/\/www.fcbarcelonanoticias.com\/en\/transfers\/official-jules-kounde-will-continue-at-fc-barcelona-until-2030_314137_102.html","og_locale":"en_US","og_type":"article","og_title":"OFFICIAL: Jules Kound\u00e9 will continue at FC Barcelona until 2030","og_description":"Bar\u00e7a confirms the renewal of Jules Kound\u00e9 until 2030 after a brilliant season. Discover all the details of the agreement","og_url":"https:\/\/www.fcbarcelonanoticias.com\/en\/transfers\/official-jules-kounde-will-continue-at-fc-barcelona-until-2030_314137_102.html","og_site_name":"EN - FC Barcelona Noticias","article_published_time":"2025-08-15T18:27:00+00:00","article_modified_time":"2025-08-15T19:24:00+00:00","og_image":[{"width":1200,"height":675,"url":"https:\/\/www.fcbarcelonanoticias.com\/en\/wp-content\/uploads\/sites\/2\/2025\/08\/oficial-jules-kounde-seguira-en-el-fc-barcelona-hasta-2030.webp","type":"image\/webp"}],"author":"Kevin G\u00f3mez","twitter_card":"summary_large_image","twitter_misc":{"Written by":"Kevin G\u00f3mez","Est. reading time":"3 minutes"},"schema":{"@context":"https:\/\/schema.org","@graph":[{"@type":"Article","@id":"https:\/\/www.fcbarcelonanoticias.com\/en\/transfers\/official-jules-kounde-will-continue-at-fc-barcelona-until-2030_314137_102.html#article","isPartOf":{"@id":"https:\/\/www.fcbarcelonanoticias.com\/en\/transfers\/official-jules-kounde-will-continue-at-fc-barcelona-until-2030_314137_102.html"},"author":{"name":"Kevin G\u00f3mez","@id":"https:\/\/www.fcbarcelonanoticias.com\/en\/#\/schema\/person\/991443f134df9a64c6874f96ff984c9d"},"headline":"OFFICIAL: Jules Kound\u00e9 will continue at FC Barcelona until 2030","datePublished":"2025-08-15T18:27:00+00:00","dateModified":"2025-08-15T19:24:00+00:00","mainEntityOfPage":{"@id":"https:\/\/www.fcbarcelonanoticias.com\/en\/transfers\/official-jules-kounde-will-continue-at-fc-barcelona-until-2030_314137_102.html"},"wordCount":529,"image":{"@id":"https:\/\/www.fcbarcelonanoticias.com\/en\/transfers\/official-jules-kounde-will-continue-at-fc-barcelona-until-2030_314137_102.html#primaryimage"},"thumbnailUrl":"https:\/\/www.fcbarcelonanoticias.com\/en\/wp-content\/uploads\/sites\/2\/2025\/08\/oficial-jules-kounde-seguira-en-el-fc-barcelona-hasta-2030.webp","keywords":["Jules Kound\u00e9"],"articleSection":["Transfers","Transfers"],"inLanguage":"en-US"},{"@type":"WebPage","@id":"https:\/\/www.fcbarcelonanoticias.com\/en\/transfers\/official-jules-kounde-will-continue-at-fc-barcelona-until-2030_314137_102.html","url":"https:\/\/www.fcbarcelonanoticias.com\/en\/transfers\/official-jules-kounde-will-continue-at-fc-barcelona-until-2030_314137_102.html","name":"OFFICIAL: Jules Kound\u00e9 will continue at FC Barcelona until 2030","isPartOf":{"@id":"https:\/\/www.fcbarcelonanoticias.com\/en\/#website"},"primaryImageOfPage":{"@id":"https:\/\/www.fcbarcelonanoticias.com\/en\/transfers\/official-jules-kounde-will-continue-at-fc-barcelona-until-2030_314137_102.html#primaryimage"},"image":{"@id":"https:\/\/www.fcbarcelonanoticias.com\/en\/transfers\/official-jules-kounde-will-continue-at-fc-barcelona-until-2030_314137_102.html#primaryimage"},"thumbnailUrl":"https:\/\/www.fcbarcelonanoticias.com\/en\/wp-content\/uploads\/sites\/2\/2025\/08\/oficial-jules-kounde-seguira-en-el-fc-barcelona-hasta-2030.webp","datePublished":"2025-08-15T18:27:00+00:00","dateModified":"2025-08-15T19:24:00+00:00","author":{"@id":"https:\/\/www.fcbarcelonanoticias.com\/en\/#\/schema\/person\/991443f134df9a64c6874f96ff984c9d"},"description":"Bar\u00e7a confirms the renewal of Jules Kound\u00e9 until 2030 after a brilliant season. Discover all the details of the agreement","breadcrumb":{"@id":"https:\/\/www.fcbarcelonanoticias.com\/en\/transfers\/official-jules-kounde-will-continue-at-fc-barcelona-until-2030_314137_102.html#breadcrumb"},"inLanguage":"en-US","potentialAction":[{"@type":"ReadAction","target":["https:\/\/www.fcbarcelonanoticias.com\/en\/transfers\/official-jules-kounde-will-continue-at-fc-barcelona-until-2030_314137_102.html"]}]},{"@type":"ImageObject","inLanguage":"en-US","@id":"https:\/\/www.fcbarcelonanoticias.com\/en\/transfers\/official-jules-kounde-will-continue-at-fc-barcelona-until-2030_314137_102.html#primaryimage","url":"https:\/\/www.fcbarcelonanoticias.com\/en\/wp-content\/uploads\/sites\/2\/2025\/08\/oficial-jules-kounde-seguira-en-el-fc-barcelona-hasta-2030.webp","contentUrl":"https:\/\/www.fcbarcelonanoticias.com\/en\/wp-content\/uploads\/sites\/2\/2025\/08\/oficial-jules-kounde-seguira-en-el-fc-barcelona-hasta-2030.webp","width":1200,"height":675},{"@type":"BreadcrumbList","@id":"https:\/\/www.fcbarcelonanoticias.com\/en\/transfers\/official-jules-kounde-will-continue-at-fc-barcelona-until-2030_314137_102.html#breadcrumb","itemListElement":[{"@type":"ListItem","position":1,"name":"Portada","item":"https:\/\/www.fcbarcelonanoticias.com\/en\/"},{"@type":"ListItem","position":2,"name":"OFFICIAL: Jules Kound\u00e9 will continue at FC Barcelona until 2030"}]},{"@type":"WebSite","@id":"https:\/\/www.fcbarcelonanoticias.com\/en\/#website","url":"https:\/\/www.fcbarcelonanoticias.com\/en\/","name":"EN - FC Barcelona Noticias","description":"","potentialAction":[{"@type":"SearchAction","target":{"@type":"EntryPoint","urlTemplate":"https:\/\/www.fcbarcelonanoticias.com\/en\/?s={search_term_string}"},"query-input":{"@type":"PropertyValueSpecification","valueRequired":true,"valueName":"search_term_string"}}],"inLanguage":"en-US"},{"@type":"Person","@id":"https:\/\/www.fcbarcelonanoticias.com\/en\/#\/schema\/person\/991443f134df9a64c6874f96ff984c9d","name":"Kevin G\u00f3mez","image":{"@type":"ImageObject","inLanguage":"en-US","@id":"https:\/\/secure.gravatar.com\/avatar\/?s=96&d=mm&r=g","url":"https:\/\/secure.gravatar.com\/avatar\/?s=96&d=mm&r=g","contentUrl":"https:\/\/secure.gravatar.com\/avatar\/?s=96&d=mm&r=g","caption":"Kevin G\u00f3mez"},"description":"Licenciado\u00a0en Periodismo y Comunicaci\u00f3n Audiovisual. Redactor en FCBN responsable de cubrir toda\u00a0la informaci\u00f3n del FC Barcelona y las principales competiciones de\u00a0f\u00fatbol.","url":"https:\/\/www.fcbarcelonanoticias.com\/en\/jugadores\/kevin-gomez_23_115.html"}]}},"_links":{"self":[{"href":"https:\/\/www.fcbarcelonanoticias.com\/en\/wp-json\/wp\/v2\/posts\/99682","targetHints":{"allow":["GET"]}}],"collection":[{"href":"https:\/\/www.fcbarcelonanoticias.com\/en\/wp-json\/wp\/v2\/posts"}],"about":[{"href":"https:\/\/www.fcbarcelonanoticias.com\/en\/wp-json\/wp\/v2\/types\/post"}],"author":[{"embeddable":true,"href":"https:\/\/www.fcbarcelonanoticias.com\/en\/wp-json\/wp\/v2\/users\/355"}],"replies":[{"embeddable":true,"href":"https:\/\/www.fcbarcelonanoticias.com\/en\/wp-json\/wp\/v2\/comments?post=99682"}],"version-history":[{"count":1,"href":"https:\/\/www.fcbarcelonanoticias.com\/en\/wp-json\/wp\/v2\/posts\/99682\/revisions"}],"predecessor-version":[{"id":132021,"href":"https:\/\/www.fcbarcelonanoticias.com\/en\/wp-json\/wp\/v2\/posts\/99682\/revisions\/132021"}],"wp:featuredmedia":[{"embeddable":true,"href":"https:\/\/www.fcbarcelonanoticias.com\/en\/wp-json\/wp\/v2\/media\/99685"}],"wp:attachment":[{"href":"https:\/\/www.fcbarcelonanoticias.com\/en\/wp-json\/wp\/v2\/media?parent=99682"}],"wp:term":[{"taxonomy":"category","embeddable":true,"href":"https:\/\/www.fcbarcelonanoticias.com\/en\/wp-json\/wp\/v2\/categories?post=99682"},{"taxonomy":"post_tag","embeddable":true,"href":"https:\/\/www.fcbarcelonanoticias.com\/en\/wp-json\/wp\/v2\/tags?post=99682"}],"curies":[{"name":"wp","href":"https:\/\/api.w.org\/{rel}","templated":true}]}}